{"id":56061,"date":"2024-02-24T21:31:20","date_gmt":"2024-02-24T21:31:20","guid":{"rendered":"https:\/\/www.africa-press.net\/senegal\/politique\/boycott-massif-du-dialogue-national-abdou-mbow-rabroue-les-ennemis-de-la-paix-et"},"modified":"2024-02-24T22:54:10","modified_gmt":"2024-02-24T22:54:10","slug":"boycott-massif-du-dialogue-national-abdou-mbow-rabroue-les-ennemis-de-la-paix-et","status":"publish","type":"post","link":"https:\/\/www.africa-press.net\/senegal\/politique\/boycott-massif-du-dialogue-national-abdou-mbow-rabroue-les-ennemis-de-la-paix-et","title":{"rendered":"Boycott massif du dialogue national : Abdou Mbow rabroue les \u00ab ennemis de la paix \u00bb et\u2026"},"content":{"rendered":"<p><span style=\"color: #ff6600\"><strong>Africa-Press &#8211; Senegal. <\/strong><\/span>Vers un boycott massif du dialogue national convoque\u0301 par le chef de l\u2019E\u0301tat, Macky Sall. Seize des dix-neuf candidats a\u0300 la Pre\u0301sidentielle retenus par le Conseil constitutionnel de\u0301clinent l\u2019invitation \u00ab Aar Sunu e\u0301lection \u00bb se de\u0301marque aussi et annonce une se\u0301rie de manifestations.<\/p>\n<p>Une situation que de\u0301nonce vigoureusement le pre\u0301sident du Groupe parlementaire Benno Bokk Yakaar. Dans tous ses e\u0301tats, Abdou Mbow les traite \u00ab d\u2019ennemis de la paix \u00bb dans un entretien accorde\u0301 au journal Les E\u0301chos.<\/p>\n<p>Le porte-parole adjoint de l\u2019Alliance pour la Re\u0301publique (APR, parti au pouvoir) asse\u0300ne: \u00ab Je voudrais de\u0301noncer avec la dernie\u0300re e\u0301nergie ces ennemis de la Re\u0301publique et de la paix qui sont anime\u0301s par je ne sais quoi \u00bb avant de marteler:<\/p>\n<p>\u00ab Depuis un moment, nous avons dans notre pays des personnes , des organisations, des lobbys qui n\u2019ont qu\u2019un seul objectif, travailler a\u0300 saper les fondements de notre Re\u0301publique et de notre E\u0301tat de droit. \u00bb<\/p>\n<p>Il embraye: \u00ab Au moment ou\u0300 le Se\u0301ne\u0301gal a besoin de travailler au pardon et a\u0300 la re\u0301conciliation de tous ses enfants comme l\u2019a souhaite\u0301 le chef de l\u2019E\u0301tat lors de son face a\u0300 face avec la presse, ces ennemis de la paix sont en train de tout faire pour enterrer ce projet, en rejetant le dialogue. \u00bb Ce que le parlementaire juge \u00ab inacceptable, inadmissible et contraire a\u0300 la morale. \u00bb<\/p>\n<p>A la question de savoir si le Pre\u0301sident Macky Sall ne ferait pas mieux de fixer une date pour la tenue de la Pre\u0301sidentielle, l\u2019ape\u0301riste reste droit dans ses bottes: \u00ab Le Pre\u0301sident a dit a\u0300 tous ceux qui veulent l\u2019entendre qu\u2019il entend se conformer a\u0300 la loi en appliquant la de\u0301cision du Conseil constitutionnel. \u00bb<\/p>\n<p>\u00ab Pour ce faire, indique Mbow, il (Macky Sall) a l\u2019obligation de consulter toutes les forces vives de la Nation afin d\u2019avoir dans ce pays des e\u0301lections libres, transparentes et inclusives. \u00bb En ce sens, rappelle-t-il, \u00ab le Pre\u0301sident a re\u0301ite\u0301re\u0301 sa de\u0301cision de ne pas e\u0302tre candidat a\u0300 ces e\u0301lections. \u00bb<\/p>\n<p>De ce fait, tranche le parlementaire, \u00ab nous devons aujourd\u2019hui avoir un sursaut national autour du Pre\u0301sident contre ces fossoyeurs de la Re\u0301publique \u00bb avant de \u00ab fe\u0301liciter et encourager certaines organisations de la socie\u0301te\u0301 civile qui ne cessent de travailler pour la paix et la concorde nationale. \u00bb<\/p>\n<p><strong>Pour plus d&rsquo;informations et d&rsquo;analyses sur la <a href=\"https:\/\/www.africa-press.net\/senegal\">Senegal<\/a>, suivez <a href=\"https:\/\/www.africa-press.net\/\">Africa-Press<\/a><\/strong><\/p>\n","protected":false},"excerpt":{"rendered":"<p>Africa-Press &#8211; Senegal. Vers un boycott massif du dialogue national convoque\u0301 par le chef de l\u2019E\u0301tat, Macky Sall. Seize des dix-neuf candidats a\u0300 la Pre\u0301sidentielle retenus par le Conseil constitutionnel de\u0301clinent l\u2019invitation \u00ab Aar Sunu e\u0301lection \u00bb se de\u0301marque aussi et annonce une se\u0301rie de manifestations. Une situation que de\u0301nonce vigoureusement le pre\u0301sident du Groupe [&hellip;]<\/p>\n","protected":false},"author":82,"featured_media":56060,"comment_status":"open","ping_status":"closed","sticky":false,"template":"","format":"standard","meta":{"footnotes":""},"categories":[2,10],"tags":[43,47,44],"class_list":["post-56061","post","type-post","status-publish","format-standard","has-post-thumbnail","hentry","category-politique","category-toutes-les-actualites","tag-africa-press-2","tag-africa-press-senegal","tag-senegal-2"],"yoast_head":"<!-- This site is optimized with the Yoast SEO Premium plugin v26.1 (Yoast SEO v27.0) - https:\/\/yoast.com\/product\/yoast-seo-premium-wordpress\/ -->\n<title>Boycott massif du dialogue national : Abdou Mbow rabroue les \u00ab ennemis de la paix \u00bb et\u2026 - Senegal<\/title>\n<meta name=\"description\" content=\"Vers un boycott massif du dialogue national convoque\u0301 par le chef de l\u2019E\u0301tat, Macky Sall. Seize des dix-neuf candidats a ...\" \/>\n<meta name=\"robots\" content=\"index, follow, max-snippet:-1, max-image-preview:large, max-video-preview:-1\" \/>\n<link rel=\"canonical\" href=\"https:\/\/www.africa-press.net\/senegal\/politique\/boycott-massif-du-dialogue-national-abdou-mbow-rabroue-les-ennemis-de-la-paix-et\" \/>\n<meta property=\"og:locale\" content=\"fr_FR\" \/>\n<meta property=\"og:type\" content=\"article\" \/>\n<meta property=\"og:title\" content=\"Boycott massif du dialogue national : Abdou Mbow rabroue les \u00ab ennemis de la paix \u00bb et\u2026\" \/>\n<meta property=\"og:description\" content=\"Vers un boycott massif du dialogue national convoque\u0301 par le chef de l\u2019E\u0301tat, Macky Sall. Seize des dix-neuf candidats a ...\" \/>\n<meta property=\"og:url\" content=\"https:\/\/www.africa-press.net\/senegal\/politique\/boycott-massif-du-dialogue-national-abdou-mbow-rabroue-les-ennemis-de-la-paix-et\" \/>\n<meta property=\"og:site_name\" content=\"Senegal\" \/>\n<meta property=\"article:published_time\" content=\"2024-02-24T21:31:20+00:00\" \/>\n<meta property=\"article:modified_time\" content=\"2024-02-24T22:54:10+00:00\" \/>\n<meta property=\"og:image\" content=\"https:\/\/static.africa-press.net\/senegal\/sites\/13\/2024\/02\/sm_1708798947.845824.jpg\" \/>\n\t<meta property=\"og:image:width\" content=\"1292\" \/>\n\t<meta property=\"og:image:height\" content=\"635\" \/>\n\t<meta property=\"og:image:type\" content=\"image\/jpeg\" \/>\n<meta name=\"author\" content=\"cfeditorfr\" \/>\n<meta name=\"twitter:card\" content=\"summary_large_image\" \/>\n<meta name=\"twitter:label1\" content=\"\u00c9crit par\" \/>\n\t<meta name=\"twitter:data1\" content=\"cfeditorfr\" \/>\n\t<meta name=\"twitter:label2\" content=\"Dur\u00e9e de lecture estim\u00e9e\" \/>\n\t<meta name=\"twitter:data2\" content=\"2 minutes\" \/>\n<script type=\"application\/ld+json\" class=\"yoast-schema-graph\">{\"@context\":\"https:\/\/schema.org\",\"@graph\":[{\"@type\":\"Article\",\"@id\":\"https:\/\/www.africa-press.net\/senegal\/politique\/boycott-massif-du-dialogue-national-abdou-mbow-rabroue-les-ennemis-de-la-paix-et#article\",\"isPartOf\":{\"@id\":\"https:\/\/www.africa-press.net\/senegal\/politique\/boycott-massif-du-dialogue-national-abdou-mbow-rabroue-les-ennemis-de-la-paix-et\"},\"author\":{\"name\":\"cfeditorfr\",\"@id\":\"https:\/\/www.africa-press.net\/senegal\/#\/schema\/person\/2b1cf3cd81a31e3cd26889ca66d677f1\"},\"headline\":\"Boycott massif du dialogue national : Abdou Mbow rabroue les \u00ab ennemis de la paix \u00bb et\u2026\",\"datePublished\":\"2024-02-24T21:31:20+00:00\",\"dateModified\":\"2024-02-24T22:54:10+00:00\",\"mainEntityOfPage\":{\"@id\":\"https:\/\/www.africa-press.net\/senegal\/politique\/boycott-massif-du-dialogue-national-abdou-mbow-rabroue-les-ennemis-de-la-paix-et\"},\"wordCount\":444,\"commentCount\":0,\"image\":{\"@id\":\"https:\/\/www.africa-press.net\/senegal\/politique\/boycott-massif-du-dialogue-national-abdou-mbow-rabroue-les-ennemis-de-la-paix-et#primaryimage\"},\"thumbnailUrl\":\"https:\/\/static.africa-press.net\/senegal\/sites\/13\/2024\/02\/sm_1708798947.845824.jpg\",\"keywords\":[\"Africa Press\",\"Africa Press-Senegal\",\"Senegal\"],\"articleSection\":[\"Politique\",\"Toutes les actualit\u00e9s\"],\"inLanguage\":\"fr-FR\",\"potentialAction\":[{\"@type\":\"CommentAction\",\"name\":\"Comment\",\"target\":[\"https:\/\/www.africa-press.net\/senegal\/politique\/boycott-massif-du-dialogue-national-abdou-mbow-rabroue-les-ennemis-de-la-paix-et#respond\"]}]},{\"@type\":\"WebPage\",\"@id\":\"https:\/\/www.africa-press.net\/senegal\/politique\/boycott-massif-du-dialogue-national-abdou-mbow-rabroue-les-ennemis-de-la-paix-et\",\"url\":\"https:\/\/www.africa-press.net\/senegal\/politique\/boycott-massif-du-dialogue-national-abdou-mbow-rabroue-les-ennemis-de-la-paix-et\",\"name\":\"Boycott massif du dialogue national : Abdou Mbow rabroue les \u00ab ennemis de la paix \u00bb et\u2026 - Senegal\",\"isPartOf\":{\"@id\":\"https:\/\/www.africa-press.net\/senegal\/#website\"},\"primaryImageOfPage\":{\"@id\":\"https:\/\/www.africa-press.net\/senegal\/politique\/boycott-massif-du-dialogue-national-abdou-mbow-rabroue-les-ennemis-de-la-paix-et#primaryimage\"},\"image\":{\"@id\":\"https:\/\/www.africa-press.net\/senegal\/politique\/boycott-massif-du-dialogue-national-abdou-mbow-rabroue-les-ennemis-de-la-paix-et#primaryimage\"},\"thumbnailUrl\":\"https:\/\/static.africa-press.net\/senegal\/sites\/13\/2024\/02\/sm_1708798947.845824.jpg\",\"datePublished\":\"2024-02-24T21:31:20+00:00\",\"dateModified\":\"2024-02-24T22:54:10+00:00\",\"author\":{\"@id\":\"https:\/\/www.africa-press.net\/senegal\/#\/schema\/person\/2b1cf3cd81a31e3cd26889ca66d677f1\"},\"description\":\"Vers un boycott massif du dialogue national convoque\u0301 par le chef de l\u2019E\u0301tat, Macky Sall. Seize des dix-neuf candidats a ...\",\"breadcrumb\":{\"@id\":\"https:\/\/www.africa-press.net\/senegal\/politique\/boycott-massif-du-dialogue-national-abdou-mbow-rabroue-les-ennemis-de-la-paix-et#breadcrumb\"},\"inLanguage\":\"fr-FR\",\"potentialAction\":[{\"@type\":\"ReadAction\",\"target\":[\"https:\/\/www.africa-press.net\/senegal\/politique\/boycott-massif-du-dialogue-national-abdou-mbow-rabroue-les-ennemis-de-la-paix-et\"]}]},{\"@type\":\"ImageObject\",\"inLanguage\":\"fr-FR\",\"@id\":\"https:\/\/www.africa-press.net\/senegal\/politique\/boycott-massif-du-dialogue-national-abdou-mbow-rabroue-les-ennemis-de-la-paix-et#primaryimage\",\"url\":\"https:\/\/static.africa-press.net\/senegal\/sites\/13\/2024\/02\/sm_1708798947.845824.jpg\",\"contentUrl\":\"https:\/\/static.africa-press.net\/senegal\/sites\/13\/2024\/02\/sm_1708798947.845824.jpg\",\"width\":1292,\"height\":635,\"caption\":\"Boycott massif du dialogue national : Abdou Mbow rabroue les \u00ab ennemis de la paix \u00bb et\u2026\"},{\"@type\":\"BreadcrumbList\",\"@id\":\"https:\/\/www.africa-press.net\/senegal\/politique\/boycott-massif-du-dialogue-national-abdou-mbow-rabroue-les-ennemis-de-la-paix-et#breadcrumb\",\"itemListElement\":[{\"@type\":\"ListItem\",\"position\":1,\"name\":\"Accueil\",\"item\":\"https:\/\/www.africa-press.net\/senegal\/\"},{\"@type\":\"ListItem\",\"position\":2,\"name\":\"Boycott massif du dialogue national : Abdou Mbow rabroue les \u00ab ennemis de la paix \u00bb et\u2026\"}]},{\"@type\":\"WebSite\",\"@id\":\"https:\/\/www.africa-press.net\/senegal\/#website\",\"url\":\"https:\/\/www.africa-press.net\/senegal\/\",\"name\":\"Africa Press | Senegal | Homepage\",\"description\":\"Just another Africa News Agency Sites site\",\"potentialAction\":[{\"@type\":\"SearchAction\",\"target\":{\"@type\":\"EntryPoint\",\"urlTemplate\":\"https:\/\/www.africa-press.net\/senegal\/?s={search_term_string}\"},\"query-input\":{\"@type\":\"PropertyValueSpecification\",\"valueRequired\":true,\"valueName\":\"search_term_string\"}}],\"inLanguage\":\"fr-FR\"},{\"@type\":\"Person\",\"@id\":\"https:\/\/www.africa-press.net\/senegal\/#\/schema\/person\/2b1cf3cd81a31e3cd26889ca66d677f1\",\"name\":\"cfeditorfr\",\"url\":\"https:\/\/www.africa-press.net\/senegal\/author\/cfeditorfr\"}]}<\/script>\n<!-- \/ Yoast SEO Premium plugin. -->","yoast_head_json":{"title":"Boycott massif du dialogue national : Abdou Mbow rabroue les \u00ab ennemis de la paix \u00bb et\u2026 - Senegal","description":"Vers un boycott massif du dialogue national convoque\u0301 par le chef de l\u2019E\u0301tat, Macky Sall. Seize des dix-neuf candidats a ...","robots":{"index":"index","follow":"follow","max-snippet":"max-snippet:-1","max-image-preview":"max-image-preview:large","max-video-preview":"max-video-preview:-1"},"canonical":"https:\/\/www.africa-press.net\/senegal\/politique\/boycott-massif-du-dialogue-national-abdou-mbow-rabroue-les-ennemis-de-la-paix-et","og_locale":"fr_FR","og_type":"article","og_title":"Boycott massif du dialogue national : Abdou Mbow rabroue les \u00ab ennemis de la paix \u00bb et\u2026","og_description":"Vers un boycott massif du dialogue national convoque\u0301 par le chef de l\u2019E\u0301tat, Macky Sall. Seize des dix-neuf candidats a ...","og_url":"https:\/\/www.africa-press.net\/senegal\/politique\/boycott-massif-du-dialogue-national-abdou-mbow-rabroue-les-ennemis-de-la-paix-et","og_site_name":"Senegal","article_published_time":"2024-02-24T21:31:20+00:00","article_modified_time":"2024-02-24T22:54:10+00:00","og_image":[{"width":1292,"height":635,"url":"https:\/\/static.africa-press.net\/senegal\/sites\/13\/2024\/02\/sm_1708798947.845824.jpg","type":"image\/jpeg"}],"author":"cfeditorfr","twitter_card":"summary_large_image","twitter_misc":{"\u00c9crit par":"cfeditorfr","Dur\u00e9e de lecture estim\u00e9e":"2 minutes"},"schema":{"@context":"https:\/\/schema.org","@graph":[{"@type":"Article","@id":"https:\/\/www.africa-press.net\/senegal\/politique\/boycott-massif-du-dialogue-national-abdou-mbow-rabroue-les-ennemis-de-la-paix-et#article","isPartOf":{"@id":"https:\/\/www.africa-press.net\/senegal\/politique\/boycott-massif-du-dialogue-national-abdou-mbow-rabroue-les-ennemis-de-la-paix-et"},"author":{"name":"cfeditorfr","@id":"https:\/\/www.africa-press.net\/senegal\/#\/schema\/person\/2b1cf3cd81a31e3cd26889ca66d677f1"},"headline":"Boycott massif du dialogue national : Abdou Mbow rabroue les \u00ab ennemis de la paix \u00bb et\u2026","datePublished":"2024-02-24T21:31:20+00:00","dateModified":"2024-02-24T22:54:10+00:00","mainEntityOfPage":{"@id":"https:\/\/www.africa-press.net\/senegal\/politique\/boycott-massif-du-dialogue-national-abdou-mbow-rabroue-les-ennemis-de-la-paix-et"},"wordCount":444,"commentCount":0,"image":{"@id":"https:\/\/www.africa-press.net\/senegal\/politique\/boycott-massif-du-dialogue-national-abdou-mbow-rabroue-les-ennemis-de-la-paix-et#primaryimage"},"thumbnailUrl":"https:\/\/static.africa-press.net\/senegal\/sites\/13\/2024\/02\/sm_1708798947.845824.jpg","keywords":["Africa Press","Africa Press-Senegal","Senegal"],"articleSection":["Politique","Toutes les actualit\u00e9s"],"inLanguage":"fr-FR","potentialAction":[{"@type":"CommentAction","name":"Comment","target":["https:\/\/www.africa-press.net\/senegal\/politique\/boycott-massif-du-dialogue-national-abdou-mbow-rabroue-les-ennemis-de-la-paix-et#respond"]}]},{"@type":"WebPage","@id":"https:\/\/www.africa-press.net\/senegal\/politique\/boycott-massif-du-dialogue-national-abdou-mbow-rabroue-les-ennemis-de-la-paix-et","url":"https:\/\/www.africa-press.net\/senegal\/politique\/boycott-massif-du-dialogue-national-abdou-mbow-rabroue-les-ennemis-de-la-paix-et","name":"Boycott massif du dialogue national : Abdou Mbow rabroue les \u00ab ennemis de la paix \u00bb et\u2026 - Senegal","isPartOf":{"@id":"https:\/\/www.africa-press.net\/senegal\/#website"},"primaryImageOfPage":{"@id":"https:\/\/www.africa-press.net\/senegal\/politique\/boycott-massif-du-dialogue-national-abdou-mbow-rabroue-les-ennemis-de-la-paix-et#primaryimage"},"image":{"@id":"https:\/\/www.africa-press.net\/senegal\/politique\/boycott-massif-du-dialogue-national-abdou-mbow-rabroue-les-ennemis-de-la-paix-et#primaryimage"},"thumbnailUrl":"https:\/\/static.africa-press.net\/senegal\/sites\/13\/2024\/02\/sm_1708798947.845824.jpg","datePublished":"2024-02-24T21:31:20+00:00","dateModified":"2024-02-24T22:54:10+00:00","author":{"@id":"https:\/\/www.africa-press.net\/senegal\/#\/schema\/person\/2b1cf3cd81a31e3cd26889ca66d677f1"},"description":"Vers un boycott massif du dialogue national convoque\u0301 par le chef de l\u2019E\u0301tat, Macky Sall. Seize des dix-neuf candidats a ...","breadcrumb":{"@id":"https:\/\/www.africa-press.net\/senegal\/politique\/boycott-massif-du-dialogue-national-abdou-mbow-rabroue-les-ennemis-de-la-paix-et#breadcrumb"},"inLanguage":"fr-FR","potentialAction":[{"@type":"ReadAction","target":["https:\/\/www.africa-press.net\/senegal\/politique\/boycott-massif-du-dialogue-national-abdou-mbow-rabroue-les-ennemis-de-la-paix-et"]}]},{"@type":"ImageObject","inLanguage":"fr-FR","@id":"https:\/\/www.africa-press.net\/senegal\/politique\/boycott-massif-du-dialogue-national-abdou-mbow-rabroue-les-ennemis-de-la-paix-et#primaryimage","url":"https:\/\/static.africa-press.net\/senegal\/sites\/13\/2024\/02\/sm_1708798947.845824.jpg","contentUrl":"https:\/\/static.africa-press.net\/senegal\/sites\/13\/2024\/02\/sm_1708798947.845824.jpg","width":1292,"height":635,"caption":"Boycott massif du dialogue national : Abdou Mbow rabroue les \u00ab ennemis de la paix \u00bb et\u2026"},{"@type":"BreadcrumbList","@id":"https:\/\/www.africa-press.net\/senegal\/politique\/boycott-massif-du-dialogue-national-abdou-mbow-rabroue-les-ennemis-de-la-paix-et#breadcrumb","itemListElement":[{"@type":"ListItem","position":1,"name":"Accueil","item":"https:\/\/www.africa-press.net\/senegal\/"},{"@type":"ListItem","position":2,"name":"Boycott massif du dialogue national : Abdou Mbow rabroue les \u00ab ennemis de la paix \u00bb et\u2026"}]},{"@type":"WebSite","@id":"https:\/\/www.africa-press.net\/senegal\/#website","url":"https:\/\/www.africa-press.net\/senegal\/","name":"Africa Press | Senegal | Homepage","description":"Just another Africa News Agency Sites site","potentialAction":[{"@type":"SearchAction","target":{"@type":"EntryPoint","urlTemplate":"https:\/\/www.africa-press.net\/senegal\/?s={search_term_string}"},"query-input":{"@type":"PropertyValueSpecification","valueRequired":true,"valueName":"search_term_string"}}],"inLanguage":"fr-FR"},{"@type":"Person","@id":"https:\/\/www.africa-press.net\/senegal\/#\/schema\/person\/2b1cf3cd81a31e3cd26889ca66d677f1","name":"cfeditorfr","url":"https:\/\/www.africa-press.net\/senegal\/author\/cfeditorfr"}]}},"_links":{"self":[{"href":"https:\/\/www.africa-press.net\/senegal\/wp-json\/wp\/v2\/posts\/56061","targetHints":{"allow":["GET"]}}],"collection":[{"href":"https:\/\/www.africa-press.net\/senegal\/wp-json\/wp\/v2\/posts"}],"about":[{"href":"https:\/\/www.africa-press.net\/senegal\/wp-json\/wp\/v2\/types\/post"}],"author":[{"embeddable":true,"href":"https:\/\/www.africa-press.net\/senegal\/wp-json\/wp\/v2\/users\/82"}],"replies":[{"embeddable":true,"href":"https:\/\/www.africa-press.net\/senegal\/wp-json\/wp\/v2\/comments?post=56061"}],"version-history":[{"count":0,"href":"https:\/\/www.africa-press.net\/senegal\/wp-json\/wp\/v2\/posts\/56061\/revisions"}],"wp:featuredmedia":[{"embeddable":true,"href":"https:\/\/www.africa-press.net\/senegal\/wp-json\/wp\/v2\/media\/56060"}],"wp:attachment":[{"href":"https:\/\/www.africa-press.net\/senegal\/wp-json\/wp\/v2\/media?parent=56061"}],"wp:term":[{"taxonomy":"category","embeddable":true,"href":"https:\/\/www.africa-press.net\/senegal\/wp-json\/wp\/v2\/categories?post=56061"},{"taxonomy":"post_tag","embeddable":true,"href":"https:\/\/www.africa-press.net\/senegal\/wp-json\/wp\/v2\/tags?post=56061"}],"curies":[{"name":"wp","href":"https:\/\/api.w.org\/{rel}","templated":true}]}}