{"id":56079,"date":"2024-02-25T21:00:18","date_gmt":"2024-02-25T21:00:18","guid":{"rendered":"https:\/\/www.africa-press.net\/senegal\/politique\/dethie-fall-sur-les-concertations-nous-ne-dialoguons-pas"},"modified":"2024-02-25T23:18:55","modified_gmt":"2024-02-25T23:18:55","slug":"dethie-fall-sur-les-concertations-nous-ne-dialoguons-pas","status":"publish","type":"post","link":"https:\/\/www.africa-press.net\/senegal\/politique\/dethie-fall-sur-les-concertations-nous-ne-dialoguons-pas","title":{"rendered":"D\u00e9thi\u00e9 Fall sur les concertations : \u00ab Nous ne dialoguons pas \u00bb"},"content":{"rendered":"<p><span style=\"color: #ff6600\"><strong>Africa-Press &#8211; Senegal. <\/strong><\/span>Macky Sall n\u2019a qu\u2019a\u0300 libe\u0301rer notre de\u0301mocratie ou on la lui arrache \u00bb. Ainsi s\u2019est exprime\u0301 De\u0301thie\u0301 Fall en marge d\u2019une confe\u0301rence de presse organise\u0301e ce dimanche 25 fe\u0301vrier au sie\u0300ge de son parti. Le candidat de la coalition De\u0301thie\u0301Fall2024 rejette en ces termes l\u2019invitation au dialogue du pre\u0301sident de la Re\u0301publique Macky Sall. De\u0301thie\u0301, cate\u0301gorique, dit: \u00ab Nous ne dialoguons pas.\u00bb<\/p>\n<p>Pour lui, cette invitation aux concertations constitue un pie\u0300ge pour les membres de l\u2019opposition se\u0301ne\u0301galaise. Selon M. Fall, cette invitation n\u2019a aucun autre objectif que de diviser l\u2019opposition. \u00ab Vous voulez nous mettre en opposition entre opposants devant vous. Nous refusons la division que vous voulez cre\u0301er entre les opposants \u00bb s\u2019est exprime\u0301 De\u0301thie\u0301 Fall interpellant le pre\u0301sident de la Re\u0301publique.<\/p>\n<p>Avant d\u2019ajouter qu\u2019 \u00ab aucun esprit averti n\u2019offrira ce glissement \u00bb. D\u2019autant plus que le pre\u0301sident de la Re\u0301publique, apre\u0300s douze ans passe\u0301s a\u0300 la te\u0302te du pays, a une \u00ab parfaite \u00bbcapacite\u0301 de fixer une date lui-me\u0302me pour la Pre\u0301sidentielle.<\/p>\n<p>E\u0301voquant le projet de loi d\u2019amnistie, l\u2019ex-vice-pre\u0301sident du parti Rewmi dit qu\u2019il est contre, car \u00ab Macky Sall a pris en otage la de\u0301mocratie se\u0301ne\u0301galaise avec comme ranc\u0327on la loi d\u2019amnistie \u00bb.<\/p>\n<p>\u00ab Au nom de quoi nous devrions passer l\u2019e\u0301ponge sur tout ce qui s\u2019est passe\u0301 ces dernie\u0300res anne\u0301es ? \u00bb, s\u2019est interroge\u0301 De\u0301thie\u0301 Fall. Car pour lui, \u00ab le peuple veut la ve\u0301rite\u0301, veut la lumie\u0300re. Les morts, nous en avons compte\u0301 \u00bb.<\/p>\n<p>De\u0301thie\u0301 Fall demande par ailleurs la libe\u0301ration de l\u2019opposant Ousmane Sonko et de Bassirou Diomaye Faye. \u00ab Des citoyens qui n\u2019auraient me\u0302me pas du\u0302 e\u0302tre arre\u0302te\u0301s \u00bb, a souligne\u0301 M. Fall.<\/p>\n<p>Pour rappel, le lundi 26 fe\u0301vrier 2024, le pre\u0301sident de la Re\u0301publique Macky Sall a invite\u0301 les acteurs politiques et ceux de la socie\u0301te\u0301 civile autour de concertations pour fixer la date de l\u2019e\u0301lection pre\u0301sidentielle 2024. Seize des 19 candidats a\u0300 la Pre\u0301sidentielle retenus par le Conseil constitutionnel ont de\u0301cline\u0301 l&rsquo;invitation.<\/p>\n<p><strong>Pour plus d&rsquo;informations et d&rsquo;analyses sur la <a href=\"https:\/\/www.africa-press.net\/senegal\">Senegal<\/a>, suivez <a href=\"https:\/\/www.africa-press.net\/\">Africa-Press<\/a><\/strong><\/p>\n","protected":false},"excerpt":{"rendered":"<p>Africa-Press &#8211; Senegal. Macky Sall n\u2019a qu\u2019a\u0300 libe\u0301rer notre de\u0301mocratie ou on la lui arrache \u00bb. Ainsi s\u2019est exprime\u0301 De\u0301thie\u0301 Fall en marge d\u2019une confe\u0301rence de presse organise\u0301e ce dimanche 25 fe\u0301vrier au sie\u0300ge de son parti. Le candidat de la coalition De\u0301thie\u0301Fall2024 rejette en ces termes l\u2019invitation au dialogue du pre\u0301sident de la Re\u0301publique [&hellip;]<\/p>\n","protected":false},"author":82,"featured_media":56077,"comment_status":"open","ping_status":"closed","sticky":false,"template":"","format":"standard","meta":{"footnotes":""},"categories":[2,20,10],"tags":[43,47,44],"class_list":["post-56079","post","type-post","status-publish","format-standard","has-post-thumbnail","hentry","category-politique","category-top-nouvelles","category-toutes-les-actualites","tag-africa-press-2","tag-africa-press-senegal","tag-senegal-2"],"yoast_head":"<!-- This site is optimized with the Yoast SEO Premium plugin v26.1 (Yoast SEO v27.0) - https:\/\/yoast.com\/product\/yoast-seo-premium-wordpress\/ -->\n<title>D\u00e9thi\u00e9 Fall sur les concertations : \u00ab Nous ne dialoguons pas \u00bb - Senegal<\/title>\n<meta name=\"description\" content=\"Macky Sall n\u2019a qu\u2019a\u0300 libe\u0301rer notre de\u0301mocratie ou on la lui arrache \u00bb. Ainsi s\u2019est exprime\u0301 De\u0301thie\u0301 Fall en marge d\u2019un ...\" \/>\n<meta name=\"robots\" content=\"index, follow, max-snippet:-1, max-image-preview:large, max-video-preview:-1\" \/>\n<link rel=\"canonical\" href=\"https:\/\/www.africa-press.net\/senegal\/politique\/dethie-fall-sur-les-concertations-nous-ne-dialoguons-pas\" \/>\n<meta property=\"og:locale\" content=\"fr_FR\" \/>\n<meta property=\"og:type\" content=\"article\" \/>\n<meta property=\"og:title\" content=\"D\u00e9thi\u00e9 Fall sur les concertations : \u00ab Nous ne dialoguons pas \u00bb\" \/>\n<meta property=\"og:description\" content=\"Macky Sall n\u2019a qu\u2019a\u0300 libe\u0301rer notre de\u0301mocratie ou on la lui arrache \u00bb. Ainsi s\u2019est exprime\u0301 De\u0301thie\u0301 Fall en marge d\u2019un ...\" \/>\n<meta property=\"og:url\" content=\"https:\/\/www.africa-press.net\/senegal\/politique\/dethie-fall-sur-les-concertations-nous-ne-dialoguons-pas\" \/>\n<meta property=\"og:site_name\" content=\"Senegal\" \/>\n<meta property=\"article:published_time\" content=\"2024-02-25T21:00:18+00:00\" \/>\n<meta property=\"article:modified_time\" content=\"2024-02-25T23:18:55+00:00\" \/>\n<meta property=\"og:image\" content=\"https:\/\/static.africa-press.net\/senegal\/sites\/13\/2024\/02\/sm_1708886871.019489.jpg\" \/>\n\t<meta property=\"og:image:width\" content=\"1261\" \/>\n\t<meta property=\"og:image:height\" content=\"634\" \/>\n\t<meta property=\"og:image:type\" content=\"image\/jpeg\" \/>\n<meta name=\"author\" content=\"cfeditorfr\" \/>\n<meta name=\"twitter:card\" content=\"summary_large_image\" \/>\n<meta name=\"twitter:label1\" content=\"\u00c9crit par\" \/>\n\t<meta name=\"twitter:data1\" content=\"cfeditorfr\" \/>\n\t<meta name=\"twitter:label2\" content=\"Dur\u00e9e de lecture estim\u00e9e\" \/>\n\t<meta name=\"twitter:data2\" content=\"2 minutes\" \/>\n<script type=\"application\/ld+json\" class=\"yoast-schema-graph\">{\"@context\":\"https:\/\/schema.org\",\"@graph\":[{\"@type\":\"Article\",\"@id\":\"https:\/\/www.africa-press.net\/senegal\/politique\/dethie-fall-sur-les-concertations-nous-ne-dialoguons-pas#article\",\"isPartOf\":{\"@id\":\"https:\/\/www.africa-press.net\/senegal\/politique\/dethie-fall-sur-les-concertations-nous-ne-dialoguons-pas\"},\"author\":{\"name\":\"cfeditorfr\",\"@id\":\"https:\/\/www.africa-press.net\/senegal\/#\/schema\/person\/2b1cf3cd81a31e3cd26889ca66d677f1\"},\"headline\":\"D\u00e9thi\u00e9 Fall sur les concertations : \u00ab Nous ne dialoguons pas \u00bb\",\"datePublished\":\"2024-02-25T21:00:18+00:00\",\"dateModified\":\"2024-02-25T23:18:55+00:00\",\"mainEntityOfPage\":{\"@id\":\"https:\/\/www.africa-press.net\/senegal\/politique\/dethie-fall-sur-les-concertations-nous-ne-dialoguons-pas\"},\"wordCount\":401,\"commentCount\":0,\"image\":{\"@id\":\"https:\/\/www.africa-press.net\/senegal\/politique\/dethie-fall-sur-les-concertations-nous-ne-dialoguons-pas#primaryimage\"},\"thumbnailUrl\":\"https:\/\/static.africa-press.net\/senegal\/sites\/13\/2024\/02\/sm_1708886871.019489.jpg\",\"keywords\":[\"Africa Press\",\"Africa Press-Senegal\",\"Senegal\"],\"articleSection\":[\"Politique\",\"Top Nouvelles\",\"Toutes les actualit\u00e9s\"],\"inLanguage\":\"fr-FR\",\"potentialAction\":[{\"@type\":\"CommentAction\",\"name\":\"Comment\",\"target\":[\"https:\/\/www.africa-press.net\/senegal\/politique\/dethie-fall-sur-les-concertations-nous-ne-dialoguons-pas#respond\"]}]},{\"@type\":\"WebPage\",\"@id\":\"https:\/\/www.africa-press.net\/senegal\/politique\/dethie-fall-sur-les-concertations-nous-ne-dialoguons-pas\",\"url\":\"https:\/\/www.africa-press.net\/senegal\/politique\/dethie-fall-sur-les-concertations-nous-ne-dialoguons-pas\",\"name\":\"D\u00e9thi\u00e9 Fall sur les concertations : \u00ab Nous ne dialoguons pas \u00bb - Senegal\",\"isPartOf\":{\"@id\":\"https:\/\/www.africa-press.net\/senegal\/#website\"},\"primaryImageOfPage\":{\"@id\":\"https:\/\/www.africa-press.net\/senegal\/politique\/dethie-fall-sur-les-concertations-nous-ne-dialoguons-pas#primaryimage\"},\"image\":{\"@id\":\"https:\/\/www.africa-press.net\/senegal\/politique\/dethie-fall-sur-les-concertations-nous-ne-dialoguons-pas#primaryimage\"},\"thumbnailUrl\":\"https:\/\/static.africa-press.net\/senegal\/sites\/13\/2024\/02\/sm_1708886871.019489.jpg\",\"datePublished\":\"2024-02-25T21:00:18+00:00\",\"dateModified\":\"2024-02-25T23:18:55+00:00\",\"author\":{\"@id\":\"https:\/\/www.africa-press.net\/senegal\/#\/schema\/person\/2b1cf3cd81a31e3cd26889ca66d677f1\"},\"description\":\"Macky Sall n\u2019a qu\u2019a\u0300 libe\u0301rer notre de\u0301mocratie ou on la lui arrache \u00bb. Ainsi s\u2019est exprime\u0301 De\u0301thie\u0301 Fall en marge d\u2019un ...\",\"breadcrumb\":{\"@id\":\"https:\/\/www.africa-press.net\/senegal\/politique\/dethie-fall-sur-les-concertations-nous-ne-dialoguons-pas#breadcrumb\"},\"inLanguage\":\"fr-FR\",\"potentialAction\":[{\"@type\":\"ReadAction\",\"target\":[\"https:\/\/www.africa-press.net\/senegal\/politique\/dethie-fall-sur-les-concertations-nous-ne-dialoguons-pas\"]}]},{\"@type\":\"ImageObject\",\"inLanguage\":\"fr-FR\",\"@id\":\"https:\/\/www.africa-press.net\/senegal\/politique\/dethie-fall-sur-les-concertations-nous-ne-dialoguons-pas#primaryimage\",\"url\":\"https:\/\/static.africa-press.net\/senegal\/sites\/13\/2024\/02\/sm_1708886871.019489.jpg\",\"contentUrl\":\"https:\/\/static.africa-press.net\/senegal\/sites\/13\/2024\/02\/sm_1708886871.019489.jpg\",\"width\":1261,\"height\":634,\"caption\":\"D\u00e9thi\u00e9 Fall sur les concertations : \u00ab Nous ne dialoguons pas \u00bb\"},{\"@type\":\"BreadcrumbList\",\"@id\":\"https:\/\/www.africa-press.net\/senegal\/politique\/dethie-fall-sur-les-concertations-nous-ne-dialoguons-pas#breadcrumb\",\"itemListElement\":[{\"@type\":\"ListItem\",\"position\":1,\"name\":\"Accueil\",\"item\":\"https:\/\/www.africa-press.net\/senegal\/\"},{\"@type\":\"ListItem\",\"position\":2,\"name\":\"D\u00e9thi\u00e9 Fall sur les concertations : \u00ab Nous ne dialoguons pas \u00bb\"}]},{\"@type\":\"WebSite\",\"@id\":\"https:\/\/www.africa-press.net\/senegal\/#website\",\"url\":\"https:\/\/www.africa-press.net\/senegal\/\",\"name\":\"Africa Press | Senegal | Homepage\",\"description\":\"Just another Africa News Agency Sites site\",\"potentialAction\":[{\"@type\":\"SearchAction\",\"target\":{\"@type\":\"EntryPoint\",\"urlTemplate\":\"https:\/\/www.africa-press.net\/senegal\/?s={search_term_string}\"},\"query-input\":{\"@type\":\"PropertyValueSpecification\",\"valueRequired\":true,\"valueName\":\"search_term_string\"}}],\"inLanguage\":\"fr-FR\"},{\"@type\":\"Person\",\"@id\":\"https:\/\/www.africa-press.net\/senegal\/#\/schema\/person\/2b1cf3cd81a31e3cd26889ca66d677f1\",\"name\":\"cfeditorfr\",\"url\":\"https:\/\/www.africa-press.net\/senegal\/author\/cfeditorfr\"}]}<\/script>\n<!-- \/ Yoast SEO Premium plugin. -->","yoast_head_json":{"title":"D\u00e9thi\u00e9 Fall sur les concertations : \u00ab Nous ne dialoguons pas \u00bb - Senegal","description":"Macky Sall n\u2019a qu\u2019a\u0300 libe\u0301rer notre de\u0301mocratie ou on la lui arrache \u00bb. Ainsi s\u2019est exprime\u0301 De\u0301thie\u0301 Fall en marge d\u2019un ...","robots":{"index":"index","follow":"follow","max-snippet":"max-snippet:-1","max-image-preview":"max-image-preview:large","max-video-preview":"max-video-preview:-1"},"canonical":"https:\/\/www.africa-press.net\/senegal\/politique\/dethie-fall-sur-les-concertations-nous-ne-dialoguons-pas","og_locale":"fr_FR","og_type":"article","og_title":"D\u00e9thi\u00e9 Fall sur les concertations : \u00ab Nous ne dialoguons pas \u00bb","og_description":"Macky Sall n\u2019a qu\u2019a\u0300 libe\u0301rer notre de\u0301mocratie ou on la lui arrache \u00bb. Ainsi s\u2019est exprime\u0301 De\u0301thie\u0301 Fall en marge d\u2019un ...","og_url":"https:\/\/www.africa-press.net\/senegal\/politique\/dethie-fall-sur-les-concertations-nous-ne-dialoguons-pas","og_site_name":"Senegal","article_published_time":"2024-02-25T21:00:18+00:00","article_modified_time":"2024-02-25T23:18:55+00:00","og_image":[{"width":1261,"height":634,"url":"https:\/\/static.africa-press.net\/senegal\/sites\/13\/2024\/02\/sm_1708886871.019489.jpg","type":"image\/jpeg"}],"author":"cfeditorfr","twitter_card":"summary_large_image","twitter_misc":{"\u00c9crit par":"cfeditorfr","Dur\u00e9e de lecture estim\u00e9e":"2 minutes"},"schema":{"@context":"https:\/\/schema.org","@graph":[{"@type":"Article","@id":"https:\/\/www.africa-press.net\/senegal\/politique\/dethie-fall-sur-les-concertations-nous-ne-dialoguons-pas#article","isPartOf":{"@id":"https:\/\/www.africa-press.net\/senegal\/politique\/dethie-fall-sur-les-concertations-nous-ne-dialoguons-pas"},"author":{"name":"cfeditorfr","@id":"https:\/\/www.africa-press.net\/senegal\/#\/schema\/person\/2b1cf3cd81a31e3cd26889ca66d677f1"},"headline":"D\u00e9thi\u00e9 Fall sur les concertations : \u00ab Nous ne dialoguons pas \u00bb","datePublished":"2024-02-25T21:00:18+00:00","dateModified":"2024-02-25T23:18:55+00:00","mainEntityOfPage":{"@id":"https:\/\/www.africa-press.net\/senegal\/politique\/dethie-fall-sur-les-concertations-nous-ne-dialoguons-pas"},"wordCount":401,"commentCount":0,"image":{"@id":"https:\/\/www.africa-press.net\/senegal\/politique\/dethie-fall-sur-les-concertations-nous-ne-dialoguons-pas#primaryimage"},"thumbnailUrl":"https:\/\/static.africa-press.net\/senegal\/sites\/13\/2024\/02\/sm_1708886871.019489.jpg","keywords":["Africa Press","Africa Press-Senegal","Senegal"],"articleSection":["Politique","Top Nouvelles","Toutes les actualit\u00e9s"],"inLanguage":"fr-FR","potentialAction":[{"@type":"CommentAction","name":"Comment","target":["https:\/\/www.africa-press.net\/senegal\/politique\/dethie-fall-sur-les-concertations-nous-ne-dialoguons-pas#respond"]}]},{"@type":"WebPage","@id":"https:\/\/www.africa-press.net\/senegal\/politique\/dethie-fall-sur-les-concertations-nous-ne-dialoguons-pas","url":"https:\/\/www.africa-press.net\/senegal\/politique\/dethie-fall-sur-les-concertations-nous-ne-dialoguons-pas","name":"D\u00e9thi\u00e9 Fall sur les concertations : \u00ab Nous ne dialoguons pas \u00bb - Senegal","isPartOf":{"@id":"https:\/\/www.africa-press.net\/senegal\/#website"},"primaryImageOfPage":{"@id":"https:\/\/www.africa-press.net\/senegal\/politique\/dethie-fall-sur-les-concertations-nous-ne-dialoguons-pas#primaryimage"},"image":{"@id":"https:\/\/www.africa-press.net\/senegal\/politique\/dethie-fall-sur-les-concertations-nous-ne-dialoguons-pas#primaryimage"},"thumbnailUrl":"https:\/\/static.africa-press.net\/senegal\/sites\/13\/2024\/02\/sm_1708886871.019489.jpg","datePublished":"2024-02-25T21:00:18+00:00","dateModified":"2024-02-25T23:18:55+00:00","author":{"@id":"https:\/\/www.africa-press.net\/senegal\/#\/schema\/person\/2b1cf3cd81a31e3cd26889ca66d677f1"},"description":"Macky Sall n\u2019a qu\u2019a\u0300 libe\u0301rer notre de\u0301mocratie ou on la lui arrache \u00bb. Ainsi s\u2019est exprime\u0301 De\u0301thie\u0301 Fall en marge d\u2019un ...","breadcrumb":{"@id":"https:\/\/www.africa-press.net\/senegal\/politique\/dethie-fall-sur-les-concertations-nous-ne-dialoguons-pas#breadcrumb"},"inLanguage":"fr-FR","potentialAction":[{"@type":"ReadAction","target":["https:\/\/www.africa-press.net\/senegal\/politique\/dethie-fall-sur-les-concertations-nous-ne-dialoguons-pas"]}]},{"@type":"ImageObject","inLanguage":"fr-FR","@id":"https:\/\/www.africa-press.net\/senegal\/politique\/dethie-fall-sur-les-concertations-nous-ne-dialoguons-pas#primaryimage","url":"https:\/\/static.africa-press.net\/senegal\/sites\/13\/2024\/02\/sm_1708886871.019489.jpg","contentUrl":"https:\/\/static.africa-press.net\/senegal\/sites\/13\/2024\/02\/sm_1708886871.019489.jpg","width":1261,"height":634,"caption":"D\u00e9thi\u00e9 Fall sur les concertations : \u00ab Nous ne dialoguons pas \u00bb"},{"@type":"BreadcrumbList","@id":"https:\/\/www.africa-press.net\/senegal\/politique\/dethie-fall-sur-les-concertations-nous-ne-dialoguons-pas#breadcrumb","itemListElement":[{"@type":"ListItem","position":1,"name":"Accueil","item":"https:\/\/www.africa-press.net\/senegal\/"},{"@type":"ListItem","position":2,"name":"D\u00e9thi\u00e9 Fall sur les concertations : \u00ab Nous ne dialoguons pas \u00bb"}]},{"@type":"WebSite","@id":"https:\/\/www.africa-press.net\/senegal\/#website","url":"https:\/\/www.africa-press.net\/senegal\/","name":"Africa Press | Senegal | Homepage","description":"Just another Africa News Agency Sites site","potentialAction":[{"@type":"SearchAction","target":{"@type":"EntryPoint","urlTemplate":"https:\/\/www.africa-press.net\/senegal\/?s={search_term_string}"},"query-input":{"@type":"PropertyValueSpecification","valueRequired":true,"valueName":"search_term_string"}}],"inLanguage":"fr-FR"},{"@type":"Person","@id":"https:\/\/www.africa-press.net\/senegal\/#\/schema\/person\/2b1cf3cd81a31e3cd26889ca66d677f1","name":"cfeditorfr","url":"https:\/\/www.africa-press.net\/senegal\/author\/cfeditorfr"}]}},"_links":{"self":[{"href":"https:\/\/www.africa-press.net\/senegal\/wp-json\/wp\/v2\/posts\/56079","targetHints":{"allow":["GET"]}}],"collection":[{"href":"https:\/\/www.africa-press.net\/senegal\/wp-json\/wp\/v2\/posts"}],"about":[{"href":"https:\/\/www.africa-press.net\/senegal\/wp-json\/wp\/v2\/types\/post"}],"author":[{"embeddable":true,"href":"https:\/\/www.africa-press.net\/senegal\/wp-json\/wp\/v2\/users\/82"}],"replies":[{"embeddable":true,"href":"https:\/\/www.africa-press.net\/senegal\/wp-json\/wp\/v2\/comments?post=56079"}],"version-history":[{"count":0,"href":"https:\/\/www.africa-press.net\/senegal\/wp-json\/wp\/v2\/posts\/56079\/revisions"}],"wp:featuredmedia":[{"embeddable":true,"href":"https:\/\/www.africa-press.net\/senegal\/wp-json\/wp\/v2\/media\/56077"}],"wp:attachment":[{"href":"https:\/\/www.africa-press.net\/senegal\/wp-json\/wp\/v2\/media?parent=56079"}],"wp:term":[{"taxonomy":"category","embeddable":true,"href":"https:\/\/www.africa-press.net\/senegal\/wp-json\/wp\/v2\/categories?post=56079"},{"taxonomy":"post_tag","embeddable":true,"href":"https:\/\/www.africa-press.net\/senegal\/wp-json\/wp\/v2\/tags?post=56079"}],"curies":[{"name":"wp","href":"https:\/\/api.w.org\/{rel}","templated":true}]}}