{"id":56081,"date":"2024-02-25T21:58:13","date_gmt":"2024-02-25T21:58:13","guid":{"rendered":"https:\/\/www.africa-press.net\/senegal\/politique\/journee-de-deuil-electorale-ce-25-fevrier-est-un-triste-jour-pour-la-democratie-senegalaise-mimi-toure"},"modified":"2024-02-25T23:19:21","modified_gmt":"2024-02-25T23:19:21","slug":"journee-de-deuil-electorale-ce-25-fevrier-est-un-triste-jour-pour-la-democratie-senegalaise-mimi-toure","status":"publish","type":"post","link":"https:\/\/www.africa-press.net\/senegal\/politique\/journee-de-deuil-electorale-ce-25-fevrier-est-un-triste-jour-pour-la-democratie-senegalaise-mimi-toure","title":{"rendered":"Journ\u00e9e de deuil \u00e9lectorale : \u00ab\u00a0Ce 25 f\u00e9vrier est un triste jour pour la d\u00e9mocratie s\u00e9n\u00e9galaise\u00a0\u00bb, (Mimi Tour\u00e9)"},"content":{"rendered":"<p><span style=\"color: #ff6600\"><strong>Africa-Press &#8211; Senegal. <\/strong><\/span>Si tout se passait comme pre\u0301vu, les Se\u0301ne\u0301galais devaient se pre\u0301senter aux urnes ce dimanche 25 fe\u0301vrier 2024 pour choisir leur nouveau pre\u0301sident de la Re\u0301publique. Mais le chef de l&rsquo;E\u0301tat a annule\u0301 ce rendez-vous important par un de\u0301cret de report.<\/p>\n<p>C&rsquo;est dans ce sens que les 19 candidats a\u0300 la Pre\u0301sidentielle ont de\u0301cre\u0301te\u0301 une journe\u0301e de deuil e\u0301lectoral aujourd&rsquo;hui pour marquer leur de\u0301saccord avec le pre\u0301sident Sall qui, jusque-la\u0300, ne s&rsquo;est pas prononce\u0301 sur la date du scrutin.<\/p>\n<p>A cette occasion, Mimi Toure\u0301 a de\u0301clare\u0301 que \u00ab\u00a0ce 25 fe\u0301vrier 2024 est un triste jour pour la de\u0301mocratie se\u0301ne\u0301galaise ba\u0302tie a\u0300 la sueur et au sang de ge\u0301ne\u0301ration de militants de la liberte\u0301. En reportant l\u2019e\u0301lection pre\u0301sidentielle qui devait se tenir aujourd\u2019hui, le pre\u0301sident Macky Sall a prive\u0301 les 7 millions d\u2019e\u0301lecteurs que nous sommes de notre droit constitutionnel de choisir son successeur\u00a0\u00bb.<\/p>\n<p>Poursuivant, l&rsquo;ex-Premie\u0300re ministre exige la tenue de l&rsquo;e\u0301lection avant le 2 avril, date qui coi\u0308ncide avec la fin du mandat de l&rsquo;actuel pre\u0301sident du Se\u0301ne\u0301gal. \u00ab\u00a0Les de\u0301mocrates et tous les citoyens e\u0301pris de justice exigent la tenue de l\u2019e\u0301lection pre\u0301sidentielle avant son de\u0301part ine\u0301luctable le 2 avril prochain\u00a0\u00bb.<\/p>\n<p><strong>Pour plus d&rsquo;informations et d&rsquo;analyses sur la <a href=\"https:\/\/www.africa-press.net\/senegal\">Senegal<\/a>, suivez <a href=\"https:\/\/www.africa-press.net\/\">Africa-Press<\/a><\/strong><\/p>\n","protected":false},"excerpt":{"rendered":"<p>Africa-Press &#8211; Senegal. Si tout se passait comme pre\u0301vu, les Se\u0301ne\u0301galais devaient se pre\u0301senter aux urnes ce dimanche 25 fe\u0301vrier 2024 pour choisir leur nouveau pre\u0301sident de la Re\u0301publique. Mais le chef de l&rsquo;E\u0301tat a annule\u0301 ce rendez-vous important par un de\u0301cret de report. C&rsquo;est dans ce sens que les 19 candidats a\u0300 la Pre\u0301sidentielle [&hellip;]<\/p>\n","protected":false},"author":82,"featured_media":56080,"comment_status":"open","ping_status":"closed","sticky":false,"template":"","format":"standard","meta":{"footnotes":""},"categories":[2,10],"tags":[43,47,44],"class_list":["post-56081","post","type-post","status-publish","format-standard","has-post-thumbnail","hentry","category-politique","category-toutes-les-actualites","tag-africa-press-2","tag-africa-press-senegal","tag-senegal-2"],"yoast_head":"<!-- This site is optimized with the Yoast SEO Premium plugin v26.1 (Yoast SEO v27.0) - https:\/\/yoast.com\/product\/yoast-seo-premium-wordpress\/ -->\n<title>Journ\u00e9e de deuil \u00e9lectorale : &quot;Ce 25 f\u00e9vrier est un triste jour pour la d\u00e9mocratie s\u00e9n\u00e9galaise&quot;, (Mimi Tour\u00e9) - Senegal<\/title>\n<meta name=\"description\" content=\"Si tout se passait comme pre\u0301vu, les Se\u0301ne\u0301galais devaient se pre\u0301senter aux urnes ce dimanche 25 fe\u0301vrier 2024 pour cho ...\" \/>\n<meta name=\"robots\" content=\"index, follow, max-snippet:-1, max-image-preview:large, max-video-preview:-1\" \/>\n<link rel=\"canonical\" href=\"https:\/\/www.africa-press.net\/senegal\/politique\/journee-de-deuil-electorale-ce-25-fevrier-est-un-triste-jour-pour-la-democratie-senegalaise-mimi-toure\" \/>\n<meta property=\"og:locale\" content=\"fr_FR\" \/>\n<meta property=\"og:type\" content=\"article\" \/>\n<meta property=\"og:title\" content=\"Journ\u00e9e de deuil \u00e9lectorale : &quot;Ce 25 f\u00e9vrier est un triste jour pour la d\u00e9mocratie s\u00e9n\u00e9galaise&quot;, (Mimi Tour\u00e9)\" \/>\n<meta property=\"og:description\" content=\"Si tout se passait comme pre\u0301vu, les Se\u0301ne\u0301galais devaient se pre\u0301senter aux urnes ce dimanche 25 fe\u0301vrier 2024 pour cho ...\" \/>\n<meta property=\"og:url\" content=\"https:\/\/www.africa-press.net\/senegal\/politique\/journee-de-deuil-electorale-ce-25-fevrier-est-un-triste-jour-pour-la-democratie-senegalaise-mimi-toure\" \/>\n<meta property=\"og:site_name\" content=\"Senegal\" \/>\n<meta property=\"article:published_time\" content=\"2024-02-25T21:58:13+00:00\" \/>\n<meta property=\"article:modified_time\" content=\"2024-02-25T23:19:21+00:00\" \/>\n<meta property=\"og:image\" content=\"https:\/\/static.africa-press.net\/senegal\/sites\/13\/2024\/02\/sm_1708886911.229078.jpg\" \/>\n\t<meta property=\"og:image:width\" content=\"1292\" \/>\n\t<meta property=\"og:image:height\" content=\"638\" \/>\n\t<meta property=\"og:image:type\" content=\"image\/jpeg\" \/>\n<meta name=\"author\" content=\"cfeditorfr\" \/>\n<meta name=\"twitter:card\" content=\"summary_large_image\" \/>\n<meta name=\"twitter:label1\" content=\"\u00c9crit par\" \/>\n\t<meta name=\"twitter:data1\" content=\"cfeditorfr\" \/>\n\t<meta name=\"twitter:label2\" content=\"Dur\u00e9e de lecture estim\u00e9e\" \/>\n\t<meta name=\"twitter:data2\" content=\"1 minute\" \/>\n<script type=\"application\/ld+json\" class=\"yoast-schema-graph\">{\"@context\":\"https:\/\/schema.org\",\"@graph\":[{\"@type\":\"Article\",\"@id\":\"https:\/\/www.africa-press.net\/senegal\/politique\/journee-de-deuil-electorale-ce-25-fevrier-est-un-triste-jour-pour-la-democratie-senegalaise-mimi-toure#article\",\"isPartOf\":{\"@id\":\"https:\/\/www.africa-press.net\/senegal\/politique\/journee-de-deuil-electorale-ce-25-fevrier-est-un-triste-jour-pour-la-democratie-senegalaise-mimi-toure\"},\"author\":{\"name\":\"cfeditorfr\",\"@id\":\"https:\/\/www.africa-press.net\/senegal\/#\/schema\/person\/2b1cf3cd81a31e3cd26889ca66d677f1\"},\"headline\":\"Journ\u00e9e de deuil \u00e9lectorale : \u00ab\u00a0Ce 25 f\u00e9vrier est un triste jour pour la d\u00e9mocratie s\u00e9n\u00e9galaise\u00a0\u00bb, (Mimi Tour\u00e9)\",\"datePublished\":\"2024-02-25T21:58:13+00:00\",\"dateModified\":\"2024-02-25T23:19:21+00:00\",\"mainEntityOfPage\":{\"@id\":\"https:\/\/www.africa-press.net\/senegal\/politique\/journee-de-deuil-electorale-ce-25-fevrier-est-un-triste-jour-pour-la-democratie-senegalaise-mimi-toure\"},\"wordCount\":270,\"commentCount\":0,\"image\":{\"@id\":\"https:\/\/www.africa-press.net\/senegal\/politique\/journee-de-deuil-electorale-ce-25-fevrier-est-un-triste-jour-pour-la-democratie-senegalaise-mimi-toure#primaryimage\"},\"thumbnailUrl\":\"https:\/\/static.africa-press.net\/senegal\/sites\/13\/2024\/02\/sm_1708886911.229078.jpg\",\"keywords\":[\"Africa Press\",\"Africa Press-Senegal\",\"Senegal\"],\"articleSection\":[\"Politique\",\"Toutes les actualit\u00e9s\"],\"inLanguage\":\"fr-FR\",\"potentialAction\":[{\"@type\":\"CommentAction\",\"name\":\"Comment\",\"target\":[\"https:\/\/www.africa-press.net\/senegal\/politique\/journee-de-deuil-electorale-ce-25-fevrier-est-un-triste-jour-pour-la-democratie-senegalaise-mimi-toure#respond\"]}]},{\"@type\":\"WebPage\",\"@id\":\"https:\/\/www.africa-press.net\/senegal\/politique\/journee-de-deuil-electorale-ce-25-fevrier-est-un-triste-jour-pour-la-democratie-senegalaise-mimi-toure\",\"url\":\"https:\/\/www.africa-press.net\/senegal\/politique\/journee-de-deuil-electorale-ce-25-fevrier-est-un-triste-jour-pour-la-democratie-senegalaise-mimi-toure\",\"name\":\"Journ\u00e9e de deuil \u00e9lectorale : \\\"Ce 25 f\u00e9vrier est un triste jour pour la d\u00e9mocratie s\u00e9n\u00e9galaise\\\", (Mimi Tour\u00e9) - Senegal\",\"isPartOf\":{\"@id\":\"https:\/\/www.africa-press.net\/senegal\/#website\"},\"primaryImageOfPage\":{\"@id\":\"https:\/\/www.africa-press.net\/senegal\/politique\/journee-de-deuil-electorale-ce-25-fevrier-est-un-triste-jour-pour-la-democratie-senegalaise-mimi-toure#primaryimage\"},\"image\":{\"@id\":\"https:\/\/www.africa-press.net\/senegal\/politique\/journee-de-deuil-electorale-ce-25-fevrier-est-un-triste-jour-pour-la-democratie-senegalaise-mimi-toure#primaryimage\"},\"thumbnailUrl\":\"https:\/\/static.africa-press.net\/senegal\/sites\/13\/2024\/02\/sm_1708886911.229078.jpg\",\"datePublished\":\"2024-02-25T21:58:13+00:00\",\"dateModified\":\"2024-02-25T23:19:21+00:00\",\"author\":{\"@id\":\"https:\/\/www.africa-press.net\/senegal\/#\/schema\/person\/2b1cf3cd81a31e3cd26889ca66d677f1\"},\"description\":\"Si tout se passait comme pre\u0301vu, les Se\u0301ne\u0301galais devaient se pre\u0301senter aux urnes ce dimanche 25 fe\u0301vrier 2024 pour cho ...\",\"breadcrumb\":{\"@id\":\"https:\/\/www.africa-press.net\/senegal\/politique\/journee-de-deuil-electorale-ce-25-fevrier-est-un-triste-jour-pour-la-democratie-senegalaise-mimi-toure#breadcrumb\"},\"inLanguage\":\"fr-FR\",\"potentialAction\":[{\"@type\":\"ReadAction\",\"target\":[\"https:\/\/www.africa-press.net\/senegal\/politique\/journee-de-deuil-electorale-ce-25-fevrier-est-un-triste-jour-pour-la-democratie-senegalaise-mimi-toure\"]}]},{\"@type\":\"ImageObject\",\"inLanguage\":\"fr-FR\",\"@id\":\"https:\/\/www.africa-press.net\/senegal\/politique\/journee-de-deuil-electorale-ce-25-fevrier-est-un-triste-jour-pour-la-democratie-senegalaise-mimi-toure#primaryimage\",\"url\":\"https:\/\/static.africa-press.net\/senegal\/sites\/13\/2024\/02\/sm_1708886911.229078.jpg\",\"contentUrl\":\"https:\/\/static.africa-press.net\/senegal\/sites\/13\/2024\/02\/sm_1708886911.229078.jpg\",\"width\":1292,\"height\":638,\"caption\":\"Journ\u00e9e de deuil \u00e9lectorale : \\\"Ce 25 f\u00e9vrier est un triste jour pour la d\u00e9mocratie s\u00e9n\u00e9galaise\\\", (Mimi Tour\u00e9)\"},{\"@type\":\"BreadcrumbList\",\"@id\":\"https:\/\/www.africa-press.net\/senegal\/politique\/journee-de-deuil-electorale-ce-25-fevrier-est-un-triste-jour-pour-la-democratie-senegalaise-mimi-toure#breadcrumb\",\"itemListElement\":[{\"@type\":\"ListItem\",\"position\":1,\"name\":\"Accueil\",\"item\":\"https:\/\/www.africa-press.net\/senegal\/\"},{\"@type\":\"ListItem\",\"position\":2,\"name\":\"Journ\u00e9e de deuil \u00e9lectorale : &#8220;Ce 25 f\u00e9vrier est un triste jour pour la d\u00e9mocratie s\u00e9n\u00e9galaise&#8221;, (Mimi Tour\u00e9)\"}]},{\"@type\":\"WebSite\",\"@id\":\"https:\/\/www.africa-press.net\/senegal\/#website\",\"url\":\"https:\/\/www.africa-press.net\/senegal\/\",\"name\":\"Africa Press | Senegal | Homepage\",\"description\":\"Just another Africa News Agency Sites site\",\"potentialAction\":[{\"@type\":\"SearchAction\",\"target\":{\"@type\":\"EntryPoint\",\"urlTemplate\":\"https:\/\/www.africa-press.net\/senegal\/?s={search_term_string}\"},\"query-input\":{\"@type\":\"PropertyValueSpecification\",\"valueRequired\":true,\"valueName\":\"search_term_string\"}}],\"inLanguage\":\"fr-FR\"},{\"@type\":\"Person\",\"@id\":\"https:\/\/www.africa-press.net\/senegal\/#\/schema\/person\/2b1cf3cd81a31e3cd26889ca66d677f1\",\"name\":\"cfeditorfr\",\"url\":\"https:\/\/www.africa-press.net\/senegal\/author\/cfeditorfr\"}]}<\/script>\n<!-- \/ Yoast SEO Premium plugin. -->","yoast_head_json":{"title":"Journ\u00e9e de deuil \u00e9lectorale : \"Ce 25 f\u00e9vrier est un triste jour pour la d\u00e9mocratie s\u00e9n\u00e9galaise\", (Mimi Tour\u00e9) - Senegal","description":"Si tout se passait comme pre\u0301vu, les Se\u0301ne\u0301galais devaient se pre\u0301senter aux urnes ce dimanche 25 fe\u0301vrier 2024 pour cho ...","robots":{"index":"index","follow":"follow","max-snippet":"max-snippet:-1","max-image-preview":"max-image-preview:large","max-video-preview":"max-video-preview:-1"},"canonical":"https:\/\/www.africa-press.net\/senegal\/politique\/journee-de-deuil-electorale-ce-25-fevrier-est-un-triste-jour-pour-la-democratie-senegalaise-mimi-toure","og_locale":"fr_FR","og_type":"article","og_title":"Journ\u00e9e de deuil \u00e9lectorale : \"Ce 25 f\u00e9vrier est un triste jour pour la d\u00e9mocratie s\u00e9n\u00e9galaise\", (Mimi Tour\u00e9)","og_description":"Si tout se passait comme pre\u0301vu, les Se\u0301ne\u0301galais devaient se pre\u0301senter aux urnes ce dimanche 25 fe\u0301vrier 2024 pour cho ...","og_url":"https:\/\/www.africa-press.net\/senegal\/politique\/journee-de-deuil-electorale-ce-25-fevrier-est-un-triste-jour-pour-la-democratie-senegalaise-mimi-toure","og_site_name":"Senegal","article_published_time":"2024-02-25T21:58:13+00:00","article_modified_time":"2024-02-25T23:19:21+00:00","og_image":[{"width":1292,"height":638,"url":"https:\/\/static.africa-press.net\/senegal\/sites\/13\/2024\/02\/sm_1708886911.229078.jpg","type":"image\/jpeg"}],"author":"cfeditorfr","twitter_card":"summary_large_image","twitter_misc":{"\u00c9crit par":"cfeditorfr","Dur\u00e9e de lecture estim\u00e9e":"1 minute"},"schema":{"@context":"https:\/\/schema.org","@graph":[{"@type":"Article","@id":"https:\/\/www.africa-press.net\/senegal\/politique\/journee-de-deuil-electorale-ce-25-fevrier-est-un-triste-jour-pour-la-democratie-senegalaise-mimi-toure#article","isPartOf":{"@id":"https:\/\/www.africa-press.net\/senegal\/politique\/journee-de-deuil-electorale-ce-25-fevrier-est-un-triste-jour-pour-la-democratie-senegalaise-mimi-toure"},"author":{"name":"cfeditorfr","@id":"https:\/\/www.africa-press.net\/senegal\/#\/schema\/person\/2b1cf3cd81a31e3cd26889ca66d677f1"},"headline":"Journ\u00e9e de deuil \u00e9lectorale : \u00ab\u00a0Ce 25 f\u00e9vrier est un triste jour pour la d\u00e9mocratie s\u00e9n\u00e9galaise\u00a0\u00bb, (Mimi Tour\u00e9)","datePublished":"2024-02-25T21:58:13+00:00","dateModified":"2024-02-25T23:19:21+00:00","mainEntityOfPage":{"@id":"https:\/\/www.africa-press.net\/senegal\/politique\/journee-de-deuil-electorale-ce-25-fevrier-est-un-triste-jour-pour-la-democratie-senegalaise-mimi-toure"},"wordCount":270,"commentCount":0,"image":{"@id":"https:\/\/www.africa-press.net\/senegal\/politique\/journee-de-deuil-electorale-ce-25-fevrier-est-un-triste-jour-pour-la-democratie-senegalaise-mimi-toure#primaryimage"},"thumbnailUrl":"https:\/\/static.africa-press.net\/senegal\/sites\/13\/2024\/02\/sm_1708886911.229078.jpg","keywords":["Africa Press","Africa Press-Senegal","Senegal"],"articleSection":["Politique","Toutes les actualit\u00e9s"],"inLanguage":"fr-FR","potentialAction":[{"@type":"CommentAction","name":"Comment","target":["https:\/\/www.africa-press.net\/senegal\/politique\/journee-de-deuil-electorale-ce-25-fevrier-est-un-triste-jour-pour-la-democratie-senegalaise-mimi-toure#respond"]}]},{"@type":"WebPage","@id":"https:\/\/www.africa-press.net\/senegal\/politique\/journee-de-deuil-electorale-ce-25-fevrier-est-un-triste-jour-pour-la-democratie-senegalaise-mimi-toure","url":"https:\/\/www.africa-press.net\/senegal\/politique\/journee-de-deuil-electorale-ce-25-fevrier-est-un-triste-jour-pour-la-democratie-senegalaise-mimi-toure","name":"Journ\u00e9e de deuil \u00e9lectorale : \"Ce 25 f\u00e9vrier est un triste jour pour la d\u00e9mocratie s\u00e9n\u00e9galaise\", (Mimi Tour\u00e9) - Senegal","isPartOf":{"@id":"https:\/\/www.africa-press.net\/senegal\/#website"},"primaryImageOfPage":{"@id":"https:\/\/www.africa-press.net\/senegal\/politique\/journee-de-deuil-electorale-ce-25-fevrier-est-un-triste-jour-pour-la-democratie-senegalaise-mimi-toure#primaryimage"},"image":{"@id":"https:\/\/www.africa-press.net\/senegal\/politique\/journee-de-deuil-electorale-ce-25-fevrier-est-un-triste-jour-pour-la-democratie-senegalaise-mimi-toure#primaryimage"},"thumbnailUrl":"https:\/\/static.africa-press.net\/senegal\/sites\/13\/2024\/02\/sm_1708886911.229078.jpg","datePublished":"2024-02-25T21:58:13+00:00","dateModified":"2024-02-25T23:19:21+00:00","author":{"@id":"https:\/\/www.africa-press.net\/senegal\/#\/schema\/person\/2b1cf3cd81a31e3cd26889ca66d677f1"},"description":"Si tout se passait comme pre\u0301vu, les Se\u0301ne\u0301galais devaient se pre\u0301senter aux urnes ce dimanche 25 fe\u0301vrier 2024 pour cho ...","breadcrumb":{"@id":"https:\/\/www.africa-press.net\/senegal\/politique\/journee-de-deuil-electorale-ce-25-fevrier-est-un-triste-jour-pour-la-democratie-senegalaise-mimi-toure#breadcrumb"},"inLanguage":"fr-FR","potentialAction":[{"@type":"ReadAction","target":["https:\/\/www.africa-press.net\/senegal\/politique\/journee-de-deuil-electorale-ce-25-fevrier-est-un-triste-jour-pour-la-democratie-senegalaise-mimi-toure"]}]},{"@type":"ImageObject","inLanguage":"fr-FR","@id":"https:\/\/www.africa-press.net\/senegal\/politique\/journee-de-deuil-electorale-ce-25-fevrier-est-un-triste-jour-pour-la-democratie-senegalaise-mimi-toure#primaryimage","url":"https:\/\/static.africa-press.net\/senegal\/sites\/13\/2024\/02\/sm_1708886911.229078.jpg","contentUrl":"https:\/\/static.africa-press.net\/senegal\/sites\/13\/2024\/02\/sm_1708886911.229078.jpg","width":1292,"height":638,"caption":"Journ\u00e9e de deuil \u00e9lectorale : \"Ce 25 f\u00e9vrier est un triste jour pour la d\u00e9mocratie s\u00e9n\u00e9galaise\", (Mimi Tour\u00e9)"},{"@type":"BreadcrumbList","@id":"https:\/\/www.africa-press.net\/senegal\/politique\/journee-de-deuil-electorale-ce-25-fevrier-est-un-triste-jour-pour-la-democratie-senegalaise-mimi-toure#breadcrumb","itemListElement":[{"@type":"ListItem","position":1,"name":"Accueil","item":"https:\/\/www.africa-press.net\/senegal\/"},{"@type":"ListItem","position":2,"name":"Journ\u00e9e de deuil \u00e9lectorale : &#8220;Ce 25 f\u00e9vrier est un triste jour pour la d\u00e9mocratie s\u00e9n\u00e9galaise&#8221;, (Mimi Tour\u00e9)"}]},{"@type":"WebSite","@id":"https:\/\/www.africa-press.net\/senegal\/#website","url":"https:\/\/www.africa-press.net\/senegal\/","name":"Africa Press | Senegal | Homepage","description":"Just another Africa News Agency Sites site","potentialAction":[{"@type":"SearchAction","target":{"@type":"EntryPoint","urlTemplate":"https:\/\/www.africa-press.net\/senegal\/?s={search_term_string}"},"query-input":{"@type":"PropertyValueSpecification","valueRequired":true,"valueName":"search_term_string"}}],"inLanguage":"fr-FR"},{"@type":"Person","@id":"https:\/\/www.africa-press.net\/senegal\/#\/schema\/person\/2b1cf3cd81a31e3cd26889ca66d677f1","name":"cfeditorfr","url":"https:\/\/www.africa-press.net\/senegal\/author\/cfeditorfr"}]}},"_links":{"self":[{"href":"https:\/\/www.africa-press.net\/senegal\/wp-json\/wp\/v2\/posts\/56081","targetHints":{"allow":["GET"]}}],"collection":[{"href":"https:\/\/www.africa-press.net\/senegal\/wp-json\/wp\/v2\/posts"}],"about":[{"href":"https:\/\/www.africa-press.net\/senegal\/wp-json\/wp\/v2\/types\/post"}],"author":[{"embeddable":true,"href":"https:\/\/www.africa-press.net\/senegal\/wp-json\/wp\/v2\/users\/82"}],"replies":[{"embeddable":true,"href":"https:\/\/www.africa-press.net\/senegal\/wp-json\/wp\/v2\/comments?post=56081"}],"version-history":[{"count":0,"href":"https:\/\/www.africa-press.net\/senegal\/wp-json\/wp\/v2\/posts\/56081\/revisions"}],"wp:featuredmedia":[{"embeddable":true,"href":"https:\/\/www.africa-press.net\/senegal\/wp-json\/wp\/v2\/media\/56080"}],"wp:attachment":[{"href":"https:\/\/www.africa-press.net\/senegal\/wp-json\/wp\/v2\/media?parent=56081"}],"wp:term":[{"taxonomy":"category","embeddable":true,"href":"https:\/\/www.africa-press.net\/senegal\/wp-json\/wp\/v2\/categories?post=56081"},{"taxonomy":"post_tag","embeddable":true,"href":"https:\/\/www.africa-press.net\/senegal\/wp-json\/wp\/v2\/tags?post=56081"}],"curies":[{"name":"wp","href":"https:\/\/api.w.org\/{rel}","templated":true}]}}