{"id":56084,"date":"2024-02-25T21:59:43","date_gmt":"2024-02-25T21:59:43","guid":{"rendered":"https:\/\/www.africa-press.net\/senegal\/politique\/programme-cadre-integre-renforce-karim-fofana-souligne-des-resultats-satisfaisants-au-senegal"},"modified":"2024-02-25T23:19:48","modified_gmt":"2024-02-25T23:19:48","slug":"programme-cadre-integre-renforce-karim-fofana-souligne-des-resultats-satisfaisants-au-senegal","status":"publish","type":"post","link":"https:\/\/www.africa-press.net\/senegal\/politique\/programme-cadre-integre-renforce-karim-fofana-souligne-des-resultats-satisfaisants-au-senegal","title":{"rendered":"Programme-cadre int\u00e9gr\u00e9 renforc\u00e9 : Karim Fofana souligne des r\u00e9sultats satisfaisants au S\u00e9n\u00e9gal"},"content":{"rendered":"<p><span style=\"color: #ff6600\"><strong>Africa-Press &#8211; Senegal. <\/strong><\/span>La 13e Confe\u0301rence ministe\u0301rielle (CM13) se tient du 26 au 29 fe\u0301vrier 2024, a\u0300 Abou Dhabi. En marge de cette rencontre, s&rsquo;est tenu un e\u0301ve\u0300nement relatif a\u0300 l\u2019avenir du soutien au commerce des pays les moins avance\u0301s (PMA).<\/p>\n<p>Des ministres, de hauts fonctionnaires et des experts venus des quatre coins du monde y ont participe\u0301 pour produire des re\u0301flexions sur le futur du Programme-cadre inte\u0301gre\u0301 renforce\u0301 (CIR). Lequel a permis, \u00ab\u00a0entre autres, de soutenir plus de 19 000 micros, petites et moyennes entreprises (MPME) et plus de 150 000 femmes, soit 61 % des be\u0301ne\u0301ficiaires. Il a e\u0301galement permis de ge\u0301ne\u0301rer plus de 800 milliards de dollars d&rsquo;exportations au profit des PMA.\u00a0\u00bb, selon le ministre du Commerce.<\/p>\n<p>A\u0300 cela s&rsquo;ajoutent d&rsquo;autres projets comme l&rsquo;ame\u0301lioration de la compe\u0301titivite\u0301 de la mangue se\u0301ne\u0301galaise (PACMS), du soutien a\u0300 la phase de durabilite\u0301 du PCIR, de l\u2019appui a\u0300 la conformite\u0301 me\u0301trologique des produits et services pour la facilitation des e\u0301changes au Se\u0301ne\u0301gal et du projet de mise en \u0153uvre de la strate\u0301gie de de\u0301veloppement du commerce e\u0301lectronique au Se\u0301ne\u0301gal (SNDCES).<\/p>\n<p>Au Se\u0301ne\u0301gal, ce programme dont la 2e phase prendra fin en de\u0301cembre prochain a permis de re\u0301aliser une meilleure prise en compte du commerce dans les strate\u0301gies nationales de de\u0301veloppement dans le cadre du Plan Se\u0301ne\u0301gal e\u0301mergent (PSE).<\/p>\n<p>\u00ab\u00a0Renforcement des capacite\u0301s institutionnelles des acteurs publics et prive\u0301s, renforcement des capacite\u0301s du co\u0302te\u0301 de l&rsquo;offre avec le de\u0301veloppement des chaines de valeur agricole (mangue, anacarde, etc.), mise a\u0300 niveau de laboratoires publics et prive\u0301s de me\u0301trologie, de\u0301veloppement du commerce e\u0301lectronique au Se\u0301ne\u0301gal, etc.\u00a0\u00bb, sont autant de re\u0301sultats magnifie\u0301s par Abdou Karim Fofana dans son intervention.<\/p>\n<p>Pour aller plus loin, selon le ministre, \u00ab\u00a0l\u2019E\u0301tat du Se\u0301ne\u0301gal a finance\u0301 inte\u0301gralement la mise en \u0153uvre du Projet d\u2019appui a\u0300 la compe\u0301titivite\u0301 de l\u2019anacarde se\u0301ne\u0301galaise (PACAS) sur trois ans (2022-2024) pour un cou\u0302t global de 1?694?183?345 F CFA (&#8230;) Ce projet a ge\u0301ne\u0301re\u0301 des re\u0301sultats positifs en termes d\u2019organisation de la filie\u0300re anacarde, de renforcement des capacite\u0301s des acteurs, de dotations d\u2019e\u0301quipements agricoles et de transformation aux acteurs\u00a0\u00bb.<\/p>\n<p>Cette rencontre sur le CIR a e\u0301te\u0301 l&rsquo;occasion, pour Abdou Karim Fofana, de faire des suggestions dans le cadre du futur Programme multilate\u0301ral d\u2019aide pour le commerce qui devrait de\u0301marrer en 2025 \u00ab\u00a0pour e\u0301viter, non seulement tout dysfonctionnement et perturbation dans les ope\u0301rations des structures nationales, mais aussi pour pre\u0301server les gains de\u0301ja\u0300 acquis\u00a0\u00bb.<\/p>\n<p>Cela passe, aux yeux du chef de la de\u0301le\u0301gation se\u0301ne\u0301galaise a\u0300 Abou Dhabi, par la prise en compte du: commerce e\u0301lectronique, du de\u0301veloppement des chaines de valeur nationales et re\u0301gionales, du renforcement de l\u2019industrialisation locale pour une croissance durable et endoge\u0300ne des PMA.<\/p>\n<p><strong>Pour plus d&rsquo;informations et d&rsquo;analyses sur la <a href=\"https:\/\/www.africa-press.net\/senegal\">Senegal<\/a>, suivez <a href=\"https:\/\/www.africa-press.net\/\">Africa-Press<\/a><\/strong><\/p>\n","protected":false},"excerpt":{"rendered":"<p>Africa-Press &#8211; Senegal. La 13e Confe\u0301rence ministe\u0301rielle (CM13) se tient du 26 au 29 fe\u0301vrier 2024, a\u0300 Abou Dhabi. En marge de cette rencontre, s&rsquo;est tenu un e\u0301ve\u0300nement relatif a\u0300 l\u2019avenir du soutien au commerce des pays les moins avance\u0301s (PMA). Des ministres, de hauts fonctionnaires et des experts venus des quatre coins du monde [&hellip;]<\/p>\n","protected":false},"author":82,"featured_media":56083,"comment_status":"open","ping_status":"closed","sticky":false,"template":"","format":"standard","meta":{"footnotes":""},"categories":[2,20,10],"tags":[43,47,44],"class_list":["post-56084","post","type-post","status-publish","format-standard","has-post-thumbnail","hentry","category-politique","category-top-nouvelles","category-toutes-les-actualites","tag-africa-press-2","tag-africa-press-senegal","tag-senegal-2"],"yoast_head":"<!-- This site is optimized with the Yoast SEO Premium plugin v26.1 (Yoast SEO v27.0) - https:\/\/yoast.com\/product\/yoast-seo-premium-wordpress\/ -->\n<title>Programme-cadre int\u00e9gr\u00e9 renforc\u00e9 : Karim Fofana souligne des r\u00e9sultats satisfaisants au S\u00e9n\u00e9gal - Senegal<\/title>\n<meta name=\"description\" content=\"La 13e Confe\u0301rence ministe\u0301rielle (CM13) se tient du 26 au 29 fe\u0301vrier 2024, a\u0300 Abou Dhabi. En marge de cette rencontre, ...\" \/>\n<meta name=\"robots\" content=\"index, follow, max-snippet:-1, max-image-preview:large, max-video-preview:-1\" \/>\n<link rel=\"canonical\" href=\"https:\/\/www.africa-press.net\/senegal\/politique\/programme-cadre-integre-renforce-karim-fofana-souligne-des-resultats-satisfaisants-au-senegal\" \/>\n<meta property=\"og:locale\" content=\"fr_FR\" \/>\n<meta property=\"og:type\" content=\"article\" \/>\n<meta property=\"og:title\" content=\"Programme-cadre int\u00e9gr\u00e9 renforc\u00e9 : Karim Fofana souligne des r\u00e9sultats satisfaisants au S\u00e9n\u00e9gal\" \/>\n<meta property=\"og:description\" content=\"La 13e Confe\u0301rence ministe\u0301rielle (CM13) se tient du 26 au 29 fe\u0301vrier 2024, a\u0300 Abou Dhabi. En marge de cette rencontre, ...\" \/>\n<meta property=\"og:url\" content=\"https:\/\/www.africa-press.net\/senegal\/politique\/programme-cadre-integre-renforce-karim-fofana-souligne-des-resultats-satisfaisants-au-senegal\" \/>\n<meta property=\"og:site_name\" content=\"Senegal\" \/>\n<meta property=\"article:published_time\" content=\"2024-02-25T21:59:43+00:00\" \/>\n<meta property=\"article:modified_time\" content=\"2024-02-25T23:19:48+00:00\" \/>\n<meta property=\"og:image\" content=\"https:\/\/static.africa-press.net\/senegal\/sites\/13\/2024\/02\/sm_1708886938.024647.jpg\" \/>\n\t<meta property=\"og:image:width\" content=\"1301\" \/>\n\t<meta property=\"og:image:height\" content=\"633\" \/>\n\t<meta property=\"og:image:type\" content=\"image\/jpeg\" \/>\n<meta name=\"author\" content=\"cfeditorfr\" \/>\n<meta name=\"twitter:card\" content=\"summary_large_image\" \/>\n<meta name=\"twitter:label1\" content=\"\u00c9crit par\" \/>\n\t<meta name=\"twitter:data1\" content=\"cfeditorfr\" \/>\n\t<meta name=\"twitter:label2\" content=\"Dur\u00e9e de lecture estim\u00e9e\" \/>\n\t<meta name=\"twitter:data2\" content=\"3 minutes\" \/>\n<script type=\"application\/ld+json\" class=\"yoast-schema-graph\">{\"@context\":\"https:\/\/schema.org\",\"@graph\":[{\"@type\":\"Article\",\"@id\":\"https:\/\/www.africa-press.net\/senegal\/politique\/programme-cadre-integre-renforce-karim-fofana-souligne-des-resultats-satisfaisants-au-senegal#article\",\"isPartOf\":{\"@id\":\"https:\/\/www.africa-press.net\/senegal\/politique\/programme-cadre-integre-renforce-karim-fofana-souligne-des-resultats-satisfaisants-au-senegal\"},\"author\":{\"name\":\"cfeditorfr\",\"@id\":\"https:\/\/www.africa-press.net\/senegal\/#\/schema\/person\/2b1cf3cd81a31e3cd26889ca66d677f1\"},\"headline\":\"Programme-cadre int\u00e9gr\u00e9 renforc\u00e9 : Karim Fofana souligne des r\u00e9sultats satisfaisants au S\u00e9n\u00e9gal\",\"datePublished\":\"2024-02-25T21:59:43+00:00\",\"dateModified\":\"2024-02-25T23:19:48+00:00\",\"mainEntityOfPage\":{\"@id\":\"https:\/\/www.africa-press.net\/senegal\/politique\/programme-cadre-integre-renforce-karim-fofana-souligne-des-resultats-satisfaisants-au-senegal\"},\"wordCount\":546,\"commentCount\":0,\"image\":{\"@id\":\"https:\/\/www.africa-press.net\/senegal\/politique\/programme-cadre-integre-renforce-karim-fofana-souligne-des-resultats-satisfaisants-au-senegal#primaryimage\"},\"thumbnailUrl\":\"https:\/\/static.africa-press.net\/senegal\/sites\/13\/2024\/02\/sm_1708886938.024647.jpg\",\"keywords\":[\"Africa Press\",\"Africa Press-Senegal\",\"Senegal\"],\"articleSection\":[\"Politique\",\"Top Nouvelles\",\"Toutes les actualit\u00e9s\"],\"inLanguage\":\"fr-FR\",\"potentialAction\":[{\"@type\":\"CommentAction\",\"name\":\"Comment\",\"target\":[\"https:\/\/www.africa-press.net\/senegal\/politique\/programme-cadre-integre-renforce-karim-fofana-souligne-des-resultats-satisfaisants-au-senegal#respond\"]}]},{\"@type\":\"WebPage\",\"@id\":\"https:\/\/www.africa-press.net\/senegal\/politique\/programme-cadre-integre-renforce-karim-fofana-souligne-des-resultats-satisfaisants-au-senegal\",\"url\":\"https:\/\/www.africa-press.net\/senegal\/politique\/programme-cadre-integre-renforce-karim-fofana-souligne-des-resultats-satisfaisants-au-senegal\",\"name\":\"Programme-cadre int\u00e9gr\u00e9 renforc\u00e9 : Karim Fofana souligne des r\u00e9sultats satisfaisants au S\u00e9n\u00e9gal - Senegal\",\"isPartOf\":{\"@id\":\"https:\/\/www.africa-press.net\/senegal\/#website\"},\"primaryImageOfPage\":{\"@id\":\"https:\/\/www.africa-press.net\/senegal\/politique\/programme-cadre-integre-renforce-karim-fofana-souligne-des-resultats-satisfaisants-au-senegal#primaryimage\"},\"image\":{\"@id\":\"https:\/\/www.africa-press.net\/senegal\/politique\/programme-cadre-integre-renforce-karim-fofana-souligne-des-resultats-satisfaisants-au-senegal#primaryimage\"},\"thumbnailUrl\":\"https:\/\/static.africa-press.net\/senegal\/sites\/13\/2024\/02\/sm_1708886938.024647.jpg\",\"datePublished\":\"2024-02-25T21:59:43+00:00\",\"dateModified\":\"2024-02-25T23:19:48+00:00\",\"author\":{\"@id\":\"https:\/\/www.africa-press.net\/senegal\/#\/schema\/person\/2b1cf3cd81a31e3cd26889ca66d677f1\"},\"description\":\"La 13e Confe\u0301rence ministe\u0301rielle (CM13) se tient du 26 au 29 fe\u0301vrier 2024, a\u0300 Abou Dhabi. En marge de cette rencontre, ...\",\"breadcrumb\":{\"@id\":\"https:\/\/www.africa-press.net\/senegal\/politique\/programme-cadre-integre-renforce-karim-fofana-souligne-des-resultats-satisfaisants-au-senegal#breadcrumb\"},\"inLanguage\":\"fr-FR\",\"potentialAction\":[{\"@type\":\"ReadAction\",\"target\":[\"https:\/\/www.africa-press.net\/senegal\/politique\/programme-cadre-integre-renforce-karim-fofana-souligne-des-resultats-satisfaisants-au-senegal\"]}]},{\"@type\":\"ImageObject\",\"inLanguage\":\"fr-FR\",\"@id\":\"https:\/\/www.africa-press.net\/senegal\/politique\/programme-cadre-integre-renforce-karim-fofana-souligne-des-resultats-satisfaisants-au-senegal#primaryimage\",\"url\":\"https:\/\/static.africa-press.net\/senegal\/sites\/13\/2024\/02\/sm_1708886938.024647.jpg\",\"contentUrl\":\"https:\/\/static.africa-press.net\/senegal\/sites\/13\/2024\/02\/sm_1708886938.024647.jpg\",\"width\":1301,\"height\":633,\"caption\":\"Programme-cadre int\u00e9gr\u00e9 renforc\u00e9 : Karim Fofana souligne des r\u00e9sultats satisfaisants au S\u00e9n\u00e9gal\"},{\"@type\":\"BreadcrumbList\",\"@id\":\"https:\/\/www.africa-press.net\/senegal\/politique\/programme-cadre-integre-renforce-karim-fofana-souligne-des-resultats-satisfaisants-au-senegal#breadcrumb\",\"itemListElement\":[{\"@type\":\"ListItem\",\"position\":1,\"name\":\"Accueil\",\"item\":\"https:\/\/www.africa-press.net\/senegal\/\"},{\"@type\":\"ListItem\",\"position\":2,\"name\":\"Programme-cadre int\u00e9gr\u00e9 renforc\u00e9 : Karim Fofana souligne des r\u00e9sultats satisfaisants au S\u00e9n\u00e9gal\"}]},{\"@type\":\"WebSite\",\"@id\":\"https:\/\/www.africa-press.net\/senegal\/#website\",\"url\":\"https:\/\/www.africa-press.net\/senegal\/\",\"name\":\"Africa Press | Senegal | Homepage\",\"description\":\"Just another Africa News Agency Sites site\",\"potentialAction\":[{\"@type\":\"SearchAction\",\"target\":{\"@type\":\"EntryPoint\",\"urlTemplate\":\"https:\/\/www.africa-press.net\/senegal\/?s={search_term_string}\"},\"query-input\":{\"@type\":\"PropertyValueSpecification\",\"valueRequired\":true,\"valueName\":\"search_term_string\"}}],\"inLanguage\":\"fr-FR\"},{\"@type\":\"Person\",\"@id\":\"https:\/\/www.africa-press.net\/senegal\/#\/schema\/person\/2b1cf3cd81a31e3cd26889ca66d677f1\",\"name\":\"cfeditorfr\",\"url\":\"https:\/\/www.africa-press.net\/senegal\/author\/cfeditorfr\"}]}<\/script>\n<!-- \/ Yoast SEO Premium plugin. -->","yoast_head_json":{"title":"Programme-cadre int\u00e9gr\u00e9 renforc\u00e9 : Karim Fofana souligne des r\u00e9sultats satisfaisants au S\u00e9n\u00e9gal - Senegal","description":"La 13e Confe\u0301rence ministe\u0301rielle (CM13) se tient du 26 au 29 fe\u0301vrier 2024, a\u0300 Abou Dhabi. En marge de cette rencontre, ...","robots":{"index":"index","follow":"follow","max-snippet":"max-snippet:-1","max-image-preview":"max-image-preview:large","max-video-preview":"max-video-preview:-1"},"canonical":"https:\/\/www.africa-press.net\/senegal\/politique\/programme-cadre-integre-renforce-karim-fofana-souligne-des-resultats-satisfaisants-au-senegal","og_locale":"fr_FR","og_type":"article","og_title":"Programme-cadre int\u00e9gr\u00e9 renforc\u00e9 : Karim Fofana souligne des r\u00e9sultats satisfaisants au S\u00e9n\u00e9gal","og_description":"La 13e Confe\u0301rence ministe\u0301rielle (CM13) se tient du 26 au 29 fe\u0301vrier 2024, a\u0300 Abou Dhabi. En marge de cette rencontre, ...","og_url":"https:\/\/www.africa-press.net\/senegal\/politique\/programme-cadre-integre-renforce-karim-fofana-souligne-des-resultats-satisfaisants-au-senegal","og_site_name":"Senegal","article_published_time":"2024-02-25T21:59:43+00:00","article_modified_time":"2024-02-25T23:19:48+00:00","og_image":[{"width":1301,"height":633,"url":"https:\/\/static.africa-press.net\/senegal\/sites\/13\/2024\/02\/sm_1708886938.024647.jpg","type":"image\/jpeg"}],"author":"cfeditorfr","twitter_card":"summary_large_image","twitter_misc":{"\u00c9crit par":"cfeditorfr","Dur\u00e9e de lecture estim\u00e9e":"3 minutes"},"schema":{"@context":"https:\/\/schema.org","@graph":[{"@type":"Article","@id":"https:\/\/www.africa-press.net\/senegal\/politique\/programme-cadre-integre-renforce-karim-fofana-souligne-des-resultats-satisfaisants-au-senegal#article","isPartOf":{"@id":"https:\/\/www.africa-press.net\/senegal\/politique\/programme-cadre-integre-renforce-karim-fofana-souligne-des-resultats-satisfaisants-au-senegal"},"author":{"name":"cfeditorfr","@id":"https:\/\/www.africa-press.net\/senegal\/#\/schema\/person\/2b1cf3cd81a31e3cd26889ca66d677f1"},"headline":"Programme-cadre int\u00e9gr\u00e9 renforc\u00e9 : Karim Fofana souligne des r\u00e9sultats satisfaisants au S\u00e9n\u00e9gal","datePublished":"2024-02-25T21:59:43+00:00","dateModified":"2024-02-25T23:19:48+00:00","mainEntityOfPage":{"@id":"https:\/\/www.africa-press.net\/senegal\/politique\/programme-cadre-integre-renforce-karim-fofana-souligne-des-resultats-satisfaisants-au-senegal"},"wordCount":546,"commentCount":0,"image":{"@id":"https:\/\/www.africa-press.net\/senegal\/politique\/programme-cadre-integre-renforce-karim-fofana-souligne-des-resultats-satisfaisants-au-senegal#primaryimage"},"thumbnailUrl":"https:\/\/static.africa-press.net\/senegal\/sites\/13\/2024\/02\/sm_1708886938.024647.jpg","keywords":["Africa Press","Africa Press-Senegal","Senegal"],"articleSection":["Politique","Top Nouvelles","Toutes les actualit\u00e9s"],"inLanguage":"fr-FR","potentialAction":[{"@type":"CommentAction","name":"Comment","target":["https:\/\/www.africa-press.net\/senegal\/politique\/programme-cadre-integre-renforce-karim-fofana-souligne-des-resultats-satisfaisants-au-senegal#respond"]}]},{"@type":"WebPage","@id":"https:\/\/www.africa-press.net\/senegal\/politique\/programme-cadre-integre-renforce-karim-fofana-souligne-des-resultats-satisfaisants-au-senegal","url":"https:\/\/www.africa-press.net\/senegal\/politique\/programme-cadre-integre-renforce-karim-fofana-souligne-des-resultats-satisfaisants-au-senegal","name":"Programme-cadre int\u00e9gr\u00e9 renforc\u00e9 : Karim Fofana souligne des r\u00e9sultats satisfaisants au S\u00e9n\u00e9gal - Senegal","isPartOf":{"@id":"https:\/\/www.africa-press.net\/senegal\/#website"},"primaryImageOfPage":{"@id":"https:\/\/www.africa-press.net\/senegal\/politique\/programme-cadre-integre-renforce-karim-fofana-souligne-des-resultats-satisfaisants-au-senegal#primaryimage"},"image":{"@id":"https:\/\/www.africa-press.net\/senegal\/politique\/programme-cadre-integre-renforce-karim-fofana-souligne-des-resultats-satisfaisants-au-senegal#primaryimage"},"thumbnailUrl":"https:\/\/static.africa-press.net\/senegal\/sites\/13\/2024\/02\/sm_1708886938.024647.jpg","datePublished":"2024-02-25T21:59:43+00:00","dateModified":"2024-02-25T23:19:48+00:00","author":{"@id":"https:\/\/www.africa-press.net\/senegal\/#\/schema\/person\/2b1cf3cd81a31e3cd26889ca66d677f1"},"description":"La 13e Confe\u0301rence ministe\u0301rielle (CM13) se tient du 26 au 29 fe\u0301vrier 2024, a\u0300 Abou Dhabi. En marge de cette rencontre, ...","breadcrumb":{"@id":"https:\/\/www.africa-press.net\/senegal\/politique\/programme-cadre-integre-renforce-karim-fofana-souligne-des-resultats-satisfaisants-au-senegal#breadcrumb"},"inLanguage":"fr-FR","potentialAction":[{"@type":"ReadAction","target":["https:\/\/www.africa-press.net\/senegal\/politique\/programme-cadre-integre-renforce-karim-fofana-souligne-des-resultats-satisfaisants-au-senegal"]}]},{"@type":"ImageObject","inLanguage":"fr-FR","@id":"https:\/\/www.africa-press.net\/senegal\/politique\/programme-cadre-integre-renforce-karim-fofana-souligne-des-resultats-satisfaisants-au-senegal#primaryimage","url":"https:\/\/static.africa-press.net\/senegal\/sites\/13\/2024\/02\/sm_1708886938.024647.jpg","contentUrl":"https:\/\/static.africa-press.net\/senegal\/sites\/13\/2024\/02\/sm_1708886938.024647.jpg","width":1301,"height":633,"caption":"Programme-cadre int\u00e9gr\u00e9 renforc\u00e9 : Karim Fofana souligne des r\u00e9sultats satisfaisants au S\u00e9n\u00e9gal"},{"@type":"BreadcrumbList","@id":"https:\/\/www.africa-press.net\/senegal\/politique\/programme-cadre-integre-renforce-karim-fofana-souligne-des-resultats-satisfaisants-au-senegal#breadcrumb","itemListElement":[{"@type":"ListItem","position":1,"name":"Accueil","item":"https:\/\/www.africa-press.net\/senegal\/"},{"@type":"ListItem","position":2,"name":"Programme-cadre int\u00e9gr\u00e9 renforc\u00e9 : Karim Fofana souligne des r\u00e9sultats satisfaisants au S\u00e9n\u00e9gal"}]},{"@type":"WebSite","@id":"https:\/\/www.africa-press.net\/senegal\/#website","url":"https:\/\/www.africa-press.net\/senegal\/","name":"Africa Press | Senegal | Homepage","description":"Just another Africa News Agency Sites site","potentialAction":[{"@type":"SearchAction","target":{"@type":"EntryPoint","urlTemplate":"https:\/\/www.africa-press.net\/senegal\/?s={search_term_string}"},"query-input":{"@type":"PropertyValueSpecification","valueRequired":true,"valueName":"search_term_string"}}],"inLanguage":"fr-FR"},{"@type":"Person","@id":"https:\/\/www.africa-press.net\/senegal\/#\/schema\/person\/2b1cf3cd81a31e3cd26889ca66d677f1","name":"cfeditorfr","url":"https:\/\/www.africa-press.net\/senegal\/author\/cfeditorfr"}]}},"_links":{"self":[{"href":"https:\/\/www.africa-press.net\/senegal\/wp-json\/wp\/v2\/posts\/56084","targetHints":{"allow":["GET"]}}],"collection":[{"href":"https:\/\/www.africa-press.net\/senegal\/wp-json\/wp\/v2\/posts"}],"about":[{"href":"https:\/\/www.africa-press.net\/senegal\/wp-json\/wp\/v2\/types\/post"}],"author":[{"embeddable":true,"href":"https:\/\/www.africa-press.net\/senegal\/wp-json\/wp\/v2\/users\/82"}],"replies":[{"embeddable":true,"href":"https:\/\/www.africa-press.net\/senegal\/wp-json\/wp\/v2\/comments?post=56084"}],"version-history":[{"count":0,"href":"https:\/\/www.africa-press.net\/senegal\/wp-json\/wp\/v2\/posts\/56084\/revisions"}],"wp:featuredmedia":[{"embeddable":true,"href":"https:\/\/www.africa-press.net\/senegal\/wp-json\/wp\/v2\/media\/56083"}],"wp:attachment":[{"href":"https:\/\/www.africa-press.net\/senegal\/wp-json\/wp\/v2\/media?parent=56084"}],"wp:term":[{"taxonomy":"category","embeddable":true,"href":"https:\/\/www.africa-press.net\/senegal\/wp-json\/wp\/v2\/categories?post=56084"},{"taxonomy":"post_tag","embeddable":true,"href":"https:\/\/www.africa-press.net\/senegal\/wp-json\/wp\/v2\/tags?post=56084"}],"curies":[{"name":"wp","href":"https:\/\/api.w.org\/{rel}","templated":true}]}}