{"id":56090,"date":"2024-02-25T22:02:42","date_gmt":"2024-02-25T22:02:42","guid":{"rendered":"https:\/\/www.africa-press.net\/senegal\/politique\/crise-politique-mame-adama-gueye-detaille-limpact-economique-considerable"},"modified":"2024-02-25T23:20:33","modified_gmt":"2024-02-25T23:20:33","slug":"crise-politique-mame-adama-gueye-detaille-limpact-economique-considerable","status":"publish","type":"post","link":"https:\/\/www.africa-press.net\/senegal\/politique\/crise-politique-mame-adama-gueye-detaille-limpact-economique-considerable","title":{"rendered":"Crise politique : Mame Adama Gueye d\u00e9taille l\u2019impact \u00e9conomique consid\u00e9rable"},"content":{"rendered":"<p><span style=\"color: #ff6600\"><strong>Africa-Press &#8211; Senegal. <\/strong><\/span>C&rsquo;est connu de tous. Les incidents politiques dans un pays ont ne\u0301cessairement des re\u0301percussions sur l&rsquo;e\u0301conomie. Avocat des affaires, Mame Adama Gue\u0300ye, a livre\u0301 les de\u0301tails de l&rsquo;impact e\u0301conomique de l\u2019impasse politique dans laquelle ve\u0301ge\u0300te le Se\u0301ne\u0301gal.<\/p>\n<p>\u00ab\u00a0Quand on veut investir, on regarde le risque pays qui joue un ro\u0302le fondamental d&rsquo;abord dans la prise de de\u0301cision. Si les banques savent que vous allez au Se\u0301ne\u0301gal, ils vous diront que notre prime de risque a augmente\u0301 et cela se traduit par une hausse du taux d&rsquo;inte\u0301re\u0302t\u00a0\u00bb a-t-il explique\u0301 sur les ondes de la RFM. Cette augmentation du d&rsquo;inte\u0301re\u0302t cause \u00ab\u00a0un handicap de de\u0301part\u00a0\u00bb dans le projet de l&rsquo;investisseur e\u0301tranger.<\/p>\n<p>En outre, Me Gueye e\u0301voque le fait que \u00ab\u00a0me\u0302me a\u0300 titre interne, beaucoup de Se\u0301ne\u0301galais ont mis en suspens leur projet a\u0300 cause de l&rsquo;incertitude\u00a0\u00bb. \u00ab\u00a0Le business n&rsquo;aime pas l&rsquo;incertitude, analyse-t-il. Et on est dans une situation totale d&rsquo;incertitude\u00a0\u00bb. Les entrepreneurs seront sous le joug de leurs cre\u0301anciers, selon l\u2019avocat: \u00ab\u00a0Dans une convention d&#8217;emprunt, il y a des clauses qu&rsquo;on appelle des clauses de de\u0301faut lie\u0301es aux risques politiques. S&rsquo;il y a des e\u0301ve\u0301nements politiques graves, le cre\u0301ancier peut exiger le paiement imme\u0301diat de sa cre\u0301ance. Et quand un cre\u0301ancier demande c\u0327a, d&rsquo;autres peuvent le demander sur la base du de\u0301faut croise\u0301.\u00a0\u00bb<\/p>\n<p>Le risque e\u0301conomique est d&rsquo;autant plus grave, selon Me Gueye, que le principal secteur pourvoyeur d&#8217;emplois au Se\u0301ne\u0301gal est l\u2019informel: \u00ab\u00a0Notre re\u0301alite\u0301 e\u0301conomique est que plus de 65% proviennent du secteur informel. Les troubles, c&rsquo;est deux, trois jours. Le secteur subit donc de plein fouet ces troubles quand on sait qu&rsquo;il vit au jour le jour\u00a0\u00bb.<\/p>\n<p>Sur le plan diplomatique, ce membre fondateur du Forum Civil brosse e\u0301galement une situation peu reluisante. \u00ab\u00a0A cause de la situation, la valeur des obligations a chute\u0301, renseigne-t-il. Et si c\u0327a persiste, c\u0327a va e\u0302tre encore plus grave parce que quand les gens ont peur, tout ceux qui ont des obligations vont le mettre sur le marche\u0301 et c\u0327a va e\u0302tre l&rsquo;effondrement des valeurs. Et aujourd&rsquo;hui, la situation du Se\u0301ne\u0301gal en termes d&#8217;emprunt va e\u0302tre de plus en plus complique\u0301e. Parce que quand vous voulez de l&rsquo;argent, les gens regardent la situation politique.\u00a0\u00bb<\/p>\n<p>Mame Adama Gueye appelle donc les hommes politiques a\u0300 e\u0301viter de mettre en avant leurs inte\u0301re\u0302ts politiques. Il estime qu&rsquo;il \u00ab\u00a0faut qu&rsquo;on soit conscient d&rsquo;une chose, nous notre principal avantage comparatif, ce n\u2019est pas le pe\u0301trole, ce ne sont pas les plages, c&rsquo;est la stabilite\u0301 donc on ne doit pas s&rsquo;amuser avec c\u0327a pour des inte\u0301re\u0302ts politiciens\u00a0\u00bb.<\/p>\n<p><strong>Pour plus d&rsquo;informations et d&rsquo;analyses sur la <a href=\"https:\/\/www.africa-press.net\/senegal\">Senegal<\/a>, suivez <a href=\"https:\/\/www.africa-press.net\/\">Africa-Press<\/a><\/strong><\/p>\n","protected":false},"excerpt":{"rendered":"<p>Africa-Press &#8211; Senegal. C&rsquo;est connu de tous. Les incidents politiques dans un pays ont ne\u0301cessairement des re\u0301percussions sur l&rsquo;e\u0301conomie. Avocat des affaires, Mame Adama Gue\u0300ye, a livre\u0301 les de\u0301tails de l&rsquo;impact e\u0301conomique de l\u2019impasse politique dans laquelle ve\u0301ge\u0300te le Se\u0301ne\u0301gal. \u00ab\u00a0Quand on veut investir, on regarde le risque pays qui joue un ro\u0302le fondamental d&rsquo;abord [&hellip;]<\/p>\n","protected":false},"author":82,"featured_media":56088,"comment_status":"open","ping_status":"closed","sticky":false,"template":"","format":"standard","meta":{"footnotes":""},"categories":[2,10],"tags":[43,47,44],"class_list":["post-56090","post","type-post","status-publish","format-standard","has-post-thumbnail","hentry","category-politique","category-toutes-les-actualites","tag-africa-press-2","tag-africa-press-senegal","tag-senegal-2"],"yoast_head":"<!-- This site is optimized with the Yoast SEO Premium plugin v26.1 (Yoast SEO v27.0) - https:\/\/yoast.com\/product\/yoast-seo-premium-wordpress\/ -->\n<title>Crise politique : Mame Adama Gueye d\u00e9taille l\u2019impact \u00e9conomique consid\u00e9rable - Senegal<\/title>\n<meta name=\"description\" content=\"C&#039;est connu de tous. Les incidents politiques dans un pays ont ne\u0301cessairement des re\u0301percussions sur l&#039;e\u0301conomie. Avoca ...\" \/>\n<meta name=\"robots\" content=\"index, follow, max-snippet:-1, max-image-preview:large, max-video-preview:-1\" \/>\n<link rel=\"canonical\" href=\"https:\/\/www.africa-press.net\/senegal\/politique\/crise-politique-mame-adama-gueye-detaille-limpact-economique-considerable\" \/>\n<meta property=\"og:locale\" content=\"fr_FR\" \/>\n<meta property=\"og:type\" content=\"article\" \/>\n<meta property=\"og:title\" content=\"Crise politique : Mame Adama Gueye d\u00e9taille l\u2019impact \u00e9conomique consid\u00e9rable\" \/>\n<meta property=\"og:description\" content=\"C&#039;est connu de tous. Les incidents politiques dans un pays ont ne\u0301cessairement des re\u0301percussions sur l&#039;e\u0301conomie. Avoca ...\" \/>\n<meta property=\"og:url\" content=\"https:\/\/www.africa-press.net\/senegal\/politique\/crise-politique-mame-adama-gueye-detaille-limpact-economique-considerable\" \/>\n<meta property=\"og:site_name\" content=\"Senegal\" \/>\n<meta property=\"article:published_time\" content=\"2024-02-25T22:02:42+00:00\" \/>\n<meta property=\"article:modified_time\" content=\"2024-02-25T23:20:33+00:00\" \/>\n<meta property=\"og:image\" content=\"https:\/\/static.africa-press.net\/senegal\/sites\/13\/2024\/02\/sm_1708886987.227001.jpg\" \/>\n\t<meta property=\"og:image:width\" content=\"1271\" \/>\n\t<meta property=\"og:image:height\" content=\"634\" \/>\n\t<meta property=\"og:image:type\" content=\"image\/jpeg\" \/>\n<meta name=\"author\" content=\"cfeditorfr\" \/>\n<meta name=\"twitter:card\" content=\"summary_large_image\" \/>\n<meta name=\"twitter:label1\" content=\"\u00c9crit par\" \/>\n\t<meta name=\"twitter:data1\" content=\"cfeditorfr\" \/>\n\t<meta name=\"twitter:label2\" content=\"Dur\u00e9e de lecture estim\u00e9e\" \/>\n\t<meta name=\"twitter:data2\" content=\"2 minutes\" \/>\n<script type=\"application\/ld+json\" class=\"yoast-schema-graph\">{\"@context\":\"https:\/\/schema.org\",\"@graph\":[{\"@type\":\"Article\",\"@id\":\"https:\/\/www.africa-press.net\/senegal\/politique\/crise-politique-mame-adama-gueye-detaille-limpact-economique-considerable#article\",\"isPartOf\":{\"@id\":\"https:\/\/www.africa-press.net\/senegal\/politique\/crise-politique-mame-adama-gueye-detaille-limpact-economique-considerable\"},\"author\":{\"name\":\"cfeditorfr\",\"@id\":\"https:\/\/www.africa-press.net\/senegal\/#\/schema\/person\/2b1cf3cd81a31e3cd26889ca66d677f1\"},\"headline\":\"Crise politique : Mame Adama Gueye d\u00e9taille l\u2019impact \u00e9conomique consid\u00e9rable\",\"datePublished\":\"2024-02-25T22:02:42+00:00\",\"dateModified\":\"2024-02-25T23:20:33+00:00\",\"mainEntityOfPage\":{\"@id\":\"https:\/\/www.africa-press.net\/senegal\/politique\/crise-politique-mame-adama-gueye-detaille-limpact-economique-considerable\"},\"wordCount\":532,\"commentCount\":0,\"image\":{\"@id\":\"https:\/\/www.africa-press.net\/senegal\/politique\/crise-politique-mame-adama-gueye-detaille-limpact-economique-considerable#primaryimage\"},\"thumbnailUrl\":\"https:\/\/static.africa-press.net\/senegal\/sites\/13\/2024\/02\/sm_1708886987.227001.jpg\",\"keywords\":[\"Africa Press\",\"Africa Press-Senegal\",\"Senegal\"],\"articleSection\":[\"Politique\",\"Toutes les actualit\u00e9s\"],\"inLanguage\":\"fr-FR\",\"potentialAction\":[{\"@type\":\"CommentAction\",\"name\":\"Comment\",\"target\":[\"https:\/\/www.africa-press.net\/senegal\/politique\/crise-politique-mame-adama-gueye-detaille-limpact-economique-considerable#respond\"]}]},{\"@type\":\"WebPage\",\"@id\":\"https:\/\/www.africa-press.net\/senegal\/politique\/crise-politique-mame-adama-gueye-detaille-limpact-economique-considerable\",\"url\":\"https:\/\/www.africa-press.net\/senegal\/politique\/crise-politique-mame-adama-gueye-detaille-limpact-economique-considerable\",\"name\":\"Crise politique : Mame Adama Gueye d\u00e9taille l\u2019impact \u00e9conomique consid\u00e9rable - Senegal\",\"isPartOf\":{\"@id\":\"https:\/\/www.africa-press.net\/senegal\/#website\"},\"primaryImageOfPage\":{\"@id\":\"https:\/\/www.africa-press.net\/senegal\/politique\/crise-politique-mame-adama-gueye-detaille-limpact-economique-considerable#primaryimage\"},\"image\":{\"@id\":\"https:\/\/www.africa-press.net\/senegal\/politique\/crise-politique-mame-adama-gueye-detaille-limpact-economique-considerable#primaryimage\"},\"thumbnailUrl\":\"https:\/\/static.africa-press.net\/senegal\/sites\/13\/2024\/02\/sm_1708886987.227001.jpg\",\"datePublished\":\"2024-02-25T22:02:42+00:00\",\"dateModified\":\"2024-02-25T23:20:33+00:00\",\"author\":{\"@id\":\"https:\/\/www.africa-press.net\/senegal\/#\/schema\/person\/2b1cf3cd81a31e3cd26889ca66d677f1\"},\"description\":\"C'est connu de tous. Les incidents politiques dans un pays ont ne\u0301cessairement des re\u0301percussions sur l'e\u0301conomie. Avoca ...\",\"breadcrumb\":{\"@id\":\"https:\/\/www.africa-press.net\/senegal\/politique\/crise-politique-mame-adama-gueye-detaille-limpact-economique-considerable#breadcrumb\"},\"inLanguage\":\"fr-FR\",\"potentialAction\":[{\"@type\":\"ReadAction\",\"target\":[\"https:\/\/www.africa-press.net\/senegal\/politique\/crise-politique-mame-adama-gueye-detaille-limpact-economique-considerable\"]}]},{\"@type\":\"ImageObject\",\"inLanguage\":\"fr-FR\",\"@id\":\"https:\/\/www.africa-press.net\/senegal\/politique\/crise-politique-mame-adama-gueye-detaille-limpact-economique-considerable#primaryimage\",\"url\":\"https:\/\/static.africa-press.net\/senegal\/sites\/13\/2024\/02\/sm_1708886987.227001.jpg\",\"contentUrl\":\"https:\/\/static.africa-press.net\/senegal\/sites\/13\/2024\/02\/sm_1708886987.227001.jpg\",\"width\":1271,\"height\":634,\"caption\":\"Crise politique : Mame Adama Gueye d\u00e9taille l\u2019impact \u00e9conomique consid\u00e9rable\"},{\"@type\":\"BreadcrumbList\",\"@id\":\"https:\/\/www.africa-press.net\/senegal\/politique\/crise-politique-mame-adama-gueye-detaille-limpact-economique-considerable#breadcrumb\",\"itemListElement\":[{\"@type\":\"ListItem\",\"position\":1,\"name\":\"Accueil\",\"item\":\"https:\/\/www.africa-press.net\/senegal\/\"},{\"@type\":\"ListItem\",\"position\":2,\"name\":\"Crise politique : Mame Adama Gueye d\u00e9taille l\u2019impact \u00e9conomique consid\u00e9rable\"}]},{\"@type\":\"WebSite\",\"@id\":\"https:\/\/www.africa-press.net\/senegal\/#website\",\"url\":\"https:\/\/www.africa-press.net\/senegal\/\",\"name\":\"Africa Press | Senegal | Homepage\",\"description\":\"Just another Africa News Agency Sites site\",\"potentialAction\":[{\"@type\":\"SearchAction\",\"target\":{\"@type\":\"EntryPoint\",\"urlTemplate\":\"https:\/\/www.africa-press.net\/senegal\/?s={search_term_string}\"},\"query-input\":{\"@type\":\"PropertyValueSpecification\",\"valueRequired\":true,\"valueName\":\"search_term_string\"}}],\"inLanguage\":\"fr-FR\"},{\"@type\":\"Person\",\"@id\":\"https:\/\/www.africa-press.net\/senegal\/#\/schema\/person\/2b1cf3cd81a31e3cd26889ca66d677f1\",\"name\":\"cfeditorfr\",\"url\":\"https:\/\/www.africa-press.net\/senegal\/author\/cfeditorfr\"}]}<\/script>\n<!-- \/ Yoast SEO Premium plugin. -->","yoast_head_json":{"title":"Crise politique : Mame Adama Gueye d\u00e9taille l\u2019impact \u00e9conomique consid\u00e9rable - Senegal","description":"C'est connu de tous. Les incidents politiques dans un pays ont ne\u0301cessairement des re\u0301percussions sur l'e\u0301conomie. Avoca ...","robots":{"index":"index","follow":"follow","max-snippet":"max-snippet:-1","max-image-preview":"max-image-preview:large","max-video-preview":"max-video-preview:-1"},"canonical":"https:\/\/www.africa-press.net\/senegal\/politique\/crise-politique-mame-adama-gueye-detaille-limpact-economique-considerable","og_locale":"fr_FR","og_type":"article","og_title":"Crise politique : Mame Adama Gueye d\u00e9taille l\u2019impact \u00e9conomique consid\u00e9rable","og_description":"C'est connu de tous. Les incidents politiques dans un pays ont ne\u0301cessairement des re\u0301percussions sur l'e\u0301conomie. Avoca ...","og_url":"https:\/\/www.africa-press.net\/senegal\/politique\/crise-politique-mame-adama-gueye-detaille-limpact-economique-considerable","og_site_name":"Senegal","article_published_time":"2024-02-25T22:02:42+00:00","article_modified_time":"2024-02-25T23:20:33+00:00","og_image":[{"width":1271,"height":634,"url":"https:\/\/static.africa-press.net\/senegal\/sites\/13\/2024\/02\/sm_1708886987.227001.jpg","type":"image\/jpeg"}],"author":"cfeditorfr","twitter_card":"summary_large_image","twitter_misc":{"\u00c9crit par":"cfeditorfr","Dur\u00e9e de lecture estim\u00e9e":"2 minutes"},"schema":{"@context":"https:\/\/schema.org","@graph":[{"@type":"Article","@id":"https:\/\/www.africa-press.net\/senegal\/politique\/crise-politique-mame-adama-gueye-detaille-limpact-economique-considerable#article","isPartOf":{"@id":"https:\/\/www.africa-press.net\/senegal\/politique\/crise-politique-mame-adama-gueye-detaille-limpact-economique-considerable"},"author":{"name":"cfeditorfr","@id":"https:\/\/www.africa-press.net\/senegal\/#\/schema\/person\/2b1cf3cd81a31e3cd26889ca66d677f1"},"headline":"Crise politique : Mame Adama Gueye d\u00e9taille l\u2019impact \u00e9conomique consid\u00e9rable","datePublished":"2024-02-25T22:02:42+00:00","dateModified":"2024-02-25T23:20:33+00:00","mainEntityOfPage":{"@id":"https:\/\/www.africa-press.net\/senegal\/politique\/crise-politique-mame-adama-gueye-detaille-limpact-economique-considerable"},"wordCount":532,"commentCount":0,"image":{"@id":"https:\/\/www.africa-press.net\/senegal\/politique\/crise-politique-mame-adama-gueye-detaille-limpact-economique-considerable#primaryimage"},"thumbnailUrl":"https:\/\/static.africa-press.net\/senegal\/sites\/13\/2024\/02\/sm_1708886987.227001.jpg","keywords":["Africa Press","Africa Press-Senegal","Senegal"],"articleSection":["Politique","Toutes les actualit\u00e9s"],"inLanguage":"fr-FR","potentialAction":[{"@type":"CommentAction","name":"Comment","target":["https:\/\/www.africa-press.net\/senegal\/politique\/crise-politique-mame-adama-gueye-detaille-limpact-economique-considerable#respond"]}]},{"@type":"WebPage","@id":"https:\/\/www.africa-press.net\/senegal\/politique\/crise-politique-mame-adama-gueye-detaille-limpact-economique-considerable","url":"https:\/\/www.africa-press.net\/senegal\/politique\/crise-politique-mame-adama-gueye-detaille-limpact-economique-considerable","name":"Crise politique : Mame Adama Gueye d\u00e9taille l\u2019impact \u00e9conomique consid\u00e9rable - Senegal","isPartOf":{"@id":"https:\/\/www.africa-press.net\/senegal\/#website"},"primaryImageOfPage":{"@id":"https:\/\/www.africa-press.net\/senegal\/politique\/crise-politique-mame-adama-gueye-detaille-limpact-economique-considerable#primaryimage"},"image":{"@id":"https:\/\/www.africa-press.net\/senegal\/politique\/crise-politique-mame-adama-gueye-detaille-limpact-economique-considerable#primaryimage"},"thumbnailUrl":"https:\/\/static.africa-press.net\/senegal\/sites\/13\/2024\/02\/sm_1708886987.227001.jpg","datePublished":"2024-02-25T22:02:42+00:00","dateModified":"2024-02-25T23:20:33+00:00","author":{"@id":"https:\/\/www.africa-press.net\/senegal\/#\/schema\/person\/2b1cf3cd81a31e3cd26889ca66d677f1"},"description":"C'est connu de tous. Les incidents politiques dans un pays ont ne\u0301cessairement des re\u0301percussions sur l'e\u0301conomie. Avoca ...","breadcrumb":{"@id":"https:\/\/www.africa-press.net\/senegal\/politique\/crise-politique-mame-adama-gueye-detaille-limpact-economique-considerable#breadcrumb"},"inLanguage":"fr-FR","potentialAction":[{"@type":"ReadAction","target":["https:\/\/www.africa-press.net\/senegal\/politique\/crise-politique-mame-adama-gueye-detaille-limpact-economique-considerable"]}]},{"@type":"ImageObject","inLanguage":"fr-FR","@id":"https:\/\/www.africa-press.net\/senegal\/politique\/crise-politique-mame-adama-gueye-detaille-limpact-economique-considerable#primaryimage","url":"https:\/\/static.africa-press.net\/senegal\/sites\/13\/2024\/02\/sm_1708886987.227001.jpg","contentUrl":"https:\/\/static.africa-press.net\/senegal\/sites\/13\/2024\/02\/sm_1708886987.227001.jpg","width":1271,"height":634,"caption":"Crise politique : Mame Adama Gueye d\u00e9taille l\u2019impact \u00e9conomique consid\u00e9rable"},{"@type":"BreadcrumbList","@id":"https:\/\/www.africa-press.net\/senegal\/politique\/crise-politique-mame-adama-gueye-detaille-limpact-economique-considerable#breadcrumb","itemListElement":[{"@type":"ListItem","position":1,"name":"Accueil","item":"https:\/\/www.africa-press.net\/senegal\/"},{"@type":"ListItem","position":2,"name":"Crise politique : Mame Adama Gueye d\u00e9taille l\u2019impact \u00e9conomique consid\u00e9rable"}]},{"@type":"WebSite","@id":"https:\/\/www.africa-press.net\/senegal\/#website","url":"https:\/\/www.africa-press.net\/senegal\/","name":"Africa Press | Senegal | Homepage","description":"Just another Africa News Agency Sites site","potentialAction":[{"@type":"SearchAction","target":{"@type":"EntryPoint","urlTemplate":"https:\/\/www.africa-press.net\/senegal\/?s={search_term_string}"},"query-input":{"@type":"PropertyValueSpecification","valueRequired":true,"valueName":"search_term_string"}}],"inLanguage":"fr-FR"},{"@type":"Person","@id":"https:\/\/www.africa-press.net\/senegal\/#\/schema\/person\/2b1cf3cd81a31e3cd26889ca66d677f1","name":"cfeditorfr","url":"https:\/\/www.africa-press.net\/senegal\/author\/cfeditorfr"}]}},"_links":{"self":[{"href":"https:\/\/www.africa-press.net\/senegal\/wp-json\/wp\/v2\/posts\/56090","targetHints":{"allow":["GET"]}}],"collection":[{"href":"https:\/\/www.africa-press.net\/senegal\/wp-json\/wp\/v2\/posts"}],"about":[{"href":"https:\/\/www.africa-press.net\/senegal\/wp-json\/wp\/v2\/types\/post"}],"author":[{"embeddable":true,"href":"https:\/\/www.africa-press.net\/senegal\/wp-json\/wp\/v2\/users\/82"}],"replies":[{"embeddable":true,"href":"https:\/\/www.africa-press.net\/senegal\/wp-json\/wp\/v2\/comments?post=56090"}],"version-history":[{"count":0,"href":"https:\/\/www.africa-press.net\/senegal\/wp-json\/wp\/v2\/posts\/56090\/revisions"}],"wp:featuredmedia":[{"embeddable":true,"href":"https:\/\/www.africa-press.net\/senegal\/wp-json\/wp\/v2\/media\/56088"}],"wp:attachment":[{"href":"https:\/\/www.africa-press.net\/senegal\/wp-json\/wp\/v2\/media?parent=56090"}],"wp:term":[{"taxonomy":"category","embeddable":true,"href":"https:\/\/www.africa-press.net\/senegal\/wp-json\/wp\/v2\/categories?post=56090"},{"taxonomy":"post_tag","embeddable":true,"href":"https:\/\/www.africa-press.net\/senegal\/wp-json\/wp\/v2\/tags?post=56090"}],"curies":[{"name":"wp","href":"https:\/\/api.w.org\/{rel}","templated":true}]}}