{"id":56098,"date":"2024-02-25T22:04:24","date_gmt":"2024-02-25T22:04:24","guid":{"rendered":"https:\/\/www.africa-press.net\/senegal\/politique\/25-fevrier-2024-des-senegalais-se-sont-rendus-aux-urnes-pour-observer-un-deuil-electoral"},"modified":"2024-02-25T23:21:21","modified_gmt":"2024-02-25T23:21:21","slug":"25-fevrier-2024-des-senegalais-se-sont-rendus-aux-urnes-pour-observer-un-deuil-electoral","status":"publish","type":"post","link":"https:\/\/www.africa-press.net\/senegal\/politique\/25-fevrier-2024-des-senegalais-se-sont-rendus-aux-urnes-pour-observer-un-deuil-electoral","title":{"rendered":"25 f\u00e9vrier 2024 : Des S\u00e9n\u00e9galais se sont rendus \u2018\u2019aux urnes\u2019\u2019 pour observer un \u2018\u2019deuil \u00e9lectoral\u2019\u2019"},"content":{"rendered":"<p><span style=\"color: #ff6600\"><strong>Africa-Press &#8211; Senegal. <\/strong><\/span>Des Se\u0301ne\u0301galais se sont rendus aux urnes, ce dimanche 25 fe\u0301vrier 2024 (l\u2019e\u0301lection pre\u0301sidentielle devait se tenir ce jour), non pas pour choisir leur futur pre\u0301sident, mais pour observer un \u2018\u2019deuil e\u0301lectoral\u2019\u2019, suite au report de l\u2019e\u0301lection pre\u0301sidentielle. A\u0300 Lingue\u0300re comme a\u0300 Dakar, des Se\u0301ne\u0301galais ont proce\u0301de\u0301 a\u0300 un vote symbolique, a\u0300 l\u2019initiative du F24 (mouvement des Forces vives) et du FC25 (le Front des candidats de la pre\u0301sidentielle du 25 fe\u0301vrier), pour marquer leur opposition au report de l\u2019e\u0301lection pre\u0301sidentielle. Mais e\u0301galement pour exiger du pre\u0301sident de la Re\u0301publique de fixer sans de\u0301lai une nouvelle date.<\/p>\n<p>Le Front des candidats de la Pre\u0301sidentielle du 25 fe\u0301vrier, qui regroupe 16 des 19 candidats (apre\u0300s le retrait de la candidature de Rose Wardini pour double nationalite\u0301) en lice, a formellement rejete\u0301 l\u2019appel au dialogue lance\u0301 par Macky Sall ces 26 et 27 fe\u0301vrier.<\/p>\n<p>Les Se\u0301ne\u0301galais e\u0301taient convoque\u0301s aux urnes ce dimanche 25 fe\u0301vrier 2024, pour e\u0301lire leur nouveau pre\u0301sident de la Re\u0301publique, celui qui aura la charge de pre\u0301sider a\u0300 leur destine\u0301e les cinq prochaines anne\u0301es. Vingt candidats ayant passe\u0301 les fatidiques filtres du Conseil constitutionnel, avaient de\u0301ja\u0300 pris place dans les starting-blocks et n\u2019attendaient que le \u00ab\u00a0Go !\u00a0\u00bb pour lancer officiellement leur campagne. Tout e\u0301tait fin pre\u0302t pour l\u2019organisation de l\u2019e\u0301lection pre\u0301sidentielle la plus ouverte de l\u2019histoire en termes de nombre de candidats admis a\u0300 briguer les suffrages des Se\u0301ne\u0301galais (20, un record).<\/p>\n<p>Mais aussi, le scrutin promettait de belles surprises en ce sens que tre\u0300s peu de candidats se de\u0301tachaient du lot.<\/p>\n<p>Mais le samedi 3 fe\u0301vrier, a\u0300 14 h, soit dix heures avant le lancement officiel de la campagne e\u0301lectorale, le dimanche 4 fe\u0301vrier a\u0300 00 h, le pre\u0301sident de la Re\u0301publique Macky Sall, se basant sur des alle\u0301gations de corruptions porte\u0301es par Karim Wade (candidat recale\u0301 pour double nationalite\u0301) et le Pds contre 2 juges du Conseil constitutionnel et contre son Premier ministre et candidat Amadou Ba, de\u0301cide de reporter sine die la Pre\u0301sidentielle en abrogeant le de\u0301cret convoquant le corps e\u0301lectoral. De\u0301cision qui a plonge\u0301 le Se\u0301ne\u0301gal, une des vitrines de\u0301mocratiques de l\u2019Afrique, dans une crise politicoe\u0301lectorale sans pre\u0301ce\u0301dent qui a fait re\u0301agir toutes les chancelleries occidentales et, au-dela\u0300, toute la communaute\u0301 internationale.<\/p>\n<p>Saisi par les candidats, les sept sages ont rendu, le jeudi 15 fe\u0301vrier, un arre\u0302t annulant le de\u0301cret pre\u0301sidentiel et jugeant anticonstitutionnelle la loi vote\u0301e par l\u2019Assemble\u0301e nationale le 5 fe\u0301vrier reportant l\u2019e\u0301lection au 15 de\u0301cembre. Dans sa de\u0301cision, le Conseil, constatant l\u2019impossibilite\u0301 de tenir l\u2019e\u0301lection dans les de\u0301lais initialement fixe\u0301s, a recommande\u0301 au chef de l\u2019E\u0301tat de l\u2019organiser dans \u00ab les meilleurs de\u0301lais \u00bb, non sans lui rappeler que son mandat &#8211; qui n\u2019est susceptible de faire l\u2019objet d\u2019aucune rallonge &#8211; prend fin le 2 avril.<\/p>\n<p>Prenant acte de cette de\u0301cision, le pre\u0301sident Sall a annonce\u0301 l\u2019ouverture de dialogue lundi et mardi prochains. Des pourparlers a\u0300 la cre\u0301dibilite\u0301 douteuse qui ne verront pas la participation de 16 des 19 candidats en lice.<\/p>\n\r\n                <style type=\"text\/css\">\r\n                    \r\n                    #td_uid_1_69f1f1b9daf5c  .td-doubleSlider-2 .td-item1 {\r\n                        background: url(https:\/\/static.africa-press.net\/senegal\/sites\/13\/2024\/02\/sm_1708887011.332609-80x60.jpg) 0 0 no-repeat;\r\n                    }\r\n                    #td_uid_1_69f1f1b9daf5c  .td-doubleSlider-2 .td-item2 {\r\n                        background: url(https:\/\/static.africa-press.net\/senegal\/sites\/13\/2024\/02\/sm_1708887018.926244-80x60.jpg) 0 0 no-repeat;\r\n                    }\r\n                    #td_uid_1_69f1f1b9daf5c  .td-doubleSlider-2 .td-item3 {\r\n                        background: url(https:\/\/static.africa-press.net\/senegal\/sites\/13\/2024\/02\/sm_1708887027.115923-80x60.jpg) 0 0 no-repeat;\r\n                    }\r\n                    #td_uid_1_69f1f1b9daf5c  .td-doubleSlider-2 .td-item4 {\r\n                        background: url(https:\/\/static.africa-press.net\/senegal\/sites\/13\/2024\/02\/sm_1708887037.116529-80x60.jpg) 0 0 no-repeat;\r\n                    }\r\n                <\/style>\r\n\r\n                <div id=\"td_uid_1_69f1f1b9daf5c\" class=\"td-gallery td-slide-on-2-columns\">\r\n                    <div class=\"post_td_gallery\">\r\n                        <div class=\"td-gallery-slide-top\">\r\n                           <div class=\"td-gallery-title\"><\/div>\r\n\r\n                            <div class=\"td-gallery-controls-wrapper\">\r\n                                <div class=\"td-gallery-slide-count\"><span class=\"td-gallery-slide-item-focus\">1<\/span> de 4<\/div>\r\n                                <div class=\"td-gallery-slide-prev-next-but\">\r\n                                    <i class = \"td-icon-left doubleSliderPrevButton\"><\/i>\r\n                                    <i class = \"td-icon-right doubleSliderNextButton\"><\/i>\r\n                                <\/div>\r\n                            <\/div>\r\n                        <\/div>\r\n\r\n                        <div class = \"td-doubleSlider-1 \">\r\n                            <div class = \"td-slider\">\r\n                                \r\n                    <div class = \"td-slide-item td-item1\">\r\n                        <figure class=\"td-slide-galery-figure td-slide-popup-gallery\">\r\n                            <a class=\"slide-gallery-image-link\" href=\"https:\/\/static.africa-press.net\/senegal\/sites\/13\/2024\/02\/sm_1708887011.332609.jpg\" title=\"sm_1708887011.332609\"  data-caption=\"\"  data-description=\"\">\r\n                                <img decoding=\"async\" src=\"https:\/\/static.africa-press.net\/senegal\/sites\/13\/2024\/02\/sm_1708887011.332609.jpg\" srcset=\"https:\/\/static.africa-press.net\/senegal\/sites\/13\/2024\/02\/sm_1708887011.332609.jpg 810w, https:\/\/static.africa-press.net\/senegal\/sites\/13\/2024\/02\/sm_1708887011.332609-225x300.jpg 225w, https:\/\/static.africa-press.net\/senegal\/sites\/13\/2024\/02\/sm_1708887011.332609-768x1024.jpg 768w\" sizes=\"(max-width: 810px) 100vw, 810px\" alt=\"\">\r\n                            <\/a>\r\n                            \r\n                        <\/figure>\r\n                    <\/div>\r\n                    <div class = \"td-slide-item td-item2\">\r\n                        <figure class=\"td-slide-galery-figure td-slide-popup-gallery\">\r\n                            <a class=\"slide-gallery-image-link\" href=\"https:\/\/static.africa-press.net\/senegal\/sites\/13\/2024\/02\/sm_1708887018.926244.jpg\" title=\"sm_1708887018.926244\"  data-caption=\"\"  data-description=\"\">\r\n                                <img decoding=\"async\" src=\"https:\/\/static.africa-press.net\/senegal\/sites\/13\/2024\/02\/sm_1708887018.926244.jpg\" srcset=\"https:\/\/static.africa-press.net\/senegal\/sites\/13\/2024\/02\/sm_1708887018.926244.jpg 810w, https:\/\/static.africa-press.net\/senegal\/sites\/13\/2024\/02\/sm_1708887018.926244-225x300.jpg 225w, https:\/\/static.africa-press.net\/senegal\/sites\/13\/2024\/02\/sm_1708887018.926244-768x1024.jpg 768w\" sizes=\"(max-width: 810px) 100vw, 810px\" alt=\"\">\r\n                            <\/a>\r\n                            \r\n                        <\/figure>\r\n                    <\/div>\r\n                    <div class = \"td-slide-item td-item3\">\r\n                        <figure class=\"td-slide-galery-figure td-slide-popup-gallery\">\r\n                            <a class=\"slide-gallery-image-link\" href=\"https:\/\/static.africa-press.net\/senegal\/sites\/13\/2024\/02\/sm_1708887027.115923.jpg\" title=\"sm_1708887027.115923\"  data-caption=\"\"  data-description=\"\">\r\n                                <img decoding=\"async\" src=\"https:\/\/static.africa-press.net\/senegal\/sites\/13\/2024\/02\/sm_1708887027.115923.jpg\" srcset=\"https:\/\/static.africa-press.net\/senegal\/sites\/13\/2024\/02\/sm_1708887027.115923.jpg 810w, https:\/\/static.africa-press.net\/senegal\/sites\/13\/2024\/02\/sm_1708887027.115923-225x300.jpg 225w, https:\/\/static.africa-press.net\/senegal\/sites\/13\/2024\/02\/sm_1708887027.115923-768x1024.jpg 768w\" sizes=\"(max-width: 810px) 100vw, 810px\" alt=\"\">\r\n                            <\/a>\r\n                            \r\n                        <\/figure>\r\n                    <\/div>\r\n                    <div class = \"td-slide-item td-item4\">\r\n                        <figure class=\"td-slide-galery-figure td-slide-popup-gallery\">\r\n                            <a class=\"slide-gallery-image-link\" href=\"https:\/\/static.africa-press.net\/senegal\/sites\/13\/2024\/02\/sm_1708887037.116529.jpg\" title=\"sm_1708887037.116529\"  data-caption=\"\"  data-description=\"\">\r\n                                <img decoding=\"async\" src=\"https:\/\/static.africa-press.net\/senegal\/sites\/13\/2024\/02\/sm_1708887037.116529.jpg\" srcset=\"https:\/\/static.africa-press.net\/senegal\/sites\/13\/2024\/02\/sm_1708887037.116529.jpg 810w, https:\/\/static.africa-press.net\/senegal\/sites\/13\/2024\/02\/sm_1708887037.116529-225x300.jpg 225w, https:\/\/static.africa-press.net\/senegal\/sites\/13\/2024\/02\/sm_1708887037.116529-768x1024.jpg 768w\" sizes=\"(max-width: 810px) 100vw, 810px\" alt=\"\">\r\n                            <\/a>\r\n                            \r\n                        <\/figure>\r\n                    <\/div>\r\n                            <\/div>\r\n                        <\/div>\r\n\r\n                        <div class = \"td-doubleSlider-2\">\r\n                            <div class = \"td-slider\">\r\n                                \r\n                    <div class = \"td-button td-item1\">\r\n                        <div class = \"td-border\"><\/div>\r\n                    <\/div>\r\n                    <div class = \"td-button td-item2\">\r\n                        <div class = \"td-border\"><\/div>\r\n                    <\/div>\r\n                    <div class = \"td-button td-item3\">\r\n                        <div class = \"td-border\"><\/div>\r\n                    <\/div>\r\n                    <div class = \"td-button td-item4\">\r\n                        <div class = \"td-border\"><\/div>\r\n                    <\/div>\r\n                            <\/div>\r\n                        <\/div>\r\n\r\n                    <\/div>\r\n\r\n                <\/div>\r\n                \n<p><strong>Pour plus d&rsquo;informations et d&rsquo;analyses sur la <a href=\"https:\/\/www.africa-press.net\/senegal\">Senegal<\/a>, suivez <a href=\"https:\/\/www.africa-press.net\/\">Africa-Press<\/a><\/strong><\/p>\n","protected":false},"excerpt":{"rendered":"<p>Africa-Press &#8211; Senegal. Des Se\u0301ne\u0301galais se sont rendus aux urnes, ce dimanche 25 fe\u0301vrier 2024 (l\u2019e\u0301lection pre\u0301sidentielle devait se tenir ce jour), non pas pour choisir leur futur pre\u0301sident, mais pour observer un \u2018\u2019deuil e\u0301lectoral\u2019\u2019, suite au report de l\u2019e\u0301lection pre\u0301sidentielle. A\u0300 Lingue\u0300re comme a\u0300 Dakar, des Se\u0301ne\u0301galais ont proce\u0301de\u0301 a\u0300 un vote symbolique, a\u0300 [&hellip;]<\/p>\n","protected":false},"author":82,"featured_media":56097,"comment_status":"open","ping_status":"closed","sticky":false,"template":"","format":"standard","meta":{"footnotes":""},"categories":[8,2,10],"tags":[43,47,44],"class_list":["post-56098","post","type-post","status-publish","format-standard","has-post-thumbnail","hentry","category-photo","category-politique","category-toutes-les-actualites","tag-africa-press-2","tag-africa-press-senegal","tag-senegal-2"],"yoast_head":"<!-- This site is optimized with the Yoast SEO Premium plugin v26.1 (Yoast SEO v27.0) - https:\/\/yoast.com\/product\/yoast-seo-premium-wordpress\/ -->\n<title>25 f\u00e9vrier 2024 : Des S\u00e9n\u00e9galais se sont rendus \u2018\u2019aux urnes\u2019\u2019 pour observer un \u2018\u2019deuil \u00e9lectoral\u2019\u2019 - Senegal<\/title>\n<meta name=\"description\" content=\"Des Se\u0301ne\u0301galais se sont rendus aux urnes, ce dimanche 25 fe\u0301vrier 2024 (l\u2019e\u0301lection pre\u0301sidentielle devait se tenir ce ...\" \/>\n<meta name=\"robots\" content=\"index, follow, max-snippet:-1, max-image-preview:large, max-video-preview:-1\" \/>\n<link rel=\"canonical\" href=\"https:\/\/www.africa-press.net\/senegal\/politique\/25-fevrier-2024-des-senegalais-se-sont-rendus-aux-urnes-pour-observer-un-deuil-electoral\" \/>\n<meta property=\"og:locale\" content=\"fr_FR\" \/>\n<meta property=\"og:type\" content=\"article\" \/>\n<meta property=\"og:title\" content=\"25 f\u00e9vrier 2024 : Des S\u00e9n\u00e9galais se sont rendus \u2018\u2019aux urnes\u2019\u2019 pour observer un \u2018\u2019deuil \u00e9lectoral\u2019\u2019\" \/>\n<meta property=\"og:description\" content=\"Des Se\u0301ne\u0301galais se sont rendus aux urnes, ce dimanche 25 fe\u0301vrier 2024 (l\u2019e\u0301lection pre\u0301sidentielle devait se tenir ce ...\" \/>\n<meta property=\"og:url\" content=\"https:\/\/www.africa-press.net\/senegal\/politique\/25-fevrier-2024-des-senegalais-se-sont-rendus-aux-urnes-pour-observer-un-deuil-electoral\" \/>\n<meta property=\"og:site_name\" content=\"Senegal\" \/>\n<meta property=\"article:published_time\" content=\"2024-02-25T22:04:24+00:00\" \/>\n<meta property=\"article:modified_time\" content=\"2024-02-25T23:21:21+00:00\" \/>\n<meta property=\"og:image\" content=\"https:\/\/static.africa-press.net\/senegal\/sites\/13\/2024\/02\/sm_1708887044.885626.jpg\" \/>\n\t<meta property=\"og:image:width\" content=\"1299\" \/>\n\t<meta property=\"og:image:height\" content=\"630\" \/>\n\t<meta property=\"og:image:type\" content=\"image\/jpeg\" \/>\n<meta name=\"author\" content=\"cfeditorfr\" \/>\n<meta name=\"twitter:card\" content=\"summary_large_image\" \/>\n<meta name=\"twitter:label1\" content=\"\u00c9crit par\" \/>\n\t<meta name=\"twitter:data1\" content=\"cfeditorfr\" \/>\n\t<meta name=\"twitter:label2\" content=\"Dur\u00e9e de lecture estim\u00e9e\" \/>\n\t<meta name=\"twitter:data2\" content=\"3 minutes\" \/>\n<script type=\"application\/ld+json\" class=\"yoast-schema-graph\">{\"@context\":\"https:\/\/schema.org\",\"@graph\":[{\"@type\":\"Article\",\"@id\":\"https:\/\/www.africa-press.net\/senegal\/politique\/25-fevrier-2024-des-senegalais-se-sont-rendus-aux-urnes-pour-observer-un-deuil-electoral#article\",\"isPartOf\":{\"@id\":\"https:\/\/www.africa-press.net\/senegal\/politique\/25-fevrier-2024-des-senegalais-se-sont-rendus-aux-urnes-pour-observer-un-deuil-electoral\"},\"author\":{\"name\":\"cfeditorfr\",\"@id\":\"https:\/\/www.africa-press.net\/senegal\/#\/schema\/person\/2b1cf3cd81a31e3cd26889ca66d677f1\"},\"headline\":\"25 f\u00e9vrier 2024 : Des S\u00e9n\u00e9galais se sont rendus \u2018\u2019aux urnes\u2019\u2019 pour observer un \u2018\u2019deuil \u00e9lectoral\u2019\u2019\",\"datePublished\":\"2024-02-25T22:04:24+00:00\",\"dateModified\":\"2024-02-25T23:21:21+00:00\",\"mainEntityOfPage\":{\"@id\":\"https:\/\/www.africa-press.net\/senegal\/politique\/25-fevrier-2024-des-senegalais-se-sont-rendus-aux-urnes-pour-observer-un-deuil-electoral\"},\"wordCount\":608,\"commentCount\":0,\"image\":{\"@id\":\"https:\/\/www.africa-press.net\/senegal\/politique\/25-fevrier-2024-des-senegalais-se-sont-rendus-aux-urnes-pour-observer-un-deuil-electoral#primaryimage\"},\"thumbnailUrl\":\"https:\/\/static.africa-press.net\/senegal\/sites\/13\/2024\/02\/sm_1708887044.885626.jpg\",\"keywords\":[\"Africa Press\",\"Africa Press-Senegal\",\"Senegal\"],\"articleSection\":[\"Photo\",\"Politique\",\"Toutes les actualit\u00e9s\"],\"inLanguage\":\"fr-FR\",\"potentialAction\":[{\"@type\":\"CommentAction\",\"name\":\"Comment\",\"target\":[\"https:\/\/www.africa-press.net\/senegal\/politique\/25-fevrier-2024-des-senegalais-se-sont-rendus-aux-urnes-pour-observer-un-deuil-electoral#respond\"]}]},{\"@type\":\"WebPage\",\"@id\":\"https:\/\/www.africa-press.net\/senegal\/politique\/25-fevrier-2024-des-senegalais-se-sont-rendus-aux-urnes-pour-observer-un-deuil-electoral\",\"url\":\"https:\/\/www.africa-press.net\/senegal\/politique\/25-fevrier-2024-des-senegalais-se-sont-rendus-aux-urnes-pour-observer-un-deuil-electoral\",\"name\":\"25 f\u00e9vrier 2024 : Des S\u00e9n\u00e9galais se sont rendus \u2018\u2019aux urnes\u2019\u2019 pour observer un \u2018\u2019deuil \u00e9lectoral\u2019\u2019 - Senegal\",\"isPartOf\":{\"@id\":\"https:\/\/www.africa-press.net\/senegal\/#website\"},\"primaryImageOfPage\":{\"@id\":\"https:\/\/www.africa-press.net\/senegal\/politique\/25-fevrier-2024-des-senegalais-se-sont-rendus-aux-urnes-pour-observer-un-deuil-electoral#primaryimage\"},\"image\":{\"@id\":\"https:\/\/www.africa-press.net\/senegal\/politique\/25-fevrier-2024-des-senegalais-se-sont-rendus-aux-urnes-pour-observer-un-deuil-electoral#primaryimage\"},\"thumbnailUrl\":\"https:\/\/static.africa-press.net\/senegal\/sites\/13\/2024\/02\/sm_1708887044.885626.jpg\",\"datePublished\":\"2024-02-25T22:04:24+00:00\",\"dateModified\":\"2024-02-25T23:21:21+00:00\",\"author\":{\"@id\":\"https:\/\/www.africa-press.net\/senegal\/#\/schema\/person\/2b1cf3cd81a31e3cd26889ca66d677f1\"},\"description\":\"Des Se\u0301ne\u0301galais se sont rendus aux urnes, ce dimanche 25 fe\u0301vrier 2024 (l\u2019e\u0301lection pre\u0301sidentielle devait se tenir ce ...\",\"breadcrumb\":{\"@id\":\"https:\/\/www.africa-press.net\/senegal\/politique\/25-fevrier-2024-des-senegalais-se-sont-rendus-aux-urnes-pour-observer-un-deuil-electoral#breadcrumb\"},\"inLanguage\":\"fr-FR\",\"potentialAction\":[{\"@type\":\"ReadAction\",\"target\":[\"https:\/\/www.africa-press.net\/senegal\/politique\/25-fevrier-2024-des-senegalais-se-sont-rendus-aux-urnes-pour-observer-un-deuil-electoral\"]}]},{\"@type\":\"ImageObject\",\"inLanguage\":\"fr-FR\",\"@id\":\"https:\/\/www.africa-press.net\/senegal\/politique\/25-fevrier-2024-des-senegalais-se-sont-rendus-aux-urnes-pour-observer-un-deuil-electoral#primaryimage\",\"url\":\"https:\/\/static.africa-press.net\/senegal\/sites\/13\/2024\/02\/sm_1708887044.885626.jpg\",\"contentUrl\":\"https:\/\/static.africa-press.net\/senegal\/sites\/13\/2024\/02\/sm_1708887044.885626.jpg\",\"width\":1299,\"height\":630,\"caption\":\"25 f\u00e9vrier 2024 : Des S\u00e9n\u00e9galais se sont rendus \u2018\u2019aux urnes\u2019\u2019 pour observer un \u2018\u2019deuil \u00e9lectoral\u2019\u2019\"},{\"@type\":\"BreadcrumbList\",\"@id\":\"https:\/\/www.africa-press.net\/senegal\/politique\/25-fevrier-2024-des-senegalais-se-sont-rendus-aux-urnes-pour-observer-un-deuil-electoral#breadcrumb\",\"itemListElement\":[{\"@type\":\"ListItem\",\"position\":1,\"name\":\"Accueil\",\"item\":\"https:\/\/www.africa-press.net\/senegal\/\"},{\"@type\":\"ListItem\",\"position\":2,\"name\":\"25 f\u00e9vrier 2024 : Des S\u00e9n\u00e9galais se sont rendus \u2018\u2019aux urnes\u2019\u2019 pour observer un \u2018\u2019deuil \u00e9lectoral\u2019\u2019\"}]},{\"@type\":\"WebSite\",\"@id\":\"https:\/\/www.africa-press.net\/senegal\/#website\",\"url\":\"https:\/\/www.africa-press.net\/senegal\/\",\"name\":\"Africa Press | Senegal | Homepage\",\"description\":\"Just another Africa News Agency Sites site\",\"potentialAction\":[{\"@type\":\"SearchAction\",\"target\":{\"@type\":\"EntryPoint\",\"urlTemplate\":\"https:\/\/www.africa-press.net\/senegal\/?s={search_term_string}\"},\"query-input\":{\"@type\":\"PropertyValueSpecification\",\"valueRequired\":true,\"valueName\":\"search_term_string\"}}],\"inLanguage\":\"fr-FR\"},{\"@type\":\"Person\",\"@id\":\"https:\/\/www.africa-press.net\/senegal\/#\/schema\/person\/2b1cf3cd81a31e3cd26889ca66d677f1\",\"name\":\"cfeditorfr\",\"url\":\"https:\/\/www.africa-press.net\/senegal\/author\/cfeditorfr\"}]}<\/script>\n<!-- \/ Yoast SEO Premium plugin. -->","yoast_head_json":{"title":"25 f\u00e9vrier 2024 : Des S\u00e9n\u00e9galais se sont rendus \u2018\u2019aux urnes\u2019\u2019 pour observer un \u2018\u2019deuil \u00e9lectoral\u2019\u2019 - Senegal","description":"Des Se\u0301ne\u0301galais se sont rendus aux urnes, ce dimanche 25 fe\u0301vrier 2024 (l\u2019e\u0301lection pre\u0301sidentielle devait se tenir ce ...","robots":{"index":"index","follow":"follow","max-snippet":"max-snippet:-1","max-image-preview":"max-image-preview:large","max-video-preview":"max-video-preview:-1"},"canonical":"https:\/\/www.africa-press.net\/senegal\/politique\/25-fevrier-2024-des-senegalais-se-sont-rendus-aux-urnes-pour-observer-un-deuil-electoral","og_locale":"fr_FR","og_type":"article","og_title":"25 f\u00e9vrier 2024 : Des S\u00e9n\u00e9galais se sont rendus \u2018\u2019aux urnes\u2019\u2019 pour observer un \u2018\u2019deuil \u00e9lectoral\u2019\u2019","og_description":"Des Se\u0301ne\u0301galais se sont rendus aux urnes, ce dimanche 25 fe\u0301vrier 2024 (l\u2019e\u0301lection pre\u0301sidentielle devait se tenir ce ...","og_url":"https:\/\/www.africa-press.net\/senegal\/politique\/25-fevrier-2024-des-senegalais-se-sont-rendus-aux-urnes-pour-observer-un-deuil-electoral","og_site_name":"Senegal","article_published_time":"2024-02-25T22:04:24+00:00","article_modified_time":"2024-02-25T23:21:21+00:00","og_image":[{"width":1299,"height":630,"url":"https:\/\/static.africa-press.net\/senegal\/sites\/13\/2024\/02\/sm_1708887044.885626.jpg","type":"image\/jpeg"}],"author":"cfeditorfr","twitter_card":"summary_large_image","twitter_misc":{"\u00c9crit par":"cfeditorfr","Dur\u00e9e de lecture estim\u00e9e":"3 minutes"},"schema":{"@context":"https:\/\/schema.org","@graph":[{"@type":"Article","@id":"https:\/\/www.africa-press.net\/senegal\/politique\/25-fevrier-2024-des-senegalais-se-sont-rendus-aux-urnes-pour-observer-un-deuil-electoral#article","isPartOf":{"@id":"https:\/\/www.africa-press.net\/senegal\/politique\/25-fevrier-2024-des-senegalais-se-sont-rendus-aux-urnes-pour-observer-un-deuil-electoral"},"author":{"name":"cfeditorfr","@id":"https:\/\/www.africa-press.net\/senegal\/#\/schema\/person\/2b1cf3cd81a31e3cd26889ca66d677f1"},"headline":"25 f\u00e9vrier 2024 : Des S\u00e9n\u00e9galais se sont rendus \u2018\u2019aux urnes\u2019\u2019 pour observer un \u2018\u2019deuil \u00e9lectoral\u2019\u2019","datePublished":"2024-02-25T22:04:24+00:00","dateModified":"2024-02-25T23:21:21+00:00","mainEntityOfPage":{"@id":"https:\/\/www.africa-press.net\/senegal\/politique\/25-fevrier-2024-des-senegalais-se-sont-rendus-aux-urnes-pour-observer-un-deuil-electoral"},"wordCount":608,"commentCount":0,"image":{"@id":"https:\/\/www.africa-press.net\/senegal\/politique\/25-fevrier-2024-des-senegalais-se-sont-rendus-aux-urnes-pour-observer-un-deuil-electoral#primaryimage"},"thumbnailUrl":"https:\/\/static.africa-press.net\/senegal\/sites\/13\/2024\/02\/sm_1708887044.885626.jpg","keywords":["Africa Press","Africa Press-Senegal","Senegal"],"articleSection":["Photo","Politique","Toutes les actualit\u00e9s"],"inLanguage":"fr-FR","potentialAction":[{"@type":"CommentAction","name":"Comment","target":["https:\/\/www.africa-press.net\/senegal\/politique\/25-fevrier-2024-des-senegalais-se-sont-rendus-aux-urnes-pour-observer-un-deuil-electoral#respond"]}]},{"@type":"WebPage","@id":"https:\/\/www.africa-press.net\/senegal\/politique\/25-fevrier-2024-des-senegalais-se-sont-rendus-aux-urnes-pour-observer-un-deuil-electoral","url":"https:\/\/www.africa-press.net\/senegal\/politique\/25-fevrier-2024-des-senegalais-se-sont-rendus-aux-urnes-pour-observer-un-deuil-electoral","name":"25 f\u00e9vrier 2024 : Des S\u00e9n\u00e9galais se sont rendus \u2018\u2019aux urnes\u2019\u2019 pour observer un \u2018\u2019deuil \u00e9lectoral\u2019\u2019 - Senegal","isPartOf":{"@id":"https:\/\/www.africa-press.net\/senegal\/#website"},"primaryImageOfPage":{"@id":"https:\/\/www.africa-press.net\/senegal\/politique\/25-fevrier-2024-des-senegalais-se-sont-rendus-aux-urnes-pour-observer-un-deuil-electoral#primaryimage"},"image":{"@id":"https:\/\/www.africa-press.net\/senegal\/politique\/25-fevrier-2024-des-senegalais-se-sont-rendus-aux-urnes-pour-observer-un-deuil-electoral#primaryimage"},"thumbnailUrl":"https:\/\/static.africa-press.net\/senegal\/sites\/13\/2024\/02\/sm_1708887044.885626.jpg","datePublished":"2024-02-25T22:04:24+00:00","dateModified":"2024-02-25T23:21:21+00:00","author":{"@id":"https:\/\/www.africa-press.net\/senegal\/#\/schema\/person\/2b1cf3cd81a31e3cd26889ca66d677f1"},"description":"Des Se\u0301ne\u0301galais se sont rendus aux urnes, ce dimanche 25 fe\u0301vrier 2024 (l\u2019e\u0301lection pre\u0301sidentielle devait se tenir ce ...","breadcrumb":{"@id":"https:\/\/www.africa-press.net\/senegal\/politique\/25-fevrier-2024-des-senegalais-se-sont-rendus-aux-urnes-pour-observer-un-deuil-electoral#breadcrumb"},"inLanguage":"fr-FR","potentialAction":[{"@type":"ReadAction","target":["https:\/\/www.africa-press.net\/senegal\/politique\/25-fevrier-2024-des-senegalais-se-sont-rendus-aux-urnes-pour-observer-un-deuil-electoral"]}]},{"@type":"ImageObject","inLanguage":"fr-FR","@id":"https:\/\/www.africa-press.net\/senegal\/politique\/25-fevrier-2024-des-senegalais-se-sont-rendus-aux-urnes-pour-observer-un-deuil-electoral#primaryimage","url":"https:\/\/static.africa-press.net\/senegal\/sites\/13\/2024\/02\/sm_1708887044.885626.jpg","contentUrl":"https:\/\/static.africa-press.net\/senegal\/sites\/13\/2024\/02\/sm_1708887044.885626.jpg","width":1299,"height":630,"caption":"25 f\u00e9vrier 2024 : Des S\u00e9n\u00e9galais se sont rendus \u2018\u2019aux urnes\u2019\u2019 pour observer un \u2018\u2019deuil \u00e9lectoral\u2019\u2019"},{"@type":"BreadcrumbList","@id":"https:\/\/www.africa-press.net\/senegal\/politique\/25-fevrier-2024-des-senegalais-se-sont-rendus-aux-urnes-pour-observer-un-deuil-electoral#breadcrumb","itemListElement":[{"@type":"ListItem","position":1,"name":"Accueil","item":"https:\/\/www.africa-press.net\/senegal\/"},{"@type":"ListItem","position":2,"name":"25 f\u00e9vrier 2024 : Des S\u00e9n\u00e9galais se sont rendus \u2018\u2019aux urnes\u2019\u2019 pour observer un \u2018\u2019deuil \u00e9lectoral\u2019\u2019"}]},{"@type":"WebSite","@id":"https:\/\/www.africa-press.net\/senegal\/#website","url":"https:\/\/www.africa-press.net\/senegal\/","name":"Africa Press | Senegal | Homepage","description":"Just another Africa News Agency Sites site","potentialAction":[{"@type":"SearchAction","target":{"@type":"EntryPoint","urlTemplate":"https:\/\/www.africa-press.net\/senegal\/?s={search_term_string}"},"query-input":{"@type":"PropertyValueSpecification","valueRequired":true,"valueName":"search_term_string"}}],"inLanguage":"fr-FR"},{"@type":"Person","@id":"https:\/\/www.africa-press.net\/senegal\/#\/schema\/person\/2b1cf3cd81a31e3cd26889ca66d677f1","name":"cfeditorfr","url":"https:\/\/www.africa-press.net\/senegal\/author\/cfeditorfr"}]}},"_links":{"self":[{"href":"https:\/\/www.africa-press.net\/senegal\/wp-json\/wp\/v2\/posts\/56098","targetHints":{"allow":["GET"]}}],"collection":[{"href":"https:\/\/www.africa-press.net\/senegal\/wp-json\/wp\/v2\/posts"}],"about":[{"href":"https:\/\/www.africa-press.net\/senegal\/wp-json\/wp\/v2\/types\/post"}],"author":[{"embeddable":true,"href":"https:\/\/www.africa-press.net\/senegal\/wp-json\/wp\/v2\/users\/82"}],"replies":[{"embeddable":true,"href":"https:\/\/www.africa-press.net\/senegal\/wp-json\/wp\/v2\/comments?post=56098"}],"version-history":[{"count":0,"href":"https:\/\/www.africa-press.net\/senegal\/wp-json\/wp\/v2\/posts\/56098\/revisions"}],"wp:featuredmedia":[{"embeddable":true,"href":"https:\/\/www.africa-press.net\/senegal\/wp-json\/wp\/v2\/media\/56097"}],"wp:attachment":[{"href":"https:\/\/www.africa-press.net\/senegal\/wp-json\/wp\/v2\/media?parent=56098"}],"wp:term":[{"taxonomy":"category","embeddable":true,"href":"https:\/\/www.africa-press.net\/senegal\/wp-json\/wp\/v2\/categories?post=56098"},{"taxonomy":"post_tag","embeddable":true,"href":"https:\/\/www.africa-press.net\/senegal\/wp-json\/wp\/v2\/tags?post=56098"}],"curies":[{"name":"wp","href":"https:\/\/api.w.org\/{rel}","templated":true}]}}