{"id":56100,"date":"2024-02-25T22:07:13","date_gmt":"2024-02-25T22:07:13","guid":{"rendered":"https:\/\/www.africa-press.net\/senegal\/politique\/dialogue-reconciliation-les-membres-de-lapr-applaudissent-macky-sall"},"modified":"2024-02-25T23:21:40","modified_gmt":"2024-02-25T23:21:40","slug":"dialogue-reconciliation-les-membres-de-lapr-applaudissent-macky-sall","status":"publish","type":"post","link":"https:\/\/www.africa-press.net\/senegal\/politique\/dialogue-reconciliation-les-membres-de-lapr-applaudissent-macky-sall","title":{"rendered":"Dialogue, r\u00e9conciliation&#8230;: Les membres de l&rsquo;Apr applaudissent Macky Sall"},"content":{"rendered":"<p><span style=\"color: #ff6600\"><strong>Africa-Press &#8211; Senegal. <\/strong><\/span>L&rsquo;Alliance pour la Re\u0301publique se re\u0301jouit de l&rsquo;entretien que le Pre\u0301sident de la Re\u0301publique Macky Sall a accorde\u0301 a\u0300 une partie de la presse du Se\u0301ne\u0301gal. Dans un communique\u0301 parvenu a\u0300 Seneweb, les membres de l&rsquo;Apr ne tarissent pas d&rsquo;e\u0301loges a\u0300 l&rsquo;e\u0301gard de leur leader qu&rsquo;ils qualifient \u00a0\u00bb d&rsquo;un grand homme d&rsquo;Etat\u00a0\u00bb.<\/p>\n<p>\u00ab\u00a0Le Pre\u0301sident Macky Sall est un grand chef d\u2019E\u0301tat qui a ba\u0302ti, de\u0301veloppe\u0301, e\u0301leve\u0301 et rehausse\u0301 toutes les positions du Se\u0301ne\u0301gal, a\u0300 l\u2019interne et a\u0300 l\u2019international. Cela est incontestable. Un Homme d\u2019E\u0301tat qui s\u2019est impose\u0301, lui-me\u0302me de ne pas briguer un nouveau mandat alors qu\u2019il en avait le droit et qui a pre\u0301fe\u0301re\u0301 ne pas suivre le mouvement ambiant pour porter avec fierte\u0301 la spe\u0301cificite\u0301 du mode\u0300le de\u0301mocratique se\u0301ne\u0301galais\u00a0\u00bb, lit-on dans le communique\u0301.<\/p>\n<p>Les membres de cette formation politique avancent que: \u00ab\u00a0le chef de l&rsquo;Etat a toujours respecte\u0301 la loi et la constitution\u00a0\u00bb.<\/p>\n<p>En ce qui concerne l&rsquo;appel au dialogue pre\u0301vu ce lundi, les militants soutiennent que \u00ab\u00a0la mission supre\u0302me de leur leader, garant du fonctionnement re\u0301gulier des Institutions l\u2019oblige, dans cette se\u0301quence sensible a\u0300 pro\u0302ner le dialogue afin de parvenir a\u0300 la plus grande unite\u0301 et cohe\u0301sion nationale possible\u00a0\u00bb.<\/p>\n<p>Toutefois, les ape\u0301ristes n&rsquo;ont pas manque\u0301 de fustiger l&rsquo;attitude des 16 candidats qui refusent de prendre part au dialogue.<\/p>\n<p>\u00ab\u00a0Apparemment, ils craignent que l\u2019arrive\u0301e d\u2019autres sur la liste ne leur arrache quelques maigres e\u0301lecteurs, ou que le gain de monnayer ceux-ci demain ne rapetisse fortement, si le format actuel e\u0301tait de\u0301passe\u0301. Il ne faut pas chercher plus loin. Il ne s\u2019agit pas du me\u0302me niveau de re\u0301flexion, de devoir, encore moins de responsabilite\u0301 que celui du Pre\u0301sident Macky Sall qui a le Se\u0301ne\u0301gal au c\u0153ur\u00a0\u00bb, lit-on dans le communique\u0301.<\/p>\n<p><strong>Pour plus d&rsquo;informations et d&rsquo;analyses sur la <a href=\"https:\/\/www.africa-press.net\/senegal\">Senegal<\/a>, suivez <a href=\"https:\/\/www.africa-press.net\/\">Africa-Press<\/a><\/strong><\/p>\n","protected":false},"excerpt":{"rendered":"<p>Africa-Press &#8211; Senegal. L&rsquo;Alliance pour la Re\u0301publique se re\u0301jouit de l&rsquo;entretien que le Pre\u0301sident de la Re\u0301publique Macky Sall a accorde\u0301 a\u0300 une partie de la presse du Se\u0301ne\u0301gal. Dans un communique\u0301 parvenu a\u0300 Seneweb, les membres de l&rsquo;Apr ne tarissent pas d&rsquo;e\u0301loges a\u0300 l&rsquo;e\u0301gard de leur leader qu&rsquo;ils qualifient \u00a0\u00bb d&rsquo;un grand homme d&rsquo;Etat\u00a0\u00bb. [&hellip;]<\/p>\n","protected":false},"author":82,"featured_media":56099,"comment_status":"open","ping_status":"closed","sticky":false,"template":"","format":"standard","meta":{"footnotes":""},"categories":[2,10],"tags":[43,47,44],"class_list":["post-56100","post","type-post","status-publish","format-standard","has-post-thumbnail","hentry","category-politique","category-toutes-les-actualites","tag-africa-press-2","tag-africa-press-senegal","tag-senegal-2"],"yoast_head":"<!-- This site is optimized with the Yoast SEO Premium plugin v26.1 (Yoast SEO v27.0) - https:\/\/yoast.com\/product\/yoast-seo-premium-wordpress\/ -->\n<title>Dialogue, r\u00e9conciliation...: Les membres de l&#039;Apr applaudissent Macky Sall - Senegal<\/title>\n<meta name=\"description\" content=\"L&#039;Alliance pour la Re\u0301publique se re\u0301jouit de l&#039;entretien que le Pre\u0301sident de la Re\u0301publique Macky Sall a accorde\u0301 a\u0300 u ...\" \/>\n<meta name=\"robots\" content=\"index, follow, max-snippet:-1, max-image-preview:large, max-video-preview:-1\" \/>\n<link rel=\"canonical\" href=\"https:\/\/www.africa-press.net\/senegal\/politique\/dialogue-reconciliation-les-membres-de-lapr-applaudissent-macky-sall\" \/>\n<meta property=\"og:locale\" content=\"fr_FR\" \/>\n<meta property=\"og:type\" content=\"article\" \/>\n<meta property=\"og:title\" content=\"Dialogue, r\u00e9conciliation...: Les membres de l&#039;Apr applaudissent Macky Sall\" \/>\n<meta property=\"og:description\" content=\"L&#039;Alliance pour la Re\u0301publique se re\u0301jouit de l&#039;entretien que le Pre\u0301sident de la Re\u0301publique Macky Sall a accorde\u0301 a\u0300 u ...\" \/>\n<meta property=\"og:url\" content=\"https:\/\/www.africa-press.net\/senegal\/politique\/dialogue-reconciliation-les-membres-de-lapr-applaudissent-macky-sall\" \/>\n<meta property=\"og:site_name\" content=\"Senegal\" \/>\n<meta property=\"article:published_time\" content=\"2024-02-25T22:07:13+00:00\" \/>\n<meta property=\"article:modified_time\" content=\"2024-02-25T23:21:40+00:00\" \/>\n<meta property=\"og:image\" content=\"https:\/\/static.africa-press.net\/senegal\/sites\/13\/2024\/02\/sm_1708887065.692287.jpg\" \/>\n\t<meta property=\"og:image:width\" content=\"1300\" \/>\n\t<meta property=\"og:image:height\" content=\"630\" \/>\n\t<meta property=\"og:image:type\" content=\"image\/jpeg\" \/>\n<meta name=\"author\" content=\"cfeditorfr\" \/>\n<meta name=\"twitter:card\" content=\"summary_large_image\" \/>\n<meta name=\"twitter:label1\" content=\"\u00c9crit par\" \/>\n\t<meta name=\"twitter:data1\" content=\"cfeditorfr\" \/>\n\t<meta name=\"twitter:label2\" content=\"Dur\u00e9e de lecture estim\u00e9e\" \/>\n\t<meta name=\"twitter:data2\" content=\"2 minutes\" \/>\n<script type=\"application\/ld+json\" class=\"yoast-schema-graph\">{\"@context\":\"https:\/\/schema.org\",\"@graph\":[{\"@type\":\"Article\",\"@id\":\"https:\/\/www.africa-press.net\/senegal\/politique\/dialogue-reconciliation-les-membres-de-lapr-applaudissent-macky-sall#article\",\"isPartOf\":{\"@id\":\"https:\/\/www.africa-press.net\/senegal\/politique\/dialogue-reconciliation-les-membres-de-lapr-applaudissent-macky-sall\"},\"author\":{\"name\":\"cfeditorfr\",\"@id\":\"https:\/\/www.africa-press.net\/senegal\/#\/schema\/person\/2b1cf3cd81a31e3cd26889ca66d677f1\"},\"headline\":\"Dialogue, r\u00e9conciliation&#8230;: Les membres de l&rsquo;Apr applaudissent Macky Sall\",\"datePublished\":\"2024-02-25T22:07:13+00:00\",\"dateModified\":\"2024-02-25T23:21:40+00:00\",\"mainEntityOfPage\":{\"@id\":\"https:\/\/www.africa-press.net\/senegal\/politique\/dialogue-reconciliation-les-membres-de-lapr-applaudissent-macky-sall\"},\"wordCount\":368,\"commentCount\":0,\"image\":{\"@id\":\"https:\/\/www.africa-press.net\/senegal\/politique\/dialogue-reconciliation-les-membres-de-lapr-applaudissent-macky-sall#primaryimage\"},\"thumbnailUrl\":\"https:\/\/static.africa-press.net\/senegal\/sites\/13\/2024\/02\/sm_1708887065.692287.jpg\",\"keywords\":[\"Africa Press\",\"Africa Press-Senegal\",\"Senegal\"],\"articleSection\":[\"Politique\",\"Toutes les actualit\u00e9s\"],\"inLanguage\":\"fr-FR\",\"potentialAction\":[{\"@type\":\"CommentAction\",\"name\":\"Comment\",\"target\":[\"https:\/\/www.africa-press.net\/senegal\/politique\/dialogue-reconciliation-les-membres-de-lapr-applaudissent-macky-sall#respond\"]}]},{\"@type\":\"WebPage\",\"@id\":\"https:\/\/www.africa-press.net\/senegal\/politique\/dialogue-reconciliation-les-membres-de-lapr-applaudissent-macky-sall\",\"url\":\"https:\/\/www.africa-press.net\/senegal\/politique\/dialogue-reconciliation-les-membres-de-lapr-applaudissent-macky-sall\",\"name\":\"Dialogue, r\u00e9conciliation...: Les membres de l'Apr applaudissent Macky Sall - Senegal\",\"isPartOf\":{\"@id\":\"https:\/\/www.africa-press.net\/senegal\/#website\"},\"primaryImageOfPage\":{\"@id\":\"https:\/\/www.africa-press.net\/senegal\/politique\/dialogue-reconciliation-les-membres-de-lapr-applaudissent-macky-sall#primaryimage\"},\"image\":{\"@id\":\"https:\/\/www.africa-press.net\/senegal\/politique\/dialogue-reconciliation-les-membres-de-lapr-applaudissent-macky-sall#primaryimage\"},\"thumbnailUrl\":\"https:\/\/static.africa-press.net\/senegal\/sites\/13\/2024\/02\/sm_1708887065.692287.jpg\",\"datePublished\":\"2024-02-25T22:07:13+00:00\",\"dateModified\":\"2024-02-25T23:21:40+00:00\",\"author\":{\"@id\":\"https:\/\/www.africa-press.net\/senegal\/#\/schema\/person\/2b1cf3cd81a31e3cd26889ca66d677f1\"},\"description\":\"L'Alliance pour la Re\u0301publique se re\u0301jouit de l'entretien que le Pre\u0301sident de la Re\u0301publique Macky Sall a accorde\u0301 a\u0300 u ...\",\"breadcrumb\":{\"@id\":\"https:\/\/www.africa-press.net\/senegal\/politique\/dialogue-reconciliation-les-membres-de-lapr-applaudissent-macky-sall#breadcrumb\"},\"inLanguage\":\"fr-FR\",\"potentialAction\":[{\"@type\":\"ReadAction\",\"target\":[\"https:\/\/www.africa-press.net\/senegal\/politique\/dialogue-reconciliation-les-membres-de-lapr-applaudissent-macky-sall\"]}]},{\"@type\":\"ImageObject\",\"inLanguage\":\"fr-FR\",\"@id\":\"https:\/\/www.africa-press.net\/senegal\/politique\/dialogue-reconciliation-les-membres-de-lapr-applaudissent-macky-sall#primaryimage\",\"url\":\"https:\/\/static.africa-press.net\/senegal\/sites\/13\/2024\/02\/sm_1708887065.692287.jpg\",\"contentUrl\":\"https:\/\/static.africa-press.net\/senegal\/sites\/13\/2024\/02\/sm_1708887065.692287.jpg\",\"width\":1300,\"height\":630,\"caption\":\"Dialogue, r\u00e9conciliation...: Les membres de l'Apr applaudissent Macky Sall\"},{\"@type\":\"BreadcrumbList\",\"@id\":\"https:\/\/www.africa-press.net\/senegal\/politique\/dialogue-reconciliation-les-membres-de-lapr-applaudissent-macky-sall#breadcrumb\",\"itemListElement\":[{\"@type\":\"ListItem\",\"position\":1,\"name\":\"Accueil\",\"item\":\"https:\/\/www.africa-press.net\/senegal\/\"},{\"@type\":\"ListItem\",\"position\":2,\"name\":\"Dialogue, r\u00e9conciliation&#8230;: Les membres de l&#8217;Apr applaudissent Macky Sall\"}]},{\"@type\":\"WebSite\",\"@id\":\"https:\/\/www.africa-press.net\/senegal\/#website\",\"url\":\"https:\/\/www.africa-press.net\/senegal\/\",\"name\":\"Africa Press | Senegal | Homepage\",\"description\":\"Just another Africa News Agency Sites site\",\"potentialAction\":[{\"@type\":\"SearchAction\",\"target\":{\"@type\":\"EntryPoint\",\"urlTemplate\":\"https:\/\/www.africa-press.net\/senegal\/?s={search_term_string}\"},\"query-input\":{\"@type\":\"PropertyValueSpecification\",\"valueRequired\":true,\"valueName\":\"search_term_string\"}}],\"inLanguage\":\"fr-FR\"},{\"@type\":\"Person\",\"@id\":\"https:\/\/www.africa-press.net\/senegal\/#\/schema\/person\/2b1cf3cd81a31e3cd26889ca66d677f1\",\"name\":\"cfeditorfr\",\"url\":\"https:\/\/www.africa-press.net\/senegal\/author\/cfeditorfr\"}]}<\/script>\n<!-- \/ Yoast SEO Premium plugin. -->","yoast_head_json":{"title":"Dialogue, r\u00e9conciliation...: Les membres de l'Apr applaudissent Macky Sall - Senegal","description":"L'Alliance pour la Re\u0301publique se re\u0301jouit de l'entretien que le Pre\u0301sident de la Re\u0301publique Macky Sall a accorde\u0301 a\u0300 u ...","robots":{"index":"index","follow":"follow","max-snippet":"max-snippet:-1","max-image-preview":"max-image-preview:large","max-video-preview":"max-video-preview:-1"},"canonical":"https:\/\/www.africa-press.net\/senegal\/politique\/dialogue-reconciliation-les-membres-de-lapr-applaudissent-macky-sall","og_locale":"fr_FR","og_type":"article","og_title":"Dialogue, r\u00e9conciliation...: Les membres de l'Apr applaudissent Macky Sall","og_description":"L'Alliance pour la Re\u0301publique se re\u0301jouit de l'entretien que le Pre\u0301sident de la Re\u0301publique Macky Sall a accorde\u0301 a\u0300 u ...","og_url":"https:\/\/www.africa-press.net\/senegal\/politique\/dialogue-reconciliation-les-membres-de-lapr-applaudissent-macky-sall","og_site_name":"Senegal","article_published_time":"2024-02-25T22:07:13+00:00","article_modified_time":"2024-02-25T23:21:40+00:00","og_image":[{"width":1300,"height":630,"url":"https:\/\/static.africa-press.net\/senegal\/sites\/13\/2024\/02\/sm_1708887065.692287.jpg","type":"image\/jpeg"}],"author":"cfeditorfr","twitter_card":"summary_large_image","twitter_misc":{"\u00c9crit par":"cfeditorfr","Dur\u00e9e de lecture estim\u00e9e":"2 minutes"},"schema":{"@context":"https:\/\/schema.org","@graph":[{"@type":"Article","@id":"https:\/\/www.africa-press.net\/senegal\/politique\/dialogue-reconciliation-les-membres-de-lapr-applaudissent-macky-sall#article","isPartOf":{"@id":"https:\/\/www.africa-press.net\/senegal\/politique\/dialogue-reconciliation-les-membres-de-lapr-applaudissent-macky-sall"},"author":{"name":"cfeditorfr","@id":"https:\/\/www.africa-press.net\/senegal\/#\/schema\/person\/2b1cf3cd81a31e3cd26889ca66d677f1"},"headline":"Dialogue, r\u00e9conciliation&#8230;: Les membres de l&rsquo;Apr applaudissent Macky Sall","datePublished":"2024-02-25T22:07:13+00:00","dateModified":"2024-02-25T23:21:40+00:00","mainEntityOfPage":{"@id":"https:\/\/www.africa-press.net\/senegal\/politique\/dialogue-reconciliation-les-membres-de-lapr-applaudissent-macky-sall"},"wordCount":368,"commentCount":0,"image":{"@id":"https:\/\/www.africa-press.net\/senegal\/politique\/dialogue-reconciliation-les-membres-de-lapr-applaudissent-macky-sall#primaryimage"},"thumbnailUrl":"https:\/\/static.africa-press.net\/senegal\/sites\/13\/2024\/02\/sm_1708887065.692287.jpg","keywords":["Africa Press","Africa Press-Senegal","Senegal"],"articleSection":["Politique","Toutes les actualit\u00e9s"],"inLanguage":"fr-FR","potentialAction":[{"@type":"CommentAction","name":"Comment","target":["https:\/\/www.africa-press.net\/senegal\/politique\/dialogue-reconciliation-les-membres-de-lapr-applaudissent-macky-sall#respond"]}]},{"@type":"WebPage","@id":"https:\/\/www.africa-press.net\/senegal\/politique\/dialogue-reconciliation-les-membres-de-lapr-applaudissent-macky-sall","url":"https:\/\/www.africa-press.net\/senegal\/politique\/dialogue-reconciliation-les-membres-de-lapr-applaudissent-macky-sall","name":"Dialogue, r\u00e9conciliation...: Les membres de l'Apr applaudissent Macky Sall - Senegal","isPartOf":{"@id":"https:\/\/www.africa-press.net\/senegal\/#website"},"primaryImageOfPage":{"@id":"https:\/\/www.africa-press.net\/senegal\/politique\/dialogue-reconciliation-les-membres-de-lapr-applaudissent-macky-sall#primaryimage"},"image":{"@id":"https:\/\/www.africa-press.net\/senegal\/politique\/dialogue-reconciliation-les-membres-de-lapr-applaudissent-macky-sall#primaryimage"},"thumbnailUrl":"https:\/\/static.africa-press.net\/senegal\/sites\/13\/2024\/02\/sm_1708887065.692287.jpg","datePublished":"2024-02-25T22:07:13+00:00","dateModified":"2024-02-25T23:21:40+00:00","author":{"@id":"https:\/\/www.africa-press.net\/senegal\/#\/schema\/person\/2b1cf3cd81a31e3cd26889ca66d677f1"},"description":"L'Alliance pour la Re\u0301publique se re\u0301jouit de l'entretien que le Pre\u0301sident de la Re\u0301publique Macky Sall a accorde\u0301 a\u0300 u ...","breadcrumb":{"@id":"https:\/\/www.africa-press.net\/senegal\/politique\/dialogue-reconciliation-les-membres-de-lapr-applaudissent-macky-sall#breadcrumb"},"inLanguage":"fr-FR","potentialAction":[{"@type":"ReadAction","target":["https:\/\/www.africa-press.net\/senegal\/politique\/dialogue-reconciliation-les-membres-de-lapr-applaudissent-macky-sall"]}]},{"@type":"ImageObject","inLanguage":"fr-FR","@id":"https:\/\/www.africa-press.net\/senegal\/politique\/dialogue-reconciliation-les-membres-de-lapr-applaudissent-macky-sall#primaryimage","url":"https:\/\/static.africa-press.net\/senegal\/sites\/13\/2024\/02\/sm_1708887065.692287.jpg","contentUrl":"https:\/\/static.africa-press.net\/senegal\/sites\/13\/2024\/02\/sm_1708887065.692287.jpg","width":1300,"height":630,"caption":"Dialogue, r\u00e9conciliation...: Les membres de l'Apr applaudissent Macky Sall"},{"@type":"BreadcrumbList","@id":"https:\/\/www.africa-press.net\/senegal\/politique\/dialogue-reconciliation-les-membres-de-lapr-applaudissent-macky-sall#breadcrumb","itemListElement":[{"@type":"ListItem","position":1,"name":"Accueil","item":"https:\/\/www.africa-press.net\/senegal\/"},{"@type":"ListItem","position":2,"name":"Dialogue, r\u00e9conciliation&#8230;: Les membres de l&#8217;Apr applaudissent Macky Sall"}]},{"@type":"WebSite","@id":"https:\/\/www.africa-press.net\/senegal\/#website","url":"https:\/\/www.africa-press.net\/senegal\/","name":"Africa Press | Senegal | Homepage","description":"Just another Africa News Agency Sites site","potentialAction":[{"@type":"SearchAction","target":{"@type":"EntryPoint","urlTemplate":"https:\/\/www.africa-press.net\/senegal\/?s={search_term_string}"},"query-input":{"@type":"PropertyValueSpecification","valueRequired":true,"valueName":"search_term_string"}}],"inLanguage":"fr-FR"},{"@type":"Person","@id":"https:\/\/www.africa-press.net\/senegal\/#\/schema\/person\/2b1cf3cd81a31e3cd26889ca66d677f1","name":"cfeditorfr","url":"https:\/\/www.africa-press.net\/senegal\/author\/cfeditorfr"}]}},"_links":{"self":[{"href":"https:\/\/www.africa-press.net\/senegal\/wp-json\/wp\/v2\/posts\/56100","targetHints":{"allow":["GET"]}}],"collection":[{"href":"https:\/\/www.africa-press.net\/senegal\/wp-json\/wp\/v2\/posts"}],"about":[{"href":"https:\/\/www.africa-press.net\/senegal\/wp-json\/wp\/v2\/types\/post"}],"author":[{"embeddable":true,"href":"https:\/\/www.africa-press.net\/senegal\/wp-json\/wp\/v2\/users\/82"}],"replies":[{"embeddable":true,"href":"https:\/\/www.africa-press.net\/senegal\/wp-json\/wp\/v2\/comments?post=56100"}],"version-history":[{"count":0,"href":"https:\/\/www.africa-press.net\/senegal\/wp-json\/wp\/v2\/posts\/56100\/revisions"}],"wp:featuredmedia":[{"embeddable":true,"href":"https:\/\/www.africa-press.net\/senegal\/wp-json\/wp\/v2\/media\/56099"}],"wp:attachment":[{"href":"https:\/\/www.africa-press.net\/senegal\/wp-json\/wp\/v2\/media?parent=56100"}],"wp:term":[{"taxonomy":"category","embeddable":true,"href":"https:\/\/www.africa-press.net\/senegal\/wp-json\/wp\/v2\/categories?post=56100"},{"taxonomy":"post_tag","embeddable":true,"href":"https:\/\/www.africa-press.net\/senegal\/wp-json\/wp\/v2\/tags?post=56100"}],"curies":[{"name":"wp","href":"https:\/\/api.w.org\/{rel}","templated":true}]}}