{"id":56103,"date":"2024-02-25T22:08:03","date_gmt":"2024-02-25T22:08:03","guid":{"rendered":"https:\/\/www.africa-press.net\/senegal\/politique\/loi-damnistie-il-faut-savoir-pardonner-selon-seydou-gueye"},"modified":"2024-02-25T23:21:58","modified_gmt":"2024-02-25T23:21:58","slug":"loi-damnistie-il-faut-savoir-pardonner-selon-seydou-gueye","status":"publish","type":"post","link":"https:\/\/www.africa-press.net\/senegal\/politique\/loi-damnistie-il-faut-savoir-pardonner-selon-seydou-gueye","title":{"rendered":"Loi d&rsquo;amnistie : \u00ab\u00a0Il faut savoir pardonner\u00a0\u00bb, selon Seydou Gu\u00e8ye"},"content":{"rendered":"<p><span style=\"color: #ff6600\"><strong>Africa-Press &#8211; Senegal. <\/strong><\/span>Des de\u0301tenus politiques ont e\u0301te\u0301 libe\u0301re\u0301s en grande masse provisoirement. Pour le secre\u0301taire ge\u0301ne\u0301ral du gouvernement, cela entre dans le cadre de la re\u0301conciliation et la concorde. \u201cLes de\u0301tenus qui ont e\u0301te\u0301 libe\u0301re\u0301s l&rsquo;ont e\u0301te\u0301 sur la base de la liberte\u0301 provisoire. Il faut aller plus avant. Mais de fac\u0327on efficace\u201d, a dit Seydou Gue\u0300ye devant le \u00ab\u00a0Jury du dimanche\u00a0\u00bb<\/p>\n<p>Pour ce faire, dit-il, \u201dle pre\u0301sident de la Re\u0301publique a demande\u0301 au garde des Sceaux de finaliser les textes qui devraient permettre d&rsquo;avancer et de boucler le processus de pacification et de re\u0301conciliation\u201d.<\/p>\n<p>Non sans indiquer la forme par laquelle cette re\u0301conciliation se fera. Pour lui, le pre\u0301sident de la Re\u0301publique e\u0301tait pre\u0302t a\u0300 aller jusqu&rsquo;a\u0300 l&rsquo;amnistie, si c&rsquo;e\u0301tait le prix a\u0300 payer pour avoir la paix. Une amnistie pour quelle pe\u0301riode ? Seydou Gue\u0300ye est cate\u0301gorique: \u201dJe ne sais pas.\u201d<\/p>\n<p>Il pre\u0301cise toutefois que l&rsquo;amnistie porte sur les faits pendant une pe\u0301riode. \u201cPour l&rsquo;instant, je n&rsquo;en sais rien. Les orfe\u0300vres dans la matie\u0300re, c&rsquo;est les gardes des Sceaux, c&rsquo;est les spe\u0301cialistes du droit. Puisque l&rsquo;amnistie, c&rsquo;est du droit. C\u2019est diffe\u0301rent de la gra\u0302ce qui est un de\u0301cret. Mais il arrive des moments ou\u0300, dans la vie des nations, certes, on ne peut pas oublier, mais il faut pardonner. Et on ne pardonne en ge\u0301ne\u0301ral que l&rsquo;impardonnable\u201d , poursuit-il.<\/p>\n<p><strong>Pour plus d&rsquo;informations et d&rsquo;analyses sur la <a href=\"https:\/\/www.africa-press.net\/senegal\">Senegal<\/a>, suivez <a href=\"https:\/\/www.africa-press.net\/\">Africa-Press<\/a><\/strong><\/p>\n","protected":false},"excerpt":{"rendered":"<p>Africa-Press &#8211; Senegal. Des de\u0301tenus politiques ont e\u0301te\u0301 libe\u0301re\u0301s en grande masse provisoirement. Pour le secre\u0301taire ge\u0301ne\u0301ral du gouvernement, cela entre dans le cadre de la re\u0301conciliation et la concorde. \u201cLes de\u0301tenus qui ont e\u0301te\u0301 libe\u0301re\u0301s l&rsquo;ont e\u0301te\u0301 sur la base de la liberte\u0301 provisoire. Il faut aller plus avant. Mais de fac\u0327on efficace\u201d, a [&hellip;]<\/p>\n","protected":false},"author":82,"featured_media":56102,"comment_status":"open","ping_status":"closed","sticky":false,"template":"","format":"standard","meta":{"footnotes":""},"categories":[2,10],"tags":[43,47,44],"class_list":["post-56103","post","type-post","status-publish","format-standard","has-post-thumbnail","hentry","category-politique","category-toutes-les-actualites","tag-africa-press-2","tag-africa-press-senegal","tag-senegal-2"],"yoast_head":"<!-- This site is optimized with the Yoast SEO Premium plugin v26.1 (Yoast SEO v27.0) - https:\/\/yoast.com\/product\/yoast-seo-premium-wordpress\/ -->\n<title>Loi d&#039;amnistie : &quot;Il faut savoir pardonner&quot;, selon Seydou Gu\u00e8ye - Senegal<\/title>\n<meta name=\"description\" content=\"Des de\u0301tenus politiques ont e\u0301te\u0301 libe\u0301re\u0301s en grande masse provisoirement. Pour le secre\u0301taire ge\u0301ne\u0301ral du gouvernemen ...\" \/>\n<meta name=\"robots\" content=\"index, follow, max-snippet:-1, max-image-preview:large, max-video-preview:-1\" \/>\n<link rel=\"canonical\" href=\"https:\/\/www.africa-press.net\/senegal\/politique\/loi-damnistie-il-faut-savoir-pardonner-selon-seydou-gueye\" \/>\n<meta property=\"og:locale\" content=\"fr_FR\" \/>\n<meta property=\"og:type\" content=\"article\" \/>\n<meta property=\"og:title\" content=\"Loi d&#039;amnistie : &quot;Il faut savoir pardonner&quot;, selon Seydou Gu\u00e8ye\" \/>\n<meta property=\"og:description\" content=\"Des de\u0301tenus politiques ont e\u0301te\u0301 libe\u0301re\u0301s en grande masse provisoirement. Pour le secre\u0301taire ge\u0301ne\u0301ral du gouvernemen ...\" \/>\n<meta property=\"og:url\" content=\"https:\/\/www.africa-press.net\/senegal\/politique\/loi-damnistie-il-faut-savoir-pardonner-selon-seydou-gueye\" \/>\n<meta property=\"og:site_name\" content=\"Senegal\" \/>\n<meta property=\"article:published_time\" content=\"2024-02-25T22:08:03+00:00\" \/>\n<meta property=\"article:modified_time\" content=\"2024-02-25T23:21:58+00:00\" \/>\n<meta property=\"og:image\" content=\"https:\/\/static.africa-press.net\/senegal\/sites\/13\/2024\/02\/sm_1708887085.300402.jpg\" \/>\n\t<meta property=\"og:image:width\" content=\"1289\" \/>\n\t<meta property=\"og:image:height\" content=\"632\" \/>\n\t<meta property=\"og:image:type\" content=\"image\/jpeg\" \/>\n<meta name=\"author\" content=\"cfeditorfr\" \/>\n<meta name=\"twitter:card\" content=\"summary_large_image\" \/>\n<meta name=\"twitter:label1\" content=\"\u00c9crit par\" \/>\n\t<meta name=\"twitter:data1\" content=\"cfeditorfr\" \/>\n\t<meta name=\"twitter:label2\" content=\"Dur\u00e9e de lecture estim\u00e9e\" \/>\n\t<meta name=\"twitter:data2\" content=\"1 minute\" \/>\n<script type=\"application\/ld+json\" class=\"yoast-schema-graph\">{\"@context\":\"https:\/\/schema.org\",\"@graph\":[{\"@type\":\"Article\",\"@id\":\"https:\/\/www.africa-press.net\/senegal\/politique\/loi-damnistie-il-faut-savoir-pardonner-selon-seydou-gueye#article\",\"isPartOf\":{\"@id\":\"https:\/\/www.africa-press.net\/senegal\/politique\/loi-damnistie-il-faut-savoir-pardonner-selon-seydou-gueye\"},\"author\":{\"name\":\"cfeditorfr\",\"@id\":\"https:\/\/www.africa-press.net\/senegal\/#\/schema\/person\/2b1cf3cd81a31e3cd26889ca66d677f1\"},\"headline\":\"Loi d&rsquo;amnistie : \u00ab\u00a0Il faut savoir pardonner\u00a0\u00bb, selon Seydou Gu\u00e8ye\",\"datePublished\":\"2024-02-25T22:08:03+00:00\",\"dateModified\":\"2024-02-25T23:21:58+00:00\",\"mainEntityOfPage\":{\"@id\":\"https:\/\/www.africa-press.net\/senegal\/politique\/loi-damnistie-il-faut-savoir-pardonner-selon-seydou-gueye\"},\"wordCount\":294,\"commentCount\":0,\"image\":{\"@id\":\"https:\/\/www.africa-press.net\/senegal\/politique\/loi-damnistie-il-faut-savoir-pardonner-selon-seydou-gueye#primaryimage\"},\"thumbnailUrl\":\"https:\/\/static.africa-press.net\/senegal\/sites\/13\/2024\/02\/sm_1708887085.300402.jpg\",\"keywords\":[\"Africa Press\",\"Africa Press-Senegal\",\"Senegal\"],\"articleSection\":[\"Politique\",\"Toutes les actualit\u00e9s\"],\"inLanguage\":\"fr-FR\",\"potentialAction\":[{\"@type\":\"CommentAction\",\"name\":\"Comment\",\"target\":[\"https:\/\/www.africa-press.net\/senegal\/politique\/loi-damnistie-il-faut-savoir-pardonner-selon-seydou-gueye#respond\"]}]},{\"@type\":\"WebPage\",\"@id\":\"https:\/\/www.africa-press.net\/senegal\/politique\/loi-damnistie-il-faut-savoir-pardonner-selon-seydou-gueye\",\"url\":\"https:\/\/www.africa-press.net\/senegal\/politique\/loi-damnistie-il-faut-savoir-pardonner-selon-seydou-gueye\",\"name\":\"Loi d'amnistie : \\\"Il faut savoir pardonner\\\", selon Seydou Gu\u00e8ye - Senegal\",\"isPartOf\":{\"@id\":\"https:\/\/www.africa-press.net\/senegal\/#website\"},\"primaryImageOfPage\":{\"@id\":\"https:\/\/www.africa-press.net\/senegal\/politique\/loi-damnistie-il-faut-savoir-pardonner-selon-seydou-gueye#primaryimage\"},\"image\":{\"@id\":\"https:\/\/www.africa-press.net\/senegal\/politique\/loi-damnistie-il-faut-savoir-pardonner-selon-seydou-gueye#primaryimage\"},\"thumbnailUrl\":\"https:\/\/static.africa-press.net\/senegal\/sites\/13\/2024\/02\/sm_1708887085.300402.jpg\",\"datePublished\":\"2024-02-25T22:08:03+00:00\",\"dateModified\":\"2024-02-25T23:21:58+00:00\",\"author\":{\"@id\":\"https:\/\/www.africa-press.net\/senegal\/#\/schema\/person\/2b1cf3cd81a31e3cd26889ca66d677f1\"},\"description\":\"Des de\u0301tenus politiques ont e\u0301te\u0301 libe\u0301re\u0301s en grande masse provisoirement. Pour le secre\u0301taire ge\u0301ne\u0301ral du gouvernemen ...\",\"breadcrumb\":{\"@id\":\"https:\/\/www.africa-press.net\/senegal\/politique\/loi-damnistie-il-faut-savoir-pardonner-selon-seydou-gueye#breadcrumb\"},\"inLanguage\":\"fr-FR\",\"potentialAction\":[{\"@type\":\"ReadAction\",\"target\":[\"https:\/\/www.africa-press.net\/senegal\/politique\/loi-damnistie-il-faut-savoir-pardonner-selon-seydou-gueye\"]}]},{\"@type\":\"ImageObject\",\"inLanguage\":\"fr-FR\",\"@id\":\"https:\/\/www.africa-press.net\/senegal\/politique\/loi-damnistie-il-faut-savoir-pardonner-selon-seydou-gueye#primaryimage\",\"url\":\"https:\/\/static.africa-press.net\/senegal\/sites\/13\/2024\/02\/sm_1708887085.300402.jpg\",\"contentUrl\":\"https:\/\/static.africa-press.net\/senegal\/sites\/13\/2024\/02\/sm_1708887085.300402.jpg\",\"width\":1289,\"height\":632,\"caption\":\"Loi d'amnistie : \\\"Il faut savoir pardonner\\\", selon Seydou Gu\u00e8ye\"},{\"@type\":\"BreadcrumbList\",\"@id\":\"https:\/\/www.africa-press.net\/senegal\/politique\/loi-damnistie-il-faut-savoir-pardonner-selon-seydou-gueye#breadcrumb\",\"itemListElement\":[{\"@type\":\"ListItem\",\"position\":1,\"name\":\"Accueil\",\"item\":\"https:\/\/www.africa-press.net\/senegal\/\"},{\"@type\":\"ListItem\",\"position\":2,\"name\":\"Loi d&#8217;amnistie : &#8220;Il faut savoir pardonner&#8221;, selon Seydou Gu\u00e8ye\"}]},{\"@type\":\"WebSite\",\"@id\":\"https:\/\/www.africa-press.net\/senegal\/#website\",\"url\":\"https:\/\/www.africa-press.net\/senegal\/\",\"name\":\"Africa Press | Senegal | Homepage\",\"description\":\"Just another Africa News Agency Sites site\",\"potentialAction\":[{\"@type\":\"SearchAction\",\"target\":{\"@type\":\"EntryPoint\",\"urlTemplate\":\"https:\/\/www.africa-press.net\/senegal\/?s={search_term_string}\"},\"query-input\":{\"@type\":\"PropertyValueSpecification\",\"valueRequired\":true,\"valueName\":\"search_term_string\"}}],\"inLanguage\":\"fr-FR\"},{\"@type\":\"Person\",\"@id\":\"https:\/\/www.africa-press.net\/senegal\/#\/schema\/person\/2b1cf3cd81a31e3cd26889ca66d677f1\",\"name\":\"cfeditorfr\",\"url\":\"https:\/\/www.africa-press.net\/senegal\/author\/cfeditorfr\"}]}<\/script>\n<!-- \/ Yoast SEO Premium plugin. -->","yoast_head_json":{"title":"Loi d'amnistie : \"Il faut savoir pardonner\", selon Seydou Gu\u00e8ye - Senegal","description":"Des de\u0301tenus politiques ont e\u0301te\u0301 libe\u0301re\u0301s en grande masse provisoirement. Pour le secre\u0301taire ge\u0301ne\u0301ral du gouvernemen ...","robots":{"index":"index","follow":"follow","max-snippet":"max-snippet:-1","max-image-preview":"max-image-preview:large","max-video-preview":"max-video-preview:-1"},"canonical":"https:\/\/www.africa-press.net\/senegal\/politique\/loi-damnistie-il-faut-savoir-pardonner-selon-seydou-gueye","og_locale":"fr_FR","og_type":"article","og_title":"Loi d'amnistie : \"Il faut savoir pardonner\", selon Seydou Gu\u00e8ye","og_description":"Des de\u0301tenus politiques ont e\u0301te\u0301 libe\u0301re\u0301s en grande masse provisoirement. Pour le secre\u0301taire ge\u0301ne\u0301ral du gouvernemen ...","og_url":"https:\/\/www.africa-press.net\/senegal\/politique\/loi-damnistie-il-faut-savoir-pardonner-selon-seydou-gueye","og_site_name":"Senegal","article_published_time":"2024-02-25T22:08:03+00:00","article_modified_time":"2024-02-25T23:21:58+00:00","og_image":[{"width":1289,"height":632,"url":"https:\/\/static.africa-press.net\/senegal\/sites\/13\/2024\/02\/sm_1708887085.300402.jpg","type":"image\/jpeg"}],"author":"cfeditorfr","twitter_card":"summary_large_image","twitter_misc":{"\u00c9crit par":"cfeditorfr","Dur\u00e9e de lecture estim\u00e9e":"1 minute"},"schema":{"@context":"https:\/\/schema.org","@graph":[{"@type":"Article","@id":"https:\/\/www.africa-press.net\/senegal\/politique\/loi-damnistie-il-faut-savoir-pardonner-selon-seydou-gueye#article","isPartOf":{"@id":"https:\/\/www.africa-press.net\/senegal\/politique\/loi-damnistie-il-faut-savoir-pardonner-selon-seydou-gueye"},"author":{"name":"cfeditorfr","@id":"https:\/\/www.africa-press.net\/senegal\/#\/schema\/person\/2b1cf3cd81a31e3cd26889ca66d677f1"},"headline":"Loi d&rsquo;amnistie : \u00ab\u00a0Il faut savoir pardonner\u00a0\u00bb, selon Seydou Gu\u00e8ye","datePublished":"2024-02-25T22:08:03+00:00","dateModified":"2024-02-25T23:21:58+00:00","mainEntityOfPage":{"@id":"https:\/\/www.africa-press.net\/senegal\/politique\/loi-damnistie-il-faut-savoir-pardonner-selon-seydou-gueye"},"wordCount":294,"commentCount":0,"image":{"@id":"https:\/\/www.africa-press.net\/senegal\/politique\/loi-damnistie-il-faut-savoir-pardonner-selon-seydou-gueye#primaryimage"},"thumbnailUrl":"https:\/\/static.africa-press.net\/senegal\/sites\/13\/2024\/02\/sm_1708887085.300402.jpg","keywords":["Africa Press","Africa Press-Senegal","Senegal"],"articleSection":["Politique","Toutes les actualit\u00e9s"],"inLanguage":"fr-FR","potentialAction":[{"@type":"CommentAction","name":"Comment","target":["https:\/\/www.africa-press.net\/senegal\/politique\/loi-damnistie-il-faut-savoir-pardonner-selon-seydou-gueye#respond"]}]},{"@type":"WebPage","@id":"https:\/\/www.africa-press.net\/senegal\/politique\/loi-damnistie-il-faut-savoir-pardonner-selon-seydou-gueye","url":"https:\/\/www.africa-press.net\/senegal\/politique\/loi-damnistie-il-faut-savoir-pardonner-selon-seydou-gueye","name":"Loi d'amnistie : \"Il faut savoir pardonner\", selon Seydou Gu\u00e8ye - Senegal","isPartOf":{"@id":"https:\/\/www.africa-press.net\/senegal\/#website"},"primaryImageOfPage":{"@id":"https:\/\/www.africa-press.net\/senegal\/politique\/loi-damnistie-il-faut-savoir-pardonner-selon-seydou-gueye#primaryimage"},"image":{"@id":"https:\/\/www.africa-press.net\/senegal\/politique\/loi-damnistie-il-faut-savoir-pardonner-selon-seydou-gueye#primaryimage"},"thumbnailUrl":"https:\/\/static.africa-press.net\/senegal\/sites\/13\/2024\/02\/sm_1708887085.300402.jpg","datePublished":"2024-02-25T22:08:03+00:00","dateModified":"2024-02-25T23:21:58+00:00","author":{"@id":"https:\/\/www.africa-press.net\/senegal\/#\/schema\/person\/2b1cf3cd81a31e3cd26889ca66d677f1"},"description":"Des de\u0301tenus politiques ont e\u0301te\u0301 libe\u0301re\u0301s en grande masse provisoirement. Pour le secre\u0301taire ge\u0301ne\u0301ral du gouvernemen ...","breadcrumb":{"@id":"https:\/\/www.africa-press.net\/senegal\/politique\/loi-damnistie-il-faut-savoir-pardonner-selon-seydou-gueye#breadcrumb"},"inLanguage":"fr-FR","potentialAction":[{"@type":"ReadAction","target":["https:\/\/www.africa-press.net\/senegal\/politique\/loi-damnistie-il-faut-savoir-pardonner-selon-seydou-gueye"]}]},{"@type":"ImageObject","inLanguage":"fr-FR","@id":"https:\/\/www.africa-press.net\/senegal\/politique\/loi-damnistie-il-faut-savoir-pardonner-selon-seydou-gueye#primaryimage","url":"https:\/\/static.africa-press.net\/senegal\/sites\/13\/2024\/02\/sm_1708887085.300402.jpg","contentUrl":"https:\/\/static.africa-press.net\/senegal\/sites\/13\/2024\/02\/sm_1708887085.300402.jpg","width":1289,"height":632,"caption":"Loi d'amnistie : \"Il faut savoir pardonner\", selon Seydou Gu\u00e8ye"},{"@type":"BreadcrumbList","@id":"https:\/\/www.africa-press.net\/senegal\/politique\/loi-damnistie-il-faut-savoir-pardonner-selon-seydou-gueye#breadcrumb","itemListElement":[{"@type":"ListItem","position":1,"name":"Accueil","item":"https:\/\/www.africa-press.net\/senegal\/"},{"@type":"ListItem","position":2,"name":"Loi d&#8217;amnistie : &#8220;Il faut savoir pardonner&#8221;, selon Seydou Gu\u00e8ye"}]},{"@type":"WebSite","@id":"https:\/\/www.africa-press.net\/senegal\/#website","url":"https:\/\/www.africa-press.net\/senegal\/","name":"Africa Press | Senegal | Homepage","description":"Just another Africa News Agency Sites site","potentialAction":[{"@type":"SearchAction","target":{"@type":"EntryPoint","urlTemplate":"https:\/\/www.africa-press.net\/senegal\/?s={search_term_string}"},"query-input":{"@type":"PropertyValueSpecification","valueRequired":true,"valueName":"search_term_string"}}],"inLanguage":"fr-FR"},{"@type":"Person","@id":"https:\/\/www.africa-press.net\/senegal\/#\/schema\/person\/2b1cf3cd81a31e3cd26889ca66d677f1","name":"cfeditorfr","url":"https:\/\/www.africa-press.net\/senegal\/author\/cfeditorfr"}]}},"_links":{"self":[{"href":"https:\/\/www.africa-press.net\/senegal\/wp-json\/wp\/v2\/posts\/56103","targetHints":{"allow":["GET"]}}],"collection":[{"href":"https:\/\/www.africa-press.net\/senegal\/wp-json\/wp\/v2\/posts"}],"about":[{"href":"https:\/\/www.africa-press.net\/senegal\/wp-json\/wp\/v2\/types\/post"}],"author":[{"embeddable":true,"href":"https:\/\/www.africa-press.net\/senegal\/wp-json\/wp\/v2\/users\/82"}],"replies":[{"embeddable":true,"href":"https:\/\/www.africa-press.net\/senegal\/wp-json\/wp\/v2\/comments?post=56103"}],"version-history":[{"count":0,"href":"https:\/\/www.africa-press.net\/senegal\/wp-json\/wp\/v2\/posts\/56103\/revisions"}],"wp:featuredmedia":[{"embeddable":true,"href":"https:\/\/www.africa-press.net\/senegal\/wp-json\/wp\/v2\/media\/56102"}],"wp:attachment":[{"href":"https:\/\/www.africa-press.net\/senegal\/wp-json\/wp\/v2\/media?parent=56103"}],"wp:term":[{"taxonomy":"category","embeddable":true,"href":"https:\/\/www.africa-press.net\/senegal\/wp-json\/wp\/v2\/categories?post=56103"},{"taxonomy":"post_tag","embeddable":true,"href":"https:\/\/www.africa-press.net\/senegal\/wp-json\/wp\/v2\/tags?post=56103"}],"curies":[{"name":"wp","href":"https:\/\/api.w.org\/{rel}","templated":true}]}}