{"id":56109,"date":"2024-02-25T22:11:10","date_gmt":"2024-02-25T22:11:10","guid":{"rendered":"https:\/\/www.africa-press.net\/senegal\/politique\/pikine-les-forces-vives-maintiennent-la-pression-pour-la-tenue-de-lelection-presidentielle-avant-le-2-avril"},"modified":"2024-02-25T23:22:39","modified_gmt":"2024-02-25T23:22:39","slug":"pikine-les-forces-vives-maintiennent-la-pression-pour-la-tenue-de-lelection-presidentielle-avant-le-2-avril","status":"publish","type":"post","link":"https:\/\/www.africa-press.net\/senegal\/politique\/pikine-les-forces-vives-maintiennent-la-pression-pour-la-tenue-de-lelection-presidentielle-avant-le-2-avril","title":{"rendered":"Pikine : Les Forces vives maintiennent la pression pour la tenue de l&rsquo;\u00e9lection pr\u00e9sidentielle avant le 2 avril"},"content":{"rendered":"<p><span style=\"color: #ff6600\"><strong>Africa-Press &#8211; Senegal. <\/strong><\/span>La capitale se\u0301ne\u0301galaise Dakar et sa banlieue ont connu un week-end d\u2019effervescence politique. Des milliers de personnes ont pu manifester, samedi 24 et dimanche 25 fe\u0301vrier dans le calme dans plusieurs quartiers. Cependant,l&rsquo;atmosphe\u0300re reste tendue dans l&rsquo;are\u0300ne politique.Et pour preuve les forces vives se sont donne\u0301es rendez-vous ce dimanche devant la devanture de l&rsquo;e\u0301glise Notre Dame du Cap-Vert afin de sillonner les rues de Pikine.<\/p>\n<p>Malgre\u0301, la sortie du Pre\u0301sident de la Re\u0301publique qui a voulu apaiser la situation apre\u0300s deux semaines de tensions lie\u0301es au report de la pre\u0301sidentielle du 25 fe\u0301vrier, la hanche de guerre n\u2019est pas enterre\u0301e entre le pre\u0301sident Macky Sall et les Forces vives du de\u0301partement de Pikine qui ont mobilise\u0301 une foule immense.<\/p>\n<p>Ceux-ci exigent la \u201clibe\u0301ration de tous les otages politiques, sans exception\u201d.Ils maintiennent aussi la pression pour la tenue de l&rsquo;e\u0301lection avant le 2 avril, date d\u2019expiration du mandat du pre\u0301sident.\u00a0\u00bbPour nous, il y a encore une dernie\u0300re e\u0301tape, c\u2019est que le pre\u0301sident puisse rapidement prendre les actes pour convoquer le colle\u0300ge e\u0301lectoral et que l\u2019on puisse tenir les e\u0301lections avant le 2 avril.Car nous conside\u0301rons que le 2 avril est la date butoir et que le pre\u0301sident de la Re\u0301publique, Macky Sall, devra, faire passation de service avec le nouveau pre\u0301sident e\u0301lu\u201d, affirment-ils.<\/p>\n<p><strong>Pour plus d&rsquo;informations et d&rsquo;analyses sur la <a href=\"https:\/\/www.africa-press.net\/senegal\">Senegal<\/a>, suivez <a href=\"https:\/\/www.africa-press.net\/\">Africa-Press<\/a><\/strong><\/p>\n","protected":false},"excerpt":{"rendered":"<p>Africa-Press &#8211; Senegal. La capitale se\u0301ne\u0301galaise Dakar et sa banlieue ont connu un week-end d\u2019effervescence politique. Des milliers de personnes ont pu manifester, samedi 24 et dimanche 25 fe\u0301vrier dans le calme dans plusieurs quartiers. Cependant,l&rsquo;atmosphe\u0300re reste tendue dans l&rsquo;are\u0300ne politique.Et pour preuve les forces vives se sont donne\u0301es rendez-vous ce dimanche devant la devanture [&hellip;]<\/p>\n","protected":false},"author":82,"featured_media":56108,"comment_status":"open","ping_status":"closed","sticky":false,"template":"","format":"standard","meta":{"footnotes":""},"categories":[2,10],"tags":[43,47,44],"class_list":["post-56109","post","type-post","status-publish","format-standard","has-post-thumbnail","hentry","category-politique","category-toutes-les-actualites","tag-africa-press-2","tag-africa-press-senegal","tag-senegal-2"],"yoast_head":"<!-- This site is optimized with the Yoast SEO Premium plugin v26.1 (Yoast SEO v27.0) - https:\/\/yoast.com\/product\/yoast-seo-premium-wordpress\/ -->\n<title>Pikine : Les Forces vives maintiennent la pression pour la tenue de l&#039;\u00e9lection pr\u00e9sidentielle avant le 2 avril - Senegal<\/title>\n<meta name=\"description\" content=\"La capitale se\u0301ne\u0301galaise Dakar et sa banlieue ont connu un week-end d\u2019effervescence politique. Des milliers de personne ...\" \/>\n<meta name=\"robots\" content=\"index, follow, max-snippet:-1, max-image-preview:large, max-video-preview:-1\" \/>\n<link rel=\"canonical\" href=\"https:\/\/www.africa-press.net\/senegal\/politique\/pikine-les-forces-vives-maintiennent-la-pression-pour-la-tenue-de-lelection-presidentielle-avant-le-2-avril\" \/>\n<meta property=\"og:locale\" content=\"fr_FR\" \/>\n<meta property=\"og:type\" content=\"article\" \/>\n<meta property=\"og:title\" content=\"Pikine : Les Forces vives maintiennent la pression pour la tenue de l&#039;\u00e9lection pr\u00e9sidentielle avant le 2 avril\" \/>\n<meta property=\"og:description\" content=\"La capitale se\u0301ne\u0301galaise Dakar et sa banlieue ont connu un week-end d\u2019effervescence politique. Des milliers de personne ...\" \/>\n<meta property=\"og:url\" content=\"https:\/\/www.africa-press.net\/senegal\/politique\/pikine-les-forces-vives-maintiennent-la-pression-pour-la-tenue-de-lelection-presidentielle-avant-le-2-avril\" \/>\n<meta property=\"og:site_name\" content=\"Senegal\" \/>\n<meta property=\"article:published_time\" content=\"2024-02-25T22:11:10+00:00\" \/>\n<meta property=\"article:modified_time\" content=\"2024-02-25T23:22:39+00:00\" \/>\n<meta property=\"og:image\" content=\"https:\/\/static.africa-press.net\/senegal\/sites\/13\/2024\/02\/sm_1708887115.764954.jpg\" \/>\n\t<meta property=\"og:image:width\" content=\"1299\" \/>\n\t<meta property=\"og:image:height\" content=\"633\" \/>\n\t<meta property=\"og:image:type\" content=\"image\/jpeg\" \/>\n<meta name=\"author\" content=\"cfeditorfr\" \/>\n<meta name=\"twitter:card\" content=\"summary_large_image\" \/>\n<meta name=\"twitter:label1\" content=\"\u00c9crit par\" \/>\n\t<meta name=\"twitter:data1\" content=\"cfeditorfr\" \/>\n\t<meta name=\"twitter:label2\" content=\"Dur\u00e9e de lecture estim\u00e9e\" \/>\n\t<meta name=\"twitter:data2\" content=\"1 minute\" \/>\n<script type=\"application\/ld+json\" class=\"yoast-schema-graph\">{\"@context\":\"https:\/\/schema.org\",\"@graph\":[{\"@type\":\"Article\",\"@id\":\"https:\/\/www.africa-press.net\/senegal\/politique\/pikine-les-forces-vives-maintiennent-la-pression-pour-la-tenue-de-lelection-presidentielle-avant-le-2-avril#article\",\"isPartOf\":{\"@id\":\"https:\/\/www.africa-press.net\/senegal\/politique\/pikine-les-forces-vives-maintiennent-la-pression-pour-la-tenue-de-lelection-presidentielle-avant-le-2-avril\"},\"author\":{\"name\":\"cfeditorfr\",\"@id\":\"https:\/\/www.africa-press.net\/senegal\/#\/schema\/person\/2b1cf3cd81a31e3cd26889ca66d677f1\"},\"headline\":\"Pikine : Les Forces vives maintiennent la pression pour la tenue de l&rsquo;\u00e9lection pr\u00e9sidentielle avant le 2 avril\",\"datePublished\":\"2024-02-25T22:11:10+00:00\",\"dateModified\":\"2024-02-25T23:22:39+00:00\",\"mainEntityOfPage\":{\"@id\":\"https:\/\/www.africa-press.net\/senegal\/politique\/pikine-les-forces-vives-maintiennent-la-pression-pour-la-tenue-de-lelection-presidentielle-avant-le-2-avril\"},\"wordCount\":283,\"commentCount\":0,\"image\":{\"@id\":\"https:\/\/www.africa-press.net\/senegal\/politique\/pikine-les-forces-vives-maintiennent-la-pression-pour-la-tenue-de-lelection-presidentielle-avant-le-2-avril#primaryimage\"},\"thumbnailUrl\":\"https:\/\/static.africa-press.net\/senegal\/sites\/13\/2024\/02\/sm_1708887115.764954.jpg\",\"keywords\":[\"Africa Press\",\"Africa Press-Senegal\",\"Senegal\"],\"articleSection\":[\"Politique\",\"Toutes les actualit\u00e9s\"],\"inLanguage\":\"fr-FR\",\"potentialAction\":[{\"@type\":\"CommentAction\",\"name\":\"Comment\",\"target\":[\"https:\/\/www.africa-press.net\/senegal\/politique\/pikine-les-forces-vives-maintiennent-la-pression-pour-la-tenue-de-lelection-presidentielle-avant-le-2-avril#respond\"]}]},{\"@type\":\"WebPage\",\"@id\":\"https:\/\/www.africa-press.net\/senegal\/politique\/pikine-les-forces-vives-maintiennent-la-pression-pour-la-tenue-de-lelection-presidentielle-avant-le-2-avril\",\"url\":\"https:\/\/www.africa-press.net\/senegal\/politique\/pikine-les-forces-vives-maintiennent-la-pression-pour-la-tenue-de-lelection-presidentielle-avant-le-2-avril\",\"name\":\"Pikine : Les Forces vives maintiennent la pression pour la tenue de l'\u00e9lection pr\u00e9sidentielle avant le 2 avril - Senegal\",\"isPartOf\":{\"@id\":\"https:\/\/www.africa-press.net\/senegal\/#website\"},\"primaryImageOfPage\":{\"@id\":\"https:\/\/www.africa-press.net\/senegal\/politique\/pikine-les-forces-vives-maintiennent-la-pression-pour-la-tenue-de-lelection-presidentielle-avant-le-2-avril#primaryimage\"},\"image\":{\"@id\":\"https:\/\/www.africa-press.net\/senegal\/politique\/pikine-les-forces-vives-maintiennent-la-pression-pour-la-tenue-de-lelection-presidentielle-avant-le-2-avril#primaryimage\"},\"thumbnailUrl\":\"https:\/\/static.africa-press.net\/senegal\/sites\/13\/2024\/02\/sm_1708887115.764954.jpg\",\"datePublished\":\"2024-02-25T22:11:10+00:00\",\"dateModified\":\"2024-02-25T23:22:39+00:00\",\"author\":{\"@id\":\"https:\/\/www.africa-press.net\/senegal\/#\/schema\/person\/2b1cf3cd81a31e3cd26889ca66d677f1\"},\"description\":\"La capitale se\u0301ne\u0301galaise Dakar et sa banlieue ont connu un week-end d\u2019effervescence politique. Des milliers de personne ...\",\"breadcrumb\":{\"@id\":\"https:\/\/www.africa-press.net\/senegal\/politique\/pikine-les-forces-vives-maintiennent-la-pression-pour-la-tenue-de-lelection-presidentielle-avant-le-2-avril#breadcrumb\"},\"inLanguage\":\"fr-FR\",\"potentialAction\":[{\"@type\":\"ReadAction\",\"target\":[\"https:\/\/www.africa-press.net\/senegal\/politique\/pikine-les-forces-vives-maintiennent-la-pression-pour-la-tenue-de-lelection-presidentielle-avant-le-2-avril\"]}]},{\"@type\":\"ImageObject\",\"inLanguage\":\"fr-FR\",\"@id\":\"https:\/\/www.africa-press.net\/senegal\/politique\/pikine-les-forces-vives-maintiennent-la-pression-pour-la-tenue-de-lelection-presidentielle-avant-le-2-avril#primaryimage\",\"url\":\"https:\/\/static.africa-press.net\/senegal\/sites\/13\/2024\/02\/sm_1708887115.764954.jpg\",\"contentUrl\":\"https:\/\/static.africa-press.net\/senegal\/sites\/13\/2024\/02\/sm_1708887115.764954.jpg\",\"width\":1299,\"height\":633,\"caption\":\"Pikine : Les Forces vives maintiennent la pression pour la tenue de l'\u00e9lection pr\u00e9sidentielle avant le 2 avril\"},{\"@type\":\"BreadcrumbList\",\"@id\":\"https:\/\/www.africa-press.net\/senegal\/politique\/pikine-les-forces-vives-maintiennent-la-pression-pour-la-tenue-de-lelection-presidentielle-avant-le-2-avril#breadcrumb\",\"itemListElement\":[{\"@type\":\"ListItem\",\"position\":1,\"name\":\"Accueil\",\"item\":\"https:\/\/www.africa-press.net\/senegal\/\"},{\"@type\":\"ListItem\",\"position\":2,\"name\":\"Pikine : Les Forces vives maintiennent la pression pour la tenue de l&#8217;\u00e9lection pr\u00e9sidentielle avant le 2 avril\"}]},{\"@type\":\"WebSite\",\"@id\":\"https:\/\/www.africa-press.net\/senegal\/#website\",\"url\":\"https:\/\/www.africa-press.net\/senegal\/\",\"name\":\"Africa Press | Senegal | Homepage\",\"description\":\"Just another Africa News Agency Sites site\",\"potentialAction\":[{\"@type\":\"SearchAction\",\"target\":{\"@type\":\"EntryPoint\",\"urlTemplate\":\"https:\/\/www.africa-press.net\/senegal\/?s={search_term_string}\"},\"query-input\":{\"@type\":\"PropertyValueSpecification\",\"valueRequired\":true,\"valueName\":\"search_term_string\"}}],\"inLanguage\":\"fr-FR\"},{\"@type\":\"Person\",\"@id\":\"https:\/\/www.africa-press.net\/senegal\/#\/schema\/person\/2b1cf3cd81a31e3cd26889ca66d677f1\",\"name\":\"cfeditorfr\",\"url\":\"https:\/\/www.africa-press.net\/senegal\/author\/cfeditorfr\"}]}<\/script>\n<!-- \/ Yoast SEO Premium plugin. -->","yoast_head_json":{"title":"Pikine : Les Forces vives maintiennent la pression pour la tenue de l'\u00e9lection pr\u00e9sidentielle avant le 2 avril - Senegal","description":"La capitale se\u0301ne\u0301galaise Dakar et sa banlieue ont connu un week-end d\u2019effervescence politique. Des milliers de personne ...","robots":{"index":"index","follow":"follow","max-snippet":"max-snippet:-1","max-image-preview":"max-image-preview:large","max-video-preview":"max-video-preview:-1"},"canonical":"https:\/\/www.africa-press.net\/senegal\/politique\/pikine-les-forces-vives-maintiennent-la-pression-pour-la-tenue-de-lelection-presidentielle-avant-le-2-avril","og_locale":"fr_FR","og_type":"article","og_title":"Pikine : Les Forces vives maintiennent la pression pour la tenue de l'\u00e9lection pr\u00e9sidentielle avant le 2 avril","og_description":"La capitale se\u0301ne\u0301galaise Dakar et sa banlieue ont connu un week-end d\u2019effervescence politique. Des milliers de personne ...","og_url":"https:\/\/www.africa-press.net\/senegal\/politique\/pikine-les-forces-vives-maintiennent-la-pression-pour-la-tenue-de-lelection-presidentielle-avant-le-2-avril","og_site_name":"Senegal","article_published_time":"2024-02-25T22:11:10+00:00","article_modified_time":"2024-02-25T23:22:39+00:00","og_image":[{"width":1299,"height":633,"url":"https:\/\/static.africa-press.net\/senegal\/sites\/13\/2024\/02\/sm_1708887115.764954.jpg","type":"image\/jpeg"}],"author":"cfeditorfr","twitter_card":"summary_large_image","twitter_misc":{"\u00c9crit par":"cfeditorfr","Dur\u00e9e de lecture estim\u00e9e":"1 minute"},"schema":{"@context":"https:\/\/schema.org","@graph":[{"@type":"Article","@id":"https:\/\/www.africa-press.net\/senegal\/politique\/pikine-les-forces-vives-maintiennent-la-pression-pour-la-tenue-de-lelection-presidentielle-avant-le-2-avril#article","isPartOf":{"@id":"https:\/\/www.africa-press.net\/senegal\/politique\/pikine-les-forces-vives-maintiennent-la-pression-pour-la-tenue-de-lelection-presidentielle-avant-le-2-avril"},"author":{"name":"cfeditorfr","@id":"https:\/\/www.africa-press.net\/senegal\/#\/schema\/person\/2b1cf3cd81a31e3cd26889ca66d677f1"},"headline":"Pikine : Les Forces vives maintiennent la pression pour la tenue de l&rsquo;\u00e9lection pr\u00e9sidentielle avant le 2 avril","datePublished":"2024-02-25T22:11:10+00:00","dateModified":"2024-02-25T23:22:39+00:00","mainEntityOfPage":{"@id":"https:\/\/www.africa-press.net\/senegal\/politique\/pikine-les-forces-vives-maintiennent-la-pression-pour-la-tenue-de-lelection-presidentielle-avant-le-2-avril"},"wordCount":283,"commentCount":0,"image":{"@id":"https:\/\/www.africa-press.net\/senegal\/politique\/pikine-les-forces-vives-maintiennent-la-pression-pour-la-tenue-de-lelection-presidentielle-avant-le-2-avril#primaryimage"},"thumbnailUrl":"https:\/\/static.africa-press.net\/senegal\/sites\/13\/2024\/02\/sm_1708887115.764954.jpg","keywords":["Africa Press","Africa Press-Senegal","Senegal"],"articleSection":["Politique","Toutes les actualit\u00e9s"],"inLanguage":"fr-FR","potentialAction":[{"@type":"CommentAction","name":"Comment","target":["https:\/\/www.africa-press.net\/senegal\/politique\/pikine-les-forces-vives-maintiennent-la-pression-pour-la-tenue-de-lelection-presidentielle-avant-le-2-avril#respond"]}]},{"@type":"WebPage","@id":"https:\/\/www.africa-press.net\/senegal\/politique\/pikine-les-forces-vives-maintiennent-la-pression-pour-la-tenue-de-lelection-presidentielle-avant-le-2-avril","url":"https:\/\/www.africa-press.net\/senegal\/politique\/pikine-les-forces-vives-maintiennent-la-pression-pour-la-tenue-de-lelection-presidentielle-avant-le-2-avril","name":"Pikine : Les Forces vives maintiennent la pression pour la tenue de l'\u00e9lection pr\u00e9sidentielle avant le 2 avril - Senegal","isPartOf":{"@id":"https:\/\/www.africa-press.net\/senegal\/#website"},"primaryImageOfPage":{"@id":"https:\/\/www.africa-press.net\/senegal\/politique\/pikine-les-forces-vives-maintiennent-la-pression-pour-la-tenue-de-lelection-presidentielle-avant-le-2-avril#primaryimage"},"image":{"@id":"https:\/\/www.africa-press.net\/senegal\/politique\/pikine-les-forces-vives-maintiennent-la-pression-pour-la-tenue-de-lelection-presidentielle-avant-le-2-avril#primaryimage"},"thumbnailUrl":"https:\/\/static.africa-press.net\/senegal\/sites\/13\/2024\/02\/sm_1708887115.764954.jpg","datePublished":"2024-02-25T22:11:10+00:00","dateModified":"2024-02-25T23:22:39+00:00","author":{"@id":"https:\/\/www.africa-press.net\/senegal\/#\/schema\/person\/2b1cf3cd81a31e3cd26889ca66d677f1"},"description":"La capitale se\u0301ne\u0301galaise Dakar et sa banlieue ont connu un week-end d\u2019effervescence politique. Des milliers de personne ...","breadcrumb":{"@id":"https:\/\/www.africa-press.net\/senegal\/politique\/pikine-les-forces-vives-maintiennent-la-pression-pour-la-tenue-de-lelection-presidentielle-avant-le-2-avril#breadcrumb"},"inLanguage":"fr-FR","potentialAction":[{"@type":"ReadAction","target":["https:\/\/www.africa-press.net\/senegal\/politique\/pikine-les-forces-vives-maintiennent-la-pression-pour-la-tenue-de-lelection-presidentielle-avant-le-2-avril"]}]},{"@type":"ImageObject","inLanguage":"fr-FR","@id":"https:\/\/www.africa-press.net\/senegal\/politique\/pikine-les-forces-vives-maintiennent-la-pression-pour-la-tenue-de-lelection-presidentielle-avant-le-2-avril#primaryimage","url":"https:\/\/static.africa-press.net\/senegal\/sites\/13\/2024\/02\/sm_1708887115.764954.jpg","contentUrl":"https:\/\/static.africa-press.net\/senegal\/sites\/13\/2024\/02\/sm_1708887115.764954.jpg","width":1299,"height":633,"caption":"Pikine : Les Forces vives maintiennent la pression pour la tenue de l'\u00e9lection pr\u00e9sidentielle avant le 2 avril"},{"@type":"BreadcrumbList","@id":"https:\/\/www.africa-press.net\/senegal\/politique\/pikine-les-forces-vives-maintiennent-la-pression-pour-la-tenue-de-lelection-presidentielle-avant-le-2-avril#breadcrumb","itemListElement":[{"@type":"ListItem","position":1,"name":"Accueil","item":"https:\/\/www.africa-press.net\/senegal\/"},{"@type":"ListItem","position":2,"name":"Pikine : Les Forces vives maintiennent la pression pour la tenue de l&#8217;\u00e9lection pr\u00e9sidentielle avant le 2 avril"}]},{"@type":"WebSite","@id":"https:\/\/www.africa-press.net\/senegal\/#website","url":"https:\/\/www.africa-press.net\/senegal\/","name":"Africa Press | Senegal | Homepage","description":"Just another Africa News Agency Sites site","potentialAction":[{"@type":"SearchAction","target":{"@type":"EntryPoint","urlTemplate":"https:\/\/www.africa-press.net\/senegal\/?s={search_term_string}"},"query-input":{"@type":"PropertyValueSpecification","valueRequired":true,"valueName":"search_term_string"}}],"inLanguage":"fr-FR"},{"@type":"Person","@id":"https:\/\/www.africa-press.net\/senegal\/#\/schema\/person\/2b1cf3cd81a31e3cd26889ca66d677f1","name":"cfeditorfr","url":"https:\/\/www.africa-press.net\/senegal\/author\/cfeditorfr"}]}},"_links":{"self":[{"href":"https:\/\/www.africa-press.net\/senegal\/wp-json\/wp\/v2\/posts\/56109","targetHints":{"allow":["GET"]}}],"collection":[{"href":"https:\/\/www.africa-press.net\/senegal\/wp-json\/wp\/v2\/posts"}],"about":[{"href":"https:\/\/www.africa-press.net\/senegal\/wp-json\/wp\/v2\/types\/post"}],"author":[{"embeddable":true,"href":"https:\/\/www.africa-press.net\/senegal\/wp-json\/wp\/v2\/users\/82"}],"replies":[{"embeddable":true,"href":"https:\/\/www.africa-press.net\/senegal\/wp-json\/wp\/v2\/comments?post=56109"}],"version-history":[{"count":0,"href":"https:\/\/www.africa-press.net\/senegal\/wp-json\/wp\/v2\/posts\/56109\/revisions"}],"wp:featuredmedia":[{"embeddable":true,"href":"https:\/\/www.africa-press.net\/senegal\/wp-json\/wp\/v2\/media\/56108"}],"wp:attachment":[{"href":"https:\/\/www.africa-press.net\/senegal\/wp-json\/wp\/v2\/media?parent=56109"}],"wp:term":[{"taxonomy":"category","embeddable":true,"href":"https:\/\/www.africa-press.net\/senegal\/wp-json\/wp\/v2\/categories?post=56109"},{"taxonomy":"post_tag","embeddable":true,"href":"https:\/\/www.africa-press.net\/senegal\/wp-json\/wp\/v2\/tags?post=56109"}],"curies":[{"name":"wp","href":"https:\/\/api.w.org\/{rel}","templated":true}]}}