{"id":56147,"date":"2024-02-27T17:03:38","date_gmt":"2024-02-27T17:03:38","guid":{"rendered":"https:\/\/www.africa-press.net\/senegal\/politique\/dealogue-souleymane-ciss-de-idy-president-lance-des-accusations-contre-ousmane-sonko"},"modified":"2024-02-27T18:45:00","modified_gmt":"2024-02-27T18:45:00","slug":"dealogue-souleymane-ciss-de-idy-president-lance-des-accusations-contre-ousmane-sonko","status":"publish","type":"post","link":"https:\/\/www.africa-press.net\/senegal\/politique\/dealogue-souleymane-ciss-de-idy-president-lance-des-accusations-contre-ousmane-sonko","title":{"rendered":"\u00ab\u00a0Dealogue\u00a0\u00bb : Souleymane Ciss de \u00ab\u00a0Idy Pr\u00e9sident\u00a0\u00bb lance des accusations contre Ousmane Sonko"},"content":{"rendered":"<p><span style=\"color: #ff6600\"><strong>Africa-Press &#8211; Senegal. <\/strong><\/span>Proche de Macky Sall ces dernie\u0300res anne\u0301es, Idrissa Seck a finalement boycotte\u0301 le dialogue national. Un de ses proches, Souleymane Ciss, e\u0301galement coordonnateur de la Plateforme Idy Pre\u0301sident 2024, a toutefois lance\u0301 des accusations contre Ousmane Sonko par rapport a\u0300 la loi d&rsquo;amnistie propose\u0301e par le pre\u0301sident Sall.<\/p>\n<p>Souleymane Ciss a en effet sous-entendu qu&rsquo;il y aurait des discussions entre le leader de l&rsquo;ex-Pastef et le Pre\u0301sident Macky Sall. \u00ab\u00a0Cette loi, sous couvert de re\u0301conciliation et de pardon, menace me\u0302me de de\u0301chirer le tissu de notre socie\u0301te\u0301 et de compromettre les principes fondamentaux de la justice et de l&rsquo;e\u0301quite\u0301. Point d&rsquo;impunite\u0301 ! Point d&rsquo;amnistie sans Justice (&#8230;) Et pour Monsieur Ousmane Sonko qui a longtemps crache\u0301 sur une e\u0301ventuelle loi sce\u0301le\u0301rate d&rsquo;amnistie, accepter d&rsquo;en be\u0301ne\u0301ficier ne ferait que conforter le \u00ab\u00a0dealogue\u00a0\u00bb en lieu et place de dialogue et mettrait en lumie\u0300re sa compromission devant l&rsquo;histoire\u00a0\u00bb, a de\u0301clare\u0301 le Coordonnateur de la Plateforme Idy Pre\u0301sident 2024.<\/p>\n<p>Ce dernier a demande\u0301 aux de\u0301pute\u0301s de rejeter cette loi d&rsquo;amnistie. \u00ab\u00a0La Plateforme Idy Pre\u0301sident 2024 invite le Pre\u0301sident Macky Sall au respect de la prescription des 7 sages afin de faire sortir indemne le pays de l&rsquo;incertitude dont il est plonge\u0301 depuis sa de\u0301cision unilate\u0301rale et ine\u0301dite de reporter l&rsquo;e\u0301lection pre\u0301sidentielle, et appelle les de\u0301pute\u0301s du peuple a\u0300 rejeter fermement cette e\u0301ventuelle loi d&rsquo;amnistie et a\u0300 de\u0301fendre les valeurs fondamentales de la Justice\u00a0\u00bb, a termine\u0301 Souleymane Ciss dans sa note rec\u0327ue a\u0300 Seneweb.<\/p>\n<p><strong>Pour plus d&rsquo;informations et d&rsquo;analyses sur la <a href=\"https:\/\/www.africa-press.net\/senegal\">Senegal<\/a>, suivez <a href=\"https:\/\/www.africa-press.net\/\">Africa-Press<\/a><\/strong><\/p>\n","protected":false},"excerpt":{"rendered":"<p>Africa-Press &#8211; Senegal. Proche de Macky Sall ces dernie\u0300res anne\u0301es, Idrissa Seck a finalement boycotte\u0301 le dialogue national. Un de ses proches, Souleymane Ciss, e\u0301galement coordonnateur de la Plateforme Idy Pre\u0301sident 2024, a toutefois lance\u0301 des accusations contre Ousmane Sonko par rapport a\u0300 la loi d&rsquo;amnistie propose\u0301e par le pre\u0301sident Sall. Souleymane Ciss a en [&hellip;]<\/p>\n","protected":false},"author":82,"featured_media":56146,"comment_status":"open","ping_status":"closed","sticky":false,"template":"","format":"standard","meta":{"footnotes":""},"categories":[2,10],"tags":[43,47,44],"class_list":["post-56147","post","type-post","status-publish","format-standard","has-post-thumbnail","hentry","category-politique","category-toutes-les-actualites","tag-africa-press-2","tag-africa-press-senegal","tag-senegal-2"],"yoast_head":"<!-- This site is optimized with the Yoast SEO Premium plugin v26.1 (Yoast SEO v27.0) - https:\/\/yoast.com\/product\/yoast-seo-premium-wordpress\/ -->\n<title>&quot;Dealogue&quot; : Souleymane Ciss de &quot;Idy Pr\u00e9sident&quot; lance des accusations contre Ousmane Sonko - Senegal<\/title>\n<meta name=\"description\" content=\"Proche de Macky Sall ces dernie\u0300res anne\u0301es, Idrissa Seck a finalement boycotte\u0301 le dialogue national. Un de ses proches ...\" \/>\n<meta name=\"robots\" content=\"index, follow, max-snippet:-1, max-image-preview:large, max-video-preview:-1\" \/>\n<link rel=\"canonical\" href=\"https:\/\/www.africa-press.net\/senegal\/politique\/dealogue-souleymane-ciss-de-idy-president-lance-des-accusations-contre-ousmane-sonko\" \/>\n<meta property=\"og:locale\" content=\"fr_FR\" \/>\n<meta property=\"og:type\" content=\"article\" \/>\n<meta property=\"og:title\" content=\"&quot;Dealogue&quot; : Souleymane Ciss de &quot;Idy Pr\u00e9sident&quot; lance des accusations contre Ousmane Sonko\" \/>\n<meta property=\"og:description\" content=\"Proche de Macky Sall ces dernie\u0300res anne\u0301es, Idrissa Seck a finalement boycotte\u0301 le dialogue national. Un de ses proches ...\" \/>\n<meta property=\"og:url\" content=\"https:\/\/www.africa-press.net\/senegal\/politique\/dealogue-souleymane-ciss-de-idy-president-lance-des-accusations-contre-ousmane-sonko\" \/>\n<meta property=\"og:site_name\" content=\"Senegal\" \/>\n<meta property=\"article:published_time\" content=\"2024-02-27T17:03:38+00:00\" \/>\n<meta property=\"article:modified_time\" content=\"2024-02-27T18:45:00+00:00\" \/>\n<meta property=\"og:image\" content=\"https:\/\/static.africa-press.net\/senegal\/sites\/13\/2024\/02\/sm_1709043264.641503.jpg\" \/>\n\t<meta property=\"og:image:width\" content=\"1090\" \/>\n\t<meta property=\"og:image:height\" content=\"587\" \/>\n\t<meta property=\"og:image:type\" content=\"image\/jpeg\" \/>\n<meta name=\"author\" content=\"cfeditorfr\" \/>\n<meta name=\"twitter:card\" content=\"summary_large_image\" \/>\n<meta name=\"twitter:label1\" content=\"\u00c9crit par\" \/>\n\t<meta name=\"twitter:data1\" content=\"cfeditorfr\" \/>\n\t<meta name=\"twitter:label2\" content=\"Dur\u00e9e de lecture estim\u00e9e\" \/>\n\t<meta name=\"twitter:data2\" content=\"1 minute\" \/>\n<script type=\"application\/ld+json\" class=\"yoast-schema-graph\">{\"@context\":\"https:\/\/schema.org\",\"@graph\":[{\"@type\":\"Article\",\"@id\":\"https:\/\/www.africa-press.net\/senegal\/politique\/dealogue-souleymane-ciss-de-idy-president-lance-des-accusations-contre-ousmane-sonko#article\",\"isPartOf\":{\"@id\":\"https:\/\/www.africa-press.net\/senegal\/politique\/dealogue-souleymane-ciss-de-idy-president-lance-des-accusations-contre-ousmane-sonko\"},\"author\":{\"name\":\"cfeditorfr\",\"@id\":\"https:\/\/www.africa-press.net\/senegal\/#\/schema\/person\/2b1cf3cd81a31e3cd26889ca66d677f1\"},\"headline\":\"\u00ab\u00a0Dealogue\u00a0\u00bb : Souleymane Ciss de \u00ab\u00a0Idy Pr\u00e9sident\u00a0\u00bb lance des accusations contre Ousmane Sonko\",\"datePublished\":\"2024-02-27T17:03:38+00:00\",\"dateModified\":\"2024-02-27T18:45:00+00:00\",\"mainEntityOfPage\":{\"@id\":\"https:\/\/www.africa-press.net\/senegal\/politique\/dealogue-souleymane-ciss-de-idy-president-lance-des-accusations-contre-ousmane-sonko\"},\"wordCount\":308,\"commentCount\":0,\"image\":{\"@id\":\"https:\/\/www.africa-press.net\/senegal\/politique\/dealogue-souleymane-ciss-de-idy-president-lance-des-accusations-contre-ousmane-sonko#primaryimage\"},\"thumbnailUrl\":\"https:\/\/static.africa-press.net\/senegal\/sites\/13\/2024\/02\/sm_1709043264.641503.jpg\",\"keywords\":[\"Africa Press\",\"Africa Press-Senegal\",\"Senegal\"],\"articleSection\":[\"Politique\",\"Toutes les actualit\u00e9s\"],\"inLanguage\":\"fr-FR\",\"potentialAction\":[{\"@type\":\"CommentAction\",\"name\":\"Comment\",\"target\":[\"https:\/\/www.africa-press.net\/senegal\/politique\/dealogue-souleymane-ciss-de-idy-president-lance-des-accusations-contre-ousmane-sonko#respond\"]}]},{\"@type\":\"WebPage\",\"@id\":\"https:\/\/www.africa-press.net\/senegal\/politique\/dealogue-souleymane-ciss-de-idy-president-lance-des-accusations-contre-ousmane-sonko\",\"url\":\"https:\/\/www.africa-press.net\/senegal\/politique\/dealogue-souleymane-ciss-de-idy-president-lance-des-accusations-contre-ousmane-sonko\",\"name\":\"\\\"Dealogue\\\" : Souleymane Ciss de \\\"Idy Pr\u00e9sident\\\" lance des accusations contre Ousmane Sonko - Senegal\",\"isPartOf\":{\"@id\":\"https:\/\/www.africa-press.net\/senegal\/#website\"},\"primaryImageOfPage\":{\"@id\":\"https:\/\/www.africa-press.net\/senegal\/politique\/dealogue-souleymane-ciss-de-idy-president-lance-des-accusations-contre-ousmane-sonko#primaryimage\"},\"image\":{\"@id\":\"https:\/\/www.africa-press.net\/senegal\/politique\/dealogue-souleymane-ciss-de-idy-president-lance-des-accusations-contre-ousmane-sonko#primaryimage\"},\"thumbnailUrl\":\"https:\/\/static.africa-press.net\/senegal\/sites\/13\/2024\/02\/sm_1709043264.641503.jpg\",\"datePublished\":\"2024-02-27T17:03:38+00:00\",\"dateModified\":\"2024-02-27T18:45:00+00:00\",\"author\":{\"@id\":\"https:\/\/www.africa-press.net\/senegal\/#\/schema\/person\/2b1cf3cd81a31e3cd26889ca66d677f1\"},\"description\":\"Proche de Macky Sall ces dernie\u0300res anne\u0301es, Idrissa Seck a finalement boycotte\u0301 le dialogue national. Un de ses proches ...\",\"breadcrumb\":{\"@id\":\"https:\/\/www.africa-press.net\/senegal\/politique\/dealogue-souleymane-ciss-de-idy-president-lance-des-accusations-contre-ousmane-sonko#breadcrumb\"},\"inLanguage\":\"fr-FR\",\"potentialAction\":[{\"@type\":\"ReadAction\",\"target\":[\"https:\/\/www.africa-press.net\/senegal\/politique\/dealogue-souleymane-ciss-de-idy-president-lance-des-accusations-contre-ousmane-sonko\"]}]},{\"@type\":\"ImageObject\",\"inLanguage\":\"fr-FR\",\"@id\":\"https:\/\/www.africa-press.net\/senegal\/politique\/dealogue-souleymane-ciss-de-idy-president-lance-des-accusations-contre-ousmane-sonko#primaryimage\",\"url\":\"https:\/\/static.africa-press.net\/senegal\/sites\/13\/2024\/02\/sm_1709043264.641503.jpg\",\"contentUrl\":\"https:\/\/static.africa-press.net\/senegal\/sites\/13\/2024\/02\/sm_1709043264.641503.jpg\",\"width\":1090,\"height\":587,\"caption\":\"\\\"Dealogue\\\" : Souleymane Ciss de \\\"Idy Pr\u00e9sident\\\" lance des accusations contre Ousmane Sonko\"},{\"@type\":\"BreadcrumbList\",\"@id\":\"https:\/\/www.africa-press.net\/senegal\/politique\/dealogue-souleymane-ciss-de-idy-president-lance-des-accusations-contre-ousmane-sonko#breadcrumb\",\"itemListElement\":[{\"@type\":\"ListItem\",\"position\":1,\"name\":\"Accueil\",\"item\":\"https:\/\/www.africa-press.net\/senegal\/\"},{\"@type\":\"ListItem\",\"position\":2,\"name\":\"&#8220;Dealogue&#8221; : Souleymane Ciss de &#8220;Idy Pr\u00e9sident&#8221; lance des accusations contre Ousmane Sonko\"}]},{\"@type\":\"WebSite\",\"@id\":\"https:\/\/www.africa-press.net\/senegal\/#website\",\"url\":\"https:\/\/www.africa-press.net\/senegal\/\",\"name\":\"Africa Press | Senegal | Homepage\",\"description\":\"Just another Africa News Agency Sites site\",\"potentialAction\":[{\"@type\":\"SearchAction\",\"target\":{\"@type\":\"EntryPoint\",\"urlTemplate\":\"https:\/\/www.africa-press.net\/senegal\/?s={search_term_string}\"},\"query-input\":{\"@type\":\"PropertyValueSpecification\",\"valueRequired\":true,\"valueName\":\"search_term_string\"}}],\"inLanguage\":\"fr-FR\"},{\"@type\":\"Person\",\"@id\":\"https:\/\/www.africa-press.net\/senegal\/#\/schema\/person\/2b1cf3cd81a31e3cd26889ca66d677f1\",\"name\":\"cfeditorfr\",\"url\":\"https:\/\/www.africa-press.net\/senegal\/author\/cfeditorfr\"}]}<\/script>\n<!-- \/ Yoast SEO Premium plugin. -->","yoast_head_json":{"title":"\"Dealogue\" : Souleymane Ciss de \"Idy Pr\u00e9sident\" lance des accusations contre Ousmane Sonko - Senegal","description":"Proche de Macky Sall ces dernie\u0300res anne\u0301es, Idrissa Seck a finalement boycotte\u0301 le dialogue national. Un de ses proches ...","robots":{"index":"index","follow":"follow","max-snippet":"max-snippet:-1","max-image-preview":"max-image-preview:large","max-video-preview":"max-video-preview:-1"},"canonical":"https:\/\/www.africa-press.net\/senegal\/politique\/dealogue-souleymane-ciss-de-idy-president-lance-des-accusations-contre-ousmane-sonko","og_locale":"fr_FR","og_type":"article","og_title":"\"Dealogue\" : Souleymane Ciss de \"Idy Pr\u00e9sident\" lance des accusations contre Ousmane Sonko","og_description":"Proche de Macky Sall ces dernie\u0300res anne\u0301es, Idrissa Seck a finalement boycotte\u0301 le dialogue national. Un de ses proches ...","og_url":"https:\/\/www.africa-press.net\/senegal\/politique\/dealogue-souleymane-ciss-de-idy-president-lance-des-accusations-contre-ousmane-sonko","og_site_name":"Senegal","article_published_time":"2024-02-27T17:03:38+00:00","article_modified_time":"2024-02-27T18:45:00+00:00","og_image":[{"width":1090,"height":587,"url":"https:\/\/static.africa-press.net\/senegal\/sites\/13\/2024\/02\/sm_1709043264.641503.jpg","type":"image\/jpeg"}],"author":"cfeditorfr","twitter_card":"summary_large_image","twitter_misc":{"\u00c9crit par":"cfeditorfr","Dur\u00e9e de lecture estim\u00e9e":"1 minute"},"schema":{"@context":"https:\/\/schema.org","@graph":[{"@type":"Article","@id":"https:\/\/www.africa-press.net\/senegal\/politique\/dealogue-souleymane-ciss-de-idy-president-lance-des-accusations-contre-ousmane-sonko#article","isPartOf":{"@id":"https:\/\/www.africa-press.net\/senegal\/politique\/dealogue-souleymane-ciss-de-idy-president-lance-des-accusations-contre-ousmane-sonko"},"author":{"name":"cfeditorfr","@id":"https:\/\/www.africa-press.net\/senegal\/#\/schema\/person\/2b1cf3cd81a31e3cd26889ca66d677f1"},"headline":"\u00ab\u00a0Dealogue\u00a0\u00bb : Souleymane Ciss de \u00ab\u00a0Idy Pr\u00e9sident\u00a0\u00bb lance des accusations contre Ousmane Sonko","datePublished":"2024-02-27T17:03:38+00:00","dateModified":"2024-02-27T18:45:00+00:00","mainEntityOfPage":{"@id":"https:\/\/www.africa-press.net\/senegal\/politique\/dealogue-souleymane-ciss-de-idy-president-lance-des-accusations-contre-ousmane-sonko"},"wordCount":308,"commentCount":0,"image":{"@id":"https:\/\/www.africa-press.net\/senegal\/politique\/dealogue-souleymane-ciss-de-idy-president-lance-des-accusations-contre-ousmane-sonko#primaryimage"},"thumbnailUrl":"https:\/\/static.africa-press.net\/senegal\/sites\/13\/2024\/02\/sm_1709043264.641503.jpg","keywords":["Africa Press","Africa Press-Senegal","Senegal"],"articleSection":["Politique","Toutes les actualit\u00e9s"],"inLanguage":"fr-FR","potentialAction":[{"@type":"CommentAction","name":"Comment","target":["https:\/\/www.africa-press.net\/senegal\/politique\/dealogue-souleymane-ciss-de-idy-president-lance-des-accusations-contre-ousmane-sonko#respond"]}]},{"@type":"WebPage","@id":"https:\/\/www.africa-press.net\/senegal\/politique\/dealogue-souleymane-ciss-de-idy-president-lance-des-accusations-contre-ousmane-sonko","url":"https:\/\/www.africa-press.net\/senegal\/politique\/dealogue-souleymane-ciss-de-idy-president-lance-des-accusations-contre-ousmane-sonko","name":"\"Dealogue\" : Souleymane Ciss de \"Idy Pr\u00e9sident\" lance des accusations contre Ousmane Sonko - Senegal","isPartOf":{"@id":"https:\/\/www.africa-press.net\/senegal\/#website"},"primaryImageOfPage":{"@id":"https:\/\/www.africa-press.net\/senegal\/politique\/dealogue-souleymane-ciss-de-idy-president-lance-des-accusations-contre-ousmane-sonko#primaryimage"},"image":{"@id":"https:\/\/www.africa-press.net\/senegal\/politique\/dealogue-souleymane-ciss-de-idy-president-lance-des-accusations-contre-ousmane-sonko#primaryimage"},"thumbnailUrl":"https:\/\/static.africa-press.net\/senegal\/sites\/13\/2024\/02\/sm_1709043264.641503.jpg","datePublished":"2024-02-27T17:03:38+00:00","dateModified":"2024-02-27T18:45:00+00:00","author":{"@id":"https:\/\/www.africa-press.net\/senegal\/#\/schema\/person\/2b1cf3cd81a31e3cd26889ca66d677f1"},"description":"Proche de Macky Sall ces dernie\u0300res anne\u0301es, Idrissa Seck a finalement boycotte\u0301 le dialogue national. Un de ses proches ...","breadcrumb":{"@id":"https:\/\/www.africa-press.net\/senegal\/politique\/dealogue-souleymane-ciss-de-idy-president-lance-des-accusations-contre-ousmane-sonko#breadcrumb"},"inLanguage":"fr-FR","potentialAction":[{"@type":"ReadAction","target":["https:\/\/www.africa-press.net\/senegal\/politique\/dealogue-souleymane-ciss-de-idy-president-lance-des-accusations-contre-ousmane-sonko"]}]},{"@type":"ImageObject","inLanguage":"fr-FR","@id":"https:\/\/www.africa-press.net\/senegal\/politique\/dealogue-souleymane-ciss-de-idy-president-lance-des-accusations-contre-ousmane-sonko#primaryimage","url":"https:\/\/static.africa-press.net\/senegal\/sites\/13\/2024\/02\/sm_1709043264.641503.jpg","contentUrl":"https:\/\/static.africa-press.net\/senegal\/sites\/13\/2024\/02\/sm_1709043264.641503.jpg","width":1090,"height":587,"caption":"\"Dealogue\" : Souleymane Ciss de \"Idy Pr\u00e9sident\" lance des accusations contre Ousmane Sonko"},{"@type":"BreadcrumbList","@id":"https:\/\/www.africa-press.net\/senegal\/politique\/dealogue-souleymane-ciss-de-idy-president-lance-des-accusations-contre-ousmane-sonko#breadcrumb","itemListElement":[{"@type":"ListItem","position":1,"name":"Accueil","item":"https:\/\/www.africa-press.net\/senegal\/"},{"@type":"ListItem","position":2,"name":"&#8220;Dealogue&#8221; : Souleymane Ciss de &#8220;Idy Pr\u00e9sident&#8221; lance des accusations contre Ousmane Sonko"}]},{"@type":"WebSite","@id":"https:\/\/www.africa-press.net\/senegal\/#website","url":"https:\/\/www.africa-press.net\/senegal\/","name":"Africa Press | Senegal | Homepage","description":"Just another Africa News Agency Sites site","potentialAction":[{"@type":"SearchAction","target":{"@type":"EntryPoint","urlTemplate":"https:\/\/www.africa-press.net\/senegal\/?s={search_term_string}"},"query-input":{"@type":"PropertyValueSpecification","valueRequired":true,"valueName":"search_term_string"}}],"inLanguage":"fr-FR"},{"@type":"Person","@id":"https:\/\/www.africa-press.net\/senegal\/#\/schema\/person\/2b1cf3cd81a31e3cd26889ca66d677f1","name":"cfeditorfr","url":"https:\/\/www.africa-press.net\/senegal\/author\/cfeditorfr"}]}},"_links":{"self":[{"href":"https:\/\/www.africa-press.net\/senegal\/wp-json\/wp\/v2\/posts\/56147","targetHints":{"allow":["GET"]}}],"collection":[{"href":"https:\/\/www.africa-press.net\/senegal\/wp-json\/wp\/v2\/posts"}],"about":[{"href":"https:\/\/www.africa-press.net\/senegal\/wp-json\/wp\/v2\/types\/post"}],"author":[{"embeddable":true,"href":"https:\/\/www.africa-press.net\/senegal\/wp-json\/wp\/v2\/users\/82"}],"replies":[{"embeddable":true,"href":"https:\/\/www.africa-press.net\/senegal\/wp-json\/wp\/v2\/comments?post=56147"}],"version-history":[{"count":0,"href":"https:\/\/www.africa-press.net\/senegal\/wp-json\/wp\/v2\/posts\/56147\/revisions"}],"wp:featuredmedia":[{"embeddable":true,"href":"https:\/\/www.africa-press.net\/senegal\/wp-json\/wp\/v2\/media\/56146"}],"wp:attachment":[{"href":"https:\/\/www.africa-press.net\/senegal\/wp-json\/wp\/v2\/media?parent=56147"}],"wp:term":[{"taxonomy":"category","embeddable":true,"href":"https:\/\/www.africa-press.net\/senegal\/wp-json\/wp\/v2\/categories?post=56147"},{"taxonomy":"post_tag","embeddable":true,"href":"https:\/\/www.africa-press.net\/senegal\/wp-json\/wp\/v2\/tags?post=56147"}],"curies":[{"name":"wp","href":"https:\/\/api.w.org\/{rel}","templated":true}]}}