{"id":56150,"date":"2024-02-27T17:05:21","date_gmt":"2024-02-27T17:05:21","guid":{"rendered":"https:\/\/www.africa-press.net\/senegal\/politique\/reprise-a-huis-clos-des-travaux-du-dialogue-national"},"modified":"2024-02-27T18:45:28","modified_gmt":"2024-02-27T18:45:28","slug":"reprise-a-huis-clos-des-travaux-du-dialogue-national","status":"publish","type":"post","link":"https:\/\/www.africa-press.net\/senegal\/politique\/reprise-a-huis-clos-des-travaux-du-dialogue-national","title":{"rendered":"Reprise \u00e0 huis clos des travaux du dialogue national"},"content":{"rendered":"<p><span style=\"color: #ff6600\"><strong>Africa-Press &#8211; Senegal. <\/strong><\/span>Les travaux du dialogue national, convoque\u0301 par le pre\u0301sident de la Re\u0301publique, ont repris mardi a\u0300 huis clos au Centre international de confe\u0301rences Abdou Diouf de Diamniadio (CICAD) de Diamniadio, une commune du de\u0301partement de Rufisque, a constate\u0301 l\u2019APS.<\/p>\n<p>Au deuxie\u0300me jour du dialogue national lance\u0301 lundi en pre\u0301sence du chef de l\u2019Etat, Macky Sall, les commissions mises en place a\u0300 cet effet ont entame\u0301 a\u0300 huis clos leur travaux. Il s\u2019agit pour les membres de ces commissions de travailler sur la proposition d\u2019une date apre\u0300s le report de l\u2019e\u0301lection pre\u0301sidentielle initialement fixe\u0301e au 25 fe\u0301vrier, la suite a\u0300 donner au processus e\u0301lectoral et l\u2019apre\u0300s 2 avril, la date de la fin du mandat du pre\u0301sident sortant.<\/p>\n<p>La commission charge\u0301e de re\u0301fle\u0301chir sur la date de la tenue de l\u2019e\u0301lection est dirige\u0301e par le ministre de l\u2019Inte\u0301rieur Sidiki Kaba.<\/p>\n<p>L\u2019autre commission, conduite par le ministre des Affaires e\u0301trange\u0300res, Ismaila Madior Fall, assurant l\u2019inte\u0301rim de la ministre de la Justice, se penche sur la poursuite du processus e\u0301lectoral apre\u0300s le 2 avril.<\/p>\n<p>Des chefs religieux, repre\u0301sentants de syndicats et d\u2019organisations de la socie\u0301te\u0301 civile et des candidats recale\u0301s a\u0300 l\u2019e\u0301lection pre\u0301sidentielle ont re\u0301pondu a\u0300 l\u2019appel du pre\u0301sident de la Re\u0301publique destine\u0301 a\u0300 dialoguer afin de permettre au pays de trouver les moyens de re\u0301soudre la crise politique qu\u2019il traverse depuis l\u2019annonce du report de l\u2019e\u0301lection pre\u0301sidentielle du 25 fe\u0301vrier 2024..<\/p>\n<p>Des responsables du Parti de\u0301mocratique se\u0301ne\u0301galais (PDS), la formation politique a\u0300 l\u2019origine des accusations porte\u0301es sur certains des membres du Conseil constitutionnel qui ont proce\u0301de\u0301 au contro\u0302le de la re\u0301gularite\u0301 des candidats a\u0300 l\u2019e\u0301lection pre\u0301sidentielle, ont participe\u0301 a\u0300 la rencontre.<\/p>\n<p><strong>Pour plus d&rsquo;informations et d&rsquo;analyses sur la <a href=\"https:\/\/www.africa-press.net\/senegal\">Senegal<\/a>, suivez <a href=\"https:\/\/www.africa-press.net\/\">Africa-Press<\/a><\/strong><\/p>\n","protected":false},"excerpt":{"rendered":"<p>Africa-Press &#8211; Senegal. Les travaux du dialogue national, convoque\u0301 par le pre\u0301sident de la Re\u0301publique, ont repris mardi a\u0300 huis clos au Centre international de confe\u0301rences Abdou Diouf de Diamniadio (CICAD) de Diamniadio, une commune du de\u0301partement de Rufisque, a constate\u0301 l\u2019APS. Au deuxie\u0300me jour du dialogue national lance\u0301 lundi en pre\u0301sence du chef de [&hellip;]<\/p>\n","protected":false},"author":82,"featured_media":56149,"comment_status":"open","ping_status":"closed","sticky":false,"template":"","format":"standard","meta":{"footnotes":""},"categories":[2,10],"tags":[43,47,44],"class_list":["post-56150","post","type-post","status-publish","format-standard","has-post-thumbnail","hentry","category-politique","category-toutes-les-actualites","tag-africa-press-2","tag-africa-press-senegal","tag-senegal-2"],"yoast_head":"<!-- This site is optimized with the Yoast SEO Premium plugin v26.1 (Yoast SEO v27.0) - https:\/\/yoast.com\/product\/yoast-seo-premium-wordpress\/ -->\n<title>Reprise \u00e0 huis clos des travaux du dialogue national - Senegal<\/title>\n<meta name=\"description\" content=\"Les travaux du dialogue national, convoque\u0301 par le pre\u0301sident de la Re\u0301publique, ont repris mardi a\u0300 huis clos au Centre ...\" \/>\n<meta name=\"robots\" content=\"index, follow, max-snippet:-1, max-image-preview:large, max-video-preview:-1\" \/>\n<link rel=\"canonical\" href=\"https:\/\/www.africa-press.net\/senegal\/politique\/reprise-a-huis-clos-des-travaux-du-dialogue-national\" \/>\n<meta property=\"og:locale\" content=\"fr_FR\" \/>\n<meta property=\"og:type\" content=\"article\" \/>\n<meta property=\"og:title\" content=\"Reprise \u00e0 huis clos des travaux du dialogue national\" \/>\n<meta property=\"og:description\" content=\"Les travaux du dialogue national, convoque\u0301 par le pre\u0301sident de la Re\u0301publique, ont repris mardi a\u0300 huis clos au Centre ...\" \/>\n<meta property=\"og:url\" content=\"https:\/\/www.africa-press.net\/senegal\/politique\/reprise-a-huis-clos-des-travaux-du-dialogue-national\" \/>\n<meta property=\"og:site_name\" content=\"Senegal\" \/>\n<meta property=\"article:published_time\" content=\"2024-02-27T17:05:21+00:00\" \/>\n<meta property=\"article:modified_time\" content=\"2024-02-27T18:45:28+00:00\" \/>\n<meta property=\"og:image\" content=\"https:\/\/static.africa-press.net\/senegal\/sites\/13\/2024\/02\/sm_1709043276.483738.jpg\" \/>\n\t<meta property=\"og:image:width\" content=\"1004\" \/>\n\t<meta property=\"og:image:height\" content=\"591\" \/>\n\t<meta property=\"og:image:type\" content=\"image\/jpeg\" \/>\n<meta name=\"author\" content=\"cfeditorfr\" \/>\n<meta name=\"twitter:card\" content=\"summary_large_image\" \/>\n<meta name=\"twitter:label1\" content=\"\u00c9crit par\" \/>\n\t<meta name=\"twitter:data1\" content=\"cfeditorfr\" \/>\n\t<meta name=\"twitter:label2\" content=\"Dur\u00e9e de lecture estim\u00e9e\" \/>\n\t<meta name=\"twitter:data2\" content=\"2 minutes\" \/>\n<script type=\"application\/ld+json\" class=\"yoast-schema-graph\">{\"@context\":\"https:\/\/schema.org\",\"@graph\":[{\"@type\":\"Article\",\"@id\":\"https:\/\/www.africa-press.net\/senegal\/politique\/reprise-a-huis-clos-des-travaux-du-dialogue-national#article\",\"isPartOf\":{\"@id\":\"https:\/\/www.africa-press.net\/senegal\/politique\/reprise-a-huis-clos-des-travaux-du-dialogue-national\"},\"author\":{\"name\":\"cfeditorfr\",\"@id\":\"https:\/\/www.africa-press.net\/senegal\/#\/schema\/person\/2b1cf3cd81a31e3cd26889ca66d677f1\"},\"headline\":\"Reprise \u00e0 huis clos des travaux du dialogue national\",\"datePublished\":\"2024-02-27T17:05:21+00:00\",\"dateModified\":\"2024-02-27T18:45:28+00:00\",\"mainEntityOfPage\":{\"@id\":\"https:\/\/www.africa-press.net\/senegal\/politique\/reprise-a-huis-clos-des-travaux-du-dialogue-national\"},\"wordCount\":351,\"commentCount\":0,\"image\":{\"@id\":\"https:\/\/www.africa-press.net\/senegal\/politique\/reprise-a-huis-clos-des-travaux-du-dialogue-national#primaryimage\"},\"thumbnailUrl\":\"https:\/\/static.africa-press.net\/senegal\/sites\/13\/2024\/02\/sm_1709043276.483738.jpg\",\"keywords\":[\"Africa Press\",\"Africa Press-Senegal\",\"Senegal\"],\"articleSection\":[\"Politique\",\"Toutes les actualit\u00e9s\"],\"inLanguage\":\"fr-FR\",\"potentialAction\":[{\"@type\":\"CommentAction\",\"name\":\"Comment\",\"target\":[\"https:\/\/www.africa-press.net\/senegal\/politique\/reprise-a-huis-clos-des-travaux-du-dialogue-national#respond\"]}]},{\"@type\":\"WebPage\",\"@id\":\"https:\/\/www.africa-press.net\/senegal\/politique\/reprise-a-huis-clos-des-travaux-du-dialogue-national\",\"url\":\"https:\/\/www.africa-press.net\/senegal\/politique\/reprise-a-huis-clos-des-travaux-du-dialogue-national\",\"name\":\"Reprise \u00e0 huis clos des travaux du dialogue national - Senegal\",\"isPartOf\":{\"@id\":\"https:\/\/www.africa-press.net\/senegal\/#website\"},\"primaryImageOfPage\":{\"@id\":\"https:\/\/www.africa-press.net\/senegal\/politique\/reprise-a-huis-clos-des-travaux-du-dialogue-national#primaryimage\"},\"image\":{\"@id\":\"https:\/\/www.africa-press.net\/senegal\/politique\/reprise-a-huis-clos-des-travaux-du-dialogue-national#primaryimage\"},\"thumbnailUrl\":\"https:\/\/static.africa-press.net\/senegal\/sites\/13\/2024\/02\/sm_1709043276.483738.jpg\",\"datePublished\":\"2024-02-27T17:05:21+00:00\",\"dateModified\":\"2024-02-27T18:45:28+00:00\",\"author\":{\"@id\":\"https:\/\/www.africa-press.net\/senegal\/#\/schema\/person\/2b1cf3cd81a31e3cd26889ca66d677f1\"},\"description\":\"Les travaux du dialogue national, convoque\u0301 par le pre\u0301sident de la Re\u0301publique, ont repris mardi a\u0300 huis clos au Centre ...\",\"breadcrumb\":{\"@id\":\"https:\/\/www.africa-press.net\/senegal\/politique\/reprise-a-huis-clos-des-travaux-du-dialogue-national#breadcrumb\"},\"inLanguage\":\"fr-FR\",\"potentialAction\":[{\"@type\":\"ReadAction\",\"target\":[\"https:\/\/www.africa-press.net\/senegal\/politique\/reprise-a-huis-clos-des-travaux-du-dialogue-national\"]}]},{\"@type\":\"ImageObject\",\"inLanguage\":\"fr-FR\",\"@id\":\"https:\/\/www.africa-press.net\/senegal\/politique\/reprise-a-huis-clos-des-travaux-du-dialogue-national#primaryimage\",\"url\":\"https:\/\/static.africa-press.net\/senegal\/sites\/13\/2024\/02\/sm_1709043276.483738.jpg\",\"contentUrl\":\"https:\/\/static.africa-press.net\/senegal\/sites\/13\/2024\/02\/sm_1709043276.483738.jpg\",\"width\":1004,\"height\":591,\"caption\":\"Reprise \u00e0 huis clos des travaux du dialogue national\"},{\"@type\":\"BreadcrumbList\",\"@id\":\"https:\/\/www.africa-press.net\/senegal\/politique\/reprise-a-huis-clos-des-travaux-du-dialogue-national#breadcrumb\",\"itemListElement\":[{\"@type\":\"ListItem\",\"position\":1,\"name\":\"Accueil\",\"item\":\"https:\/\/www.africa-press.net\/senegal\/\"},{\"@type\":\"ListItem\",\"position\":2,\"name\":\"Reprise \u00e0 huis clos des travaux du dialogue national\"}]},{\"@type\":\"WebSite\",\"@id\":\"https:\/\/www.africa-press.net\/senegal\/#website\",\"url\":\"https:\/\/www.africa-press.net\/senegal\/\",\"name\":\"Africa Press | Senegal | Homepage\",\"description\":\"Just another Africa News Agency Sites site\",\"potentialAction\":[{\"@type\":\"SearchAction\",\"target\":{\"@type\":\"EntryPoint\",\"urlTemplate\":\"https:\/\/www.africa-press.net\/senegal\/?s={search_term_string}\"},\"query-input\":{\"@type\":\"PropertyValueSpecification\",\"valueRequired\":true,\"valueName\":\"search_term_string\"}}],\"inLanguage\":\"fr-FR\"},{\"@type\":\"Person\",\"@id\":\"https:\/\/www.africa-press.net\/senegal\/#\/schema\/person\/2b1cf3cd81a31e3cd26889ca66d677f1\",\"name\":\"cfeditorfr\",\"url\":\"https:\/\/www.africa-press.net\/senegal\/author\/cfeditorfr\"}]}<\/script>\n<!-- \/ Yoast SEO Premium plugin. -->","yoast_head_json":{"title":"Reprise \u00e0 huis clos des travaux du dialogue national - Senegal","description":"Les travaux du dialogue national, convoque\u0301 par le pre\u0301sident de la Re\u0301publique, ont repris mardi a\u0300 huis clos au Centre ...","robots":{"index":"index","follow":"follow","max-snippet":"max-snippet:-1","max-image-preview":"max-image-preview:large","max-video-preview":"max-video-preview:-1"},"canonical":"https:\/\/www.africa-press.net\/senegal\/politique\/reprise-a-huis-clos-des-travaux-du-dialogue-national","og_locale":"fr_FR","og_type":"article","og_title":"Reprise \u00e0 huis clos des travaux du dialogue national","og_description":"Les travaux du dialogue national, convoque\u0301 par le pre\u0301sident de la Re\u0301publique, ont repris mardi a\u0300 huis clos au Centre ...","og_url":"https:\/\/www.africa-press.net\/senegal\/politique\/reprise-a-huis-clos-des-travaux-du-dialogue-national","og_site_name":"Senegal","article_published_time":"2024-02-27T17:05:21+00:00","article_modified_time":"2024-02-27T18:45:28+00:00","og_image":[{"width":1004,"height":591,"url":"https:\/\/static.africa-press.net\/senegal\/sites\/13\/2024\/02\/sm_1709043276.483738.jpg","type":"image\/jpeg"}],"author":"cfeditorfr","twitter_card":"summary_large_image","twitter_misc":{"\u00c9crit par":"cfeditorfr","Dur\u00e9e de lecture estim\u00e9e":"2 minutes"},"schema":{"@context":"https:\/\/schema.org","@graph":[{"@type":"Article","@id":"https:\/\/www.africa-press.net\/senegal\/politique\/reprise-a-huis-clos-des-travaux-du-dialogue-national#article","isPartOf":{"@id":"https:\/\/www.africa-press.net\/senegal\/politique\/reprise-a-huis-clos-des-travaux-du-dialogue-national"},"author":{"name":"cfeditorfr","@id":"https:\/\/www.africa-press.net\/senegal\/#\/schema\/person\/2b1cf3cd81a31e3cd26889ca66d677f1"},"headline":"Reprise \u00e0 huis clos des travaux du dialogue national","datePublished":"2024-02-27T17:05:21+00:00","dateModified":"2024-02-27T18:45:28+00:00","mainEntityOfPage":{"@id":"https:\/\/www.africa-press.net\/senegal\/politique\/reprise-a-huis-clos-des-travaux-du-dialogue-national"},"wordCount":351,"commentCount":0,"image":{"@id":"https:\/\/www.africa-press.net\/senegal\/politique\/reprise-a-huis-clos-des-travaux-du-dialogue-national#primaryimage"},"thumbnailUrl":"https:\/\/static.africa-press.net\/senegal\/sites\/13\/2024\/02\/sm_1709043276.483738.jpg","keywords":["Africa Press","Africa Press-Senegal","Senegal"],"articleSection":["Politique","Toutes les actualit\u00e9s"],"inLanguage":"fr-FR","potentialAction":[{"@type":"CommentAction","name":"Comment","target":["https:\/\/www.africa-press.net\/senegal\/politique\/reprise-a-huis-clos-des-travaux-du-dialogue-national#respond"]}]},{"@type":"WebPage","@id":"https:\/\/www.africa-press.net\/senegal\/politique\/reprise-a-huis-clos-des-travaux-du-dialogue-national","url":"https:\/\/www.africa-press.net\/senegal\/politique\/reprise-a-huis-clos-des-travaux-du-dialogue-national","name":"Reprise \u00e0 huis clos des travaux du dialogue national - Senegal","isPartOf":{"@id":"https:\/\/www.africa-press.net\/senegal\/#website"},"primaryImageOfPage":{"@id":"https:\/\/www.africa-press.net\/senegal\/politique\/reprise-a-huis-clos-des-travaux-du-dialogue-national#primaryimage"},"image":{"@id":"https:\/\/www.africa-press.net\/senegal\/politique\/reprise-a-huis-clos-des-travaux-du-dialogue-national#primaryimage"},"thumbnailUrl":"https:\/\/static.africa-press.net\/senegal\/sites\/13\/2024\/02\/sm_1709043276.483738.jpg","datePublished":"2024-02-27T17:05:21+00:00","dateModified":"2024-02-27T18:45:28+00:00","author":{"@id":"https:\/\/www.africa-press.net\/senegal\/#\/schema\/person\/2b1cf3cd81a31e3cd26889ca66d677f1"},"description":"Les travaux du dialogue national, convoque\u0301 par le pre\u0301sident de la Re\u0301publique, ont repris mardi a\u0300 huis clos au Centre ...","breadcrumb":{"@id":"https:\/\/www.africa-press.net\/senegal\/politique\/reprise-a-huis-clos-des-travaux-du-dialogue-national#breadcrumb"},"inLanguage":"fr-FR","potentialAction":[{"@type":"ReadAction","target":["https:\/\/www.africa-press.net\/senegal\/politique\/reprise-a-huis-clos-des-travaux-du-dialogue-national"]}]},{"@type":"ImageObject","inLanguage":"fr-FR","@id":"https:\/\/www.africa-press.net\/senegal\/politique\/reprise-a-huis-clos-des-travaux-du-dialogue-national#primaryimage","url":"https:\/\/static.africa-press.net\/senegal\/sites\/13\/2024\/02\/sm_1709043276.483738.jpg","contentUrl":"https:\/\/static.africa-press.net\/senegal\/sites\/13\/2024\/02\/sm_1709043276.483738.jpg","width":1004,"height":591,"caption":"Reprise \u00e0 huis clos des travaux du dialogue national"},{"@type":"BreadcrumbList","@id":"https:\/\/www.africa-press.net\/senegal\/politique\/reprise-a-huis-clos-des-travaux-du-dialogue-national#breadcrumb","itemListElement":[{"@type":"ListItem","position":1,"name":"Accueil","item":"https:\/\/www.africa-press.net\/senegal\/"},{"@type":"ListItem","position":2,"name":"Reprise \u00e0 huis clos des travaux du dialogue national"}]},{"@type":"WebSite","@id":"https:\/\/www.africa-press.net\/senegal\/#website","url":"https:\/\/www.africa-press.net\/senegal\/","name":"Africa Press | Senegal | Homepage","description":"Just another Africa News Agency Sites site","potentialAction":[{"@type":"SearchAction","target":{"@type":"EntryPoint","urlTemplate":"https:\/\/www.africa-press.net\/senegal\/?s={search_term_string}"},"query-input":{"@type":"PropertyValueSpecification","valueRequired":true,"valueName":"search_term_string"}}],"inLanguage":"fr-FR"},{"@type":"Person","@id":"https:\/\/www.africa-press.net\/senegal\/#\/schema\/person\/2b1cf3cd81a31e3cd26889ca66d677f1","name":"cfeditorfr","url":"https:\/\/www.africa-press.net\/senegal\/author\/cfeditorfr"}]}},"_links":{"self":[{"href":"https:\/\/www.africa-press.net\/senegal\/wp-json\/wp\/v2\/posts\/56150","targetHints":{"allow":["GET"]}}],"collection":[{"href":"https:\/\/www.africa-press.net\/senegal\/wp-json\/wp\/v2\/posts"}],"about":[{"href":"https:\/\/www.africa-press.net\/senegal\/wp-json\/wp\/v2\/types\/post"}],"author":[{"embeddable":true,"href":"https:\/\/www.africa-press.net\/senegal\/wp-json\/wp\/v2\/users\/82"}],"replies":[{"embeddable":true,"href":"https:\/\/www.africa-press.net\/senegal\/wp-json\/wp\/v2\/comments?post=56150"}],"version-history":[{"count":0,"href":"https:\/\/www.africa-press.net\/senegal\/wp-json\/wp\/v2\/posts\/56150\/revisions"}],"wp:featuredmedia":[{"embeddable":true,"href":"https:\/\/www.africa-press.net\/senegal\/wp-json\/wp\/v2\/media\/56149"}],"wp:attachment":[{"href":"https:\/\/www.africa-press.net\/senegal\/wp-json\/wp\/v2\/media?parent=56150"}],"wp:term":[{"taxonomy":"category","embeddable":true,"href":"https:\/\/www.africa-press.net\/senegal\/wp-json\/wp\/v2\/categories?post=56150"},{"taxonomy":"post_tag","embeddable":true,"href":"https:\/\/www.africa-press.net\/senegal\/wp-json\/wp\/v2\/tags?post=56150"}],"curies":[{"name":"wp","href":"https:\/\/api.w.org\/{rel}","templated":true}]}}