{"id":56153,"date":"2024-02-27T17:07:56","date_gmt":"2024-02-27T17:07:56","guid":{"rendered":"https:\/\/www.africa-press.net\/senegal\/politique\/poursuivre-ou-recommencer-le-processus-electoral-la-position-de-macky-sall-connue"},"modified":"2024-02-27T18:45:48","modified_gmt":"2024-02-27T18:45:48","slug":"poursuivre-ou-recommencer-le-processus-electoral-la-position-de-macky-sall-connue","status":"publish","type":"post","link":"https:\/\/www.africa-press.net\/senegal\/politique\/poursuivre-ou-recommencer-le-processus-electoral-la-position-de-macky-sall-connue","title":{"rendered":"Poursuivre ou recommencer le processus \u00e9lectoral : La position de Macky Sall connue"},"content":{"rendered":"<p><span style=\"color: #ff6600\"><strong>Africa-Press &#8211; Senegal. <\/strong><\/span>Le dialogue national organise\u0301 par Macky Sall a porte\u0301 sur 3 sujets: la date de la Pre\u0301sidentielle, l&rsquo;amnistie et le processus e\u0301lectoral. Sur ce dernier point, certains ont demande\u0301 que le processus se poursuive avec les 19 candidats valide\u0301s par le conseil constitutionnel, alors que d&rsquo;autres souhaitent une reprise totale.<\/p>\n<p>Invite\u0301 de Maimouna Ndour Faye sur la 7TV, le ministre des Affaires e\u0301trange\u0300res, Ismaila Madior Fall, a de\u0301voile\u0301 la position du Chef de l&rsquo;Etat. \u00ab\u00a0Si la de\u0301cision de\u0301pendait uniquement et librement de Macky Sall, il allait amnistier tout le monde et recommencer le processus e\u0301lectoral. Il veut une e\u0301lection libre, transparente et surtout inclusive dans un Se\u0301ne\u0301gal re\u0301concilie\u0301. Il souhaite que des candidats comme Karim Wade puissent revenir et faire partie de la course a\u0300 la Pre\u0301sidentielle\u00a0\u00bb, a-t-il fait savoir.<\/p>\n<p>\u00ab\u00a0Le blocage de Karim Wade (par le Conseil constitutionnel) a e\u0301te\u0301 tre\u0300s surprenant. C&rsquo;est ce qui a pose\u0301 proble\u0300me car lors du premier dialogue, l&rsquo;un des principaux objectifs e\u0301tait de re\u0301habiliter des candidats comme Karim Wade et Khalifa Sall\u00a0\u00bb, a-t-il ajoute\u0301. Poursuivre ou recommencer le processus e\u0301lectoral: La position de Macky Sall connue<\/p>\n<p>Le dialogue national organise\u0301 par Macky Sall a porte\u0301 sur 3 sujets: la date de la Pre\u0301sidentielle, l&rsquo;amnistie et le processus e\u0301lectoral. Sur ce dernier point, certains ont demande\u0301 que le processus se poursuive avec les 19 candidats valide\u0301s par le conseil constitutionnel, alors que d&rsquo;autres souhaitent une reprise totale.<\/p>\n<p>Invite\u0301 de Maimouna Ndour Faye sur la 7TV, le ministre des Affaires e\u0301trange\u0300res, Ismaila Madior Fall, a de\u0301voile\u0301 la position du Chef de l&rsquo;Etat. \u00ab\u00a0Si la de\u0301cision de\u0301pendait uniquement et librement de Macky Sall, il allait amnistier tout le monde et recommencer le processus e\u0301lectoral. Il veut une e\u0301lection libre, transparente et surtout inclusive dans un Se\u0301ne\u0301gal re\u0301concilie\u0301. Il souhaite que des candidats comme Karim Wade puissent revenir et faire partie de la course a\u0300 la Pre\u0301sidentielle\u00a0\u00bb, a-t-il fait savoir.<\/p>\n<p>\u00ab\u00a0Le blocage de Karim Wade (par le Conseil constitutionnel) a e\u0301te\u0301 tre\u0300s surprenant. C&rsquo;est ce qui a pose\u0301 proble\u0300me car lors du premier dialogue, l&rsquo;un des principaux objectifs e\u0301tait de re\u0301habiliter des candidats comme Karim Wade et Khalifa Sall\u00a0\u00bb, a-t-il ajoute\u0301.<\/p>\n<p><strong>Pour plus d&rsquo;informations et d&rsquo;analyses sur la <a href=\"https:\/\/www.africa-press.net\/senegal\">Senegal<\/a>, suivez <a href=\"https:\/\/www.africa-press.net\/\">Africa-Press<\/a><\/strong><\/p>\n","protected":false},"excerpt":{"rendered":"<p>Africa-Press &#8211; Senegal. Le dialogue national organise\u0301 par Macky Sall a porte\u0301 sur 3 sujets: la date de la Pre\u0301sidentielle, l&rsquo;amnistie et le processus e\u0301lectoral. Sur ce dernier point, certains ont demande\u0301 que le processus se poursuive avec les 19 candidats valide\u0301s par le conseil constitutionnel, alors que d&rsquo;autres souhaitent une reprise totale. Invite\u0301 de [&hellip;]<\/p>\n","protected":false},"author":82,"featured_media":56151,"comment_status":"open","ping_status":"closed","sticky":false,"template":"","format":"standard","meta":{"footnotes":""},"categories":[2,10],"tags":[43,47,44],"class_list":["post-56153","post","type-post","status-publish","format-standard","has-post-thumbnail","hentry","category-politique","category-toutes-les-actualites","tag-africa-press-2","tag-africa-press-senegal","tag-senegal-2"],"yoast_head":"<!-- This site is optimized with the Yoast SEO Premium plugin v26.1 (Yoast SEO v27.0) - https:\/\/yoast.com\/product\/yoast-seo-premium-wordpress\/ -->\n<title>Poursuivre ou recommencer le processus \u00e9lectoral : La position de Macky Sall connue - Senegal<\/title>\n<meta name=\"description\" content=\"Le dialogue national organise\u0301 par Macky Sall a porte\u0301 sur 3 sujets: la date de la Pre\u0301sidentielle, l&#039;amnistie et le pro ...\" \/>\n<meta name=\"robots\" content=\"index, follow, max-snippet:-1, max-image-preview:large, max-video-preview:-1\" \/>\n<link rel=\"canonical\" href=\"https:\/\/www.africa-press.net\/senegal\/politique\/poursuivre-ou-recommencer-le-processus-electoral-la-position-de-macky-sall-connue\" \/>\n<meta property=\"og:locale\" content=\"fr_FR\" \/>\n<meta property=\"og:type\" content=\"article\" \/>\n<meta property=\"og:title\" content=\"Poursuivre ou recommencer le processus \u00e9lectoral : La position de Macky Sall connue\" \/>\n<meta property=\"og:description\" content=\"Le dialogue national organise\u0301 par Macky Sall a porte\u0301 sur 3 sujets: la date de la Pre\u0301sidentielle, l&#039;amnistie et le pro ...\" \/>\n<meta property=\"og:url\" content=\"https:\/\/www.africa-press.net\/senegal\/politique\/poursuivre-ou-recommencer-le-processus-electoral-la-position-de-macky-sall-connue\" \/>\n<meta property=\"og:site_name\" content=\"Senegal\" \/>\n<meta property=\"article:published_time\" content=\"2024-02-27T17:07:56+00:00\" \/>\n<meta property=\"article:modified_time\" content=\"2024-02-27T18:45:48+00:00\" \/>\n<meta property=\"og:image\" content=\"https:\/\/static.africa-press.net\/senegal\/sites\/13\/2024\/02\/sm_1709043295.409484.jpg\" \/>\n\t<meta property=\"og:image:width\" content=\"1218\" \/>\n\t<meta property=\"og:image:height\" content=\"591\" \/>\n\t<meta property=\"og:image:type\" content=\"image\/jpeg\" \/>\n<meta name=\"author\" content=\"cfeditorfr\" \/>\n<meta name=\"twitter:card\" content=\"summary_large_image\" \/>\n<meta name=\"twitter:label1\" content=\"\u00c9crit par\" \/>\n\t<meta name=\"twitter:data1\" content=\"cfeditorfr\" \/>\n\t<meta name=\"twitter:label2\" content=\"Dur\u00e9e de lecture estim\u00e9e\" \/>\n\t<meta name=\"twitter:data2\" content=\"2 minutes\" \/>\n<script type=\"application\/ld+json\" class=\"yoast-schema-graph\">{\"@context\":\"https:\/\/schema.org\",\"@graph\":[{\"@type\":\"Article\",\"@id\":\"https:\/\/www.africa-press.net\/senegal\/politique\/poursuivre-ou-recommencer-le-processus-electoral-la-position-de-macky-sall-connue#article\",\"isPartOf\":{\"@id\":\"https:\/\/www.africa-press.net\/senegal\/politique\/poursuivre-ou-recommencer-le-processus-electoral-la-position-de-macky-sall-connue\"},\"author\":{\"name\":\"cfeditorfr\",\"@id\":\"https:\/\/www.africa-press.net\/senegal\/#\/schema\/person\/2b1cf3cd81a31e3cd26889ca66d677f1\"},\"headline\":\"Poursuivre ou recommencer le processus \u00e9lectoral : La position de Macky Sall connue\",\"datePublished\":\"2024-02-27T17:07:56+00:00\",\"dateModified\":\"2024-02-27T18:45:48+00:00\",\"mainEntityOfPage\":{\"@id\":\"https:\/\/www.africa-press.net\/senegal\/politique\/poursuivre-ou-recommencer-le-processus-electoral-la-position-de-macky-sall-connue\"},\"wordCount\":426,\"commentCount\":0,\"image\":{\"@id\":\"https:\/\/www.africa-press.net\/senegal\/politique\/poursuivre-ou-recommencer-le-processus-electoral-la-position-de-macky-sall-connue#primaryimage\"},\"thumbnailUrl\":\"https:\/\/static.africa-press.net\/senegal\/sites\/13\/2024\/02\/sm_1709043295.409484.jpg\",\"keywords\":[\"Africa Press\",\"Africa Press-Senegal\",\"Senegal\"],\"articleSection\":[\"Politique\",\"Toutes les actualit\u00e9s\"],\"inLanguage\":\"fr-FR\",\"potentialAction\":[{\"@type\":\"CommentAction\",\"name\":\"Comment\",\"target\":[\"https:\/\/www.africa-press.net\/senegal\/politique\/poursuivre-ou-recommencer-le-processus-electoral-la-position-de-macky-sall-connue#respond\"]}]},{\"@type\":\"WebPage\",\"@id\":\"https:\/\/www.africa-press.net\/senegal\/politique\/poursuivre-ou-recommencer-le-processus-electoral-la-position-de-macky-sall-connue\",\"url\":\"https:\/\/www.africa-press.net\/senegal\/politique\/poursuivre-ou-recommencer-le-processus-electoral-la-position-de-macky-sall-connue\",\"name\":\"Poursuivre ou recommencer le processus \u00e9lectoral : La position de Macky Sall connue - Senegal\",\"isPartOf\":{\"@id\":\"https:\/\/www.africa-press.net\/senegal\/#website\"},\"primaryImageOfPage\":{\"@id\":\"https:\/\/www.africa-press.net\/senegal\/politique\/poursuivre-ou-recommencer-le-processus-electoral-la-position-de-macky-sall-connue#primaryimage\"},\"image\":{\"@id\":\"https:\/\/www.africa-press.net\/senegal\/politique\/poursuivre-ou-recommencer-le-processus-electoral-la-position-de-macky-sall-connue#primaryimage\"},\"thumbnailUrl\":\"https:\/\/static.africa-press.net\/senegal\/sites\/13\/2024\/02\/sm_1709043295.409484.jpg\",\"datePublished\":\"2024-02-27T17:07:56+00:00\",\"dateModified\":\"2024-02-27T18:45:48+00:00\",\"author\":{\"@id\":\"https:\/\/www.africa-press.net\/senegal\/#\/schema\/person\/2b1cf3cd81a31e3cd26889ca66d677f1\"},\"description\":\"Le dialogue national organise\u0301 par Macky Sall a porte\u0301 sur 3 sujets: la date de la Pre\u0301sidentielle, l'amnistie et le pro ...\",\"breadcrumb\":{\"@id\":\"https:\/\/www.africa-press.net\/senegal\/politique\/poursuivre-ou-recommencer-le-processus-electoral-la-position-de-macky-sall-connue#breadcrumb\"},\"inLanguage\":\"fr-FR\",\"potentialAction\":[{\"@type\":\"ReadAction\",\"target\":[\"https:\/\/www.africa-press.net\/senegal\/politique\/poursuivre-ou-recommencer-le-processus-electoral-la-position-de-macky-sall-connue\"]}]},{\"@type\":\"ImageObject\",\"inLanguage\":\"fr-FR\",\"@id\":\"https:\/\/www.africa-press.net\/senegal\/politique\/poursuivre-ou-recommencer-le-processus-electoral-la-position-de-macky-sall-connue#primaryimage\",\"url\":\"https:\/\/static.africa-press.net\/senegal\/sites\/13\/2024\/02\/sm_1709043295.409484.jpg\",\"contentUrl\":\"https:\/\/static.africa-press.net\/senegal\/sites\/13\/2024\/02\/sm_1709043295.409484.jpg\",\"width\":1218,\"height\":591,\"caption\":\"Poursuivre ou recommencer le processus \u00e9lectoral : La position de Macky Sall connue\"},{\"@type\":\"BreadcrumbList\",\"@id\":\"https:\/\/www.africa-press.net\/senegal\/politique\/poursuivre-ou-recommencer-le-processus-electoral-la-position-de-macky-sall-connue#breadcrumb\",\"itemListElement\":[{\"@type\":\"ListItem\",\"position\":1,\"name\":\"Accueil\",\"item\":\"https:\/\/www.africa-press.net\/senegal\/\"},{\"@type\":\"ListItem\",\"position\":2,\"name\":\"Poursuivre ou recommencer le processus \u00e9lectoral : La position de Macky Sall connue\"}]},{\"@type\":\"WebSite\",\"@id\":\"https:\/\/www.africa-press.net\/senegal\/#website\",\"url\":\"https:\/\/www.africa-press.net\/senegal\/\",\"name\":\"Africa Press | Senegal | Homepage\",\"description\":\"Just another Africa News Agency Sites site\",\"potentialAction\":[{\"@type\":\"SearchAction\",\"target\":{\"@type\":\"EntryPoint\",\"urlTemplate\":\"https:\/\/www.africa-press.net\/senegal\/?s={search_term_string}\"},\"query-input\":{\"@type\":\"PropertyValueSpecification\",\"valueRequired\":true,\"valueName\":\"search_term_string\"}}],\"inLanguage\":\"fr-FR\"},{\"@type\":\"Person\",\"@id\":\"https:\/\/www.africa-press.net\/senegal\/#\/schema\/person\/2b1cf3cd81a31e3cd26889ca66d677f1\",\"name\":\"cfeditorfr\",\"url\":\"https:\/\/www.africa-press.net\/senegal\/author\/cfeditorfr\"}]}<\/script>\n<!-- \/ Yoast SEO Premium plugin. -->","yoast_head_json":{"title":"Poursuivre ou recommencer le processus \u00e9lectoral : La position de Macky Sall connue - Senegal","description":"Le dialogue national organise\u0301 par Macky Sall a porte\u0301 sur 3 sujets: la date de la Pre\u0301sidentielle, l'amnistie et le pro ...","robots":{"index":"index","follow":"follow","max-snippet":"max-snippet:-1","max-image-preview":"max-image-preview:large","max-video-preview":"max-video-preview:-1"},"canonical":"https:\/\/www.africa-press.net\/senegal\/politique\/poursuivre-ou-recommencer-le-processus-electoral-la-position-de-macky-sall-connue","og_locale":"fr_FR","og_type":"article","og_title":"Poursuivre ou recommencer le processus \u00e9lectoral : La position de Macky Sall connue","og_description":"Le dialogue national organise\u0301 par Macky Sall a porte\u0301 sur 3 sujets: la date de la Pre\u0301sidentielle, l'amnistie et le pro ...","og_url":"https:\/\/www.africa-press.net\/senegal\/politique\/poursuivre-ou-recommencer-le-processus-electoral-la-position-de-macky-sall-connue","og_site_name":"Senegal","article_published_time":"2024-02-27T17:07:56+00:00","article_modified_time":"2024-02-27T18:45:48+00:00","og_image":[{"width":1218,"height":591,"url":"https:\/\/static.africa-press.net\/senegal\/sites\/13\/2024\/02\/sm_1709043295.409484.jpg","type":"image\/jpeg"}],"author":"cfeditorfr","twitter_card":"summary_large_image","twitter_misc":{"\u00c9crit par":"cfeditorfr","Dur\u00e9e de lecture estim\u00e9e":"2 minutes"},"schema":{"@context":"https:\/\/schema.org","@graph":[{"@type":"Article","@id":"https:\/\/www.africa-press.net\/senegal\/politique\/poursuivre-ou-recommencer-le-processus-electoral-la-position-de-macky-sall-connue#article","isPartOf":{"@id":"https:\/\/www.africa-press.net\/senegal\/politique\/poursuivre-ou-recommencer-le-processus-electoral-la-position-de-macky-sall-connue"},"author":{"name":"cfeditorfr","@id":"https:\/\/www.africa-press.net\/senegal\/#\/schema\/person\/2b1cf3cd81a31e3cd26889ca66d677f1"},"headline":"Poursuivre ou recommencer le processus \u00e9lectoral : La position de Macky Sall connue","datePublished":"2024-02-27T17:07:56+00:00","dateModified":"2024-02-27T18:45:48+00:00","mainEntityOfPage":{"@id":"https:\/\/www.africa-press.net\/senegal\/politique\/poursuivre-ou-recommencer-le-processus-electoral-la-position-de-macky-sall-connue"},"wordCount":426,"commentCount":0,"image":{"@id":"https:\/\/www.africa-press.net\/senegal\/politique\/poursuivre-ou-recommencer-le-processus-electoral-la-position-de-macky-sall-connue#primaryimage"},"thumbnailUrl":"https:\/\/static.africa-press.net\/senegal\/sites\/13\/2024\/02\/sm_1709043295.409484.jpg","keywords":["Africa Press","Africa Press-Senegal","Senegal"],"articleSection":["Politique","Toutes les actualit\u00e9s"],"inLanguage":"fr-FR","potentialAction":[{"@type":"CommentAction","name":"Comment","target":["https:\/\/www.africa-press.net\/senegal\/politique\/poursuivre-ou-recommencer-le-processus-electoral-la-position-de-macky-sall-connue#respond"]}]},{"@type":"WebPage","@id":"https:\/\/www.africa-press.net\/senegal\/politique\/poursuivre-ou-recommencer-le-processus-electoral-la-position-de-macky-sall-connue","url":"https:\/\/www.africa-press.net\/senegal\/politique\/poursuivre-ou-recommencer-le-processus-electoral-la-position-de-macky-sall-connue","name":"Poursuivre ou recommencer le processus \u00e9lectoral : La position de Macky Sall connue - Senegal","isPartOf":{"@id":"https:\/\/www.africa-press.net\/senegal\/#website"},"primaryImageOfPage":{"@id":"https:\/\/www.africa-press.net\/senegal\/politique\/poursuivre-ou-recommencer-le-processus-electoral-la-position-de-macky-sall-connue#primaryimage"},"image":{"@id":"https:\/\/www.africa-press.net\/senegal\/politique\/poursuivre-ou-recommencer-le-processus-electoral-la-position-de-macky-sall-connue#primaryimage"},"thumbnailUrl":"https:\/\/static.africa-press.net\/senegal\/sites\/13\/2024\/02\/sm_1709043295.409484.jpg","datePublished":"2024-02-27T17:07:56+00:00","dateModified":"2024-02-27T18:45:48+00:00","author":{"@id":"https:\/\/www.africa-press.net\/senegal\/#\/schema\/person\/2b1cf3cd81a31e3cd26889ca66d677f1"},"description":"Le dialogue national organise\u0301 par Macky Sall a porte\u0301 sur 3 sujets: la date de la Pre\u0301sidentielle, l'amnistie et le pro ...","breadcrumb":{"@id":"https:\/\/www.africa-press.net\/senegal\/politique\/poursuivre-ou-recommencer-le-processus-electoral-la-position-de-macky-sall-connue#breadcrumb"},"inLanguage":"fr-FR","potentialAction":[{"@type":"ReadAction","target":["https:\/\/www.africa-press.net\/senegal\/politique\/poursuivre-ou-recommencer-le-processus-electoral-la-position-de-macky-sall-connue"]}]},{"@type":"ImageObject","inLanguage":"fr-FR","@id":"https:\/\/www.africa-press.net\/senegal\/politique\/poursuivre-ou-recommencer-le-processus-electoral-la-position-de-macky-sall-connue#primaryimage","url":"https:\/\/static.africa-press.net\/senegal\/sites\/13\/2024\/02\/sm_1709043295.409484.jpg","contentUrl":"https:\/\/static.africa-press.net\/senegal\/sites\/13\/2024\/02\/sm_1709043295.409484.jpg","width":1218,"height":591,"caption":"Poursuivre ou recommencer le processus \u00e9lectoral : La position de Macky Sall connue"},{"@type":"BreadcrumbList","@id":"https:\/\/www.africa-press.net\/senegal\/politique\/poursuivre-ou-recommencer-le-processus-electoral-la-position-de-macky-sall-connue#breadcrumb","itemListElement":[{"@type":"ListItem","position":1,"name":"Accueil","item":"https:\/\/www.africa-press.net\/senegal\/"},{"@type":"ListItem","position":2,"name":"Poursuivre ou recommencer le processus \u00e9lectoral : La position de Macky Sall connue"}]},{"@type":"WebSite","@id":"https:\/\/www.africa-press.net\/senegal\/#website","url":"https:\/\/www.africa-press.net\/senegal\/","name":"Africa Press | Senegal | Homepage","description":"Just another Africa News Agency Sites site","potentialAction":[{"@type":"SearchAction","target":{"@type":"EntryPoint","urlTemplate":"https:\/\/www.africa-press.net\/senegal\/?s={search_term_string}"},"query-input":{"@type":"PropertyValueSpecification","valueRequired":true,"valueName":"search_term_string"}}],"inLanguage":"fr-FR"},{"@type":"Person","@id":"https:\/\/www.africa-press.net\/senegal\/#\/schema\/person\/2b1cf3cd81a31e3cd26889ca66d677f1","name":"cfeditorfr","url":"https:\/\/www.africa-press.net\/senegal\/author\/cfeditorfr"}]}},"_links":{"self":[{"href":"https:\/\/www.africa-press.net\/senegal\/wp-json\/wp\/v2\/posts\/56153","targetHints":{"allow":["GET"]}}],"collection":[{"href":"https:\/\/www.africa-press.net\/senegal\/wp-json\/wp\/v2\/posts"}],"about":[{"href":"https:\/\/www.africa-press.net\/senegal\/wp-json\/wp\/v2\/types\/post"}],"author":[{"embeddable":true,"href":"https:\/\/www.africa-press.net\/senegal\/wp-json\/wp\/v2\/users\/82"}],"replies":[{"embeddable":true,"href":"https:\/\/www.africa-press.net\/senegal\/wp-json\/wp\/v2\/comments?post=56153"}],"version-history":[{"count":0,"href":"https:\/\/www.africa-press.net\/senegal\/wp-json\/wp\/v2\/posts\/56153\/revisions"}],"wp:featuredmedia":[{"embeddable":true,"href":"https:\/\/www.africa-press.net\/senegal\/wp-json\/wp\/v2\/media\/56151"}],"wp:attachment":[{"href":"https:\/\/www.africa-press.net\/senegal\/wp-json\/wp\/v2\/media?parent=56153"}],"wp:term":[{"taxonomy":"category","embeddable":true,"href":"https:\/\/www.africa-press.net\/senegal\/wp-json\/wp\/v2\/categories?post=56153"},{"taxonomy":"post_tag","embeddable":true,"href":"https:\/\/www.africa-press.net\/senegal\/wp-json\/wp\/v2\/tags?post=56153"}],"curies":[{"name":"wp","href":"https:\/\/api.w.org\/{rel}","templated":true}]}}