{"id":56161,"date":"2024-02-27T17:12:15","date_gmt":"2024-02-27T17:12:15","guid":{"rendered":"https:\/\/www.africa-press.net\/senegal\/politique\/presidentielle-voici-les-2-dates-probables-pour-la-tenue-du-scrutin"},"modified":"2024-02-27T18:46:52","modified_gmt":"2024-02-27T18:46:52","slug":"presidentielle-voici-les-2-dates-probables-pour-la-tenue-du-scrutin","status":"publish","type":"post","link":"https:\/\/www.africa-press.net\/senegal\/politique\/presidentielle-voici-les-2-dates-probables-pour-la-tenue-du-scrutin","title":{"rendered":"Pr\u00e9sidentielle : Voici les 2 dates probables pour la tenue du scrutin"},"content":{"rendered":"<p><span style=\"color: #ff6600\"><strong>Africa-Press &#8211; Senegal. <\/strong><\/span>Le dialogue national pour fixer la date de la Pre\u0301sidentielle s&rsquo;est ouvert hier au CIDAD de Diamniadio, boycotte\u0301 par 17 des 19 candidats. Cette date du scrutin sera donc fixe\u0301e par le chef de l&rsquo;Etat, selon son bon vouloir.<\/p>\n<p>Si aucune date n&rsquo;a e\u0301te\u0301 e\u0301voque\u0301e lors de cette rencontre, Macky Sall a cependant mentionne\u0301 les pe\u0301riodes ou\u0300 il serait inopportun de fixer le scrutin. Lors du dialogue, le chef de l&rsquo;Etat a demande\u0301 que l&rsquo;on tienne compte du ramadan (pre\u0301vu du 11 mars au 10 avril) et du Daaka (e\u0301ve\u0300nement religieux national de 10 jours de retraite\u0301 spirituelle) de Me\u0301dina Gounass qui de\u0301marrera le 27 avril prochain.<\/p>\n<p>Dans ce cas, organiser la Pre\u0301sidentielle en mars ne sera pas possible a\u0300 cause du ramadan. Et lors de ses dernie\u0300res de\u0301clarations, Macky Sall avait fixe\u0301 le de\u0301but de l&rsquo;hivernage comme le dernier de\u0301lai pour tenir le scrutin.<\/p>\n<p>Si ces dates sont d&rsquo;ores et de\u0301ja\u0300 exclues du calendrier e\u0301lectoral, il ne reste plus que deux dates disponibles.<\/p>\n<p>Le dimanche 21 avril<\/p>\n<p>Si Macky Sall n&rsquo;organise pas la Pre\u0301sidentielle avant la fin de son mandat, le 21 avril pourrait e\u0302tre la date du scrutin. Ce sera une dizaine de jours apre\u0300s la fe\u0302te de la Korite\u0301 et une semaine avant l&rsquo;ouverture du Daaka. S&rsquo;il y a deuxie\u0300me tour, il pourrait se tenir entre le 5 mai &#8211; coi\u0308ncidant avec la fin du Daaka &#8211; et le 12 mai (ou encore le 19 mai).<\/p>\n<p>Le dimanche 19 mai<\/p>\n<p>C&rsquo;est la date la plus plausible pour la tenue de la Pre\u0301sidentielle. Le 19 mai s&rsquo;apparente comme la date qui s&rsquo;imbrique le mieux face aux nombreuses contraintes e\u0301voque\u0301es par Macky Sall. Les candidats auront tous deux semaines de campagne a\u0300 compter de la fin du Daaka (5 mai). Puis, cette date permettra de vider la question du scrutin avant l&rsquo;hivernage. S&rsquo;il devait y avoir un deuxie\u0300me tour, il se tiendra au de\u0301but du mois de juin (certainement le dimanche 2 ou 9 juin), quelques jours avant la fe\u0302te de la Tabaski (16 juin) et surtout avant les premie\u0300res pluies.<\/p>\n<p>Si aucun accord n\u2019est trouve\u0301 entre les diffe\u0301rents acteurs politiques, ce qui est probable, le Conseil constitutionnel pourrait fixer la date de la Pre\u0301sidentielle. Et me\u0302me dans ce cas, une de ces dates (le 21 avril ou le 19 mai) pourrait e\u0302tre retenue.<\/p>\n<p><strong>Pour plus d&rsquo;informations et d&rsquo;analyses sur la <a href=\"https:\/\/www.africa-press.net\/senegal\">Senegal<\/a>, suivez <a href=\"https:\/\/www.africa-press.net\/\">Africa-Press<\/a><\/strong><\/p>\n","protected":false},"excerpt":{"rendered":"<p>Africa-Press &#8211; Senegal. Le dialogue national pour fixer la date de la Pre\u0301sidentielle s&rsquo;est ouvert hier au CIDAD de Diamniadio, boycotte\u0301 par 17 des 19 candidats. Cette date du scrutin sera donc fixe\u0301e par le chef de l&rsquo;Etat, selon son bon vouloir. Si aucune date n&rsquo;a e\u0301te\u0301 e\u0301voque\u0301e lors de cette rencontre, Macky Sall a [&hellip;]<\/p>\n","protected":false},"author":82,"featured_media":56160,"comment_status":"open","ping_status":"closed","sticky":false,"template":"","format":"standard","meta":{"footnotes":""},"categories":[2,10],"tags":[43,47,44],"class_list":["post-56161","post","type-post","status-publish","format-standard","has-post-thumbnail","hentry","category-politique","category-toutes-les-actualites","tag-africa-press-2","tag-africa-press-senegal","tag-senegal-2"],"yoast_head":"<!-- This site is optimized with the Yoast SEO Premium plugin v26.1 (Yoast SEO v27.0) - https:\/\/yoast.com\/product\/yoast-seo-premium-wordpress\/ -->\n<title>Pr\u00e9sidentielle : Voici les 2 dates probables pour la tenue du scrutin - Senegal<\/title>\n<meta name=\"description\" content=\"Le dialogue national pour fixer la date de la Pre\u0301sidentielle s&#039;est ouvert hier au CIDAD de Diamniadio, boycotte\u0301 par 17 ...\" \/>\n<meta name=\"robots\" content=\"index, follow, max-snippet:-1, max-image-preview:large, max-video-preview:-1\" \/>\n<link rel=\"canonical\" href=\"https:\/\/www.africa-press.net\/senegal\/politique\/presidentielle-voici-les-2-dates-probables-pour-la-tenue-du-scrutin\" \/>\n<meta property=\"og:locale\" content=\"fr_FR\" \/>\n<meta property=\"og:type\" content=\"article\" \/>\n<meta property=\"og:title\" content=\"Pr\u00e9sidentielle : Voici les 2 dates probables pour la tenue du scrutin\" \/>\n<meta property=\"og:description\" content=\"Le dialogue national pour fixer la date de la Pre\u0301sidentielle s&#039;est ouvert hier au CIDAD de Diamniadio, boycotte\u0301 par 17 ...\" \/>\n<meta property=\"og:url\" content=\"https:\/\/www.africa-press.net\/senegal\/politique\/presidentielle-voici-les-2-dates-probables-pour-la-tenue-du-scrutin\" \/>\n<meta property=\"og:site_name\" content=\"Senegal\" \/>\n<meta property=\"article:published_time\" content=\"2024-02-27T17:12:15+00:00\" \/>\n<meta property=\"article:modified_time\" content=\"2024-02-27T18:46:52+00:00\" \/>\n<meta property=\"og:image\" content=\"https:\/\/static.africa-press.net\/senegal\/sites\/13\/2024\/02\/sm_1709043348.315325.jpg\" \/>\n\t<meta property=\"og:image:width\" content=\"1211\" \/>\n\t<meta property=\"og:image:height\" content=\"586\" \/>\n\t<meta property=\"og:image:type\" content=\"image\/jpeg\" \/>\n<meta name=\"author\" content=\"cfeditorfr\" \/>\n<meta name=\"twitter:card\" content=\"summary_large_image\" \/>\n<meta name=\"twitter:label1\" content=\"\u00c9crit par\" \/>\n\t<meta name=\"twitter:data1\" content=\"cfeditorfr\" \/>\n\t<meta name=\"twitter:label2\" content=\"Dur\u00e9e de lecture estim\u00e9e\" \/>\n\t<meta name=\"twitter:data2\" content=\"2 minutes\" \/>\n<script type=\"application\/ld+json\" class=\"yoast-schema-graph\">{\"@context\":\"https:\/\/schema.org\",\"@graph\":[{\"@type\":\"Article\",\"@id\":\"https:\/\/www.africa-press.net\/senegal\/politique\/presidentielle-voici-les-2-dates-probables-pour-la-tenue-du-scrutin#article\",\"isPartOf\":{\"@id\":\"https:\/\/www.africa-press.net\/senegal\/politique\/presidentielle-voici-les-2-dates-probables-pour-la-tenue-du-scrutin\"},\"author\":{\"name\":\"cfeditorfr\",\"@id\":\"https:\/\/www.africa-press.net\/senegal\/#\/schema\/person\/2b1cf3cd81a31e3cd26889ca66d677f1\"},\"headline\":\"Pr\u00e9sidentielle : Voici les 2 dates probables pour la tenue du scrutin\",\"datePublished\":\"2024-02-27T17:12:15+00:00\",\"dateModified\":\"2024-02-27T18:46:52+00:00\",\"mainEntityOfPage\":{\"@id\":\"https:\/\/www.africa-press.net\/senegal\/politique\/presidentielle-voici-les-2-dates-probables-pour-la-tenue-du-scrutin\"},\"wordCount\":443,\"commentCount\":0,\"image\":{\"@id\":\"https:\/\/www.africa-press.net\/senegal\/politique\/presidentielle-voici-les-2-dates-probables-pour-la-tenue-du-scrutin#primaryimage\"},\"thumbnailUrl\":\"https:\/\/static.africa-press.net\/senegal\/sites\/13\/2024\/02\/sm_1709043348.315325.jpg\",\"keywords\":[\"Africa Press\",\"Africa Press-Senegal\",\"Senegal\"],\"articleSection\":[\"Politique\",\"Toutes les actualit\u00e9s\"],\"inLanguage\":\"fr-FR\",\"potentialAction\":[{\"@type\":\"CommentAction\",\"name\":\"Comment\",\"target\":[\"https:\/\/www.africa-press.net\/senegal\/politique\/presidentielle-voici-les-2-dates-probables-pour-la-tenue-du-scrutin#respond\"]}]},{\"@type\":\"WebPage\",\"@id\":\"https:\/\/www.africa-press.net\/senegal\/politique\/presidentielle-voici-les-2-dates-probables-pour-la-tenue-du-scrutin\",\"url\":\"https:\/\/www.africa-press.net\/senegal\/politique\/presidentielle-voici-les-2-dates-probables-pour-la-tenue-du-scrutin\",\"name\":\"Pr\u00e9sidentielle : Voici les 2 dates probables pour la tenue du scrutin - Senegal\",\"isPartOf\":{\"@id\":\"https:\/\/www.africa-press.net\/senegal\/#website\"},\"primaryImageOfPage\":{\"@id\":\"https:\/\/www.africa-press.net\/senegal\/politique\/presidentielle-voici-les-2-dates-probables-pour-la-tenue-du-scrutin#primaryimage\"},\"image\":{\"@id\":\"https:\/\/www.africa-press.net\/senegal\/politique\/presidentielle-voici-les-2-dates-probables-pour-la-tenue-du-scrutin#primaryimage\"},\"thumbnailUrl\":\"https:\/\/static.africa-press.net\/senegal\/sites\/13\/2024\/02\/sm_1709043348.315325.jpg\",\"datePublished\":\"2024-02-27T17:12:15+00:00\",\"dateModified\":\"2024-02-27T18:46:52+00:00\",\"author\":{\"@id\":\"https:\/\/www.africa-press.net\/senegal\/#\/schema\/person\/2b1cf3cd81a31e3cd26889ca66d677f1\"},\"description\":\"Le dialogue national pour fixer la date de la Pre\u0301sidentielle s'est ouvert hier au CIDAD de Diamniadio, boycotte\u0301 par 17 ...\",\"breadcrumb\":{\"@id\":\"https:\/\/www.africa-press.net\/senegal\/politique\/presidentielle-voici-les-2-dates-probables-pour-la-tenue-du-scrutin#breadcrumb\"},\"inLanguage\":\"fr-FR\",\"potentialAction\":[{\"@type\":\"ReadAction\",\"target\":[\"https:\/\/www.africa-press.net\/senegal\/politique\/presidentielle-voici-les-2-dates-probables-pour-la-tenue-du-scrutin\"]}]},{\"@type\":\"ImageObject\",\"inLanguage\":\"fr-FR\",\"@id\":\"https:\/\/www.africa-press.net\/senegal\/politique\/presidentielle-voici-les-2-dates-probables-pour-la-tenue-du-scrutin#primaryimage\",\"url\":\"https:\/\/static.africa-press.net\/senegal\/sites\/13\/2024\/02\/sm_1709043348.315325.jpg\",\"contentUrl\":\"https:\/\/static.africa-press.net\/senegal\/sites\/13\/2024\/02\/sm_1709043348.315325.jpg\",\"width\":1211,\"height\":586,\"caption\":\"Pr\u00e9sidentielle : Voici les 2 dates probables pour la tenue du scrutin\"},{\"@type\":\"BreadcrumbList\",\"@id\":\"https:\/\/www.africa-press.net\/senegal\/politique\/presidentielle-voici-les-2-dates-probables-pour-la-tenue-du-scrutin#breadcrumb\",\"itemListElement\":[{\"@type\":\"ListItem\",\"position\":1,\"name\":\"Accueil\",\"item\":\"https:\/\/www.africa-press.net\/senegal\/\"},{\"@type\":\"ListItem\",\"position\":2,\"name\":\"Pr\u00e9sidentielle : Voici les 2 dates probables pour la tenue du scrutin\"}]},{\"@type\":\"WebSite\",\"@id\":\"https:\/\/www.africa-press.net\/senegal\/#website\",\"url\":\"https:\/\/www.africa-press.net\/senegal\/\",\"name\":\"Africa Press | Senegal | Homepage\",\"description\":\"Just another Africa News Agency Sites site\",\"potentialAction\":[{\"@type\":\"SearchAction\",\"target\":{\"@type\":\"EntryPoint\",\"urlTemplate\":\"https:\/\/www.africa-press.net\/senegal\/?s={search_term_string}\"},\"query-input\":{\"@type\":\"PropertyValueSpecification\",\"valueRequired\":true,\"valueName\":\"search_term_string\"}}],\"inLanguage\":\"fr-FR\"},{\"@type\":\"Person\",\"@id\":\"https:\/\/www.africa-press.net\/senegal\/#\/schema\/person\/2b1cf3cd81a31e3cd26889ca66d677f1\",\"name\":\"cfeditorfr\",\"url\":\"https:\/\/www.africa-press.net\/senegal\/author\/cfeditorfr\"}]}<\/script>\n<!-- \/ Yoast SEO Premium plugin. -->","yoast_head_json":{"title":"Pr\u00e9sidentielle : Voici les 2 dates probables pour la tenue du scrutin - Senegal","description":"Le dialogue national pour fixer la date de la Pre\u0301sidentielle s'est ouvert hier au CIDAD de Diamniadio, boycotte\u0301 par 17 ...","robots":{"index":"index","follow":"follow","max-snippet":"max-snippet:-1","max-image-preview":"max-image-preview:large","max-video-preview":"max-video-preview:-1"},"canonical":"https:\/\/www.africa-press.net\/senegal\/politique\/presidentielle-voici-les-2-dates-probables-pour-la-tenue-du-scrutin","og_locale":"fr_FR","og_type":"article","og_title":"Pr\u00e9sidentielle : Voici les 2 dates probables pour la tenue du scrutin","og_description":"Le dialogue national pour fixer la date de la Pre\u0301sidentielle s'est ouvert hier au CIDAD de Diamniadio, boycotte\u0301 par 17 ...","og_url":"https:\/\/www.africa-press.net\/senegal\/politique\/presidentielle-voici-les-2-dates-probables-pour-la-tenue-du-scrutin","og_site_name":"Senegal","article_published_time":"2024-02-27T17:12:15+00:00","article_modified_time":"2024-02-27T18:46:52+00:00","og_image":[{"width":1211,"height":586,"url":"https:\/\/static.africa-press.net\/senegal\/sites\/13\/2024\/02\/sm_1709043348.315325.jpg","type":"image\/jpeg"}],"author":"cfeditorfr","twitter_card":"summary_large_image","twitter_misc":{"\u00c9crit par":"cfeditorfr","Dur\u00e9e de lecture estim\u00e9e":"2 minutes"},"schema":{"@context":"https:\/\/schema.org","@graph":[{"@type":"Article","@id":"https:\/\/www.africa-press.net\/senegal\/politique\/presidentielle-voici-les-2-dates-probables-pour-la-tenue-du-scrutin#article","isPartOf":{"@id":"https:\/\/www.africa-press.net\/senegal\/politique\/presidentielle-voici-les-2-dates-probables-pour-la-tenue-du-scrutin"},"author":{"name":"cfeditorfr","@id":"https:\/\/www.africa-press.net\/senegal\/#\/schema\/person\/2b1cf3cd81a31e3cd26889ca66d677f1"},"headline":"Pr\u00e9sidentielle : Voici les 2 dates probables pour la tenue du scrutin","datePublished":"2024-02-27T17:12:15+00:00","dateModified":"2024-02-27T18:46:52+00:00","mainEntityOfPage":{"@id":"https:\/\/www.africa-press.net\/senegal\/politique\/presidentielle-voici-les-2-dates-probables-pour-la-tenue-du-scrutin"},"wordCount":443,"commentCount":0,"image":{"@id":"https:\/\/www.africa-press.net\/senegal\/politique\/presidentielle-voici-les-2-dates-probables-pour-la-tenue-du-scrutin#primaryimage"},"thumbnailUrl":"https:\/\/static.africa-press.net\/senegal\/sites\/13\/2024\/02\/sm_1709043348.315325.jpg","keywords":["Africa Press","Africa Press-Senegal","Senegal"],"articleSection":["Politique","Toutes les actualit\u00e9s"],"inLanguage":"fr-FR","potentialAction":[{"@type":"CommentAction","name":"Comment","target":["https:\/\/www.africa-press.net\/senegal\/politique\/presidentielle-voici-les-2-dates-probables-pour-la-tenue-du-scrutin#respond"]}]},{"@type":"WebPage","@id":"https:\/\/www.africa-press.net\/senegal\/politique\/presidentielle-voici-les-2-dates-probables-pour-la-tenue-du-scrutin","url":"https:\/\/www.africa-press.net\/senegal\/politique\/presidentielle-voici-les-2-dates-probables-pour-la-tenue-du-scrutin","name":"Pr\u00e9sidentielle : Voici les 2 dates probables pour la tenue du scrutin - Senegal","isPartOf":{"@id":"https:\/\/www.africa-press.net\/senegal\/#website"},"primaryImageOfPage":{"@id":"https:\/\/www.africa-press.net\/senegal\/politique\/presidentielle-voici-les-2-dates-probables-pour-la-tenue-du-scrutin#primaryimage"},"image":{"@id":"https:\/\/www.africa-press.net\/senegal\/politique\/presidentielle-voici-les-2-dates-probables-pour-la-tenue-du-scrutin#primaryimage"},"thumbnailUrl":"https:\/\/static.africa-press.net\/senegal\/sites\/13\/2024\/02\/sm_1709043348.315325.jpg","datePublished":"2024-02-27T17:12:15+00:00","dateModified":"2024-02-27T18:46:52+00:00","author":{"@id":"https:\/\/www.africa-press.net\/senegal\/#\/schema\/person\/2b1cf3cd81a31e3cd26889ca66d677f1"},"description":"Le dialogue national pour fixer la date de la Pre\u0301sidentielle s'est ouvert hier au CIDAD de Diamniadio, boycotte\u0301 par 17 ...","breadcrumb":{"@id":"https:\/\/www.africa-press.net\/senegal\/politique\/presidentielle-voici-les-2-dates-probables-pour-la-tenue-du-scrutin#breadcrumb"},"inLanguage":"fr-FR","potentialAction":[{"@type":"ReadAction","target":["https:\/\/www.africa-press.net\/senegal\/politique\/presidentielle-voici-les-2-dates-probables-pour-la-tenue-du-scrutin"]}]},{"@type":"ImageObject","inLanguage":"fr-FR","@id":"https:\/\/www.africa-press.net\/senegal\/politique\/presidentielle-voici-les-2-dates-probables-pour-la-tenue-du-scrutin#primaryimage","url":"https:\/\/static.africa-press.net\/senegal\/sites\/13\/2024\/02\/sm_1709043348.315325.jpg","contentUrl":"https:\/\/static.africa-press.net\/senegal\/sites\/13\/2024\/02\/sm_1709043348.315325.jpg","width":1211,"height":586,"caption":"Pr\u00e9sidentielle : Voici les 2 dates probables pour la tenue du scrutin"},{"@type":"BreadcrumbList","@id":"https:\/\/www.africa-press.net\/senegal\/politique\/presidentielle-voici-les-2-dates-probables-pour-la-tenue-du-scrutin#breadcrumb","itemListElement":[{"@type":"ListItem","position":1,"name":"Accueil","item":"https:\/\/www.africa-press.net\/senegal\/"},{"@type":"ListItem","position":2,"name":"Pr\u00e9sidentielle : Voici les 2 dates probables pour la tenue du scrutin"}]},{"@type":"WebSite","@id":"https:\/\/www.africa-press.net\/senegal\/#website","url":"https:\/\/www.africa-press.net\/senegal\/","name":"Africa Press | Senegal | Homepage","description":"Just another Africa News Agency Sites site","potentialAction":[{"@type":"SearchAction","target":{"@type":"EntryPoint","urlTemplate":"https:\/\/www.africa-press.net\/senegal\/?s={search_term_string}"},"query-input":{"@type":"PropertyValueSpecification","valueRequired":true,"valueName":"search_term_string"}}],"inLanguage":"fr-FR"},{"@type":"Person","@id":"https:\/\/www.africa-press.net\/senegal\/#\/schema\/person\/2b1cf3cd81a31e3cd26889ca66d677f1","name":"cfeditorfr","url":"https:\/\/www.africa-press.net\/senegal\/author\/cfeditorfr"}]}},"_links":{"self":[{"href":"https:\/\/www.africa-press.net\/senegal\/wp-json\/wp\/v2\/posts\/56161","targetHints":{"allow":["GET"]}}],"collection":[{"href":"https:\/\/www.africa-press.net\/senegal\/wp-json\/wp\/v2\/posts"}],"about":[{"href":"https:\/\/www.africa-press.net\/senegal\/wp-json\/wp\/v2\/types\/post"}],"author":[{"embeddable":true,"href":"https:\/\/www.africa-press.net\/senegal\/wp-json\/wp\/v2\/users\/82"}],"replies":[{"embeddable":true,"href":"https:\/\/www.africa-press.net\/senegal\/wp-json\/wp\/v2\/comments?post=56161"}],"version-history":[{"count":0,"href":"https:\/\/www.africa-press.net\/senegal\/wp-json\/wp\/v2\/posts\/56161\/revisions"}],"wp:featuredmedia":[{"embeddable":true,"href":"https:\/\/www.africa-press.net\/senegal\/wp-json\/wp\/v2\/media\/56160"}],"wp:attachment":[{"href":"https:\/\/www.africa-press.net\/senegal\/wp-json\/wp\/v2\/media?parent=56161"}],"wp:term":[{"taxonomy":"category","embeddable":true,"href":"https:\/\/www.africa-press.net\/senegal\/wp-json\/wp\/v2\/categories?post=56161"},{"taxonomy":"post_tag","embeddable":true,"href":"https:\/\/www.africa-press.net\/senegal\/wp-json\/wp\/v2\/tags?post=56161"}],"curies":[{"name":"wp","href":"https:\/\/api.w.org\/{rel}","templated":true}]}}