{"id":56164,"date":"2024-02-27T17:13:30","date_gmt":"2024-02-27T17:13:30","guid":{"rendered":"https:\/\/www.africa-press.net\/senegal\/politique\/date-de-la-presidentielle-la-proposition-de-doudou-ka"},"modified":"2024-02-27T18:47:10","modified_gmt":"2024-02-27T18:47:10","slug":"date-de-la-presidentielle-la-proposition-de-doudou-ka","status":"publish","type":"post","link":"https:\/\/www.africa-press.net\/senegal\/politique\/date-de-la-presidentielle-la-proposition-de-doudou-ka","title":{"rendered":"Date de la pr\u00e9sidentielle: La proposition de Doudou Ka"},"content":{"rendered":"<p><span style=\"color: #ff6600\"><strong>Africa-Press &#8211; Senegal. <\/strong><\/span>A l&rsquo;occasion du dialogue ouvert hier a\u0300 Diamniadio, les candidats recale\u0301s apre\u0300s la ve\u0301rification du parrainage ont souhaite\u0301 une reprise du processus e\u0301lectoral. Ce qui serait, selon eux, plus juste.<\/p>\n<p>Une position loin de faire l\u2019unanimite\u0301 du co\u0302te\u0301 de l\u2019Etat. Sur ce point pre\u0301cis, le ministre de l\u2019Economie, du Plan et de Coope\u0301ration, Doudou Ka, estime que le processus e\u0301lectoral doit se poursuivre avec les 19 candidats de\u0301ja\u0300 en lice avec une ouverture \u00ab si possible le\u0301galement ou par consensus politique \u00bb.<\/p>\n<p>Dans un post sur X, il estime que cela rentrera dans une dynamique de \u00ab confirmer la de\u0301cision du Conseil Constitutionnel \u00bb. S\u2019agissant de la date, Doudou Ka propose que le premier tour de la pre\u0301sidentielle se tienne \u00ab au plus to\u0302t le 05 mai \u00bb.<\/p>\n<p><strong>Pour plus d&rsquo;informations et d&rsquo;analyses sur la <a href=\"https:\/\/www.africa-press.net\/senegal\">Senegal<\/a>, suivez <a href=\"https:\/\/www.africa-press.net\/\">Africa-Press<\/a><\/strong><\/p>\n","protected":false},"excerpt":{"rendered":"<p>Africa-Press &#8211; Senegal. A l&rsquo;occasion du dialogue ouvert hier a\u0300 Diamniadio, les candidats recale\u0301s apre\u0300s la ve\u0301rification du parrainage ont souhaite\u0301 une reprise du processus e\u0301lectoral. Ce qui serait, selon eux, plus juste. Une position loin de faire l\u2019unanimite\u0301 du co\u0302te\u0301 de l\u2019Etat. Sur ce point pre\u0301cis, le ministre de l\u2019Economie, du Plan et de [&hellip;]<\/p>\n","protected":false},"author":82,"featured_media":56162,"comment_status":"open","ping_status":"closed","sticky":false,"template":"","format":"standard","meta":{"footnotes":""},"categories":[2,10],"tags":[43,47,44],"class_list":["post-56164","post","type-post","status-publish","format-standard","has-post-thumbnail","hentry","category-politique","category-toutes-les-actualites","tag-africa-press-2","tag-africa-press-senegal","tag-senegal-2"],"yoast_head":"<!-- This site is optimized with the Yoast SEO Premium plugin v26.1 (Yoast SEO v27.0) - https:\/\/yoast.com\/product\/yoast-seo-premium-wordpress\/ -->\n<title>Date de la pr\u00e9sidentielle: La proposition de Doudou Ka - Senegal<\/title>\n<meta name=\"description\" content=\"A l&#039;occasion du dialogue ouvert hier a\u0300 Diamniadio, les candidats recale\u0301s apre\u0300s la ve\u0301rification du parrainage ont sou ...\" \/>\n<meta name=\"robots\" content=\"index, follow, max-snippet:-1, max-image-preview:large, max-video-preview:-1\" \/>\n<link rel=\"canonical\" href=\"https:\/\/www.africa-press.net\/senegal\/politique\/date-de-la-presidentielle-la-proposition-de-doudou-ka\" \/>\n<meta property=\"og:locale\" content=\"fr_FR\" \/>\n<meta property=\"og:type\" content=\"article\" \/>\n<meta property=\"og:title\" content=\"Date de la pr\u00e9sidentielle: La proposition de Doudou Ka\" \/>\n<meta property=\"og:description\" content=\"A l&#039;occasion du dialogue ouvert hier a\u0300 Diamniadio, les candidats recale\u0301s apre\u0300s la ve\u0301rification du parrainage ont sou ...\" \/>\n<meta property=\"og:url\" content=\"https:\/\/www.africa-press.net\/senegal\/politique\/date-de-la-presidentielle-la-proposition-de-doudou-ka\" \/>\n<meta property=\"og:site_name\" content=\"Senegal\" \/>\n<meta property=\"article:published_time\" content=\"2024-02-27T17:13:30+00:00\" \/>\n<meta property=\"article:modified_time\" content=\"2024-02-27T18:47:10+00:00\" \/>\n<meta property=\"og:image\" content=\"https:\/\/static.africa-press.net\/senegal\/sites\/13\/2024\/02\/sm_1709043363.342509.jpg\" \/>\n\t<meta property=\"og:image:width\" content=\"1220\" \/>\n\t<meta property=\"og:image:height\" content=\"592\" \/>\n\t<meta property=\"og:image:type\" content=\"image\/jpeg\" \/>\n<meta name=\"author\" content=\"cfeditorfr\" \/>\n<meta name=\"twitter:card\" content=\"summary_large_image\" \/>\n<meta name=\"twitter:label1\" content=\"\u00c9crit par\" \/>\n\t<meta name=\"twitter:data1\" content=\"cfeditorfr\" \/>\n\t<meta name=\"twitter:label2\" content=\"Dur\u00e9e de lecture estim\u00e9e\" \/>\n\t<meta name=\"twitter:data2\" content=\"1 minute\" \/>\n<script type=\"application\/ld+json\" class=\"yoast-schema-graph\">{\"@context\":\"https:\/\/schema.org\",\"@graph\":[{\"@type\":\"Article\",\"@id\":\"https:\/\/www.africa-press.net\/senegal\/politique\/date-de-la-presidentielle-la-proposition-de-doudou-ka#article\",\"isPartOf\":{\"@id\":\"https:\/\/www.africa-press.net\/senegal\/politique\/date-de-la-presidentielle-la-proposition-de-doudou-ka\"},\"author\":{\"name\":\"cfeditorfr\",\"@id\":\"https:\/\/www.africa-press.net\/senegal\/#\/schema\/person\/2b1cf3cd81a31e3cd26889ca66d677f1\"},\"headline\":\"Date de la pr\u00e9sidentielle: La proposition de Doudou Ka\",\"datePublished\":\"2024-02-27T17:13:30+00:00\",\"dateModified\":\"2024-02-27T18:47:10+00:00\",\"mainEntityOfPage\":{\"@id\":\"https:\/\/www.africa-press.net\/senegal\/politique\/date-de-la-presidentielle-la-proposition-de-doudou-ka\"},\"wordCount\":163,\"commentCount\":0,\"image\":{\"@id\":\"https:\/\/www.africa-press.net\/senegal\/politique\/date-de-la-presidentielle-la-proposition-de-doudou-ka#primaryimage\"},\"thumbnailUrl\":\"https:\/\/static.africa-press.net\/senegal\/sites\/13\/2024\/02\/sm_1709043363.342509.jpg\",\"keywords\":[\"Africa Press\",\"Africa Press-Senegal\",\"Senegal\"],\"articleSection\":[\"Politique\",\"Toutes les actualit\u00e9s\"],\"inLanguage\":\"fr-FR\",\"potentialAction\":[{\"@type\":\"CommentAction\",\"name\":\"Comment\",\"target\":[\"https:\/\/www.africa-press.net\/senegal\/politique\/date-de-la-presidentielle-la-proposition-de-doudou-ka#respond\"]}]},{\"@type\":\"WebPage\",\"@id\":\"https:\/\/www.africa-press.net\/senegal\/politique\/date-de-la-presidentielle-la-proposition-de-doudou-ka\",\"url\":\"https:\/\/www.africa-press.net\/senegal\/politique\/date-de-la-presidentielle-la-proposition-de-doudou-ka\",\"name\":\"Date de la pr\u00e9sidentielle: La proposition de Doudou Ka - Senegal\",\"isPartOf\":{\"@id\":\"https:\/\/www.africa-press.net\/senegal\/#website\"},\"primaryImageOfPage\":{\"@id\":\"https:\/\/www.africa-press.net\/senegal\/politique\/date-de-la-presidentielle-la-proposition-de-doudou-ka#primaryimage\"},\"image\":{\"@id\":\"https:\/\/www.africa-press.net\/senegal\/politique\/date-de-la-presidentielle-la-proposition-de-doudou-ka#primaryimage\"},\"thumbnailUrl\":\"https:\/\/static.africa-press.net\/senegal\/sites\/13\/2024\/02\/sm_1709043363.342509.jpg\",\"datePublished\":\"2024-02-27T17:13:30+00:00\",\"dateModified\":\"2024-02-27T18:47:10+00:00\",\"author\":{\"@id\":\"https:\/\/www.africa-press.net\/senegal\/#\/schema\/person\/2b1cf3cd81a31e3cd26889ca66d677f1\"},\"description\":\"A l'occasion du dialogue ouvert hier a\u0300 Diamniadio, les candidats recale\u0301s apre\u0300s la ve\u0301rification du parrainage ont sou ...\",\"breadcrumb\":{\"@id\":\"https:\/\/www.africa-press.net\/senegal\/politique\/date-de-la-presidentielle-la-proposition-de-doudou-ka#breadcrumb\"},\"inLanguage\":\"fr-FR\",\"potentialAction\":[{\"@type\":\"ReadAction\",\"target\":[\"https:\/\/www.africa-press.net\/senegal\/politique\/date-de-la-presidentielle-la-proposition-de-doudou-ka\"]}]},{\"@type\":\"ImageObject\",\"inLanguage\":\"fr-FR\",\"@id\":\"https:\/\/www.africa-press.net\/senegal\/politique\/date-de-la-presidentielle-la-proposition-de-doudou-ka#primaryimage\",\"url\":\"https:\/\/static.africa-press.net\/senegal\/sites\/13\/2024\/02\/sm_1709043363.342509.jpg\",\"contentUrl\":\"https:\/\/static.africa-press.net\/senegal\/sites\/13\/2024\/02\/sm_1709043363.342509.jpg\",\"width\":1220,\"height\":592,\"caption\":\"Date de la pr\u00e9sidentielle: La proposition de Doudou Ka\"},{\"@type\":\"BreadcrumbList\",\"@id\":\"https:\/\/www.africa-press.net\/senegal\/politique\/date-de-la-presidentielle-la-proposition-de-doudou-ka#breadcrumb\",\"itemListElement\":[{\"@type\":\"ListItem\",\"position\":1,\"name\":\"Accueil\",\"item\":\"https:\/\/www.africa-press.net\/senegal\/\"},{\"@type\":\"ListItem\",\"position\":2,\"name\":\"Date de la pr\u00e9sidentielle: La proposition de Doudou Ka\"}]},{\"@type\":\"WebSite\",\"@id\":\"https:\/\/www.africa-press.net\/senegal\/#website\",\"url\":\"https:\/\/www.africa-press.net\/senegal\/\",\"name\":\"Africa Press | Senegal | Homepage\",\"description\":\"Just another Africa News Agency Sites site\",\"potentialAction\":[{\"@type\":\"SearchAction\",\"target\":{\"@type\":\"EntryPoint\",\"urlTemplate\":\"https:\/\/www.africa-press.net\/senegal\/?s={search_term_string}\"},\"query-input\":{\"@type\":\"PropertyValueSpecification\",\"valueRequired\":true,\"valueName\":\"search_term_string\"}}],\"inLanguage\":\"fr-FR\"},{\"@type\":\"Person\",\"@id\":\"https:\/\/www.africa-press.net\/senegal\/#\/schema\/person\/2b1cf3cd81a31e3cd26889ca66d677f1\",\"name\":\"cfeditorfr\",\"url\":\"https:\/\/www.africa-press.net\/senegal\/author\/cfeditorfr\"}]}<\/script>\n<!-- \/ Yoast SEO Premium plugin. -->","yoast_head_json":{"title":"Date de la pr\u00e9sidentielle: La proposition de Doudou Ka - Senegal","description":"A l'occasion du dialogue ouvert hier a\u0300 Diamniadio, les candidats recale\u0301s apre\u0300s la ve\u0301rification du parrainage ont sou ...","robots":{"index":"index","follow":"follow","max-snippet":"max-snippet:-1","max-image-preview":"max-image-preview:large","max-video-preview":"max-video-preview:-1"},"canonical":"https:\/\/www.africa-press.net\/senegal\/politique\/date-de-la-presidentielle-la-proposition-de-doudou-ka","og_locale":"fr_FR","og_type":"article","og_title":"Date de la pr\u00e9sidentielle: La proposition de Doudou Ka","og_description":"A l'occasion du dialogue ouvert hier a\u0300 Diamniadio, les candidats recale\u0301s apre\u0300s la ve\u0301rification du parrainage ont sou ...","og_url":"https:\/\/www.africa-press.net\/senegal\/politique\/date-de-la-presidentielle-la-proposition-de-doudou-ka","og_site_name":"Senegal","article_published_time":"2024-02-27T17:13:30+00:00","article_modified_time":"2024-02-27T18:47:10+00:00","og_image":[{"width":1220,"height":592,"url":"https:\/\/static.africa-press.net\/senegal\/sites\/13\/2024\/02\/sm_1709043363.342509.jpg","type":"image\/jpeg"}],"author":"cfeditorfr","twitter_card":"summary_large_image","twitter_misc":{"\u00c9crit par":"cfeditorfr","Dur\u00e9e de lecture estim\u00e9e":"1 minute"},"schema":{"@context":"https:\/\/schema.org","@graph":[{"@type":"Article","@id":"https:\/\/www.africa-press.net\/senegal\/politique\/date-de-la-presidentielle-la-proposition-de-doudou-ka#article","isPartOf":{"@id":"https:\/\/www.africa-press.net\/senegal\/politique\/date-de-la-presidentielle-la-proposition-de-doudou-ka"},"author":{"name":"cfeditorfr","@id":"https:\/\/www.africa-press.net\/senegal\/#\/schema\/person\/2b1cf3cd81a31e3cd26889ca66d677f1"},"headline":"Date de la pr\u00e9sidentielle: La proposition de Doudou Ka","datePublished":"2024-02-27T17:13:30+00:00","dateModified":"2024-02-27T18:47:10+00:00","mainEntityOfPage":{"@id":"https:\/\/www.africa-press.net\/senegal\/politique\/date-de-la-presidentielle-la-proposition-de-doudou-ka"},"wordCount":163,"commentCount":0,"image":{"@id":"https:\/\/www.africa-press.net\/senegal\/politique\/date-de-la-presidentielle-la-proposition-de-doudou-ka#primaryimage"},"thumbnailUrl":"https:\/\/static.africa-press.net\/senegal\/sites\/13\/2024\/02\/sm_1709043363.342509.jpg","keywords":["Africa Press","Africa Press-Senegal","Senegal"],"articleSection":["Politique","Toutes les actualit\u00e9s"],"inLanguage":"fr-FR","potentialAction":[{"@type":"CommentAction","name":"Comment","target":["https:\/\/www.africa-press.net\/senegal\/politique\/date-de-la-presidentielle-la-proposition-de-doudou-ka#respond"]}]},{"@type":"WebPage","@id":"https:\/\/www.africa-press.net\/senegal\/politique\/date-de-la-presidentielle-la-proposition-de-doudou-ka","url":"https:\/\/www.africa-press.net\/senegal\/politique\/date-de-la-presidentielle-la-proposition-de-doudou-ka","name":"Date de la pr\u00e9sidentielle: La proposition de Doudou Ka - Senegal","isPartOf":{"@id":"https:\/\/www.africa-press.net\/senegal\/#website"},"primaryImageOfPage":{"@id":"https:\/\/www.africa-press.net\/senegal\/politique\/date-de-la-presidentielle-la-proposition-de-doudou-ka#primaryimage"},"image":{"@id":"https:\/\/www.africa-press.net\/senegal\/politique\/date-de-la-presidentielle-la-proposition-de-doudou-ka#primaryimage"},"thumbnailUrl":"https:\/\/static.africa-press.net\/senegal\/sites\/13\/2024\/02\/sm_1709043363.342509.jpg","datePublished":"2024-02-27T17:13:30+00:00","dateModified":"2024-02-27T18:47:10+00:00","author":{"@id":"https:\/\/www.africa-press.net\/senegal\/#\/schema\/person\/2b1cf3cd81a31e3cd26889ca66d677f1"},"description":"A l'occasion du dialogue ouvert hier a\u0300 Diamniadio, les candidats recale\u0301s apre\u0300s la ve\u0301rification du parrainage ont sou ...","breadcrumb":{"@id":"https:\/\/www.africa-press.net\/senegal\/politique\/date-de-la-presidentielle-la-proposition-de-doudou-ka#breadcrumb"},"inLanguage":"fr-FR","potentialAction":[{"@type":"ReadAction","target":["https:\/\/www.africa-press.net\/senegal\/politique\/date-de-la-presidentielle-la-proposition-de-doudou-ka"]}]},{"@type":"ImageObject","inLanguage":"fr-FR","@id":"https:\/\/www.africa-press.net\/senegal\/politique\/date-de-la-presidentielle-la-proposition-de-doudou-ka#primaryimage","url":"https:\/\/static.africa-press.net\/senegal\/sites\/13\/2024\/02\/sm_1709043363.342509.jpg","contentUrl":"https:\/\/static.africa-press.net\/senegal\/sites\/13\/2024\/02\/sm_1709043363.342509.jpg","width":1220,"height":592,"caption":"Date de la pr\u00e9sidentielle: La proposition de Doudou Ka"},{"@type":"BreadcrumbList","@id":"https:\/\/www.africa-press.net\/senegal\/politique\/date-de-la-presidentielle-la-proposition-de-doudou-ka#breadcrumb","itemListElement":[{"@type":"ListItem","position":1,"name":"Accueil","item":"https:\/\/www.africa-press.net\/senegal\/"},{"@type":"ListItem","position":2,"name":"Date de la pr\u00e9sidentielle: La proposition de Doudou Ka"}]},{"@type":"WebSite","@id":"https:\/\/www.africa-press.net\/senegal\/#website","url":"https:\/\/www.africa-press.net\/senegal\/","name":"Africa Press | Senegal | Homepage","description":"Just another Africa News Agency Sites site","potentialAction":[{"@type":"SearchAction","target":{"@type":"EntryPoint","urlTemplate":"https:\/\/www.africa-press.net\/senegal\/?s={search_term_string}"},"query-input":{"@type":"PropertyValueSpecification","valueRequired":true,"valueName":"search_term_string"}}],"inLanguage":"fr-FR"},{"@type":"Person","@id":"https:\/\/www.africa-press.net\/senegal\/#\/schema\/person\/2b1cf3cd81a31e3cd26889ca66d677f1","name":"cfeditorfr","url":"https:\/\/www.africa-press.net\/senegal\/author\/cfeditorfr"}]}},"_links":{"self":[{"href":"https:\/\/www.africa-press.net\/senegal\/wp-json\/wp\/v2\/posts\/56164","targetHints":{"allow":["GET"]}}],"collection":[{"href":"https:\/\/www.africa-press.net\/senegal\/wp-json\/wp\/v2\/posts"}],"about":[{"href":"https:\/\/www.africa-press.net\/senegal\/wp-json\/wp\/v2\/types\/post"}],"author":[{"embeddable":true,"href":"https:\/\/www.africa-press.net\/senegal\/wp-json\/wp\/v2\/users\/82"}],"replies":[{"embeddable":true,"href":"https:\/\/www.africa-press.net\/senegal\/wp-json\/wp\/v2\/comments?post=56164"}],"version-history":[{"count":0,"href":"https:\/\/www.africa-press.net\/senegal\/wp-json\/wp\/v2\/posts\/56164\/revisions"}],"wp:featuredmedia":[{"embeddable":true,"href":"https:\/\/www.africa-press.net\/senegal\/wp-json\/wp\/v2\/media\/56162"}],"wp:attachment":[{"href":"https:\/\/www.africa-press.net\/senegal\/wp-json\/wp\/v2\/media?parent=56164"}],"wp:term":[{"taxonomy":"category","embeddable":true,"href":"https:\/\/www.africa-press.net\/senegal\/wp-json\/wp\/v2\/categories?post=56164"},{"taxonomy":"post_tag","embeddable":true,"href":"https:\/\/www.africa-press.net\/senegal\/wp-json\/wp\/v2\/tags?post=56164"}],"curies":[{"name":"wp","href":"https:\/\/api.w.org\/{rel}","templated":true}]}}