{"id":56169,"date":"2024-02-27T17:16:07","date_gmt":"2024-02-27T17:16:07","guid":{"rendered":"https:\/\/www.africa-press.net\/senegal\/politique\/dialogue-nationale-la-grosse-colere-de-macky-sall-contre-un-ministre"},"modified":"2024-02-27T18:47:47","modified_gmt":"2024-02-27T18:47:47","slug":"dialogue-nationale-la-grosse-colere-de-macky-sall-contre-un-ministre","status":"publish","type":"post","link":"https:\/\/www.africa-press.net\/senegal\/politique\/dialogue-nationale-la-grosse-colere-de-macky-sall-contre-un-ministre","title":{"rendered":"Dialogue nationale : la grosse col\u00e8re de Macky Sall contre un ministre"},"content":{"rendered":"<p><span style=\"color: #ff6600\"><strong>Africa-Press &#8211; Senegal. <\/strong><\/span>Prenant la parole, lors de la ce\u0301re\u0301monie d\u2019ouverture du dialogue national au Cicad hier, le ministre du Travail, charge\u0301 des relations avec les Institutions, Samba Sy, s\u2019est exprime\u0301 en tant que Secre\u0301taire ge\u0301ne\u0301ral du Parti de l\u2019inde\u0301pendance et du travail (PIT).<\/p>\n<p>Repris par Les E\u0301chos, il a indique\u0301 que son parti est contre le projet de loi d&rsquo;amnistie portant sur les manifestations politiques survenues entre 2021 et 2024 mais pour la poursuite du processus e\u0301lectoral.<\/p>\n<p>\u00ab Mon parti ne peut entendre, supporter, accepter, que l\u2019universite\u0301 a e\u0301te\u0301 bru\u0302le\u0301e en chantant. Mon parti ne saurait oublier que deux jeunes filles ont e\u0301te\u0301 consume\u0301es dans un bus. Mon parti ne comprend pas qu\u2019on puisse s\u2019attaquer, sous le manteau de la politique, a\u0300 des instruments de fournitures d\u2019eau et d\u2019e\u0301lectricite\u0301. Mon parti ne pense pas qu\u2019il soit faisable de s\u2019en prendre a\u0300 une caserne de gendarmerie \u00bb, s\u2019est ainsi de\u0301marque\u0301 l\u2019allie\u0301 avant de lancer:<\/p>\n<p>\u00ab Je ne dis pas que nous ne devons pas nous re\u0301concilier mais n\u2019oublions pas que demain les me\u0302mes causes ne produisent les me\u0302mes effets.\u00bb<\/p>\n<p>Son intervention n\u2019a pas plu au Pre\u0301sident Macky Sall. Mais alors pas du tout, souligne le journal. Celui-ci avance que ce dernier n\u2019a pas tarde\u0301 a\u0300 re\u0301agir. \u00ab Chaque parti politique peut avoir sa position, ses inte\u0301re\u0302ts mais il faut savoir que moi, je ne parle pas au non de mon parti. Je parle en tant que pre\u0301sident de la Re\u0301publique, gardien de la Constitution, garant de l\u2019unite\u0301 nationale. Donc, il faut savoir que les responsabilite\u0301s ne sont pas les me\u0302mes. Chacun peut penser ce qu\u2019il veut mais moi en tant que pre\u0301sident de la Re\u0301publique, c\u2019est ma de\u0301cision \u00bb, a-t-il martele\u0301.<\/p>\n<p><strong>Pour plus d&rsquo;informations et d&rsquo;analyses sur la <a href=\"https:\/\/www.africa-press.net\/senegal\">Senegal<\/a>, suivez <a href=\"https:\/\/www.africa-press.net\/\">Africa-Press<\/a><\/strong><\/p>\n","protected":false},"excerpt":{"rendered":"<p>Africa-Press &#8211; Senegal. Prenant la parole, lors de la ce\u0301re\u0301monie d\u2019ouverture du dialogue national au Cicad hier, le ministre du Travail, charge\u0301 des relations avec les Institutions, Samba Sy, s\u2019est exprime\u0301 en tant que Secre\u0301taire ge\u0301ne\u0301ral du Parti de l\u2019inde\u0301pendance et du travail (PIT). Repris par Les E\u0301chos, il a indique\u0301 que son parti est [&hellip;]<\/p>\n","protected":false},"author":82,"featured_media":56168,"comment_status":"open","ping_status":"closed","sticky":false,"template":"","format":"standard","meta":{"footnotes":""},"categories":[2,10],"tags":[43,47,44],"class_list":["post-56169","post","type-post","status-publish","format-standard","has-post-thumbnail","hentry","category-politique","category-toutes-les-actualites","tag-africa-press-2","tag-africa-press-senegal","tag-senegal-2"],"yoast_head":"<!-- This site is optimized with the Yoast SEO Premium plugin v26.1 (Yoast SEO v27.0) - https:\/\/yoast.com\/product\/yoast-seo-premium-wordpress\/ -->\n<title>Dialogue nationale : la grosse col\u00e8re de Macky Sall contre un ministre - Senegal<\/title>\n<meta name=\"description\" content=\"Prenant la parole, lors de la ce\u0301re\u0301monie d\u2019ouverture du dialogue national au Cicad hier, le ministre du Travail, charge ...\" \/>\n<meta name=\"robots\" content=\"index, follow, max-snippet:-1, max-image-preview:large, max-video-preview:-1\" \/>\n<link rel=\"canonical\" href=\"https:\/\/www.africa-press.net\/senegal\/politique\/dialogue-nationale-la-grosse-colere-de-macky-sall-contre-un-ministre\" \/>\n<meta property=\"og:locale\" content=\"fr_FR\" \/>\n<meta property=\"og:type\" content=\"article\" \/>\n<meta property=\"og:title\" content=\"Dialogue nationale : la grosse col\u00e8re de Macky Sall contre un ministre\" \/>\n<meta property=\"og:description\" content=\"Prenant la parole, lors de la ce\u0301re\u0301monie d\u2019ouverture du dialogue national au Cicad hier, le ministre du Travail, charge ...\" \/>\n<meta property=\"og:url\" content=\"https:\/\/www.africa-press.net\/senegal\/politique\/dialogue-nationale-la-grosse-colere-de-macky-sall-contre-un-ministre\" \/>\n<meta property=\"og:site_name\" content=\"Senegal\" \/>\n<meta property=\"article:published_time\" content=\"2024-02-27T17:16:07+00:00\" \/>\n<meta property=\"article:modified_time\" content=\"2024-02-27T18:47:47+00:00\" \/>\n<meta property=\"og:image\" content=\"https:\/\/static.africa-press.net\/senegal\/sites\/13\/2024\/02\/sm_1709043394.766497.jpg\" \/>\n\t<meta property=\"og:image:width\" content=\"1217\" \/>\n\t<meta property=\"og:image:height\" content=\"593\" \/>\n\t<meta property=\"og:image:type\" content=\"image\/jpeg\" \/>\n<meta name=\"author\" content=\"cfeditorfr\" \/>\n<meta name=\"twitter:card\" content=\"summary_large_image\" \/>\n<meta name=\"twitter:label1\" content=\"\u00c9crit par\" \/>\n\t<meta name=\"twitter:data1\" content=\"cfeditorfr\" \/>\n\t<meta name=\"twitter:label2\" content=\"Dur\u00e9e de lecture estim\u00e9e\" \/>\n\t<meta name=\"twitter:data2\" content=\"2 minutes\" \/>\n<script type=\"application\/ld+json\" class=\"yoast-schema-graph\">{\"@context\":\"https:\/\/schema.org\",\"@graph\":[{\"@type\":\"Article\",\"@id\":\"https:\/\/www.africa-press.net\/senegal\/politique\/dialogue-nationale-la-grosse-colere-de-macky-sall-contre-un-ministre#article\",\"isPartOf\":{\"@id\":\"https:\/\/www.africa-press.net\/senegal\/politique\/dialogue-nationale-la-grosse-colere-de-macky-sall-contre-un-ministre\"},\"author\":{\"name\":\"cfeditorfr\",\"@id\":\"https:\/\/www.africa-press.net\/senegal\/#\/schema\/person\/2b1cf3cd81a31e3cd26889ca66d677f1\"},\"headline\":\"Dialogue nationale : la grosse col\u00e8re de Macky Sall contre un ministre\",\"datePublished\":\"2024-02-27T17:16:07+00:00\",\"dateModified\":\"2024-02-27T18:47:47+00:00\",\"mainEntityOfPage\":{\"@id\":\"https:\/\/www.africa-press.net\/senegal\/politique\/dialogue-nationale-la-grosse-colere-de-macky-sall-contre-un-ministre\"},\"wordCount\":346,\"commentCount\":0,\"image\":{\"@id\":\"https:\/\/www.africa-press.net\/senegal\/politique\/dialogue-nationale-la-grosse-colere-de-macky-sall-contre-un-ministre#primaryimage\"},\"thumbnailUrl\":\"https:\/\/static.africa-press.net\/senegal\/sites\/13\/2024\/02\/sm_1709043394.766497.jpg\",\"keywords\":[\"Africa Press\",\"Africa Press-Senegal\",\"Senegal\"],\"articleSection\":[\"Politique\",\"Toutes les actualit\u00e9s\"],\"inLanguage\":\"fr-FR\",\"potentialAction\":[{\"@type\":\"CommentAction\",\"name\":\"Comment\",\"target\":[\"https:\/\/www.africa-press.net\/senegal\/politique\/dialogue-nationale-la-grosse-colere-de-macky-sall-contre-un-ministre#respond\"]}]},{\"@type\":\"WebPage\",\"@id\":\"https:\/\/www.africa-press.net\/senegal\/politique\/dialogue-nationale-la-grosse-colere-de-macky-sall-contre-un-ministre\",\"url\":\"https:\/\/www.africa-press.net\/senegal\/politique\/dialogue-nationale-la-grosse-colere-de-macky-sall-contre-un-ministre\",\"name\":\"Dialogue nationale : la grosse col\u00e8re de Macky Sall contre un ministre - Senegal\",\"isPartOf\":{\"@id\":\"https:\/\/www.africa-press.net\/senegal\/#website\"},\"primaryImageOfPage\":{\"@id\":\"https:\/\/www.africa-press.net\/senegal\/politique\/dialogue-nationale-la-grosse-colere-de-macky-sall-contre-un-ministre#primaryimage\"},\"image\":{\"@id\":\"https:\/\/www.africa-press.net\/senegal\/politique\/dialogue-nationale-la-grosse-colere-de-macky-sall-contre-un-ministre#primaryimage\"},\"thumbnailUrl\":\"https:\/\/static.africa-press.net\/senegal\/sites\/13\/2024\/02\/sm_1709043394.766497.jpg\",\"datePublished\":\"2024-02-27T17:16:07+00:00\",\"dateModified\":\"2024-02-27T18:47:47+00:00\",\"author\":{\"@id\":\"https:\/\/www.africa-press.net\/senegal\/#\/schema\/person\/2b1cf3cd81a31e3cd26889ca66d677f1\"},\"description\":\"Prenant la parole, lors de la ce\u0301re\u0301monie d\u2019ouverture du dialogue national au Cicad hier, le ministre du Travail, charge ...\",\"breadcrumb\":{\"@id\":\"https:\/\/www.africa-press.net\/senegal\/politique\/dialogue-nationale-la-grosse-colere-de-macky-sall-contre-un-ministre#breadcrumb\"},\"inLanguage\":\"fr-FR\",\"potentialAction\":[{\"@type\":\"ReadAction\",\"target\":[\"https:\/\/www.africa-press.net\/senegal\/politique\/dialogue-nationale-la-grosse-colere-de-macky-sall-contre-un-ministre\"]}]},{\"@type\":\"ImageObject\",\"inLanguage\":\"fr-FR\",\"@id\":\"https:\/\/www.africa-press.net\/senegal\/politique\/dialogue-nationale-la-grosse-colere-de-macky-sall-contre-un-ministre#primaryimage\",\"url\":\"https:\/\/static.africa-press.net\/senegal\/sites\/13\/2024\/02\/sm_1709043394.766497.jpg\",\"contentUrl\":\"https:\/\/static.africa-press.net\/senegal\/sites\/13\/2024\/02\/sm_1709043394.766497.jpg\",\"width\":1217,\"height\":593,\"caption\":\"Dialogue nationale : la grosse col\u00e8re de Macky Sall contre un ministre\"},{\"@type\":\"BreadcrumbList\",\"@id\":\"https:\/\/www.africa-press.net\/senegal\/politique\/dialogue-nationale-la-grosse-colere-de-macky-sall-contre-un-ministre#breadcrumb\",\"itemListElement\":[{\"@type\":\"ListItem\",\"position\":1,\"name\":\"Accueil\",\"item\":\"https:\/\/www.africa-press.net\/senegal\/\"},{\"@type\":\"ListItem\",\"position\":2,\"name\":\"Dialogue nationale : la grosse col\u00e8re de Macky Sall contre un ministre\"}]},{\"@type\":\"WebSite\",\"@id\":\"https:\/\/www.africa-press.net\/senegal\/#website\",\"url\":\"https:\/\/www.africa-press.net\/senegal\/\",\"name\":\"Africa Press | Senegal | Homepage\",\"description\":\"Just another Africa News Agency Sites site\",\"potentialAction\":[{\"@type\":\"SearchAction\",\"target\":{\"@type\":\"EntryPoint\",\"urlTemplate\":\"https:\/\/www.africa-press.net\/senegal\/?s={search_term_string}\"},\"query-input\":{\"@type\":\"PropertyValueSpecification\",\"valueRequired\":true,\"valueName\":\"search_term_string\"}}],\"inLanguage\":\"fr-FR\"},{\"@type\":\"Person\",\"@id\":\"https:\/\/www.africa-press.net\/senegal\/#\/schema\/person\/2b1cf3cd81a31e3cd26889ca66d677f1\",\"name\":\"cfeditorfr\",\"url\":\"https:\/\/www.africa-press.net\/senegal\/author\/cfeditorfr\"}]}<\/script>\n<!-- \/ Yoast SEO Premium plugin. -->","yoast_head_json":{"title":"Dialogue nationale : la grosse col\u00e8re de Macky Sall contre un ministre - Senegal","description":"Prenant la parole, lors de la ce\u0301re\u0301monie d\u2019ouverture du dialogue national au Cicad hier, le ministre du Travail, charge ...","robots":{"index":"index","follow":"follow","max-snippet":"max-snippet:-1","max-image-preview":"max-image-preview:large","max-video-preview":"max-video-preview:-1"},"canonical":"https:\/\/www.africa-press.net\/senegal\/politique\/dialogue-nationale-la-grosse-colere-de-macky-sall-contre-un-ministre","og_locale":"fr_FR","og_type":"article","og_title":"Dialogue nationale : la grosse col\u00e8re de Macky Sall contre un ministre","og_description":"Prenant la parole, lors de la ce\u0301re\u0301monie d\u2019ouverture du dialogue national au Cicad hier, le ministre du Travail, charge ...","og_url":"https:\/\/www.africa-press.net\/senegal\/politique\/dialogue-nationale-la-grosse-colere-de-macky-sall-contre-un-ministre","og_site_name":"Senegal","article_published_time":"2024-02-27T17:16:07+00:00","article_modified_time":"2024-02-27T18:47:47+00:00","og_image":[{"width":1217,"height":593,"url":"https:\/\/static.africa-press.net\/senegal\/sites\/13\/2024\/02\/sm_1709043394.766497.jpg","type":"image\/jpeg"}],"author":"cfeditorfr","twitter_card":"summary_large_image","twitter_misc":{"\u00c9crit par":"cfeditorfr","Dur\u00e9e de lecture estim\u00e9e":"2 minutes"},"schema":{"@context":"https:\/\/schema.org","@graph":[{"@type":"Article","@id":"https:\/\/www.africa-press.net\/senegal\/politique\/dialogue-nationale-la-grosse-colere-de-macky-sall-contre-un-ministre#article","isPartOf":{"@id":"https:\/\/www.africa-press.net\/senegal\/politique\/dialogue-nationale-la-grosse-colere-de-macky-sall-contre-un-ministre"},"author":{"name":"cfeditorfr","@id":"https:\/\/www.africa-press.net\/senegal\/#\/schema\/person\/2b1cf3cd81a31e3cd26889ca66d677f1"},"headline":"Dialogue nationale : la grosse col\u00e8re de Macky Sall contre un ministre","datePublished":"2024-02-27T17:16:07+00:00","dateModified":"2024-02-27T18:47:47+00:00","mainEntityOfPage":{"@id":"https:\/\/www.africa-press.net\/senegal\/politique\/dialogue-nationale-la-grosse-colere-de-macky-sall-contre-un-ministre"},"wordCount":346,"commentCount":0,"image":{"@id":"https:\/\/www.africa-press.net\/senegal\/politique\/dialogue-nationale-la-grosse-colere-de-macky-sall-contre-un-ministre#primaryimage"},"thumbnailUrl":"https:\/\/static.africa-press.net\/senegal\/sites\/13\/2024\/02\/sm_1709043394.766497.jpg","keywords":["Africa Press","Africa Press-Senegal","Senegal"],"articleSection":["Politique","Toutes les actualit\u00e9s"],"inLanguage":"fr-FR","potentialAction":[{"@type":"CommentAction","name":"Comment","target":["https:\/\/www.africa-press.net\/senegal\/politique\/dialogue-nationale-la-grosse-colere-de-macky-sall-contre-un-ministre#respond"]}]},{"@type":"WebPage","@id":"https:\/\/www.africa-press.net\/senegal\/politique\/dialogue-nationale-la-grosse-colere-de-macky-sall-contre-un-ministre","url":"https:\/\/www.africa-press.net\/senegal\/politique\/dialogue-nationale-la-grosse-colere-de-macky-sall-contre-un-ministre","name":"Dialogue nationale : la grosse col\u00e8re de Macky Sall contre un ministre - Senegal","isPartOf":{"@id":"https:\/\/www.africa-press.net\/senegal\/#website"},"primaryImageOfPage":{"@id":"https:\/\/www.africa-press.net\/senegal\/politique\/dialogue-nationale-la-grosse-colere-de-macky-sall-contre-un-ministre#primaryimage"},"image":{"@id":"https:\/\/www.africa-press.net\/senegal\/politique\/dialogue-nationale-la-grosse-colere-de-macky-sall-contre-un-ministre#primaryimage"},"thumbnailUrl":"https:\/\/static.africa-press.net\/senegal\/sites\/13\/2024\/02\/sm_1709043394.766497.jpg","datePublished":"2024-02-27T17:16:07+00:00","dateModified":"2024-02-27T18:47:47+00:00","author":{"@id":"https:\/\/www.africa-press.net\/senegal\/#\/schema\/person\/2b1cf3cd81a31e3cd26889ca66d677f1"},"description":"Prenant la parole, lors de la ce\u0301re\u0301monie d\u2019ouverture du dialogue national au Cicad hier, le ministre du Travail, charge ...","breadcrumb":{"@id":"https:\/\/www.africa-press.net\/senegal\/politique\/dialogue-nationale-la-grosse-colere-de-macky-sall-contre-un-ministre#breadcrumb"},"inLanguage":"fr-FR","potentialAction":[{"@type":"ReadAction","target":["https:\/\/www.africa-press.net\/senegal\/politique\/dialogue-nationale-la-grosse-colere-de-macky-sall-contre-un-ministre"]}]},{"@type":"ImageObject","inLanguage":"fr-FR","@id":"https:\/\/www.africa-press.net\/senegal\/politique\/dialogue-nationale-la-grosse-colere-de-macky-sall-contre-un-ministre#primaryimage","url":"https:\/\/static.africa-press.net\/senegal\/sites\/13\/2024\/02\/sm_1709043394.766497.jpg","contentUrl":"https:\/\/static.africa-press.net\/senegal\/sites\/13\/2024\/02\/sm_1709043394.766497.jpg","width":1217,"height":593,"caption":"Dialogue nationale : la grosse col\u00e8re de Macky Sall contre un ministre"},{"@type":"BreadcrumbList","@id":"https:\/\/www.africa-press.net\/senegal\/politique\/dialogue-nationale-la-grosse-colere-de-macky-sall-contre-un-ministre#breadcrumb","itemListElement":[{"@type":"ListItem","position":1,"name":"Accueil","item":"https:\/\/www.africa-press.net\/senegal\/"},{"@type":"ListItem","position":2,"name":"Dialogue nationale : la grosse col\u00e8re de Macky Sall contre un ministre"}]},{"@type":"WebSite","@id":"https:\/\/www.africa-press.net\/senegal\/#website","url":"https:\/\/www.africa-press.net\/senegal\/","name":"Africa Press | Senegal | Homepage","description":"Just another Africa News Agency Sites site","potentialAction":[{"@type":"SearchAction","target":{"@type":"EntryPoint","urlTemplate":"https:\/\/www.africa-press.net\/senegal\/?s={search_term_string}"},"query-input":{"@type":"PropertyValueSpecification","valueRequired":true,"valueName":"search_term_string"}}],"inLanguage":"fr-FR"},{"@type":"Person","@id":"https:\/\/www.africa-press.net\/senegal\/#\/schema\/person\/2b1cf3cd81a31e3cd26889ca66d677f1","name":"cfeditorfr","url":"https:\/\/www.africa-press.net\/senegal\/author\/cfeditorfr"}]}},"_links":{"self":[{"href":"https:\/\/www.africa-press.net\/senegal\/wp-json\/wp\/v2\/posts\/56169","targetHints":{"allow":["GET"]}}],"collection":[{"href":"https:\/\/www.africa-press.net\/senegal\/wp-json\/wp\/v2\/posts"}],"about":[{"href":"https:\/\/www.africa-press.net\/senegal\/wp-json\/wp\/v2\/types\/post"}],"author":[{"embeddable":true,"href":"https:\/\/www.africa-press.net\/senegal\/wp-json\/wp\/v2\/users\/82"}],"replies":[{"embeddable":true,"href":"https:\/\/www.africa-press.net\/senegal\/wp-json\/wp\/v2\/comments?post=56169"}],"version-history":[{"count":0,"href":"https:\/\/www.africa-press.net\/senegal\/wp-json\/wp\/v2\/posts\/56169\/revisions"}],"wp:featuredmedia":[{"embeddable":true,"href":"https:\/\/www.africa-press.net\/senegal\/wp-json\/wp\/v2\/media\/56168"}],"wp:attachment":[{"href":"https:\/\/www.africa-press.net\/senegal\/wp-json\/wp\/v2\/media?parent=56169"}],"wp:term":[{"taxonomy":"category","embeddable":true,"href":"https:\/\/www.africa-press.net\/senegal\/wp-json\/wp\/v2\/categories?post=56169"},{"taxonomy":"post_tag","embeddable":true,"href":"https:\/\/www.africa-press.net\/senegal\/wp-json\/wp\/v2\/tags?post=56169"}],"curies":[{"name":"wp","href":"https:\/\/api.w.org\/{rel}","templated":true}]}}