{"id":56172,"date":"2024-02-27T17:17:19","date_gmt":"2024-02-27T17:17:19","guid":{"rendered":"https:\/\/www.africa-press.net\/senegal\/politique\/dialogue-national-ce-qui-va-se-passer-apres-louverture"},"modified":"2024-02-27T18:48:07","modified_gmt":"2024-02-27T18:48:07","slug":"dialogue-national-ce-qui-va-se-passer-apres-louverture","status":"publish","type":"post","link":"https:\/\/www.africa-press.net\/senegal\/politique\/dialogue-national-ce-qui-va-se-passer-apres-louverture","title":{"rendered":"Dialogue national : ce qui va se passer apr\u00e8s l\u2019ouverture"},"content":{"rendered":"<p><span style=\"color: #ff6600\"><strong>Africa-Press &#8211; Senegal. <\/strong><\/span>Le dialogue national convoque\u0301 par le chef de l\u2019E\u0301tat Macky Sall se poursuit malgre\u0301 le boycott d\u2019une partie de l\u2019opposition et de la socie\u0301te\u0301 civile.<\/p>\n<p>Les E\u0301chos rapporte que les travaux en commission de\u0301marrent ce mardi apre\u0300s la ce\u0301re\u0301monie d\u2019ouverture hier au Centre de confe\u0301rence internationale Abdou Diouf (CICAD).<\/p>\n<p>Selon le journal, la premie\u0300re sur la date (de l\u2019e\u0301lection pre\u0301sidentielle) sera pre\u0301side\u0301e par le ministre de l\u2019Inte\u0301rieur, Sidiki Kaba, et la seconde, celle de l\u2019amnistie, sera dirige\u0301e par Ismai\u0308la Madior Fall.<\/p>\n<p>Celui-ci, a\u0300 la te\u0302te du de\u0301partement des Affaires e\u0301trange\u0300res et des Se\u0301ne\u0301galais de l\u2019exte\u0301rieur, remplace sa colle\u0300gue Me Ai\u0308ssata Tall Sall, (ministre de la Justice), souligne la source.<\/p>\n<p><strong>Pour plus d&rsquo;informations et d&rsquo;analyses sur la <a href=\"https:\/\/www.africa-press.net\/senegal\">Senegal<\/a>, suivez <a href=\"https:\/\/www.africa-press.net\/\">Africa-Press<\/a><\/strong><\/p>\n","protected":false},"excerpt":{"rendered":"<p>Africa-Press &#8211; Senegal. Le dialogue national convoque\u0301 par le chef de l\u2019E\u0301tat Macky Sall se poursuit malgre\u0301 le boycott d\u2019une partie de l\u2019opposition et de la socie\u0301te\u0301 civile. Les E\u0301chos rapporte que les travaux en commission de\u0301marrent ce mardi apre\u0300s la ce\u0301re\u0301monie d\u2019ouverture hier au Centre de confe\u0301rence internationale Abdou Diouf (CICAD). Selon le journal, [&hellip;]<\/p>\n","protected":false},"author":82,"featured_media":56171,"comment_status":"open","ping_status":"closed","sticky":false,"template":"","format":"standard","meta":{"footnotes":""},"categories":[2,10],"tags":[43,47,44],"class_list":["post-56172","post","type-post","status-publish","format-standard","has-post-thumbnail","hentry","category-politique","category-toutes-les-actualites","tag-africa-press-2","tag-africa-press-senegal","tag-senegal-2"],"yoast_head":"<!-- This site is optimized with the Yoast SEO Premium plugin v26.1 (Yoast SEO v27.0) - https:\/\/yoast.com\/product\/yoast-seo-premium-wordpress\/ -->\n<title>Dialogue national : ce qui va se passer apr\u00e8s l\u2019ouverture - Senegal<\/title>\n<meta name=\"description\" content=\"Le dialogue national convoque\u0301 par le chef de l\u2019E\u0301tat Macky Sall se poursuit malgre\u0301 le boycott d\u2019une partie de l\u2019opposi ...\" \/>\n<meta name=\"robots\" content=\"index, follow, max-snippet:-1, max-image-preview:large, max-video-preview:-1\" \/>\n<link rel=\"canonical\" href=\"https:\/\/www.africa-press.net\/senegal\/politique\/dialogue-national-ce-qui-va-se-passer-apres-louverture\" \/>\n<meta property=\"og:locale\" content=\"fr_FR\" \/>\n<meta property=\"og:type\" content=\"article\" \/>\n<meta property=\"og:title\" content=\"Dialogue national : ce qui va se passer apr\u00e8s l\u2019ouverture\" \/>\n<meta property=\"og:description\" content=\"Le dialogue national convoque\u0301 par le chef de l\u2019E\u0301tat Macky Sall se poursuit malgre\u0301 le boycott d\u2019une partie de l\u2019opposi ...\" \/>\n<meta property=\"og:url\" content=\"https:\/\/www.africa-press.net\/senegal\/politique\/dialogue-national-ce-qui-va-se-passer-apres-louverture\" \/>\n<meta property=\"og:site_name\" content=\"Senegal\" \/>\n<meta property=\"article:published_time\" content=\"2024-02-27T17:17:19+00:00\" \/>\n<meta property=\"article:modified_time\" content=\"2024-02-27T18:48:07+00:00\" \/>\n<meta property=\"og:image\" content=\"https:\/\/static.africa-press.net\/senegal\/sites\/13\/2024\/02\/sm_1709043410.936493.jpg\" \/>\n\t<meta property=\"og:image:width\" content=\"1216\" \/>\n\t<meta property=\"og:image:height\" content=\"591\" \/>\n\t<meta property=\"og:image:type\" content=\"image\/jpeg\" \/>\n<meta name=\"author\" content=\"cfeditorfr\" \/>\n<meta name=\"twitter:card\" content=\"summary_large_image\" \/>\n<meta name=\"twitter:label1\" content=\"\u00c9crit par\" \/>\n\t<meta name=\"twitter:data1\" content=\"cfeditorfr\" \/>\n\t<meta name=\"twitter:label2\" content=\"Dur\u00e9e de lecture estim\u00e9e\" \/>\n\t<meta name=\"twitter:data2\" content=\"1 minute\" \/>\n<script type=\"application\/ld+json\" class=\"yoast-schema-graph\">{\"@context\":\"https:\/\/schema.org\",\"@graph\":[{\"@type\":\"Article\",\"@id\":\"https:\/\/www.africa-press.net\/senegal\/politique\/dialogue-national-ce-qui-va-se-passer-apres-louverture#article\",\"isPartOf\":{\"@id\":\"https:\/\/www.africa-press.net\/senegal\/politique\/dialogue-national-ce-qui-va-se-passer-apres-louverture\"},\"author\":{\"name\":\"cfeditorfr\",\"@id\":\"https:\/\/www.africa-press.net\/senegal\/#\/schema\/person\/2b1cf3cd81a31e3cd26889ca66d677f1\"},\"headline\":\"Dialogue national : ce qui va se passer apr\u00e8s l\u2019ouverture\",\"datePublished\":\"2024-02-27T17:17:19+00:00\",\"dateModified\":\"2024-02-27T18:48:07+00:00\",\"mainEntityOfPage\":{\"@id\":\"https:\/\/www.africa-press.net\/senegal\/politique\/dialogue-national-ce-qui-va-se-passer-apres-louverture\"},\"wordCount\":168,\"commentCount\":0,\"image\":{\"@id\":\"https:\/\/www.africa-press.net\/senegal\/politique\/dialogue-national-ce-qui-va-se-passer-apres-louverture#primaryimage\"},\"thumbnailUrl\":\"https:\/\/static.africa-press.net\/senegal\/sites\/13\/2024\/02\/sm_1709043410.936493.jpg\",\"keywords\":[\"Africa Press\",\"Africa Press-Senegal\",\"Senegal\"],\"articleSection\":[\"Politique\",\"Toutes les actualit\u00e9s\"],\"inLanguage\":\"fr-FR\",\"potentialAction\":[{\"@type\":\"CommentAction\",\"name\":\"Comment\",\"target\":[\"https:\/\/www.africa-press.net\/senegal\/politique\/dialogue-national-ce-qui-va-se-passer-apres-louverture#respond\"]}]},{\"@type\":\"WebPage\",\"@id\":\"https:\/\/www.africa-press.net\/senegal\/politique\/dialogue-national-ce-qui-va-se-passer-apres-louverture\",\"url\":\"https:\/\/www.africa-press.net\/senegal\/politique\/dialogue-national-ce-qui-va-se-passer-apres-louverture\",\"name\":\"Dialogue national : ce qui va se passer apr\u00e8s l\u2019ouverture - Senegal\",\"isPartOf\":{\"@id\":\"https:\/\/www.africa-press.net\/senegal\/#website\"},\"primaryImageOfPage\":{\"@id\":\"https:\/\/www.africa-press.net\/senegal\/politique\/dialogue-national-ce-qui-va-se-passer-apres-louverture#primaryimage\"},\"image\":{\"@id\":\"https:\/\/www.africa-press.net\/senegal\/politique\/dialogue-national-ce-qui-va-se-passer-apres-louverture#primaryimage\"},\"thumbnailUrl\":\"https:\/\/static.africa-press.net\/senegal\/sites\/13\/2024\/02\/sm_1709043410.936493.jpg\",\"datePublished\":\"2024-02-27T17:17:19+00:00\",\"dateModified\":\"2024-02-27T18:48:07+00:00\",\"author\":{\"@id\":\"https:\/\/www.africa-press.net\/senegal\/#\/schema\/person\/2b1cf3cd81a31e3cd26889ca66d677f1\"},\"description\":\"Le dialogue national convoque\u0301 par le chef de l\u2019E\u0301tat Macky Sall se poursuit malgre\u0301 le boycott d\u2019une partie de l\u2019opposi ...\",\"breadcrumb\":{\"@id\":\"https:\/\/www.africa-press.net\/senegal\/politique\/dialogue-national-ce-qui-va-se-passer-apres-louverture#breadcrumb\"},\"inLanguage\":\"fr-FR\",\"potentialAction\":[{\"@type\":\"ReadAction\",\"target\":[\"https:\/\/www.africa-press.net\/senegal\/politique\/dialogue-national-ce-qui-va-se-passer-apres-louverture\"]}]},{\"@type\":\"ImageObject\",\"inLanguage\":\"fr-FR\",\"@id\":\"https:\/\/www.africa-press.net\/senegal\/politique\/dialogue-national-ce-qui-va-se-passer-apres-louverture#primaryimage\",\"url\":\"https:\/\/static.africa-press.net\/senegal\/sites\/13\/2024\/02\/sm_1709043410.936493.jpg\",\"contentUrl\":\"https:\/\/static.africa-press.net\/senegal\/sites\/13\/2024\/02\/sm_1709043410.936493.jpg\",\"width\":1216,\"height\":591,\"caption\":\"Dialogue national : ce qui va se passer apr\u00e8s l\u2019ouverture\"},{\"@type\":\"BreadcrumbList\",\"@id\":\"https:\/\/www.africa-press.net\/senegal\/politique\/dialogue-national-ce-qui-va-se-passer-apres-louverture#breadcrumb\",\"itemListElement\":[{\"@type\":\"ListItem\",\"position\":1,\"name\":\"Accueil\",\"item\":\"https:\/\/www.africa-press.net\/senegal\/\"},{\"@type\":\"ListItem\",\"position\":2,\"name\":\"Dialogue national : ce qui va se passer apr\u00e8s l\u2019ouverture\"}]},{\"@type\":\"WebSite\",\"@id\":\"https:\/\/www.africa-press.net\/senegal\/#website\",\"url\":\"https:\/\/www.africa-press.net\/senegal\/\",\"name\":\"Africa Press | Senegal | Homepage\",\"description\":\"Just another Africa News Agency Sites site\",\"potentialAction\":[{\"@type\":\"SearchAction\",\"target\":{\"@type\":\"EntryPoint\",\"urlTemplate\":\"https:\/\/www.africa-press.net\/senegal\/?s={search_term_string}\"},\"query-input\":{\"@type\":\"PropertyValueSpecification\",\"valueRequired\":true,\"valueName\":\"search_term_string\"}}],\"inLanguage\":\"fr-FR\"},{\"@type\":\"Person\",\"@id\":\"https:\/\/www.africa-press.net\/senegal\/#\/schema\/person\/2b1cf3cd81a31e3cd26889ca66d677f1\",\"name\":\"cfeditorfr\",\"url\":\"https:\/\/www.africa-press.net\/senegal\/author\/cfeditorfr\"}]}<\/script>\n<!-- \/ Yoast SEO Premium plugin. -->","yoast_head_json":{"title":"Dialogue national : ce qui va se passer apr\u00e8s l\u2019ouverture - Senegal","description":"Le dialogue national convoque\u0301 par le chef de l\u2019E\u0301tat Macky Sall se poursuit malgre\u0301 le boycott d\u2019une partie de l\u2019opposi ...","robots":{"index":"index","follow":"follow","max-snippet":"max-snippet:-1","max-image-preview":"max-image-preview:large","max-video-preview":"max-video-preview:-1"},"canonical":"https:\/\/www.africa-press.net\/senegal\/politique\/dialogue-national-ce-qui-va-se-passer-apres-louverture","og_locale":"fr_FR","og_type":"article","og_title":"Dialogue national : ce qui va se passer apr\u00e8s l\u2019ouverture","og_description":"Le dialogue national convoque\u0301 par le chef de l\u2019E\u0301tat Macky Sall se poursuit malgre\u0301 le boycott d\u2019une partie de l\u2019opposi ...","og_url":"https:\/\/www.africa-press.net\/senegal\/politique\/dialogue-national-ce-qui-va-se-passer-apres-louverture","og_site_name":"Senegal","article_published_time":"2024-02-27T17:17:19+00:00","article_modified_time":"2024-02-27T18:48:07+00:00","og_image":[{"width":1216,"height":591,"url":"https:\/\/static.africa-press.net\/senegal\/sites\/13\/2024\/02\/sm_1709043410.936493.jpg","type":"image\/jpeg"}],"author":"cfeditorfr","twitter_card":"summary_large_image","twitter_misc":{"\u00c9crit par":"cfeditorfr","Dur\u00e9e de lecture estim\u00e9e":"1 minute"},"schema":{"@context":"https:\/\/schema.org","@graph":[{"@type":"Article","@id":"https:\/\/www.africa-press.net\/senegal\/politique\/dialogue-national-ce-qui-va-se-passer-apres-louverture#article","isPartOf":{"@id":"https:\/\/www.africa-press.net\/senegal\/politique\/dialogue-national-ce-qui-va-se-passer-apres-louverture"},"author":{"name":"cfeditorfr","@id":"https:\/\/www.africa-press.net\/senegal\/#\/schema\/person\/2b1cf3cd81a31e3cd26889ca66d677f1"},"headline":"Dialogue national : ce qui va se passer apr\u00e8s l\u2019ouverture","datePublished":"2024-02-27T17:17:19+00:00","dateModified":"2024-02-27T18:48:07+00:00","mainEntityOfPage":{"@id":"https:\/\/www.africa-press.net\/senegal\/politique\/dialogue-national-ce-qui-va-se-passer-apres-louverture"},"wordCount":168,"commentCount":0,"image":{"@id":"https:\/\/www.africa-press.net\/senegal\/politique\/dialogue-national-ce-qui-va-se-passer-apres-louverture#primaryimage"},"thumbnailUrl":"https:\/\/static.africa-press.net\/senegal\/sites\/13\/2024\/02\/sm_1709043410.936493.jpg","keywords":["Africa Press","Africa Press-Senegal","Senegal"],"articleSection":["Politique","Toutes les actualit\u00e9s"],"inLanguage":"fr-FR","potentialAction":[{"@type":"CommentAction","name":"Comment","target":["https:\/\/www.africa-press.net\/senegal\/politique\/dialogue-national-ce-qui-va-se-passer-apres-louverture#respond"]}]},{"@type":"WebPage","@id":"https:\/\/www.africa-press.net\/senegal\/politique\/dialogue-national-ce-qui-va-se-passer-apres-louverture","url":"https:\/\/www.africa-press.net\/senegal\/politique\/dialogue-national-ce-qui-va-se-passer-apres-louverture","name":"Dialogue national : ce qui va se passer apr\u00e8s l\u2019ouverture - Senegal","isPartOf":{"@id":"https:\/\/www.africa-press.net\/senegal\/#website"},"primaryImageOfPage":{"@id":"https:\/\/www.africa-press.net\/senegal\/politique\/dialogue-national-ce-qui-va-se-passer-apres-louverture#primaryimage"},"image":{"@id":"https:\/\/www.africa-press.net\/senegal\/politique\/dialogue-national-ce-qui-va-se-passer-apres-louverture#primaryimage"},"thumbnailUrl":"https:\/\/static.africa-press.net\/senegal\/sites\/13\/2024\/02\/sm_1709043410.936493.jpg","datePublished":"2024-02-27T17:17:19+00:00","dateModified":"2024-02-27T18:48:07+00:00","author":{"@id":"https:\/\/www.africa-press.net\/senegal\/#\/schema\/person\/2b1cf3cd81a31e3cd26889ca66d677f1"},"description":"Le dialogue national convoque\u0301 par le chef de l\u2019E\u0301tat Macky Sall se poursuit malgre\u0301 le boycott d\u2019une partie de l\u2019opposi ...","breadcrumb":{"@id":"https:\/\/www.africa-press.net\/senegal\/politique\/dialogue-national-ce-qui-va-se-passer-apres-louverture#breadcrumb"},"inLanguage":"fr-FR","potentialAction":[{"@type":"ReadAction","target":["https:\/\/www.africa-press.net\/senegal\/politique\/dialogue-national-ce-qui-va-se-passer-apres-louverture"]}]},{"@type":"ImageObject","inLanguage":"fr-FR","@id":"https:\/\/www.africa-press.net\/senegal\/politique\/dialogue-national-ce-qui-va-se-passer-apres-louverture#primaryimage","url":"https:\/\/static.africa-press.net\/senegal\/sites\/13\/2024\/02\/sm_1709043410.936493.jpg","contentUrl":"https:\/\/static.africa-press.net\/senegal\/sites\/13\/2024\/02\/sm_1709043410.936493.jpg","width":1216,"height":591,"caption":"Dialogue national : ce qui va se passer apr\u00e8s l\u2019ouverture"},{"@type":"BreadcrumbList","@id":"https:\/\/www.africa-press.net\/senegal\/politique\/dialogue-national-ce-qui-va-se-passer-apres-louverture#breadcrumb","itemListElement":[{"@type":"ListItem","position":1,"name":"Accueil","item":"https:\/\/www.africa-press.net\/senegal\/"},{"@type":"ListItem","position":2,"name":"Dialogue national : ce qui va se passer apr\u00e8s l\u2019ouverture"}]},{"@type":"WebSite","@id":"https:\/\/www.africa-press.net\/senegal\/#website","url":"https:\/\/www.africa-press.net\/senegal\/","name":"Africa Press | Senegal | Homepage","description":"Just another Africa News Agency Sites site","potentialAction":[{"@type":"SearchAction","target":{"@type":"EntryPoint","urlTemplate":"https:\/\/www.africa-press.net\/senegal\/?s={search_term_string}"},"query-input":{"@type":"PropertyValueSpecification","valueRequired":true,"valueName":"search_term_string"}}],"inLanguage":"fr-FR"},{"@type":"Person","@id":"https:\/\/www.africa-press.net\/senegal\/#\/schema\/person\/2b1cf3cd81a31e3cd26889ca66d677f1","name":"cfeditorfr","url":"https:\/\/www.africa-press.net\/senegal\/author\/cfeditorfr"}]}},"_links":{"self":[{"href":"https:\/\/www.africa-press.net\/senegal\/wp-json\/wp\/v2\/posts\/56172","targetHints":{"allow":["GET"]}}],"collection":[{"href":"https:\/\/www.africa-press.net\/senegal\/wp-json\/wp\/v2\/posts"}],"about":[{"href":"https:\/\/www.africa-press.net\/senegal\/wp-json\/wp\/v2\/types\/post"}],"author":[{"embeddable":true,"href":"https:\/\/www.africa-press.net\/senegal\/wp-json\/wp\/v2\/users\/82"}],"replies":[{"embeddable":true,"href":"https:\/\/www.africa-press.net\/senegal\/wp-json\/wp\/v2\/comments?post=56172"}],"version-history":[{"count":0,"href":"https:\/\/www.africa-press.net\/senegal\/wp-json\/wp\/v2\/posts\/56172\/revisions"}],"wp:featuredmedia":[{"embeddable":true,"href":"https:\/\/www.africa-press.net\/senegal\/wp-json\/wp\/v2\/media\/56171"}],"wp:attachment":[{"href":"https:\/\/www.africa-press.net\/senegal\/wp-json\/wp\/v2\/media?parent=56172"}],"wp:term":[{"taxonomy":"category","embeddable":true,"href":"https:\/\/www.africa-press.net\/senegal\/wp-json\/wp\/v2\/categories?post=56172"},{"taxonomy":"post_tag","embeddable":true,"href":"https:\/\/www.africa-press.net\/senegal\/wp-json\/wp\/v2\/tags?post=56172"}],"curies":[{"name":"wp","href":"https:\/\/api.w.org\/{rel}","templated":true}]}}