{"id":56175,"date":"2024-02-27T17:18:24","date_gmt":"2024-02-27T17:18:24","guid":{"rendered":"https:\/\/www.africa-press.net\/senegal\/politique\/presidentielle-2024-apres-son-retrait-de-la-course-rose-wardini-prend-une-surprenante-decision"},"modified":"2024-02-27T18:48:29","modified_gmt":"2024-02-27T18:48:29","slug":"presidentielle-2024-apres-son-retrait-de-la-course-rose-wardini-prend-une-surprenante-decision","status":"publish","type":"post","link":"https:\/\/www.africa-press.net\/senegal\/politique\/presidentielle-2024-apres-son-retrait-de-la-course-rose-wardini-prend-une-surprenante-decision","title":{"rendered":"Pr\u00e9sidentielle 2024 : apr\u00e8s son retrait de la course, Rose Wardini prend une surprenante d\u00e9cision"},"content":{"rendered":"<p><span style=\"color: #ff6600\"><strong>Africa-Press &#8211; Senegal. <\/strong><\/span>Rose Wardini s\u2019est retire\u0301e de la course pour la pre\u0301sidentielle de 2024. La de\u0301sormais ex-candidate, pre\u0301sidente du mouvement \u00abSe\u0301ne\u0301gal Nouveau\u00bb, a de\u0301clare\u0301 forfait alors qu\u2019elle est accuse\u0301e d\u2019avoir dissimule\u0301 qu\u2019elle e\u0301tait franco-se\u0301ne\u0301galaise au moment du de\u0301po\u0302t de sa candidature. La loi conside\u0300re e\u0301ligibles seuls les pre\u0301tendants a\u0300 la magistrature supre\u0302me exclusivement de nationalite\u0301 se\u0301ne\u0301galais.<\/p>\n<p>Arre\u0302te\u0301e le 2 fe\u0301vrier, la gyne\u0301cologue a e\u0301te\u0301 libe\u0301re\u0301e et place\u0301e sous contro\u0302le judiciaire quatre jours plus tard. Elle est poursuivie pour escroquerie au jugement, faux en e\u0301criture authentique et publique, inscription sous une fausse qualite\u0301, notamment.<\/p>\n<p>Malgre\u0301 son retrait de la course, Rose Wardini a de\u0301cide\u0301 de mener campagne en vue de la prochaine pre\u0301sidentielle dont la date reste a\u0300 fixer. A\u0300 de\u0301faut de pouvoir viser le \u00abfauteuil royal\u00bb, elle se place en faiseur de roi. \u00abDepuis la de\u0301mission de notre candidate de la course, nous n\u2019avons pas baisse\u0301 les bras. Nous poursuivons inlassablement notre campagne pre\u0301sidentielle\u00bb, a indique\u0301 le directeur de campagne de la patronne de \u00abSe\u0301ne\u0301gal Nouveau\u00bb, Cheikhou Diakhate\u0301, dans des propos tenus dimanche en confe\u0301rence de presse et repris par Sud Quotidien.<\/p>\n<p>Rose Wardini, informe ce dernier, entend \u00abmaintenir [ses] troupes compactes et briguer le maximum de suffrages\u00bb. Dans quel but ? Cheikhou Diakhate\u0301 souligne que l\u2019objectif sera \u00absurtout\u00bb de \u00absensibiliser sur la question de la double nationalite\u0301 dont [ils se disent] victimes\u00bb.<\/p>\n<p>Balayant les accusations porte\u0301es contre l\u2019ex-candidate, il a de\u0301clare\u0301 que Rose Wardini a introduit sa demande de renoncement a\u0300 la nationalite\u0301 franc\u0327aise le 1er aou\u0302t. Il rappelle: \u00abSuite aux sorties de presse, nous avons relance\u0301 cette demande [en vue de] l\u2019obtention de l\u2019acte au niveau du consulat de France. A\u0300 cette e\u0301poque-la\u0300, la quasi-totalite\u0301 du personnel de l\u2019ambassade e\u0301tait en conge\u0301. Ce qui, du coup, nous a porte\u0301 un grand pre\u0301judice dans ce processus.\u00bb<\/p>\n<p>Si elle n\u2019a pas encore choisi au profit de qui ira sa consigne de vote, Rose Wardini connait le profil de celui-ci. Sud Quotidien rapporte que la gyne\u0301cologue compte s\u2019allier avec le candidat \u00abqui aura la me\u0302me doctrine, les convictions et objectifs politiques similaires aux principes de [son] mouvement\u00bb.<\/p>\n<p><strong>Pour plus d&rsquo;informations et d&rsquo;analyses sur la <a href=\"https:\/\/www.africa-press.net\/senegal\">Senegal<\/a>, suivez <a href=\"https:\/\/www.africa-press.net\/\">Africa-Press<\/a><\/strong><\/p>\n","protected":false},"excerpt":{"rendered":"<p>Africa-Press &#8211; Senegal. Rose Wardini s\u2019est retire\u0301e de la course pour la pre\u0301sidentielle de 2024. La de\u0301sormais ex-candidate, pre\u0301sidente du mouvement \u00abSe\u0301ne\u0301gal Nouveau\u00bb, a de\u0301clare\u0301 forfait alors qu\u2019elle est accuse\u0301e d\u2019avoir dissimule\u0301 qu\u2019elle e\u0301tait franco-se\u0301ne\u0301galaise au moment du de\u0301po\u0302t de sa candidature. La loi conside\u0300re e\u0301ligibles seuls les pre\u0301tendants a\u0300 la magistrature supre\u0302me exclusivement de [&hellip;]<\/p>\n","protected":false},"author":82,"featured_media":56173,"comment_status":"open","ping_status":"closed","sticky":false,"template":"","format":"standard","meta":{"footnotes":""},"categories":[2,10],"tags":[43,47,44],"class_list":["post-56175","post","type-post","status-publish","format-standard","has-post-thumbnail","hentry","category-politique","category-toutes-les-actualites","tag-africa-press-2","tag-africa-press-senegal","tag-senegal-2"],"yoast_head":"<!-- This site is optimized with the Yoast SEO Premium plugin v26.1 (Yoast SEO v27.0) - https:\/\/yoast.com\/product\/yoast-seo-premium-wordpress\/ -->\n<title>Pr\u00e9sidentielle 2024 : apr\u00e8s son retrait de la course, Rose Wardini prend une surprenante d\u00e9cision - Senegal<\/title>\n<meta name=\"description\" content=\"Rose Wardini s\u2019est retire\u0301e de la course pour la pre\u0301sidentielle de 2024. La de\u0301sormais ex-candidate, pre\u0301sidente du mou ...\" \/>\n<meta name=\"robots\" content=\"index, follow, max-snippet:-1, max-image-preview:large, max-video-preview:-1\" \/>\n<link rel=\"canonical\" href=\"https:\/\/www.africa-press.net\/senegal\/politique\/presidentielle-2024-apres-son-retrait-de-la-course-rose-wardini-prend-une-surprenante-decision\" \/>\n<meta property=\"og:locale\" content=\"fr_FR\" \/>\n<meta property=\"og:type\" content=\"article\" \/>\n<meta property=\"og:title\" content=\"Pr\u00e9sidentielle 2024 : apr\u00e8s son retrait de la course, Rose Wardini prend une surprenante d\u00e9cision\" \/>\n<meta property=\"og:description\" content=\"Rose Wardini s\u2019est retire\u0301e de la course pour la pre\u0301sidentielle de 2024. La de\u0301sormais ex-candidate, pre\u0301sidente du mou ...\" \/>\n<meta property=\"og:url\" content=\"https:\/\/www.africa-press.net\/senegal\/politique\/presidentielle-2024-apres-son-retrait-de-la-course-rose-wardini-prend-une-surprenante-decision\" \/>\n<meta property=\"og:site_name\" content=\"Senegal\" \/>\n<meta property=\"article:published_time\" content=\"2024-02-27T17:18:24+00:00\" \/>\n<meta property=\"article:modified_time\" content=\"2024-02-27T18:48:29+00:00\" \/>\n<meta property=\"og:image\" content=\"https:\/\/static.africa-press.net\/senegal\/sites\/13\/2024\/02\/sm_1709043425.593404.jpg\" \/>\n\t<meta property=\"og:image:width\" content=\"1213\" \/>\n\t<meta property=\"og:image:height\" content=\"591\" \/>\n\t<meta property=\"og:image:type\" content=\"image\/jpeg\" \/>\n<meta name=\"author\" content=\"cfeditorfr\" \/>\n<meta name=\"twitter:card\" content=\"summary_large_image\" \/>\n<meta name=\"twitter:label1\" content=\"\u00c9crit par\" \/>\n\t<meta name=\"twitter:data1\" content=\"cfeditorfr\" \/>\n\t<meta name=\"twitter:label2\" content=\"Dur\u00e9e de lecture estim\u00e9e\" \/>\n\t<meta name=\"twitter:data2\" content=\"2 minutes\" \/>\n<script type=\"application\/ld+json\" class=\"yoast-schema-graph\">{\"@context\":\"https:\/\/schema.org\",\"@graph\":[{\"@type\":\"Article\",\"@id\":\"https:\/\/www.africa-press.net\/senegal\/politique\/presidentielle-2024-apres-son-retrait-de-la-course-rose-wardini-prend-une-surprenante-decision#article\",\"isPartOf\":{\"@id\":\"https:\/\/www.africa-press.net\/senegal\/politique\/presidentielle-2024-apres-son-retrait-de-la-course-rose-wardini-prend-une-surprenante-decision\"},\"author\":{\"name\":\"cfeditorfr\",\"@id\":\"https:\/\/www.africa-press.net\/senegal\/#\/schema\/person\/2b1cf3cd81a31e3cd26889ca66d677f1\"},\"headline\":\"Pr\u00e9sidentielle 2024 : apr\u00e8s son retrait de la course, Rose Wardini prend une surprenante d\u00e9cision\",\"datePublished\":\"2024-02-27T17:18:24+00:00\",\"dateModified\":\"2024-02-27T18:48:29+00:00\",\"mainEntityOfPage\":{\"@id\":\"https:\/\/www.africa-press.net\/senegal\/politique\/presidentielle-2024-apres-son-retrait-de-la-course-rose-wardini-prend-une-surprenante-decision\"},\"wordCount\":430,\"commentCount\":0,\"image\":{\"@id\":\"https:\/\/www.africa-press.net\/senegal\/politique\/presidentielle-2024-apres-son-retrait-de-la-course-rose-wardini-prend-une-surprenante-decision#primaryimage\"},\"thumbnailUrl\":\"https:\/\/static.africa-press.net\/senegal\/sites\/13\/2024\/02\/sm_1709043425.593404.jpg\",\"keywords\":[\"Africa Press\",\"Africa Press-Senegal\",\"Senegal\"],\"articleSection\":[\"Politique\",\"Toutes les actualit\u00e9s\"],\"inLanguage\":\"fr-FR\",\"potentialAction\":[{\"@type\":\"CommentAction\",\"name\":\"Comment\",\"target\":[\"https:\/\/www.africa-press.net\/senegal\/politique\/presidentielle-2024-apres-son-retrait-de-la-course-rose-wardini-prend-une-surprenante-decision#respond\"]}]},{\"@type\":\"WebPage\",\"@id\":\"https:\/\/www.africa-press.net\/senegal\/politique\/presidentielle-2024-apres-son-retrait-de-la-course-rose-wardini-prend-une-surprenante-decision\",\"url\":\"https:\/\/www.africa-press.net\/senegal\/politique\/presidentielle-2024-apres-son-retrait-de-la-course-rose-wardini-prend-une-surprenante-decision\",\"name\":\"Pr\u00e9sidentielle 2024 : apr\u00e8s son retrait de la course, Rose Wardini prend une surprenante d\u00e9cision - Senegal\",\"isPartOf\":{\"@id\":\"https:\/\/www.africa-press.net\/senegal\/#website\"},\"primaryImageOfPage\":{\"@id\":\"https:\/\/www.africa-press.net\/senegal\/politique\/presidentielle-2024-apres-son-retrait-de-la-course-rose-wardini-prend-une-surprenante-decision#primaryimage\"},\"image\":{\"@id\":\"https:\/\/www.africa-press.net\/senegal\/politique\/presidentielle-2024-apres-son-retrait-de-la-course-rose-wardini-prend-une-surprenante-decision#primaryimage\"},\"thumbnailUrl\":\"https:\/\/static.africa-press.net\/senegal\/sites\/13\/2024\/02\/sm_1709043425.593404.jpg\",\"datePublished\":\"2024-02-27T17:18:24+00:00\",\"dateModified\":\"2024-02-27T18:48:29+00:00\",\"author\":{\"@id\":\"https:\/\/www.africa-press.net\/senegal\/#\/schema\/person\/2b1cf3cd81a31e3cd26889ca66d677f1\"},\"description\":\"Rose Wardini s\u2019est retire\u0301e de la course pour la pre\u0301sidentielle de 2024. La de\u0301sormais ex-candidate, pre\u0301sidente du mou ...\",\"breadcrumb\":{\"@id\":\"https:\/\/www.africa-press.net\/senegal\/politique\/presidentielle-2024-apres-son-retrait-de-la-course-rose-wardini-prend-une-surprenante-decision#breadcrumb\"},\"inLanguage\":\"fr-FR\",\"potentialAction\":[{\"@type\":\"ReadAction\",\"target\":[\"https:\/\/www.africa-press.net\/senegal\/politique\/presidentielle-2024-apres-son-retrait-de-la-course-rose-wardini-prend-une-surprenante-decision\"]}]},{\"@type\":\"ImageObject\",\"inLanguage\":\"fr-FR\",\"@id\":\"https:\/\/www.africa-press.net\/senegal\/politique\/presidentielle-2024-apres-son-retrait-de-la-course-rose-wardini-prend-une-surprenante-decision#primaryimage\",\"url\":\"https:\/\/static.africa-press.net\/senegal\/sites\/13\/2024\/02\/sm_1709043425.593404.jpg\",\"contentUrl\":\"https:\/\/static.africa-press.net\/senegal\/sites\/13\/2024\/02\/sm_1709043425.593404.jpg\",\"width\":1213,\"height\":591,\"caption\":\"Pr\u00e9sidentielle 2024 : apr\u00e8s son retrait de la course, Rose Wardini prend une surprenante d\u00e9cision\"},{\"@type\":\"BreadcrumbList\",\"@id\":\"https:\/\/www.africa-press.net\/senegal\/politique\/presidentielle-2024-apres-son-retrait-de-la-course-rose-wardini-prend-une-surprenante-decision#breadcrumb\",\"itemListElement\":[{\"@type\":\"ListItem\",\"position\":1,\"name\":\"Accueil\",\"item\":\"https:\/\/www.africa-press.net\/senegal\/\"},{\"@type\":\"ListItem\",\"position\":2,\"name\":\"Pr\u00e9sidentielle 2024 : apr\u00e8s son retrait de la course, Rose Wardini prend une surprenante d\u00e9cision\"}]},{\"@type\":\"WebSite\",\"@id\":\"https:\/\/www.africa-press.net\/senegal\/#website\",\"url\":\"https:\/\/www.africa-press.net\/senegal\/\",\"name\":\"Africa Press | Senegal | Homepage\",\"description\":\"Just another Africa News Agency Sites site\",\"potentialAction\":[{\"@type\":\"SearchAction\",\"target\":{\"@type\":\"EntryPoint\",\"urlTemplate\":\"https:\/\/www.africa-press.net\/senegal\/?s={search_term_string}\"},\"query-input\":{\"@type\":\"PropertyValueSpecification\",\"valueRequired\":true,\"valueName\":\"search_term_string\"}}],\"inLanguage\":\"fr-FR\"},{\"@type\":\"Person\",\"@id\":\"https:\/\/www.africa-press.net\/senegal\/#\/schema\/person\/2b1cf3cd81a31e3cd26889ca66d677f1\",\"name\":\"cfeditorfr\",\"url\":\"https:\/\/www.africa-press.net\/senegal\/author\/cfeditorfr\"}]}<\/script>\n<!-- \/ Yoast SEO Premium plugin. -->","yoast_head_json":{"title":"Pr\u00e9sidentielle 2024 : apr\u00e8s son retrait de la course, Rose Wardini prend une surprenante d\u00e9cision - Senegal","description":"Rose Wardini s\u2019est retire\u0301e de la course pour la pre\u0301sidentielle de 2024. La de\u0301sormais ex-candidate, pre\u0301sidente du mou ...","robots":{"index":"index","follow":"follow","max-snippet":"max-snippet:-1","max-image-preview":"max-image-preview:large","max-video-preview":"max-video-preview:-1"},"canonical":"https:\/\/www.africa-press.net\/senegal\/politique\/presidentielle-2024-apres-son-retrait-de-la-course-rose-wardini-prend-une-surprenante-decision","og_locale":"fr_FR","og_type":"article","og_title":"Pr\u00e9sidentielle 2024 : apr\u00e8s son retrait de la course, Rose Wardini prend une surprenante d\u00e9cision","og_description":"Rose Wardini s\u2019est retire\u0301e de la course pour la pre\u0301sidentielle de 2024. La de\u0301sormais ex-candidate, pre\u0301sidente du mou ...","og_url":"https:\/\/www.africa-press.net\/senegal\/politique\/presidentielle-2024-apres-son-retrait-de-la-course-rose-wardini-prend-une-surprenante-decision","og_site_name":"Senegal","article_published_time":"2024-02-27T17:18:24+00:00","article_modified_time":"2024-02-27T18:48:29+00:00","og_image":[{"width":1213,"height":591,"url":"https:\/\/static.africa-press.net\/senegal\/sites\/13\/2024\/02\/sm_1709043425.593404.jpg","type":"image\/jpeg"}],"author":"cfeditorfr","twitter_card":"summary_large_image","twitter_misc":{"\u00c9crit par":"cfeditorfr","Dur\u00e9e de lecture estim\u00e9e":"2 minutes"},"schema":{"@context":"https:\/\/schema.org","@graph":[{"@type":"Article","@id":"https:\/\/www.africa-press.net\/senegal\/politique\/presidentielle-2024-apres-son-retrait-de-la-course-rose-wardini-prend-une-surprenante-decision#article","isPartOf":{"@id":"https:\/\/www.africa-press.net\/senegal\/politique\/presidentielle-2024-apres-son-retrait-de-la-course-rose-wardini-prend-une-surprenante-decision"},"author":{"name":"cfeditorfr","@id":"https:\/\/www.africa-press.net\/senegal\/#\/schema\/person\/2b1cf3cd81a31e3cd26889ca66d677f1"},"headline":"Pr\u00e9sidentielle 2024 : apr\u00e8s son retrait de la course, Rose Wardini prend une surprenante d\u00e9cision","datePublished":"2024-02-27T17:18:24+00:00","dateModified":"2024-02-27T18:48:29+00:00","mainEntityOfPage":{"@id":"https:\/\/www.africa-press.net\/senegal\/politique\/presidentielle-2024-apres-son-retrait-de-la-course-rose-wardini-prend-une-surprenante-decision"},"wordCount":430,"commentCount":0,"image":{"@id":"https:\/\/www.africa-press.net\/senegal\/politique\/presidentielle-2024-apres-son-retrait-de-la-course-rose-wardini-prend-une-surprenante-decision#primaryimage"},"thumbnailUrl":"https:\/\/static.africa-press.net\/senegal\/sites\/13\/2024\/02\/sm_1709043425.593404.jpg","keywords":["Africa Press","Africa Press-Senegal","Senegal"],"articleSection":["Politique","Toutes les actualit\u00e9s"],"inLanguage":"fr-FR","potentialAction":[{"@type":"CommentAction","name":"Comment","target":["https:\/\/www.africa-press.net\/senegal\/politique\/presidentielle-2024-apres-son-retrait-de-la-course-rose-wardini-prend-une-surprenante-decision#respond"]}]},{"@type":"WebPage","@id":"https:\/\/www.africa-press.net\/senegal\/politique\/presidentielle-2024-apres-son-retrait-de-la-course-rose-wardini-prend-une-surprenante-decision","url":"https:\/\/www.africa-press.net\/senegal\/politique\/presidentielle-2024-apres-son-retrait-de-la-course-rose-wardini-prend-une-surprenante-decision","name":"Pr\u00e9sidentielle 2024 : apr\u00e8s son retrait de la course, Rose Wardini prend une surprenante d\u00e9cision - Senegal","isPartOf":{"@id":"https:\/\/www.africa-press.net\/senegal\/#website"},"primaryImageOfPage":{"@id":"https:\/\/www.africa-press.net\/senegal\/politique\/presidentielle-2024-apres-son-retrait-de-la-course-rose-wardini-prend-une-surprenante-decision#primaryimage"},"image":{"@id":"https:\/\/www.africa-press.net\/senegal\/politique\/presidentielle-2024-apres-son-retrait-de-la-course-rose-wardini-prend-une-surprenante-decision#primaryimage"},"thumbnailUrl":"https:\/\/static.africa-press.net\/senegal\/sites\/13\/2024\/02\/sm_1709043425.593404.jpg","datePublished":"2024-02-27T17:18:24+00:00","dateModified":"2024-02-27T18:48:29+00:00","author":{"@id":"https:\/\/www.africa-press.net\/senegal\/#\/schema\/person\/2b1cf3cd81a31e3cd26889ca66d677f1"},"description":"Rose Wardini s\u2019est retire\u0301e de la course pour la pre\u0301sidentielle de 2024. La de\u0301sormais ex-candidate, pre\u0301sidente du mou ...","breadcrumb":{"@id":"https:\/\/www.africa-press.net\/senegal\/politique\/presidentielle-2024-apres-son-retrait-de-la-course-rose-wardini-prend-une-surprenante-decision#breadcrumb"},"inLanguage":"fr-FR","potentialAction":[{"@type":"ReadAction","target":["https:\/\/www.africa-press.net\/senegal\/politique\/presidentielle-2024-apres-son-retrait-de-la-course-rose-wardini-prend-une-surprenante-decision"]}]},{"@type":"ImageObject","inLanguage":"fr-FR","@id":"https:\/\/www.africa-press.net\/senegal\/politique\/presidentielle-2024-apres-son-retrait-de-la-course-rose-wardini-prend-une-surprenante-decision#primaryimage","url":"https:\/\/static.africa-press.net\/senegal\/sites\/13\/2024\/02\/sm_1709043425.593404.jpg","contentUrl":"https:\/\/static.africa-press.net\/senegal\/sites\/13\/2024\/02\/sm_1709043425.593404.jpg","width":1213,"height":591,"caption":"Pr\u00e9sidentielle 2024 : apr\u00e8s son retrait de la course, Rose Wardini prend une surprenante d\u00e9cision"},{"@type":"BreadcrumbList","@id":"https:\/\/www.africa-press.net\/senegal\/politique\/presidentielle-2024-apres-son-retrait-de-la-course-rose-wardini-prend-une-surprenante-decision#breadcrumb","itemListElement":[{"@type":"ListItem","position":1,"name":"Accueil","item":"https:\/\/www.africa-press.net\/senegal\/"},{"@type":"ListItem","position":2,"name":"Pr\u00e9sidentielle 2024 : apr\u00e8s son retrait de la course, Rose Wardini prend une surprenante d\u00e9cision"}]},{"@type":"WebSite","@id":"https:\/\/www.africa-press.net\/senegal\/#website","url":"https:\/\/www.africa-press.net\/senegal\/","name":"Africa Press | Senegal | Homepage","description":"Just another Africa News Agency Sites site","potentialAction":[{"@type":"SearchAction","target":{"@type":"EntryPoint","urlTemplate":"https:\/\/www.africa-press.net\/senegal\/?s={search_term_string}"},"query-input":{"@type":"PropertyValueSpecification","valueRequired":true,"valueName":"search_term_string"}}],"inLanguage":"fr-FR"},{"@type":"Person","@id":"https:\/\/www.africa-press.net\/senegal\/#\/schema\/person\/2b1cf3cd81a31e3cd26889ca66d677f1","name":"cfeditorfr","url":"https:\/\/www.africa-press.net\/senegal\/author\/cfeditorfr"}]}},"_links":{"self":[{"href":"https:\/\/www.africa-press.net\/senegal\/wp-json\/wp\/v2\/posts\/56175","targetHints":{"allow":["GET"]}}],"collection":[{"href":"https:\/\/www.africa-press.net\/senegal\/wp-json\/wp\/v2\/posts"}],"about":[{"href":"https:\/\/www.africa-press.net\/senegal\/wp-json\/wp\/v2\/types\/post"}],"author":[{"embeddable":true,"href":"https:\/\/www.africa-press.net\/senegal\/wp-json\/wp\/v2\/users\/82"}],"replies":[{"embeddable":true,"href":"https:\/\/www.africa-press.net\/senegal\/wp-json\/wp\/v2\/comments?post=56175"}],"version-history":[{"count":0,"href":"https:\/\/www.africa-press.net\/senegal\/wp-json\/wp\/v2\/posts\/56175\/revisions"}],"wp:featuredmedia":[{"embeddable":true,"href":"https:\/\/www.africa-press.net\/senegal\/wp-json\/wp\/v2\/media\/56173"}],"wp:attachment":[{"href":"https:\/\/www.africa-press.net\/senegal\/wp-json\/wp\/v2\/media?parent=56175"}],"wp:term":[{"taxonomy":"category","embeddable":true,"href":"https:\/\/www.africa-press.net\/senegal\/wp-json\/wp\/v2\/categories?post=56175"},{"taxonomy":"post_tag","embeddable":true,"href":"https:\/\/www.africa-press.net\/senegal\/wp-json\/wp\/v2\/tags?post=56175"}],"curies":[{"name":"wp","href":"https:\/\/api.w.org\/{rel}","templated":true}]}}