{"id":56194,"date":"2024-02-27T17:25:11","date_gmt":"2024-02-27T17:25:11","guid":{"rendered":"https:\/\/www.africa-press.net\/senegal\/politique\/presidentielle-au-senegal-vote-symbolique-de-lopposition-le-25-fevrier"},"modified":"2024-02-27T20:04:31","modified_gmt":"2024-02-27T20:04:31","slug":"presidentielle-au-senegal-vote-symbolique-de-lopposition-le-25-fevrier","status":"publish","type":"post","link":"https:\/\/www.africa-press.net\/senegal\/politique\/presidentielle-au-senegal-vote-symbolique-de-lopposition-le-25-fevrier","title":{"rendered":"Pr\u00e9sidentielle au S\u00e9n\u00e9gal : vote symbolique de l&rsquo;opposition le 25 f\u00e9vrier"},"content":{"rendered":"<p><span style=\"color: #ff6600\"><strong>Africa-Press &#8211; Senegal. <\/strong><\/span>Les candidats pre\u0301sidentiels se\u0301ne\u0301galais ont vote\u0301 dimanche lors d\u2019un vote symbolique organise\u0301 par une organisation de la socie\u0301te\u0301 civile pour de\u0301noncer le report de l\u2019e\u0301lection pre\u0301sidentielle. Une e\u0301lection initialement pre\u0301vue pour cette date du 25 fe\u0301vrier 2024.<\/p>\n<p>Les opposants qui ont participe\u0301 ont glisse\u0301 leurs bulletins de vote dans une boi\u0302te portant les mots \u00ab\u00a0RIP 25 fe\u0301vrier.\u00a0\u00bb<\/p>\n<p>\u00ab Nous ne pouvons accepter, d\u2019un trait de plume, d\u2019e\u0302tre prive\u0301s de ce qui nous est essentiel, c\u2019est-a\u0300-dire de notre liberte\u0301 et de notre de\u0301mocratie, et surtout de notre capacite\u0301 a\u0300 e\u0301lire nos dirigeants \u00bb, a de\u0301clare\u0301 le candidat a\u0300 la pre\u0301sidence et ancien maire de Dakar, Khalifa Sall.<\/p>\n<p>De jeunes manifestants se\u0301ne\u0301galais ont de\u0301fie\u0301 l\u2019interdiction de leur manifestation et se sont rassemble\u0301s dans les rues de Dakar pour condamner le report.<\/p>\n<p>\u00ab Cela me blesse beaucoup de voir que nos droits ont e\u0301te\u0301 bafoue\u0301s pour nous ramener aujourd\u2019hui a\u0300 un processus incertain \u00bb, a de\u0301clare\u0301 le manifestant Ibrahim Deme.<\/p>\n<p>Le 3 fe\u0301vrier, le pre\u0301sident se\u0301ne\u0301galais Macky Sall a reporte\u0301 le vote dans un discours te\u0301le\u0301vise\u0301 a\u0300 la nation. L\u2019opposition proteste. Et c&rsquo;est dans ce contexte que s&rsquo;ouvre ce lundi, un dialogue voulu par le gouvernement pour fixer une nouvelle date du scrutin.<\/p>\n<p><strong>Pour plus d&rsquo;informations et d&rsquo;analyses sur la <a href=\"https:\/\/www.africa-press.net\/senegal\">Senegal<\/a>, suivez <a href=\"https:\/\/www.africa-press.net\/\">Africa-Press<\/a><\/strong><\/p>\n","protected":false},"excerpt":{"rendered":"<p>Africa-Press &#8211; Senegal. Les candidats pre\u0301sidentiels se\u0301ne\u0301galais ont vote\u0301 dimanche lors d\u2019un vote symbolique organise\u0301 par une organisation de la socie\u0301te\u0301 civile pour de\u0301noncer le report de l\u2019e\u0301lection pre\u0301sidentielle. Une e\u0301lection initialement pre\u0301vue pour cette date du 25 fe\u0301vrier 2024. Les opposants qui ont participe\u0301 ont glisse\u0301 leurs bulletins de vote dans une boi\u0302te portant [&hellip;]<\/p>\n","protected":false},"author":82,"featured_media":56193,"comment_status":"open","ping_status":"closed","sticky":false,"template":"","format":"standard","meta":{"footnotes":""},"categories":[2,10],"tags":[43,47,44],"class_list":["post-56194","post","type-post","status-publish","format-standard","has-post-thumbnail","hentry","category-politique","category-toutes-les-actualites","tag-africa-press-2","tag-africa-press-senegal","tag-senegal-2"],"yoast_head":"<!-- This site is optimized with the Yoast SEO Premium plugin v26.1 (Yoast SEO v27.0) - https:\/\/yoast.com\/product\/yoast-seo-premium-wordpress\/ -->\n<title>Pr\u00e9sidentielle au S\u00e9n\u00e9gal : vote symbolique de l&#039;opposition le 25 f\u00e9vrier - Senegal<\/title>\n<meta name=\"description\" content=\"Les candidats pre\u0301sidentiels se\u0301ne\u0301galais ont vote\u0301 dimanche lors d\u2019un vote symbolique organise\u0301 par une organisation de ...\" \/>\n<meta name=\"robots\" content=\"index, follow, max-snippet:-1, max-image-preview:large, max-video-preview:-1\" \/>\n<link rel=\"canonical\" href=\"https:\/\/www.africa-press.net\/senegal\/politique\/presidentielle-au-senegal-vote-symbolique-de-lopposition-le-25-fevrier\" \/>\n<meta property=\"og:locale\" content=\"fr_FR\" \/>\n<meta property=\"og:type\" content=\"article\" \/>\n<meta property=\"og:title\" content=\"Pr\u00e9sidentielle au S\u00e9n\u00e9gal : vote symbolique de l&#039;opposition le 25 f\u00e9vrier\" \/>\n<meta property=\"og:description\" content=\"Les candidats pre\u0301sidentiels se\u0301ne\u0301galais ont vote\u0301 dimanche lors d\u2019un vote symbolique organise\u0301 par une organisation de ...\" \/>\n<meta property=\"og:url\" content=\"https:\/\/www.africa-press.net\/senegal\/politique\/presidentielle-au-senegal-vote-symbolique-de-lopposition-le-25-fevrier\" \/>\n<meta property=\"og:site_name\" content=\"Senegal\" \/>\n<meta property=\"article:published_time\" content=\"2024-02-27T17:25:11+00:00\" \/>\n<meta property=\"article:modified_time\" content=\"2024-02-27T20:04:31+00:00\" \/>\n<meta property=\"og:image\" content=\"https:\/\/static.africa-press.net\/senegal\/sites\/13\/2024\/02\/sm_1709047608.958755.jpg\" \/>\n\t<meta property=\"og:image:width\" content=\"1319\" \/>\n\t<meta property=\"og:image:height\" content=\"564\" \/>\n\t<meta property=\"og:image:type\" content=\"image\/jpeg\" \/>\n<meta name=\"author\" content=\"cfeditorfr\" \/>\n<meta name=\"twitter:card\" content=\"summary_large_image\" \/>\n<meta name=\"twitter:label1\" content=\"\u00c9crit par\" \/>\n\t<meta name=\"twitter:data1\" content=\"cfeditorfr\" \/>\n\t<meta name=\"twitter:label2\" content=\"Dur\u00e9e de lecture estim\u00e9e\" \/>\n\t<meta name=\"twitter:data2\" content=\"1 minute\" \/>\n<script type=\"application\/ld+json\" class=\"yoast-schema-graph\">{\"@context\":\"https:\/\/schema.org\",\"@graph\":[{\"@type\":\"Article\",\"@id\":\"https:\/\/www.africa-press.net\/senegal\/politique\/presidentielle-au-senegal-vote-symbolique-de-lopposition-le-25-fevrier#article\",\"isPartOf\":{\"@id\":\"https:\/\/www.africa-press.net\/senegal\/politique\/presidentielle-au-senegal-vote-symbolique-de-lopposition-le-25-fevrier\"},\"author\":{\"name\":\"cfeditorfr\",\"@id\":\"https:\/\/www.africa-press.net\/senegal\/#\/schema\/person\/2b1cf3cd81a31e3cd26889ca66d677f1\"},\"headline\":\"Pr\u00e9sidentielle au S\u00e9n\u00e9gal : vote symbolique de l&rsquo;opposition le 25 f\u00e9vrier\",\"datePublished\":\"2024-02-27T17:25:11+00:00\",\"dateModified\":\"2024-02-27T20:04:31+00:00\",\"mainEntityOfPage\":{\"@id\":\"https:\/\/www.africa-press.net\/senegal\/politique\/presidentielle-au-senegal-vote-symbolique-de-lopposition-le-25-fevrier\"},\"wordCount\":263,\"commentCount\":0,\"image\":{\"@id\":\"https:\/\/www.africa-press.net\/senegal\/politique\/presidentielle-au-senegal-vote-symbolique-de-lopposition-le-25-fevrier#primaryimage\"},\"thumbnailUrl\":\"https:\/\/static.africa-press.net\/senegal\/sites\/13\/2024\/02\/sm_1709047608.958755.jpg\",\"keywords\":[\"Africa Press\",\"Africa Press-Senegal\",\"Senegal\"],\"articleSection\":[\"Politique\",\"Toutes les actualit\u00e9s\"],\"inLanguage\":\"fr-FR\",\"potentialAction\":[{\"@type\":\"CommentAction\",\"name\":\"Comment\",\"target\":[\"https:\/\/www.africa-press.net\/senegal\/politique\/presidentielle-au-senegal-vote-symbolique-de-lopposition-le-25-fevrier#respond\"]}]},{\"@type\":\"WebPage\",\"@id\":\"https:\/\/www.africa-press.net\/senegal\/politique\/presidentielle-au-senegal-vote-symbolique-de-lopposition-le-25-fevrier\",\"url\":\"https:\/\/www.africa-press.net\/senegal\/politique\/presidentielle-au-senegal-vote-symbolique-de-lopposition-le-25-fevrier\",\"name\":\"Pr\u00e9sidentielle au S\u00e9n\u00e9gal : vote symbolique de l'opposition le 25 f\u00e9vrier - Senegal\",\"isPartOf\":{\"@id\":\"https:\/\/www.africa-press.net\/senegal\/#website\"},\"primaryImageOfPage\":{\"@id\":\"https:\/\/www.africa-press.net\/senegal\/politique\/presidentielle-au-senegal-vote-symbolique-de-lopposition-le-25-fevrier#primaryimage\"},\"image\":{\"@id\":\"https:\/\/www.africa-press.net\/senegal\/politique\/presidentielle-au-senegal-vote-symbolique-de-lopposition-le-25-fevrier#primaryimage\"},\"thumbnailUrl\":\"https:\/\/static.africa-press.net\/senegal\/sites\/13\/2024\/02\/sm_1709047608.958755.jpg\",\"datePublished\":\"2024-02-27T17:25:11+00:00\",\"dateModified\":\"2024-02-27T20:04:31+00:00\",\"author\":{\"@id\":\"https:\/\/www.africa-press.net\/senegal\/#\/schema\/person\/2b1cf3cd81a31e3cd26889ca66d677f1\"},\"description\":\"Les candidats pre\u0301sidentiels se\u0301ne\u0301galais ont vote\u0301 dimanche lors d\u2019un vote symbolique organise\u0301 par une organisation de ...\",\"breadcrumb\":{\"@id\":\"https:\/\/www.africa-press.net\/senegal\/politique\/presidentielle-au-senegal-vote-symbolique-de-lopposition-le-25-fevrier#breadcrumb\"},\"inLanguage\":\"fr-FR\",\"potentialAction\":[{\"@type\":\"ReadAction\",\"target\":[\"https:\/\/www.africa-press.net\/senegal\/politique\/presidentielle-au-senegal-vote-symbolique-de-lopposition-le-25-fevrier\"]}]},{\"@type\":\"ImageObject\",\"inLanguage\":\"fr-FR\",\"@id\":\"https:\/\/www.africa-press.net\/senegal\/politique\/presidentielle-au-senegal-vote-symbolique-de-lopposition-le-25-fevrier#primaryimage\",\"url\":\"https:\/\/static.africa-press.net\/senegal\/sites\/13\/2024\/02\/sm_1709047608.958755.jpg\",\"contentUrl\":\"https:\/\/static.africa-press.net\/senegal\/sites\/13\/2024\/02\/sm_1709047608.958755.jpg\",\"width\":1319,\"height\":564,\"caption\":\"Pr\u00e9sidentielle au S\u00e9n\u00e9gal : vote symbolique de l'opposition le 25 f\u00e9vrier\"},{\"@type\":\"BreadcrumbList\",\"@id\":\"https:\/\/www.africa-press.net\/senegal\/politique\/presidentielle-au-senegal-vote-symbolique-de-lopposition-le-25-fevrier#breadcrumb\",\"itemListElement\":[{\"@type\":\"ListItem\",\"position\":1,\"name\":\"Accueil\",\"item\":\"https:\/\/www.africa-press.net\/senegal\/\"},{\"@type\":\"ListItem\",\"position\":2,\"name\":\"Pr\u00e9sidentielle au S\u00e9n\u00e9gal : vote symbolique de l&#8217;opposition le 25 f\u00e9vrier\"}]},{\"@type\":\"WebSite\",\"@id\":\"https:\/\/www.africa-press.net\/senegal\/#website\",\"url\":\"https:\/\/www.africa-press.net\/senegal\/\",\"name\":\"Africa Press | Senegal | Homepage\",\"description\":\"Just another Africa News Agency Sites site\",\"potentialAction\":[{\"@type\":\"SearchAction\",\"target\":{\"@type\":\"EntryPoint\",\"urlTemplate\":\"https:\/\/www.africa-press.net\/senegal\/?s={search_term_string}\"},\"query-input\":{\"@type\":\"PropertyValueSpecification\",\"valueRequired\":true,\"valueName\":\"search_term_string\"}}],\"inLanguage\":\"fr-FR\"},{\"@type\":\"Person\",\"@id\":\"https:\/\/www.africa-press.net\/senegal\/#\/schema\/person\/2b1cf3cd81a31e3cd26889ca66d677f1\",\"name\":\"cfeditorfr\",\"url\":\"https:\/\/www.africa-press.net\/senegal\/author\/cfeditorfr\"}]}<\/script>\n<!-- \/ Yoast SEO Premium plugin. -->","yoast_head_json":{"title":"Pr\u00e9sidentielle au S\u00e9n\u00e9gal : vote symbolique de l'opposition le 25 f\u00e9vrier - Senegal","description":"Les candidats pre\u0301sidentiels se\u0301ne\u0301galais ont vote\u0301 dimanche lors d\u2019un vote symbolique organise\u0301 par une organisation de ...","robots":{"index":"index","follow":"follow","max-snippet":"max-snippet:-1","max-image-preview":"max-image-preview:large","max-video-preview":"max-video-preview:-1"},"canonical":"https:\/\/www.africa-press.net\/senegal\/politique\/presidentielle-au-senegal-vote-symbolique-de-lopposition-le-25-fevrier","og_locale":"fr_FR","og_type":"article","og_title":"Pr\u00e9sidentielle au S\u00e9n\u00e9gal : vote symbolique de l'opposition le 25 f\u00e9vrier","og_description":"Les candidats pre\u0301sidentiels se\u0301ne\u0301galais ont vote\u0301 dimanche lors d\u2019un vote symbolique organise\u0301 par une organisation de ...","og_url":"https:\/\/www.africa-press.net\/senegal\/politique\/presidentielle-au-senegal-vote-symbolique-de-lopposition-le-25-fevrier","og_site_name":"Senegal","article_published_time":"2024-02-27T17:25:11+00:00","article_modified_time":"2024-02-27T20:04:31+00:00","og_image":[{"width":1319,"height":564,"url":"https:\/\/static.africa-press.net\/senegal\/sites\/13\/2024\/02\/sm_1709047608.958755.jpg","type":"image\/jpeg"}],"author":"cfeditorfr","twitter_card":"summary_large_image","twitter_misc":{"\u00c9crit par":"cfeditorfr","Dur\u00e9e de lecture estim\u00e9e":"1 minute"},"schema":{"@context":"https:\/\/schema.org","@graph":[{"@type":"Article","@id":"https:\/\/www.africa-press.net\/senegal\/politique\/presidentielle-au-senegal-vote-symbolique-de-lopposition-le-25-fevrier#article","isPartOf":{"@id":"https:\/\/www.africa-press.net\/senegal\/politique\/presidentielle-au-senegal-vote-symbolique-de-lopposition-le-25-fevrier"},"author":{"name":"cfeditorfr","@id":"https:\/\/www.africa-press.net\/senegal\/#\/schema\/person\/2b1cf3cd81a31e3cd26889ca66d677f1"},"headline":"Pr\u00e9sidentielle au S\u00e9n\u00e9gal : vote symbolique de l&rsquo;opposition le 25 f\u00e9vrier","datePublished":"2024-02-27T17:25:11+00:00","dateModified":"2024-02-27T20:04:31+00:00","mainEntityOfPage":{"@id":"https:\/\/www.africa-press.net\/senegal\/politique\/presidentielle-au-senegal-vote-symbolique-de-lopposition-le-25-fevrier"},"wordCount":263,"commentCount":0,"image":{"@id":"https:\/\/www.africa-press.net\/senegal\/politique\/presidentielle-au-senegal-vote-symbolique-de-lopposition-le-25-fevrier#primaryimage"},"thumbnailUrl":"https:\/\/static.africa-press.net\/senegal\/sites\/13\/2024\/02\/sm_1709047608.958755.jpg","keywords":["Africa Press","Africa Press-Senegal","Senegal"],"articleSection":["Politique","Toutes les actualit\u00e9s"],"inLanguage":"fr-FR","potentialAction":[{"@type":"CommentAction","name":"Comment","target":["https:\/\/www.africa-press.net\/senegal\/politique\/presidentielle-au-senegal-vote-symbolique-de-lopposition-le-25-fevrier#respond"]}]},{"@type":"WebPage","@id":"https:\/\/www.africa-press.net\/senegal\/politique\/presidentielle-au-senegal-vote-symbolique-de-lopposition-le-25-fevrier","url":"https:\/\/www.africa-press.net\/senegal\/politique\/presidentielle-au-senegal-vote-symbolique-de-lopposition-le-25-fevrier","name":"Pr\u00e9sidentielle au S\u00e9n\u00e9gal : vote symbolique de l'opposition le 25 f\u00e9vrier - Senegal","isPartOf":{"@id":"https:\/\/www.africa-press.net\/senegal\/#website"},"primaryImageOfPage":{"@id":"https:\/\/www.africa-press.net\/senegal\/politique\/presidentielle-au-senegal-vote-symbolique-de-lopposition-le-25-fevrier#primaryimage"},"image":{"@id":"https:\/\/www.africa-press.net\/senegal\/politique\/presidentielle-au-senegal-vote-symbolique-de-lopposition-le-25-fevrier#primaryimage"},"thumbnailUrl":"https:\/\/static.africa-press.net\/senegal\/sites\/13\/2024\/02\/sm_1709047608.958755.jpg","datePublished":"2024-02-27T17:25:11+00:00","dateModified":"2024-02-27T20:04:31+00:00","author":{"@id":"https:\/\/www.africa-press.net\/senegal\/#\/schema\/person\/2b1cf3cd81a31e3cd26889ca66d677f1"},"description":"Les candidats pre\u0301sidentiels se\u0301ne\u0301galais ont vote\u0301 dimanche lors d\u2019un vote symbolique organise\u0301 par une organisation de ...","breadcrumb":{"@id":"https:\/\/www.africa-press.net\/senegal\/politique\/presidentielle-au-senegal-vote-symbolique-de-lopposition-le-25-fevrier#breadcrumb"},"inLanguage":"fr-FR","potentialAction":[{"@type":"ReadAction","target":["https:\/\/www.africa-press.net\/senegal\/politique\/presidentielle-au-senegal-vote-symbolique-de-lopposition-le-25-fevrier"]}]},{"@type":"ImageObject","inLanguage":"fr-FR","@id":"https:\/\/www.africa-press.net\/senegal\/politique\/presidentielle-au-senegal-vote-symbolique-de-lopposition-le-25-fevrier#primaryimage","url":"https:\/\/static.africa-press.net\/senegal\/sites\/13\/2024\/02\/sm_1709047608.958755.jpg","contentUrl":"https:\/\/static.africa-press.net\/senegal\/sites\/13\/2024\/02\/sm_1709047608.958755.jpg","width":1319,"height":564,"caption":"Pr\u00e9sidentielle au S\u00e9n\u00e9gal : vote symbolique de l'opposition le 25 f\u00e9vrier"},{"@type":"BreadcrumbList","@id":"https:\/\/www.africa-press.net\/senegal\/politique\/presidentielle-au-senegal-vote-symbolique-de-lopposition-le-25-fevrier#breadcrumb","itemListElement":[{"@type":"ListItem","position":1,"name":"Accueil","item":"https:\/\/www.africa-press.net\/senegal\/"},{"@type":"ListItem","position":2,"name":"Pr\u00e9sidentielle au S\u00e9n\u00e9gal : vote symbolique de l&#8217;opposition le 25 f\u00e9vrier"}]},{"@type":"WebSite","@id":"https:\/\/www.africa-press.net\/senegal\/#website","url":"https:\/\/www.africa-press.net\/senegal\/","name":"Africa Press | Senegal | Homepage","description":"Just another Africa News Agency Sites site","potentialAction":[{"@type":"SearchAction","target":{"@type":"EntryPoint","urlTemplate":"https:\/\/www.africa-press.net\/senegal\/?s={search_term_string}"},"query-input":{"@type":"PropertyValueSpecification","valueRequired":true,"valueName":"search_term_string"}}],"inLanguage":"fr-FR"},{"@type":"Person","@id":"https:\/\/www.africa-press.net\/senegal\/#\/schema\/person\/2b1cf3cd81a31e3cd26889ca66d677f1","name":"cfeditorfr","url":"https:\/\/www.africa-press.net\/senegal\/author\/cfeditorfr"}]}},"_links":{"self":[{"href":"https:\/\/www.africa-press.net\/senegal\/wp-json\/wp\/v2\/posts\/56194","targetHints":{"allow":["GET"]}}],"collection":[{"href":"https:\/\/www.africa-press.net\/senegal\/wp-json\/wp\/v2\/posts"}],"about":[{"href":"https:\/\/www.africa-press.net\/senegal\/wp-json\/wp\/v2\/types\/post"}],"author":[{"embeddable":true,"href":"https:\/\/www.africa-press.net\/senegal\/wp-json\/wp\/v2\/users\/82"}],"replies":[{"embeddable":true,"href":"https:\/\/www.africa-press.net\/senegal\/wp-json\/wp\/v2\/comments?post=56194"}],"version-history":[{"count":0,"href":"https:\/\/www.africa-press.net\/senegal\/wp-json\/wp\/v2\/posts\/56194\/revisions"}],"wp:featuredmedia":[{"embeddable":true,"href":"https:\/\/www.africa-press.net\/senegal\/wp-json\/wp\/v2\/media\/56193"}],"wp:attachment":[{"href":"https:\/\/www.africa-press.net\/senegal\/wp-json\/wp\/v2\/media?parent=56194"}],"wp:term":[{"taxonomy":"category","embeddable":true,"href":"https:\/\/www.africa-press.net\/senegal\/wp-json\/wp\/v2\/categories?post=56194"},{"taxonomy":"post_tag","embeddable":true,"href":"https:\/\/www.africa-press.net\/senegal\/wp-json\/wp\/v2\/tags?post=56194"}],"curies":[{"name":"wp","href":"https:\/\/api.w.org\/{rel}","templated":true}]}}