{"id":56196,"date":"2024-02-27T17:30:13","date_gmt":"2024-02-27T17:30:13","guid":{"rendered":"https:\/\/www.africa-press.net\/senegal\/politique\/macky-sall-annonce-une-loi-damnistie-en-pleine-crise-institutionnelle"},"modified":"2024-02-27T20:04:54","modified_gmt":"2024-02-27T20:04:54","slug":"macky-sall-annonce-une-loi-damnistie-en-pleine-crise-institutionnelle","status":"publish","type":"post","link":"https:\/\/www.africa-press.net\/senegal\/politique\/macky-sall-annonce-une-loi-damnistie-en-pleine-crise-institutionnelle","title":{"rendered":"Macky Sall annonce une loi d\u2019amnistie en pleine crise institutionnelle"},"content":{"rendered":"<p><span style=\"color: #ff6600\"><strong>Africa-Press &#8211; Senegal. <\/strong><\/span><b>Le chef de l\u2019E\u0301tat se\u0301ne\u0301galais ne s\u2019est toujours pas prononce\u0301 sur une nouvelle date pour le scrutin pre\u0301sidentiel. L\u2019opposition, dans sa quasi totalite\u0301, a refuse\u0301 de participer au dialogue qui s\u2019est ouvert ce 26 fe\u0301vrier.<\/b><\/p>\n<p>Le 26 fe\u0301vrier, Macky Sall a annonce\u0301 un projet de loi d\u2019amnistie des actes commis au cours des troubles traverse\u0301s par son pays depuis trois ans, en pleine crise autour du report de la pre\u0301sidentielle.<\/p>\n<p>Le chef de l\u2019E\u0301tat se\u0301ne\u0301galais, qui donnait le coup d\u2019envoi de deux jours de concertations pour tenter de trouver un accord sur une nouvelle date de pre\u0301sidentielle, ne s\u2019est toujours pas prononce\u0301 sur la question, malgre\u0301 de multiples pressions nationales et internationales pour organiser le scrutin le plus vite possible et cre\u0301er les conditions de sortie d\u2019une des pires crises qu\u2019ait connues le Se\u0301ne\u0301gal depuis des de\u0301cennies.<\/p>\n<p>Les chances que ces concertations aboutissent a\u0300 \u00ab l\u2019apaisement \u00bb voulu sont incertaines. Des protagonistes majeurs, dont 17 des 19 candidats retenus en janvier par le Conseil constitutionnel, les ont boycotte\u0301es. Un large front politique et citoyen re\u0301clame que le pre\u0301sident organise la pre\u0301sidentielle avant le 2 avril, date officielle de la fin de son second mandat.<\/p>\n<p>Le collectif Aar Sunu Election (\u00ab Pre\u0301servons notre e\u0301lection \u00bb), qui milite contre le report du scrutin, appelle a\u0300 une journe\u0301e Villes mortes dans tout le pays et a\u0300 une gre\u0300ve ge\u0301ne\u0301rale le 27 fe\u0301vrier.<\/p>\n<p><b>Une amnistie comme \u00ab un pie\u0300ge \u00bb<\/b><\/p>\n<p>La loi d\u2019amnistie qu\u2019il pre\u0301sentera le 28 fe\u0301vrier en conseil des ministres sera soumise a\u0300 l\u2019Assemble\u0301e pre\u0301cise\u0301ment \u00ab dans un esprit de re\u0301conciliation nationale \u00bb pour surmonter les profondes divisions des dernie\u0300res anne\u0301es, patentes avec l\u2019actuel imbroglio e\u0301lectoral, a dit Macky Sall. Elle visera les faits survenus au cours de diffe\u0301rents e\u0301pisodes de troubles survenus depuis 2021, et encore re\u0301cemment en fe\u0301vrier apre\u0300s l\u2019annonce du report de la pre\u0301sidentielle.<\/p>\n<p>Des centaines de personnes ont e\u0301te\u0301 arre\u0302te\u0301es et poursuivies sous diffe\u0301rents chefs depuis 2021. Parmi elles figurent des personnalite\u0301s de premier plan, dont l\u2019opposant Ousmane Sonko, au c\u0153ur de l\u2019agitation, et son second Bassirou Diomaye Faye, candidat a\u0300 la pre\u0301sidentielle.<\/p>\n<p>Diffe\u0301rents acteurs s\u2019opposent a\u0300 une loi d\u2019amnistie: dans la majorite\u0301 parce qu\u2019elle pourrait effacer les actes graves de manifestants ; dans l\u2019opposition par crainte qu\u2019elle n\u2019exone\u0300re des responsables gouvernementaux ou se\u0301curitaires de la mort de nombreux manifestants. L\u2019opposition redoutait comme un pie\u0300ge que cette amnistie fasse partie du \u00ab dialogue national \u00bb organise\u0301 lundi et mardi a\u0300 Diamniadio, ville nouvelle a\u0300 une trentaine de kilome\u0300tres de la capitale Dakar.<\/p>\n<p><b>Macky Sall: \u00ab J\u2019ai envie de partir \u00bb<\/b><\/p>\n<p>Le pre\u0301sident Macky Sall a dit souhaiter que les Se\u0301ne\u0301galais votent d\u2019ici au de\u0301but de la saison des pluies, qui commence en juin\/juillet. Il a de\u0301ja\u0300 dit douter de la faisabilite\u0301 d\u2019une e\u0301lection avant le 2 avril. Il a redit son engagement a\u0300 partir ce jour-la\u0300 alors qu\u2019une partie de l\u2019opposition soupc\u0327onne un plan pour rester au pouvoir au-dela\u0300 de ses deux mandats de 12 ans au total. \u00ab J\u2019ai envie de partir \u00bb, a-t-il me\u0302me la\u0302che\u0301 sur un ton personnel en bouclant la premie\u0300re journe\u0301e d\u2019e\u0301changes.<\/p>\n<p>Certains parmi les quelques centaines de responsables politiques, repre\u0301sentants de la socie\u0301te\u0301 civile et autres dignitaires religieux qui participaient aux discussions ont ouvertement re\u0301clame\u0301 qu\u2019il reste jusqu\u2019a\u0300 l\u2019installation de son successeur, y compris au-dela\u0300 du 2 avril. D\u2019autres ont pre\u0301conise\u0301 une pre\u0301sidence par inte\u0301rim.<\/p>\n<p>Le \u00ab dialogue national \u00bb livrera, a priori ce 27 fe\u0301vrier, des conclusions sur deux sujets: la date de la pre\u0301sidentielle et l\u2019organisation de l\u2019apre\u0300s-2 avril jusqu\u2019a\u0300 l\u2019investiture de son successeur.<\/p>\n<p>L\u2019un des 17 candidats a\u0300 boycotter les concertations, Cheikh Tidiane Dieye, a qualifie\u0301 le \u00ab dialogue national \u00bb de \u00ab the\u0301a\u0302tre \u00bb que le chef de l\u2019E\u0301tat \u00ab aurait pu organiser au Grand the\u0301a\u0302tre \u00bb de Dakar. Lui et un certain nombre de concurrents se sont rendus a\u0300 la Cour constitutionnelle pour demander aux \u00ab Sages \u00bb de constater formellement le manquement du chef de l\u2019E\u0301tat a\u0300 son devoir d\u2019organiser la pre\u0301sidentielle.<\/p>\n<p>Le pre\u0301sident a de\u0301clenche\u0301 une onde de choc le 3 fe\u0301vrier en de\u0301cre\u0301tant un report de dernie\u0300re minute de l\u2019e\u0301lection. Il a invoque\u0301 les vives querelles auxquelles a donne\u0301 lieu la validation des candidatures et sa crainte qu\u2019un scrutin conteste\u0301 ne provoque de nouveaux heurts. L\u2019opposition a de\u0301nonce\u0301 un \u00ab coup d\u2019E\u0301tat constitutionnel \u00bb. Des manifestations re\u0301prime\u0301es ont fait quatre morts et donne\u0301 lieu a\u0300 des dizaines d\u2019interpellations.<\/p>\n<p>Le Conseil constitutionnel a mis son veto au report. Il a constate\u0301 l\u2019impossibilite\u0301 de maintenir la pre\u0301sidentielle le 25 fe\u0301vrier et demande\u0301 aux autorite\u0301s de l\u2019organiser \u00ab dans les meilleurs de\u0301lais \u00bb.<\/p>\n<p>Du co\u0302te\u0301 de la re\u0301sistance au chef de l\u2019E\u0301tat, certains s\u2019inquie\u0300tent des conse\u0301quences d\u2019une vacance de la pre\u0301sidence sans succession e\u0301tablie. D\u2019autres l\u2019accusent de jouer la montre, soit pour avantager son camp parce que les choses se pre\u0301senteraient mal pour lui a\u0300 la pre\u0301sidentielle, soit pour s\u2019accrocher au pouvoir au-dela\u0300 du 2 avril. Ils redoutent que le \u00ab dialogue \u00bb ne serve a\u0300 re\u0301examiner les candidatures. Le pre\u0301sident Sall a indique\u0301 avoir rec\u0327u les repre\u0301sentants de deux collectifs de candidats disqualifie\u0301s.<\/p>\n<p><strong>Pour plus d&rsquo;informations et d&rsquo;analyses sur la <a href=\"https:\/\/www.africa-press.net\/senegal\">Senegal<\/a>, suivez <a href=\"https:\/\/www.africa-press.net\/\">Africa-Press<\/a><\/strong><\/p>\n","protected":false},"excerpt":{"rendered":"<p>Africa-Press &#8211; Senegal. Le chef de l\u2019E\u0301tat se\u0301ne\u0301galais ne s\u2019est toujours pas prononce\u0301 sur une nouvelle date pour le scrutin pre\u0301sidentiel. L\u2019opposition, dans sa quasi totalite\u0301, a refuse\u0301 de participer au dialogue qui s\u2019est ouvert ce 26 fe\u0301vrier. Le 26 fe\u0301vrier, Macky Sall a annonce\u0301 un projet de loi d\u2019amnistie des actes commis au cours [&hellip;]<\/p>\n","protected":false},"author":82,"featured_media":56195,"comment_status":"open","ping_status":"closed","sticky":false,"template":"","format":"standard","meta":{"footnotes":""},"categories":[2,20,10],"tags":[43,47,44],"class_list":["post-56196","post","type-post","status-publish","format-standard","has-post-thumbnail","hentry","category-politique","category-top-nouvelles","category-toutes-les-actualites","tag-africa-press-2","tag-africa-press-senegal","tag-senegal-2"],"yoast_head":"<!-- This site is optimized with the Yoast SEO Premium plugin v26.1 (Yoast SEO v27.0) - https:\/\/yoast.com\/product\/yoast-seo-premium-wordpress\/ -->\n<title>Macky Sall annonce une loi d\u2019amnistie en pleine crise institutionnelle - Senegal<\/title>\n<meta name=\"description\" content=\"Le chef de l\u2019E\u0301tat se\u0301ne\u0301galais ne s\u2019est toujours pas prononce\u0301 sur une nouvelle date pour le scrutin pre\u0301sidentiel. ...\" \/>\n<meta name=\"robots\" content=\"index, follow, max-snippet:-1, max-image-preview:large, max-video-preview:-1\" \/>\n<link rel=\"canonical\" href=\"https:\/\/www.africa-press.net\/senegal\/politique\/macky-sall-annonce-une-loi-damnistie-en-pleine-crise-institutionnelle\" \/>\n<meta property=\"og:locale\" content=\"fr_FR\" \/>\n<meta property=\"og:type\" content=\"article\" \/>\n<meta property=\"og:title\" content=\"Macky Sall annonce une loi d\u2019amnistie en pleine crise institutionnelle\" \/>\n<meta property=\"og:description\" content=\"Le chef de l\u2019E\u0301tat se\u0301ne\u0301galais ne s\u2019est toujours pas prononce\u0301 sur une nouvelle date pour le scrutin pre\u0301sidentiel. ...\" \/>\n<meta property=\"og:url\" content=\"https:\/\/www.africa-press.net\/senegal\/politique\/macky-sall-annonce-une-loi-damnistie-en-pleine-crise-institutionnelle\" \/>\n<meta property=\"og:site_name\" content=\"Senegal\" \/>\n<meta property=\"article:published_time\" content=\"2024-02-27T17:30:13+00:00\" \/>\n<meta property=\"article:modified_time\" content=\"2024-02-27T20:04:54+00:00\" \/>\n<meta property=\"og:image\" content=\"https:\/\/static.africa-press.net\/senegal\/sites\/13\/2024\/02\/sm_1709047635.345699.jpg\" \/>\n\t<meta property=\"og:image:width\" content=\"1280\" \/>\n\t<meta property=\"og:image:height\" content=\"720\" \/>\n\t<meta property=\"og:image:type\" content=\"image\/jpeg\" \/>\n<meta name=\"author\" content=\"cfeditorfr\" \/>\n<meta name=\"twitter:card\" content=\"summary_large_image\" \/>\n<meta name=\"twitter:label1\" content=\"\u00c9crit par\" \/>\n\t<meta name=\"twitter:data1\" content=\"cfeditorfr\" \/>\n\t<meta name=\"twitter:label2\" content=\"Dur\u00e9e de lecture estim\u00e9e\" \/>\n\t<meta name=\"twitter:data2\" content=\"5 minutes\" \/>\n<script type=\"application\/ld+json\" class=\"yoast-schema-graph\">{\"@context\":\"https:\/\/schema.org\",\"@graph\":[{\"@type\":\"Article\",\"@id\":\"https:\/\/www.africa-press.net\/senegal\/politique\/macky-sall-annonce-une-loi-damnistie-en-pleine-crise-institutionnelle#article\",\"isPartOf\":{\"@id\":\"https:\/\/www.africa-press.net\/senegal\/politique\/macky-sall-annonce-une-loi-damnistie-en-pleine-crise-institutionnelle\"},\"author\":{\"name\":\"cfeditorfr\",\"@id\":\"https:\/\/www.africa-press.net\/senegal\/#\/schema\/person\/2b1cf3cd81a31e3cd26889ca66d677f1\"},\"headline\":\"Macky Sall annonce une loi d\u2019amnistie en pleine crise institutionnelle\",\"datePublished\":\"2024-02-27T17:30:13+00:00\",\"dateModified\":\"2024-02-27T20:04:54+00:00\",\"mainEntityOfPage\":{\"@id\":\"https:\/\/www.africa-press.net\/senegal\/politique\/macky-sall-annonce-une-loi-damnistie-en-pleine-crise-institutionnelle\"},\"wordCount\":985,\"commentCount\":0,\"image\":{\"@id\":\"https:\/\/www.africa-press.net\/senegal\/politique\/macky-sall-annonce-une-loi-damnistie-en-pleine-crise-institutionnelle#primaryimage\"},\"thumbnailUrl\":\"https:\/\/static.africa-press.net\/senegal\/sites\/13\/2024\/02\/sm_1709047635.345699.jpg\",\"keywords\":[\"Africa Press\",\"Africa Press-Senegal\",\"Senegal\"],\"articleSection\":[\"Politique\",\"Top Nouvelles\",\"Toutes les actualit\u00e9s\"],\"inLanguage\":\"fr-FR\",\"potentialAction\":[{\"@type\":\"CommentAction\",\"name\":\"Comment\",\"target\":[\"https:\/\/www.africa-press.net\/senegal\/politique\/macky-sall-annonce-une-loi-damnistie-en-pleine-crise-institutionnelle#respond\"]}]},{\"@type\":\"WebPage\",\"@id\":\"https:\/\/www.africa-press.net\/senegal\/politique\/macky-sall-annonce-une-loi-damnistie-en-pleine-crise-institutionnelle\",\"url\":\"https:\/\/www.africa-press.net\/senegal\/politique\/macky-sall-annonce-une-loi-damnistie-en-pleine-crise-institutionnelle\",\"name\":\"Macky Sall annonce une loi d\u2019amnistie en pleine crise institutionnelle - Senegal\",\"isPartOf\":{\"@id\":\"https:\/\/www.africa-press.net\/senegal\/#website\"},\"primaryImageOfPage\":{\"@id\":\"https:\/\/www.africa-press.net\/senegal\/politique\/macky-sall-annonce-une-loi-damnistie-en-pleine-crise-institutionnelle#primaryimage\"},\"image\":{\"@id\":\"https:\/\/www.africa-press.net\/senegal\/politique\/macky-sall-annonce-une-loi-damnistie-en-pleine-crise-institutionnelle#primaryimage\"},\"thumbnailUrl\":\"https:\/\/static.africa-press.net\/senegal\/sites\/13\/2024\/02\/sm_1709047635.345699.jpg\",\"datePublished\":\"2024-02-27T17:30:13+00:00\",\"dateModified\":\"2024-02-27T20:04:54+00:00\",\"author\":{\"@id\":\"https:\/\/www.africa-press.net\/senegal\/#\/schema\/person\/2b1cf3cd81a31e3cd26889ca66d677f1\"},\"description\":\"Le chef de l\u2019E\u0301tat se\u0301ne\u0301galais ne s\u2019est toujours pas prononce\u0301 sur une nouvelle date pour le scrutin pre\u0301sidentiel. ...\",\"breadcrumb\":{\"@id\":\"https:\/\/www.africa-press.net\/senegal\/politique\/macky-sall-annonce-une-loi-damnistie-en-pleine-crise-institutionnelle#breadcrumb\"},\"inLanguage\":\"fr-FR\",\"potentialAction\":[{\"@type\":\"ReadAction\",\"target\":[\"https:\/\/www.africa-press.net\/senegal\/politique\/macky-sall-annonce-une-loi-damnistie-en-pleine-crise-institutionnelle\"]}]},{\"@type\":\"ImageObject\",\"inLanguage\":\"fr-FR\",\"@id\":\"https:\/\/www.africa-press.net\/senegal\/politique\/macky-sall-annonce-une-loi-damnistie-en-pleine-crise-institutionnelle#primaryimage\",\"url\":\"https:\/\/static.africa-press.net\/senegal\/sites\/13\/2024\/02\/sm_1709047635.345699.jpg\",\"contentUrl\":\"https:\/\/static.africa-press.net\/senegal\/sites\/13\/2024\/02\/sm_1709047635.345699.jpg\",\"width\":1280,\"height\":720,\"caption\":\"Macky Sall annonce une loi d\u2019amnistie en pleine crise institutionnelle\"},{\"@type\":\"BreadcrumbList\",\"@id\":\"https:\/\/www.africa-press.net\/senegal\/politique\/macky-sall-annonce-une-loi-damnistie-en-pleine-crise-institutionnelle#breadcrumb\",\"itemListElement\":[{\"@type\":\"ListItem\",\"position\":1,\"name\":\"Accueil\",\"item\":\"https:\/\/www.africa-press.net\/senegal\/\"},{\"@type\":\"ListItem\",\"position\":2,\"name\":\"Macky Sall annonce une loi d\u2019amnistie en pleine crise institutionnelle\"}]},{\"@type\":\"WebSite\",\"@id\":\"https:\/\/www.africa-press.net\/senegal\/#website\",\"url\":\"https:\/\/www.africa-press.net\/senegal\/\",\"name\":\"Africa Press | Senegal | Homepage\",\"description\":\"Just another Africa News Agency Sites site\",\"potentialAction\":[{\"@type\":\"SearchAction\",\"target\":{\"@type\":\"EntryPoint\",\"urlTemplate\":\"https:\/\/www.africa-press.net\/senegal\/?s={search_term_string}\"},\"query-input\":{\"@type\":\"PropertyValueSpecification\",\"valueRequired\":true,\"valueName\":\"search_term_string\"}}],\"inLanguage\":\"fr-FR\"},{\"@type\":\"Person\",\"@id\":\"https:\/\/www.africa-press.net\/senegal\/#\/schema\/person\/2b1cf3cd81a31e3cd26889ca66d677f1\",\"name\":\"cfeditorfr\",\"url\":\"https:\/\/www.africa-press.net\/senegal\/author\/cfeditorfr\"}]}<\/script>\n<!-- \/ Yoast SEO Premium plugin. -->","yoast_head_json":{"title":"Macky Sall annonce une loi d\u2019amnistie en pleine crise institutionnelle - Senegal","description":"Le chef de l\u2019E\u0301tat se\u0301ne\u0301galais ne s\u2019est toujours pas prononce\u0301 sur une nouvelle date pour le scrutin pre\u0301sidentiel. ...","robots":{"index":"index","follow":"follow","max-snippet":"max-snippet:-1","max-image-preview":"max-image-preview:large","max-video-preview":"max-video-preview:-1"},"canonical":"https:\/\/www.africa-press.net\/senegal\/politique\/macky-sall-annonce-une-loi-damnistie-en-pleine-crise-institutionnelle","og_locale":"fr_FR","og_type":"article","og_title":"Macky Sall annonce une loi d\u2019amnistie en pleine crise institutionnelle","og_description":"Le chef de l\u2019E\u0301tat se\u0301ne\u0301galais ne s\u2019est toujours pas prononce\u0301 sur une nouvelle date pour le scrutin pre\u0301sidentiel. ...","og_url":"https:\/\/www.africa-press.net\/senegal\/politique\/macky-sall-annonce-une-loi-damnistie-en-pleine-crise-institutionnelle","og_site_name":"Senegal","article_published_time":"2024-02-27T17:30:13+00:00","article_modified_time":"2024-02-27T20:04:54+00:00","og_image":[{"width":1280,"height":720,"url":"https:\/\/static.africa-press.net\/senegal\/sites\/13\/2024\/02\/sm_1709047635.345699.jpg","type":"image\/jpeg"}],"author":"cfeditorfr","twitter_card":"summary_large_image","twitter_misc":{"\u00c9crit par":"cfeditorfr","Dur\u00e9e de lecture estim\u00e9e":"5 minutes"},"schema":{"@context":"https:\/\/schema.org","@graph":[{"@type":"Article","@id":"https:\/\/www.africa-press.net\/senegal\/politique\/macky-sall-annonce-une-loi-damnistie-en-pleine-crise-institutionnelle#article","isPartOf":{"@id":"https:\/\/www.africa-press.net\/senegal\/politique\/macky-sall-annonce-une-loi-damnistie-en-pleine-crise-institutionnelle"},"author":{"name":"cfeditorfr","@id":"https:\/\/www.africa-press.net\/senegal\/#\/schema\/person\/2b1cf3cd81a31e3cd26889ca66d677f1"},"headline":"Macky Sall annonce une loi d\u2019amnistie en pleine crise institutionnelle","datePublished":"2024-02-27T17:30:13+00:00","dateModified":"2024-02-27T20:04:54+00:00","mainEntityOfPage":{"@id":"https:\/\/www.africa-press.net\/senegal\/politique\/macky-sall-annonce-une-loi-damnistie-en-pleine-crise-institutionnelle"},"wordCount":985,"commentCount":0,"image":{"@id":"https:\/\/www.africa-press.net\/senegal\/politique\/macky-sall-annonce-une-loi-damnistie-en-pleine-crise-institutionnelle#primaryimage"},"thumbnailUrl":"https:\/\/static.africa-press.net\/senegal\/sites\/13\/2024\/02\/sm_1709047635.345699.jpg","keywords":["Africa Press","Africa Press-Senegal","Senegal"],"articleSection":["Politique","Top Nouvelles","Toutes les actualit\u00e9s"],"inLanguage":"fr-FR","potentialAction":[{"@type":"CommentAction","name":"Comment","target":["https:\/\/www.africa-press.net\/senegal\/politique\/macky-sall-annonce-une-loi-damnistie-en-pleine-crise-institutionnelle#respond"]}]},{"@type":"WebPage","@id":"https:\/\/www.africa-press.net\/senegal\/politique\/macky-sall-annonce-une-loi-damnistie-en-pleine-crise-institutionnelle","url":"https:\/\/www.africa-press.net\/senegal\/politique\/macky-sall-annonce-une-loi-damnistie-en-pleine-crise-institutionnelle","name":"Macky Sall annonce une loi d\u2019amnistie en pleine crise institutionnelle - Senegal","isPartOf":{"@id":"https:\/\/www.africa-press.net\/senegal\/#website"},"primaryImageOfPage":{"@id":"https:\/\/www.africa-press.net\/senegal\/politique\/macky-sall-annonce-une-loi-damnistie-en-pleine-crise-institutionnelle#primaryimage"},"image":{"@id":"https:\/\/www.africa-press.net\/senegal\/politique\/macky-sall-annonce-une-loi-damnistie-en-pleine-crise-institutionnelle#primaryimage"},"thumbnailUrl":"https:\/\/static.africa-press.net\/senegal\/sites\/13\/2024\/02\/sm_1709047635.345699.jpg","datePublished":"2024-02-27T17:30:13+00:00","dateModified":"2024-02-27T20:04:54+00:00","author":{"@id":"https:\/\/www.africa-press.net\/senegal\/#\/schema\/person\/2b1cf3cd81a31e3cd26889ca66d677f1"},"description":"Le chef de l\u2019E\u0301tat se\u0301ne\u0301galais ne s\u2019est toujours pas prononce\u0301 sur une nouvelle date pour le scrutin pre\u0301sidentiel. ...","breadcrumb":{"@id":"https:\/\/www.africa-press.net\/senegal\/politique\/macky-sall-annonce-une-loi-damnistie-en-pleine-crise-institutionnelle#breadcrumb"},"inLanguage":"fr-FR","potentialAction":[{"@type":"ReadAction","target":["https:\/\/www.africa-press.net\/senegal\/politique\/macky-sall-annonce-une-loi-damnistie-en-pleine-crise-institutionnelle"]}]},{"@type":"ImageObject","inLanguage":"fr-FR","@id":"https:\/\/www.africa-press.net\/senegal\/politique\/macky-sall-annonce-une-loi-damnistie-en-pleine-crise-institutionnelle#primaryimage","url":"https:\/\/static.africa-press.net\/senegal\/sites\/13\/2024\/02\/sm_1709047635.345699.jpg","contentUrl":"https:\/\/static.africa-press.net\/senegal\/sites\/13\/2024\/02\/sm_1709047635.345699.jpg","width":1280,"height":720,"caption":"Macky Sall annonce une loi d\u2019amnistie en pleine crise institutionnelle"},{"@type":"BreadcrumbList","@id":"https:\/\/www.africa-press.net\/senegal\/politique\/macky-sall-annonce-une-loi-damnistie-en-pleine-crise-institutionnelle#breadcrumb","itemListElement":[{"@type":"ListItem","position":1,"name":"Accueil","item":"https:\/\/www.africa-press.net\/senegal\/"},{"@type":"ListItem","position":2,"name":"Macky Sall annonce une loi d\u2019amnistie en pleine crise institutionnelle"}]},{"@type":"WebSite","@id":"https:\/\/www.africa-press.net\/senegal\/#website","url":"https:\/\/www.africa-press.net\/senegal\/","name":"Africa Press | Senegal | Homepage","description":"Just another Africa News Agency Sites site","potentialAction":[{"@type":"SearchAction","target":{"@type":"EntryPoint","urlTemplate":"https:\/\/www.africa-press.net\/senegal\/?s={search_term_string}"},"query-input":{"@type":"PropertyValueSpecification","valueRequired":true,"valueName":"search_term_string"}}],"inLanguage":"fr-FR"},{"@type":"Person","@id":"https:\/\/www.africa-press.net\/senegal\/#\/schema\/person\/2b1cf3cd81a31e3cd26889ca66d677f1","name":"cfeditorfr","url":"https:\/\/www.africa-press.net\/senegal\/author\/cfeditorfr"}]}},"_links":{"self":[{"href":"https:\/\/www.africa-press.net\/senegal\/wp-json\/wp\/v2\/posts\/56196","targetHints":{"allow":["GET"]}}],"collection":[{"href":"https:\/\/www.africa-press.net\/senegal\/wp-json\/wp\/v2\/posts"}],"about":[{"href":"https:\/\/www.africa-press.net\/senegal\/wp-json\/wp\/v2\/types\/post"}],"author":[{"embeddable":true,"href":"https:\/\/www.africa-press.net\/senegal\/wp-json\/wp\/v2\/users\/82"}],"replies":[{"embeddable":true,"href":"https:\/\/www.africa-press.net\/senegal\/wp-json\/wp\/v2\/comments?post=56196"}],"version-history":[{"count":0,"href":"https:\/\/www.africa-press.net\/senegal\/wp-json\/wp\/v2\/posts\/56196\/revisions"}],"wp:featuredmedia":[{"embeddable":true,"href":"https:\/\/www.africa-press.net\/senegal\/wp-json\/wp\/v2\/media\/56195"}],"wp:attachment":[{"href":"https:\/\/www.africa-press.net\/senegal\/wp-json\/wp\/v2\/media?parent=56196"}],"wp:term":[{"taxonomy":"category","embeddable":true,"href":"https:\/\/www.africa-press.net\/senegal\/wp-json\/wp\/v2\/categories?post=56196"},{"taxonomy":"post_tag","embeddable":true,"href":"https:\/\/www.africa-press.net\/senegal\/wp-json\/wp\/v2\/tags?post=56196"}],"curies":[{"name":"wp","href":"https:\/\/api.w.org\/{rel}","templated":true}]}}