{"id":56198,"date":"2024-02-27T17:31:42","date_gmt":"2024-02-27T17:31:42","guid":{"rendered":"https:\/\/www.africa-press.net\/senegal\/politique\/dialogue-politique-au-senegal-les-raisons-de-labsence-didrissa-seck"},"modified":"2024-02-27T20:05:14","modified_gmt":"2024-02-27T20:05:14","slug":"dialogue-politique-au-senegal-les-raisons-de-labsence-didrissa-seck","status":"publish","type":"post","link":"https:\/\/www.africa-press.net\/senegal\/politique\/dialogue-politique-au-senegal-les-raisons-de-labsence-didrissa-seck","title":{"rendered":"Dialogue politique au S\u00e9n\u00e9gal : les raisons de l\u2019absence d\u2019Idrissa Seck"},"content":{"rendered":"<p><span style=\"color: #ff6600\"><strong>Africa-Press &#8211; Senegal. <\/strong><\/span>Au Se\u0301ne\u0301gal, le dialogue politique nationale s\u2019est ouvert dans un contexte quelque peu tendu. Cette rencontre entre les diffe\u0301rentes forces vives de l\u2019E\u0301tat doit permettre de de\u0301nouer la crise politique qui secoue le pays de la Teranga depuis quelques semaines maintenant. Certains te\u0301nors de la sce\u0300ne politique se\u0301ne\u0301galaise ont refuse\u0301 de participer a\u0300 ce dialogue national.<\/p>\n<p>Parmi les absents de marque, on peut citer l\u2019ex-premier ministre, Idrissa Seck. Du fait de son expe\u0301rience politique et de sa parfaite mai\u0302trise des textes qui re\u0301gissent le fonctionnement de l\u2019E\u0301tat, on aurait pu penser qu\u2019Idrissa Seck allait marquer sa pre\u0301sence au dialogue nationale. Qu\u2019est-ce qui a amene\u0301 le leader du parti Yewwi a de\u0301cline\u0301 l\u2019invitation du pre\u0301sident Macky Sall ?<\/p>\n<p>D\u2019apre\u0300s des sources concordantes, Idrissa Seck ne voit pas d\u2019un bon \u0153il le rapprochement entre Macky Sall et Karim Wade. Il faut noter que le PDS de Karim Wade a joue\u0301 un grand ro\u0302le a\u0300 l\u2019Assemble\u0301e nationale dans le processus de report de l\u2019e\u0301lection pre\u0301sidentielle. Ainsi, le PDS et la majorite\u0301 pre\u0301sidentielle ne se regardent plus force\u0301ment en chien de fai\u0308ence. La nouvelle sorte d\u2019alliance entre Karim Wade et Macky Sall n\u2019est pas du gou\u0302t d\u2019Idrissa Seck.<\/p>\n<p>Notons que le leader de Yewwi n\u2019a jamais entretenu de bonnes relations avec le fils de l\u2019ancien pre\u0301sident Abdoulaye Wade. Pendant les nombreuses anne\u0301es ou\u0300 ils se sont co\u0302toye\u0301s dans les sphe\u0300res du pouvoir, le climat e\u0301tait glacial entre Karim Wade et Idrissa Seck. Malgre\u0301 les enjeux qu\u2019il y a autour de ce dialogue politique national, Idrissa Seck a opte\u0301 pour la politique de la chaise vide.<\/p>\n<p>Est-ce la bonne politique pour l\u2019opposant politique ? N\u2019aurait-il pas e\u0301te\u0301 judicieux de sa part d\u2019adopter une autre approche afin de participer a\u0300 re\u0301sorber cette crise politique qui plombe le Se\u0301ne\u0301gal ? Idrissa Seck a certes ses raisons, mais le Se\u0301ne\u0301gal est a\u0300 un tournant de son histoire et il aurait e\u0301te\u0301 inte\u0301ressant qu\u2019une personnalite\u0301 politique de sa trempe puisse marquer de fac\u0327on positive ce tournant.<\/p>\n<p><strong>Pour plus d&rsquo;informations et d&rsquo;analyses sur la <a href=\"https:\/\/www.africa-press.net\/senegal\">Senegal<\/a>, suivez <a href=\"https:\/\/www.africa-press.net\/\">Africa-Press<\/a><\/strong><\/p>\n","protected":false},"excerpt":{"rendered":"<p>Africa-Press &#8211; Senegal. Au Se\u0301ne\u0301gal, le dialogue politique nationale s\u2019est ouvert dans un contexte quelque peu tendu. Cette rencontre entre les diffe\u0301rentes forces vives de l\u2019E\u0301tat doit permettre de de\u0301nouer la crise politique qui secoue le pays de la Teranga depuis quelques semaines maintenant. Certains te\u0301nors de la sce\u0300ne politique se\u0301ne\u0301galaise ont refuse\u0301 de participer [&hellip;]<\/p>\n","protected":false},"author":82,"featured_media":56197,"comment_status":"open","ping_status":"closed","sticky":false,"template":"","format":"standard","meta":{"footnotes":""},"categories":[2,10],"tags":[43,47,44],"class_list":["post-56198","post","type-post","status-publish","format-standard","has-post-thumbnail","hentry","category-politique","category-toutes-les-actualites","tag-africa-press-2","tag-africa-press-senegal","tag-senegal-2"],"yoast_head":"<!-- This site is optimized with the Yoast SEO Premium plugin v26.1 (Yoast SEO v27.0) - https:\/\/yoast.com\/product\/yoast-seo-premium-wordpress\/ -->\n<title>Dialogue politique au S\u00e9n\u00e9gal : les raisons de l\u2019absence d\u2019Idrissa Seck - Senegal<\/title>\n<meta name=\"description\" content=\"Au Se\u0301ne\u0301gal, le dialogue politique nationale s\u2019est ouvert dans un contexte quelque peu tendu. Cette rencontre entre les ...\" \/>\n<meta name=\"robots\" content=\"index, follow, max-snippet:-1, max-image-preview:large, max-video-preview:-1\" \/>\n<link rel=\"canonical\" href=\"https:\/\/www.africa-press.net\/senegal\/politique\/dialogue-politique-au-senegal-les-raisons-de-labsence-didrissa-seck\" \/>\n<meta property=\"og:locale\" content=\"fr_FR\" \/>\n<meta property=\"og:type\" content=\"article\" \/>\n<meta property=\"og:title\" content=\"Dialogue politique au S\u00e9n\u00e9gal : les raisons de l\u2019absence d\u2019Idrissa Seck\" \/>\n<meta property=\"og:description\" content=\"Au Se\u0301ne\u0301gal, le dialogue politique nationale s\u2019est ouvert dans un contexte quelque peu tendu. Cette rencontre entre les ...\" \/>\n<meta property=\"og:url\" content=\"https:\/\/www.africa-press.net\/senegal\/politique\/dialogue-politique-au-senegal-les-raisons-de-labsence-didrissa-seck\" \/>\n<meta property=\"og:site_name\" content=\"Senegal\" \/>\n<meta property=\"article:published_time\" content=\"2024-02-27T17:31:42+00:00\" \/>\n<meta property=\"article:modified_time\" content=\"2024-02-27T20:05:14+00:00\" \/>\n<meta property=\"og:image\" content=\"https:\/\/static.africa-press.net\/senegal\/sites\/13\/2024\/02\/sm_1709047650.374859.jpg\" \/>\n\t<meta property=\"og:image:width\" content=\"1200\" \/>\n\t<meta property=\"og:image:height\" content=\"675\" \/>\n\t<meta property=\"og:image:type\" content=\"image\/jpeg\" \/>\n<meta name=\"author\" content=\"cfeditorfr\" \/>\n<meta name=\"twitter:card\" content=\"summary_large_image\" \/>\n<meta name=\"twitter:label1\" content=\"\u00c9crit par\" \/>\n\t<meta name=\"twitter:data1\" content=\"cfeditorfr\" \/>\n\t<meta name=\"twitter:label2\" content=\"Dur\u00e9e de lecture estim\u00e9e\" \/>\n\t<meta name=\"twitter:data2\" content=\"2 minutes\" \/>\n<script type=\"application\/ld+json\" class=\"yoast-schema-graph\">{\"@context\":\"https:\/\/schema.org\",\"@graph\":[{\"@type\":\"Article\",\"@id\":\"https:\/\/www.africa-press.net\/senegal\/politique\/dialogue-politique-au-senegal-les-raisons-de-labsence-didrissa-seck#article\",\"isPartOf\":{\"@id\":\"https:\/\/www.africa-press.net\/senegal\/politique\/dialogue-politique-au-senegal-les-raisons-de-labsence-didrissa-seck\"},\"author\":{\"name\":\"cfeditorfr\",\"@id\":\"https:\/\/www.africa-press.net\/senegal\/#\/schema\/person\/2b1cf3cd81a31e3cd26889ca66d677f1\"},\"headline\":\"Dialogue politique au S\u00e9n\u00e9gal : les raisons de l\u2019absence d\u2019Idrissa Seck\",\"datePublished\":\"2024-02-27T17:31:42+00:00\",\"dateModified\":\"2024-02-27T20:05:14+00:00\",\"mainEntityOfPage\":{\"@id\":\"https:\/\/www.africa-press.net\/senegal\/politique\/dialogue-politique-au-senegal-les-raisons-de-labsence-didrissa-seck\"},\"wordCount\":414,\"commentCount\":0,\"image\":{\"@id\":\"https:\/\/www.africa-press.net\/senegal\/politique\/dialogue-politique-au-senegal-les-raisons-de-labsence-didrissa-seck#primaryimage\"},\"thumbnailUrl\":\"https:\/\/static.africa-press.net\/senegal\/sites\/13\/2024\/02\/sm_1709047650.374859.jpg\",\"keywords\":[\"Africa Press\",\"Africa Press-Senegal\",\"Senegal\"],\"articleSection\":[\"Politique\",\"Toutes les actualit\u00e9s\"],\"inLanguage\":\"fr-FR\",\"potentialAction\":[{\"@type\":\"CommentAction\",\"name\":\"Comment\",\"target\":[\"https:\/\/www.africa-press.net\/senegal\/politique\/dialogue-politique-au-senegal-les-raisons-de-labsence-didrissa-seck#respond\"]}]},{\"@type\":\"WebPage\",\"@id\":\"https:\/\/www.africa-press.net\/senegal\/politique\/dialogue-politique-au-senegal-les-raisons-de-labsence-didrissa-seck\",\"url\":\"https:\/\/www.africa-press.net\/senegal\/politique\/dialogue-politique-au-senegal-les-raisons-de-labsence-didrissa-seck\",\"name\":\"Dialogue politique au S\u00e9n\u00e9gal : les raisons de l\u2019absence d\u2019Idrissa Seck - Senegal\",\"isPartOf\":{\"@id\":\"https:\/\/www.africa-press.net\/senegal\/#website\"},\"primaryImageOfPage\":{\"@id\":\"https:\/\/www.africa-press.net\/senegal\/politique\/dialogue-politique-au-senegal-les-raisons-de-labsence-didrissa-seck#primaryimage\"},\"image\":{\"@id\":\"https:\/\/www.africa-press.net\/senegal\/politique\/dialogue-politique-au-senegal-les-raisons-de-labsence-didrissa-seck#primaryimage\"},\"thumbnailUrl\":\"https:\/\/static.africa-press.net\/senegal\/sites\/13\/2024\/02\/sm_1709047650.374859.jpg\",\"datePublished\":\"2024-02-27T17:31:42+00:00\",\"dateModified\":\"2024-02-27T20:05:14+00:00\",\"author\":{\"@id\":\"https:\/\/www.africa-press.net\/senegal\/#\/schema\/person\/2b1cf3cd81a31e3cd26889ca66d677f1\"},\"description\":\"Au Se\u0301ne\u0301gal, le dialogue politique nationale s\u2019est ouvert dans un contexte quelque peu tendu. Cette rencontre entre les ...\",\"breadcrumb\":{\"@id\":\"https:\/\/www.africa-press.net\/senegal\/politique\/dialogue-politique-au-senegal-les-raisons-de-labsence-didrissa-seck#breadcrumb\"},\"inLanguage\":\"fr-FR\",\"potentialAction\":[{\"@type\":\"ReadAction\",\"target\":[\"https:\/\/www.africa-press.net\/senegal\/politique\/dialogue-politique-au-senegal-les-raisons-de-labsence-didrissa-seck\"]}]},{\"@type\":\"ImageObject\",\"inLanguage\":\"fr-FR\",\"@id\":\"https:\/\/www.africa-press.net\/senegal\/politique\/dialogue-politique-au-senegal-les-raisons-de-labsence-didrissa-seck#primaryimage\",\"url\":\"https:\/\/static.africa-press.net\/senegal\/sites\/13\/2024\/02\/sm_1709047650.374859.jpg\",\"contentUrl\":\"https:\/\/static.africa-press.net\/senegal\/sites\/13\/2024\/02\/sm_1709047650.374859.jpg\",\"width\":1200,\"height\":675,\"caption\":\"Dialogue politique au S\u00e9n\u00e9gal : les raisons de l\u2019absence d\u2019Idrissa Seck\"},{\"@type\":\"BreadcrumbList\",\"@id\":\"https:\/\/www.africa-press.net\/senegal\/politique\/dialogue-politique-au-senegal-les-raisons-de-labsence-didrissa-seck#breadcrumb\",\"itemListElement\":[{\"@type\":\"ListItem\",\"position\":1,\"name\":\"Accueil\",\"item\":\"https:\/\/www.africa-press.net\/senegal\/\"},{\"@type\":\"ListItem\",\"position\":2,\"name\":\"Dialogue politique au S\u00e9n\u00e9gal : les raisons de l\u2019absence d\u2019Idrissa Seck\"}]},{\"@type\":\"WebSite\",\"@id\":\"https:\/\/www.africa-press.net\/senegal\/#website\",\"url\":\"https:\/\/www.africa-press.net\/senegal\/\",\"name\":\"Africa Press | Senegal | Homepage\",\"description\":\"Just another Africa News Agency Sites site\",\"potentialAction\":[{\"@type\":\"SearchAction\",\"target\":{\"@type\":\"EntryPoint\",\"urlTemplate\":\"https:\/\/www.africa-press.net\/senegal\/?s={search_term_string}\"},\"query-input\":{\"@type\":\"PropertyValueSpecification\",\"valueRequired\":true,\"valueName\":\"search_term_string\"}}],\"inLanguage\":\"fr-FR\"},{\"@type\":\"Person\",\"@id\":\"https:\/\/www.africa-press.net\/senegal\/#\/schema\/person\/2b1cf3cd81a31e3cd26889ca66d677f1\",\"name\":\"cfeditorfr\",\"url\":\"https:\/\/www.africa-press.net\/senegal\/author\/cfeditorfr\"}]}<\/script>\n<!-- \/ Yoast SEO Premium plugin. -->","yoast_head_json":{"title":"Dialogue politique au S\u00e9n\u00e9gal : les raisons de l\u2019absence d\u2019Idrissa Seck - Senegal","description":"Au Se\u0301ne\u0301gal, le dialogue politique nationale s\u2019est ouvert dans un contexte quelque peu tendu. Cette rencontre entre les ...","robots":{"index":"index","follow":"follow","max-snippet":"max-snippet:-1","max-image-preview":"max-image-preview:large","max-video-preview":"max-video-preview:-1"},"canonical":"https:\/\/www.africa-press.net\/senegal\/politique\/dialogue-politique-au-senegal-les-raisons-de-labsence-didrissa-seck","og_locale":"fr_FR","og_type":"article","og_title":"Dialogue politique au S\u00e9n\u00e9gal : les raisons de l\u2019absence d\u2019Idrissa Seck","og_description":"Au Se\u0301ne\u0301gal, le dialogue politique nationale s\u2019est ouvert dans un contexte quelque peu tendu. Cette rencontre entre les ...","og_url":"https:\/\/www.africa-press.net\/senegal\/politique\/dialogue-politique-au-senegal-les-raisons-de-labsence-didrissa-seck","og_site_name":"Senegal","article_published_time":"2024-02-27T17:31:42+00:00","article_modified_time":"2024-02-27T20:05:14+00:00","og_image":[{"width":1200,"height":675,"url":"https:\/\/static.africa-press.net\/senegal\/sites\/13\/2024\/02\/sm_1709047650.374859.jpg","type":"image\/jpeg"}],"author":"cfeditorfr","twitter_card":"summary_large_image","twitter_misc":{"\u00c9crit par":"cfeditorfr","Dur\u00e9e de lecture estim\u00e9e":"2 minutes"},"schema":{"@context":"https:\/\/schema.org","@graph":[{"@type":"Article","@id":"https:\/\/www.africa-press.net\/senegal\/politique\/dialogue-politique-au-senegal-les-raisons-de-labsence-didrissa-seck#article","isPartOf":{"@id":"https:\/\/www.africa-press.net\/senegal\/politique\/dialogue-politique-au-senegal-les-raisons-de-labsence-didrissa-seck"},"author":{"name":"cfeditorfr","@id":"https:\/\/www.africa-press.net\/senegal\/#\/schema\/person\/2b1cf3cd81a31e3cd26889ca66d677f1"},"headline":"Dialogue politique au S\u00e9n\u00e9gal : les raisons de l\u2019absence d\u2019Idrissa Seck","datePublished":"2024-02-27T17:31:42+00:00","dateModified":"2024-02-27T20:05:14+00:00","mainEntityOfPage":{"@id":"https:\/\/www.africa-press.net\/senegal\/politique\/dialogue-politique-au-senegal-les-raisons-de-labsence-didrissa-seck"},"wordCount":414,"commentCount":0,"image":{"@id":"https:\/\/www.africa-press.net\/senegal\/politique\/dialogue-politique-au-senegal-les-raisons-de-labsence-didrissa-seck#primaryimage"},"thumbnailUrl":"https:\/\/static.africa-press.net\/senegal\/sites\/13\/2024\/02\/sm_1709047650.374859.jpg","keywords":["Africa Press","Africa Press-Senegal","Senegal"],"articleSection":["Politique","Toutes les actualit\u00e9s"],"inLanguage":"fr-FR","potentialAction":[{"@type":"CommentAction","name":"Comment","target":["https:\/\/www.africa-press.net\/senegal\/politique\/dialogue-politique-au-senegal-les-raisons-de-labsence-didrissa-seck#respond"]}]},{"@type":"WebPage","@id":"https:\/\/www.africa-press.net\/senegal\/politique\/dialogue-politique-au-senegal-les-raisons-de-labsence-didrissa-seck","url":"https:\/\/www.africa-press.net\/senegal\/politique\/dialogue-politique-au-senegal-les-raisons-de-labsence-didrissa-seck","name":"Dialogue politique au S\u00e9n\u00e9gal : les raisons de l\u2019absence d\u2019Idrissa Seck - Senegal","isPartOf":{"@id":"https:\/\/www.africa-press.net\/senegal\/#website"},"primaryImageOfPage":{"@id":"https:\/\/www.africa-press.net\/senegal\/politique\/dialogue-politique-au-senegal-les-raisons-de-labsence-didrissa-seck#primaryimage"},"image":{"@id":"https:\/\/www.africa-press.net\/senegal\/politique\/dialogue-politique-au-senegal-les-raisons-de-labsence-didrissa-seck#primaryimage"},"thumbnailUrl":"https:\/\/static.africa-press.net\/senegal\/sites\/13\/2024\/02\/sm_1709047650.374859.jpg","datePublished":"2024-02-27T17:31:42+00:00","dateModified":"2024-02-27T20:05:14+00:00","author":{"@id":"https:\/\/www.africa-press.net\/senegal\/#\/schema\/person\/2b1cf3cd81a31e3cd26889ca66d677f1"},"description":"Au Se\u0301ne\u0301gal, le dialogue politique nationale s\u2019est ouvert dans un contexte quelque peu tendu. Cette rencontre entre les ...","breadcrumb":{"@id":"https:\/\/www.africa-press.net\/senegal\/politique\/dialogue-politique-au-senegal-les-raisons-de-labsence-didrissa-seck#breadcrumb"},"inLanguage":"fr-FR","potentialAction":[{"@type":"ReadAction","target":["https:\/\/www.africa-press.net\/senegal\/politique\/dialogue-politique-au-senegal-les-raisons-de-labsence-didrissa-seck"]}]},{"@type":"ImageObject","inLanguage":"fr-FR","@id":"https:\/\/www.africa-press.net\/senegal\/politique\/dialogue-politique-au-senegal-les-raisons-de-labsence-didrissa-seck#primaryimage","url":"https:\/\/static.africa-press.net\/senegal\/sites\/13\/2024\/02\/sm_1709047650.374859.jpg","contentUrl":"https:\/\/static.africa-press.net\/senegal\/sites\/13\/2024\/02\/sm_1709047650.374859.jpg","width":1200,"height":675,"caption":"Dialogue politique au S\u00e9n\u00e9gal : les raisons de l\u2019absence d\u2019Idrissa Seck"},{"@type":"BreadcrumbList","@id":"https:\/\/www.africa-press.net\/senegal\/politique\/dialogue-politique-au-senegal-les-raisons-de-labsence-didrissa-seck#breadcrumb","itemListElement":[{"@type":"ListItem","position":1,"name":"Accueil","item":"https:\/\/www.africa-press.net\/senegal\/"},{"@type":"ListItem","position":2,"name":"Dialogue politique au S\u00e9n\u00e9gal : les raisons de l\u2019absence d\u2019Idrissa Seck"}]},{"@type":"WebSite","@id":"https:\/\/www.africa-press.net\/senegal\/#website","url":"https:\/\/www.africa-press.net\/senegal\/","name":"Africa Press | Senegal | Homepage","description":"Just another Africa News Agency Sites site","potentialAction":[{"@type":"SearchAction","target":{"@type":"EntryPoint","urlTemplate":"https:\/\/www.africa-press.net\/senegal\/?s={search_term_string}"},"query-input":{"@type":"PropertyValueSpecification","valueRequired":true,"valueName":"search_term_string"}}],"inLanguage":"fr-FR"},{"@type":"Person","@id":"https:\/\/www.africa-press.net\/senegal\/#\/schema\/person\/2b1cf3cd81a31e3cd26889ca66d677f1","name":"cfeditorfr","url":"https:\/\/www.africa-press.net\/senegal\/author\/cfeditorfr"}]}},"_links":{"self":[{"href":"https:\/\/www.africa-press.net\/senegal\/wp-json\/wp\/v2\/posts\/56198","targetHints":{"allow":["GET"]}}],"collection":[{"href":"https:\/\/www.africa-press.net\/senegal\/wp-json\/wp\/v2\/posts"}],"about":[{"href":"https:\/\/www.africa-press.net\/senegal\/wp-json\/wp\/v2\/types\/post"}],"author":[{"embeddable":true,"href":"https:\/\/www.africa-press.net\/senegal\/wp-json\/wp\/v2\/users\/82"}],"replies":[{"embeddable":true,"href":"https:\/\/www.africa-press.net\/senegal\/wp-json\/wp\/v2\/comments?post=56198"}],"version-history":[{"count":0,"href":"https:\/\/www.africa-press.net\/senegal\/wp-json\/wp\/v2\/posts\/56198\/revisions"}],"wp:featuredmedia":[{"embeddable":true,"href":"https:\/\/www.africa-press.net\/senegal\/wp-json\/wp\/v2\/media\/56197"}],"wp:attachment":[{"href":"https:\/\/www.africa-press.net\/senegal\/wp-json\/wp\/v2\/media?parent=56198"}],"wp:term":[{"taxonomy":"category","embeddable":true,"href":"https:\/\/www.africa-press.net\/senegal\/wp-json\/wp\/v2\/categories?post=56198"},{"taxonomy":"post_tag","embeddable":true,"href":"https:\/\/www.africa-press.net\/senegal\/wp-json\/wp\/v2\/tags?post=56198"}],"curies":[{"name":"wp","href":"https:\/\/api.w.org\/{rel}","templated":true}]}}