{"id":56229,"date":"2024-02-28T12:00:14","date_gmt":"2024-02-28T12:00:14","guid":{"rendered":"https:\/\/www.africa-press.net\/senegal\/politique\/la-nomination-du-conseil-des-ministres-du-28-fevrier-2024"},"modified":"2024-02-29T05:25:13","modified_gmt":"2024-02-29T05:25:13","slug":"la-nomination-du-conseil-des-ministres-du-28-fevrier-2024","status":"publish","type":"post","link":"https:\/\/www.africa-press.net\/senegal\/politique\/la-nomination-du-conseil-des-ministres-du-28-fevrier-2024","title":{"rendered":"La nomination du Conseil des ministres du 28 F\u00e9vrier 2024"},"content":{"rendered":"<p><span style=\"color: #ff6600\"><strong>Africa-Press &#8211; Senegal. <\/strong><\/span>Le Conseil des ministres s\u2019est tenu ce mercredi 28 fe\u0301vrier 2024 au Palais de la Re\u0301publique, sous la pre\u0301sidence du Chef de l\u2019Etat, Son Excellence, Monsieur Macky SALL.<\/p>\n<p><b>AU TITRE DES MESURES INDIVIDUELLES<\/b><br \/>\n<b>Le Pre\u0301sident de la Re\u0301publique a pris les de\u0301cisions suivantes :<\/b><\/p>\n<p>\u2022 Monsieur Die\u0300ne NDIAYE, Inge\u0301nieur des pe\u0302ches et de l\u2019Aquaculture, pre\u0301ce\u0301demment Directeur de Cabinet du Ministre du Tourisme et des Loisirs, est nomme\u0301 Secre\u0301taire ge\u0301ne\u0301ral du Ministe\u0300re du Tourisme et des Loisirs, en remplacement de Monsieur Mamadou Bassirou NDIAYE, appele\u0301 a\u0300 d\u2019autres fonctions.<\/p>\n<p>\u2022 Monsieur Mamadou Lamine Bara GUEYE, titulaire d\u2019un Master of Business Administration (MBA) en Qualite\u0301 Hygie\u0300ne Se\u0301curite\u0301 et Environnement, est nomme\u0301 Directeur ge\u0301ne\u0301ral de l\u2019Office de Gestion des Infrastructures sportives.<\/p>\n<p>\u2022 Monsieur Pape Sambare NDIAYE, Administrateur civil principal, est nomme\u0301 Directeur de l\u2019Administration ge\u0301ne\u0301rale et de l\u2019Equipement au Ministe\u0300re du Pe\u0301trole et des Energies, en remplacement de Monsieur Ibrahima NDIAYE, admis a\u0300 faire valoir ses droits a\u0300 une pension de retraite.<\/p>\n<p><strong>Pour plus d&rsquo;informations et d&rsquo;analyses sur la <a href=\"https:\/\/www.africa-press.net\/senegal\">Senegal<\/a>, suivez <a href=\"https:\/\/www.africa-press.net\/\">Africa-Press<\/a><\/strong><\/p>\n","protected":false},"excerpt":{"rendered":"<p>Africa-Press &#8211; Senegal. Le Conseil des ministres s\u2019est tenu ce mercredi 28 fe\u0301vrier 2024 au Palais de la Re\u0301publique, sous la pre\u0301sidence du Chef de l\u2019Etat, Son Excellence, Monsieur Macky SALL. AU TITRE DES MESURES INDIVIDUELLES Le Pre\u0301sident de la Re\u0301publique a pris les de\u0301cisions suivantes : \u2022 Monsieur Die\u0300ne NDIAYE, Inge\u0301nieur des pe\u0302ches et [&hellip;]<\/p>\n","protected":false},"author":82,"featured_media":56228,"comment_status":"open","ping_status":"closed","sticky":false,"template":"","format":"standard","meta":{"footnotes":""},"categories":[2,10],"tags":[43,47,44],"class_list":["post-56229","post","type-post","status-publish","format-standard","has-post-thumbnail","hentry","category-politique","category-toutes-les-actualites","tag-africa-press-2","tag-africa-press-senegal","tag-senegal-2"],"yoast_head":"<!-- This site is optimized with the Yoast SEO Premium plugin v26.1 (Yoast SEO v27.0) - https:\/\/yoast.com\/product\/yoast-seo-premium-wordpress\/ -->\n<title>La nomination du Conseil des ministres du 28 F\u00e9vrier 2024 - Senegal<\/title>\n<meta name=\"description\" content=\"Le Conseil des ministres s\u2019est tenu ce mercredi 28 fe\u0301vrier 2024 au Palais de la Re\u0301publique, sous la pre\u0301sidence du Che ...\" \/>\n<meta name=\"robots\" content=\"index, follow, max-snippet:-1, max-image-preview:large, max-video-preview:-1\" \/>\n<link rel=\"canonical\" href=\"https:\/\/www.africa-press.net\/senegal\/politique\/la-nomination-du-conseil-des-ministres-du-28-fevrier-2024\" \/>\n<meta property=\"og:locale\" content=\"fr_FR\" \/>\n<meta property=\"og:type\" content=\"article\" \/>\n<meta property=\"og:title\" content=\"La nomination du Conseil des ministres du 28 F\u00e9vrier 2024\" \/>\n<meta property=\"og:description\" content=\"Le Conseil des ministres s\u2019est tenu ce mercredi 28 fe\u0301vrier 2024 au Palais de la Re\u0301publique, sous la pre\u0301sidence du Che ...\" \/>\n<meta property=\"og:url\" content=\"https:\/\/www.africa-press.net\/senegal\/politique\/la-nomination-du-conseil-des-ministres-du-28-fevrier-2024\" \/>\n<meta property=\"og:site_name\" content=\"Senegal\" \/>\n<meta property=\"article:published_time\" content=\"2024-02-28T12:00:14+00:00\" \/>\n<meta property=\"article:modified_time\" content=\"2024-02-29T05:25:13+00:00\" \/>\n<meta property=\"og:image\" content=\"https:\/\/static.africa-press.net\/senegal\/sites\/13\/2024\/02\/sm_1709168027.128411.jpg\" \/>\n\t<meta property=\"og:image:width\" content=\"1302\" \/>\n\t<meta property=\"og:image:height\" content=\"634\" \/>\n\t<meta property=\"og:image:type\" content=\"image\/jpeg\" \/>\n<meta name=\"author\" content=\"cfeditorfr\" \/>\n<meta name=\"twitter:card\" content=\"summary_large_image\" \/>\n<meta name=\"twitter:label1\" content=\"\u00c9crit par\" \/>\n\t<meta name=\"twitter:data1\" content=\"cfeditorfr\" \/>\n\t<meta name=\"twitter:label2\" content=\"Dur\u00e9e de lecture estim\u00e9e\" \/>\n\t<meta name=\"twitter:data2\" content=\"1 minute\" \/>\n<script type=\"application\/ld+json\" class=\"yoast-schema-graph\">{\"@context\":\"https:\/\/schema.org\",\"@graph\":[{\"@type\":\"Article\",\"@id\":\"https:\/\/www.africa-press.net\/senegal\/politique\/la-nomination-du-conseil-des-ministres-du-28-fevrier-2024#article\",\"isPartOf\":{\"@id\":\"https:\/\/www.africa-press.net\/senegal\/politique\/la-nomination-du-conseil-des-ministres-du-28-fevrier-2024\"},\"author\":{\"name\":\"cfeditorfr\",\"@id\":\"https:\/\/www.africa-press.net\/senegal\/#\/schema\/person\/2b1cf3cd81a31e3cd26889ca66d677f1\"},\"headline\":\"La nomination du Conseil des ministres du 28 F\u00e9vrier 2024\",\"datePublished\":\"2024-02-28T12:00:14+00:00\",\"dateModified\":\"2024-02-29T05:25:13+00:00\",\"mainEntityOfPage\":{\"@id\":\"https:\/\/www.africa-press.net\/senegal\/politique\/la-nomination-du-conseil-des-ministres-du-28-fevrier-2024\"},\"wordCount\":207,\"commentCount\":0,\"image\":{\"@id\":\"https:\/\/www.africa-press.net\/senegal\/politique\/la-nomination-du-conseil-des-ministres-du-28-fevrier-2024#primaryimage\"},\"thumbnailUrl\":\"https:\/\/static.africa-press.net\/senegal\/sites\/13\/2024\/02\/sm_1709168027.128411.jpg\",\"keywords\":[\"Africa Press\",\"Africa Press-Senegal\",\"Senegal\"],\"articleSection\":[\"Politique\",\"Toutes les actualit\u00e9s\"],\"inLanguage\":\"fr-FR\",\"potentialAction\":[{\"@type\":\"CommentAction\",\"name\":\"Comment\",\"target\":[\"https:\/\/www.africa-press.net\/senegal\/politique\/la-nomination-du-conseil-des-ministres-du-28-fevrier-2024#respond\"]}]},{\"@type\":\"WebPage\",\"@id\":\"https:\/\/www.africa-press.net\/senegal\/politique\/la-nomination-du-conseil-des-ministres-du-28-fevrier-2024\",\"url\":\"https:\/\/www.africa-press.net\/senegal\/politique\/la-nomination-du-conseil-des-ministres-du-28-fevrier-2024\",\"name\":\"La nomination du Conseil des ministres du 28 F\u00e9vrier 2024 - Senegal\",\"isPartOf\":{\"@id\":\"https:\/\/www.africa-press.net\/senegal\/#website\"},\"primaryImageOfPage\":{\"@id\":\"https:\/\/www.africa-press.net\/senegal\/politique\/la-nomination-du-conseil-des-ministres-du-28-fevrier-2024#primaryimage\"},\"image\":{\"@id\":\"https:\/\/www.africa-press.net\/senegal\/politique\/la-nomination-du-conseil-des-ministres-du-28-fevrier-2024#primaryimage\"},\"thumbnailUrl\":\"https:\/\/static.africa-press.net\/senegal\/sites\/13\/2024\/02\/sm_1709168027.128411.jpg\",\"datePublished\":\"2024-02-28T12:00:14+00:00\",\"dateModified\":\"2024-02-29T05:25:13+00:00\",\"author\":{\"@id\":\"https:\/\/www.africa-press.net\/senegal\/#\/schema\/person\/2b1cf3cd81a31e3cd26889ca66d677f1\"},\"description\":\"Le Conseil des ministres s\u2019est tenu ce mercredi 28 fe\u0301vrier 2024 au Palais de la Re\u0301publique, sous la pre\u0301sidence du Che ...\",\"breadcrumb\":{\"@id\":\"https:\/\/www.africa-press.net\/senegal\/politique\/la-nomination-du-conseil-des-ministres-du-28-fevrier-2024#breadcrumb\"},\"inLanguage\":\"fr-FR\",\"potentialAction\":[{\"@type\":\"ReadAction\",\"target\":[\"https:\/\/www.africa-press.net\/senegal\/politique\/la-nomination-du-conseil-des-ministres-du-28-fevrier-2024\"]}]},{\"@type\":\"ImageObject\",\"inLanguage\":\"fr-FR\",\"@id\":\"https:\/\/www.africa-press.net\/senegal\/politique\/la-nomination-du-conseil-des-ministres-du-28-fevrier-2024#primaryimage\",\"url\":\"https:\/\/static.africa-press.net\/senegal\/sites\/13\/2024\/02\/sm_1709168027.128411.jpg\",\"contentUrl\":\"https:\/\/static.africa-press.net\/senegal\/sites\/13\/2024\/02\/sm_1709168027.128411.jpg\",\"width\":1302,\"height\":634,\"caption\":\"La nomination du Conseil des ministres du 28 F\u00e9vrier 2024\"},{\"@type\":\"BreadcrumbList\",\"@id\":\"https:\/\/www.africa-press.net\/senegal\/politique\/la-nomination-du-conseil-des-ministres-du-28-fevrier-2024#breadcrumb\",\"itemListElement\":[{\"@type\":\"ListItem\",\"position\":1,\"name\":\"Accueil\",\"item\":\"https:\/\/www.africa-press.net\/senegal\/\"},{\"@type\":\"ListItem\",\"position\":2,\"name\":\"La nomination du Conseil des ministres du 28 F\u00e9vrier 2024\"}]},{\"@type\":\"WebSite\",\"@id\":\"https:\/\/www.africa-press.net\/senegal\/#website\",\"url\":\"https:\/\/www.africa-press.net\/senegal\/\",\"name\":\"Africa Press | Senegal | Homepage\",\"description\":\"Just another Africa News Agency Sites site\",\"potentialAction\":[{\"@type\":\"SearchAction\",\"target\":{\"@type\":\"EntryPoint\",\"urlTemplate\":\"https:\/\/www.africa-press.net\/senegal\/?s={search_term_string}\"},\"query-input\":{\"@type\":\"PropertyValueSpecification\",\"valueRequired\":true,\"valueName\":\"search_term_string\"}}],\"inLanguage\":\"fr-FR\"},{\"@type\":\"Person\",\"@id\":\"https:\/\/www.africa-press.net\/senegal\/#\/schema\/person\/2b1cf3cd81a31e3cd26889ca66d677f1\",\"name\":\"cfeditorfr\",\"url\":\"https:\/\/www.africa-press.net\/senegal\/author\/cfeditorfr\"}]}<\/script>\n<!-- \/ Yoast SEO Premium plugin. -->","yoast_head_json":{"title":"La nomination du Conseil des ministres du 28 F\u00e9vrier 2024 - Senegal","description":"Le Conseil des ministres s\u2019est tenu ce mercredi 28 fe\u0301vrier 2024 au Palais de la Re\u0301publique, sous la pre\u0301sidence du Che ...","robots":{"index":"index","follow":"follow","max-snippet":"max-snippet:-1","max-image-preview":"max-image-preview:large","max-video-preview":"max-video-preview:-1"},"canonical":"https:\/\/www.africa-press.net\/senegal\/politique\/la-nomination-du-conseil-des-ministres-du-28-fevrier-2024","og_locale":"fr_FR","og_type":"article","og_title":"La nomination du Conseil des ministres du 28 F\u00e9vrier 2024","og_description":"Le Conseil des ministres s\u2019est tenu ce mercredi 28 fe\u0301vrier 2024 au Palais de la Re\u0301publique, sous la pre\u0301sidence du Che ...","og_url":"https:\/\/www.africa-press.net\/senegal\/politique\/la-nomination-du-conseil-des-ministres-du-28-fevrier-2024","og_site_name":"Senegal","article_published_time":"2024-02-28T12:00:14+00:00","article_modified_time":"2024-02-29T05:25:13+00:00","og_image":[{"width":1302,"height":634,"url":"https:\/\/static.africa-press.net\/senegal\/sites\/13\/2024\/02\/sm_1709168027.128411.jpg","type":"image\/jpeg"}],"author":"cfeditorfr","twitter_card":"summary_large_image","twitter_misc":{"\u00c9crit par":"cfeditorfr","Dur\u00e9e de lecture estim\u00e9e":"1 minute"},"schema":{"@context":"https:\/\/schema.org","@graph":[{"@type":"Article","@id":"https:\/\/www.africa-press.net\/senegal\/politique\/la-nomination-du-conseil-des-ministres-du-28-fevrier-2024#article","isPartOf":{"@id":"https:\/\/www.africa-press.net\/senegal\/politique\/la-nomination-du-conseil-des-ministres-du-28-fevrier-2024"},"author":{"name":"cfeditorfr","@id":"https:\/\/www.africa-press.net\/senegal\/#\/schema\/person\/2b1cf3cd81a31e3cd26889ca66d677f1"},"headline":"La nomination du Conseil des ministres du 28 F\u00e9vrier 2024","datePublished":"2024-02-28T12:00:14+00:00","dateModified":"2024-02-29T05:25:13+00:00","mainEntityOfPage":{"@id":"https:\/\/www.africa-press.net\/senegal\/politique\/la-nomination-du-conseil-des-ministres-du-28-fevrier-2024"},"wordCount":207,"commentCount":0,"image":{"@id":"https:\/\/www.africa-press.net\/senegal\/politique\/la-nomination-du-conseil-des-ministres-du-28-fevrier-2024#primaryimage"},"thumbnailUrl":"https:\/\/static.africa-press.net\/senegal\/sites\/13\/2024\/02\/sm_1709168027.128411.jpg","keywords":["Africa Press","Africa Press-Senegal","Senegal"],"articleSection":["Politique","Toutes les actualit\u00e9s"],"inLanguage":"fr-FR","potentialAction":[{"@type":"CommentAction","name":"Comment","target":["https:\/\/www.africa-press.net\/senegal\/politique\/la-nomination-du-conseil-des-ministres-du-28-fevrier-2024#respond"]}]},{"@type":"WebPage","@id":"https:\/\/www.africa-press.net\/senegal\/politique\/la-nomination-du-conseil-des-ministres-du-28-fevrier-2024","url":"https:\/\/www.africa-press.net\/senegal\/politique\/la-nomination-du-conseil-des-ministres-du-28-fevrier-2024","name":"La nomination du Conseil des ministres du 28 F\u00e9vrier 2024 - Senegal","isPartOf":{"@id":"https:\/\/www.africa-press.net\/senegal\/#website"},"primaryImageOfPage":{"@id":"https:\/\/www.africa-press.net\/senegal\/politique\/la-nomination-du-conseil-des-ministres-du-28-fevrier-2024#primaryimage"},"image":{"@id":"https:\/\/www.africa-press.net\/senegal\/politique\/la-nomination-du-conseil-des-ministres-du-28-fevrier-2024#primaryimage"},"thumbnailUrl":"https:\/\/static.africa-press.net\/senegal\/sites\/13\/2024\/02\/sm_1709168027.128411.jpg","datePublished":"2024-02-28T12:00:14+00:00","dateModified":"2024-02-29T05:25:13+00:00","author":{"@id":"https:\/\/www.africa-press.net\/senegal\/#\/schema\/person\/2b1cf3cd81a31e3cd26889ca66d677f1"},"description":"Le Conseil des ministres s\u2019est tenu ce mercredi 28 fe\u0301vrier 2024 au Palais de la Re\u0301publique, sous la pre\u0301sidence du Che ...","breadcrumb":{"@id":"https:\/\/www.africa-press.net\/senegal\/politique\/la-nomination-du-conseil-des-ministres-du-28-fevrier-2024#breadcrumb"},"inLanguage":"fr-FR","potentialAction":[{"@type":"ReadAction","target":["https:\/\/www.africa-press.net\/senegal\/politique\/la-nomination-du-conseil-des-ministres-du-28-fevrier-2024"]}]},{"@type":"ImageObject","inLanguage":"fr-FR","@id":"https:\/\/www.africa-press.net\/senegal\/politique\/la-nomination-du-conseil-des-ministres-du-28-fevrier-2024#primaryimage","url":"https:\/\/static.africa-press.net\/senegal\/sites\/13\/2024\/02\/sm_1709168027.128411.jpg","contentUrl":"https:\/\/static.africa-press.net\/senegal\/sites\/13\/2024\/02\/sm_1709168027.128411.jpg","width":1302,"height":634,"caption":"La nomination du Conseil des ministres du 28 F\u00e9vrier 2024"},{"@type":"BreadcrumbList","@id":"https:\/\/www.africa-press.net\/senegal\/politique\/la-nomination-du-conseil-des-ministres-du-28-fevrier-2024#breadcrumb","itemListElement":[{"@type":"ListItem","position":1,"name":"Accueil","item":"https:\/\/www.africa-press.net\/senegal\/"},{"@type":"ListItem","position":2,"name":"La nomination du Conseil des ministres du 28 F\u00e9vrier 2024"}]},{"@type":"WebSite","@id":"https:\/\/www.africa-press.net\/senegal\/#website","url":"https:\/\/www.africa-press.net\/senegal\/","name":"Africa Press | Senegal | Homepage","description":"Just another Africa News Agency Sites site","potentialAction":[{"@type":"SearchAction","target":{"@type":"EntryPoint","urlTemplate":"https:\/\/www.africa-press.net\/senegal\/?s={search_term_string}"},"query-input":{"@type":"PropertyValueSpecification","valueRequired":true,"valueName":"search_term_string"}}],"inLanguage":"fr-FR"},{"@type":"Person","@id":"https:\/\/www.africa-press.net\/senegal\/#\/schema\/person\/2b1cf3cd81a31e3cd26889ca66d677f1","name":"cfeditorfr","url":"https:\/\/www.africa-press.net\/senegal\/author\/cfeditorfr"}]}},"_links":{"self":[{"href":"https:\/\/www.africa-press.net\/senegal\/wp-json\/wp\/v2\/posts\/56229","targetHints":{"allow":["GET"]}}],"collection":[{"href":"https:\/\/www.africa-press.net\/senegal\/wp-json\/wp\/v2\/posts"}],"about":[{"href":"https:\/\/www.africa-press.net\/senegal\/wp-json\/wp\/v2\/types\/post"}],"author":[{"embeddable":true,"href":"https:\/\/www.africa-press.net\/senegal\/wp-json\/wp\/v2\/users\/82"}],"replies":[{"embeddable":true,"href":"https:\/\/www.africa-press.net\/senegal\/wp-json\/wp\/v2\/comments?post=56229"}],"version-history":[{"count":0,"href":"https:\/\/www.africa-press.net\/senegal\/wp-json\/wp\/v2\/posts\/56229\/revisions"}],"wp:featuredmedia":[{"embeddable":true,"href":"https:\/\/www.africa-press.net\/senegal\/wp-json\/wp\/v2\/media\/56228"}],"wp:attachment":[{"href":"https:\/\/www.africa-press.net\/senegal\/wp-json\/wp\/v2\/media?parent=56229"}],"wp:term":[{"taxonomy":"category","embeddable":true,"href":"https:\/\/www.africa-press.net\/senegal\/wp-json\/wp\/v2\/categories?post=56229"},{"taxonomy":"post_tag","embeddable":true,"href":"https:\/\/www.africa-press.net\/senegal\/wp-json\/wp\/v2\/tags?post=56229"}],"curies":[{"name":"wp","href":"https:\/\/api.w.org\/{rel}","templated":true}]}}