{"id":56231,"date":"2024-02-28T12:30:19","date_gmt":"2024-02-28T12:30:19","guid":{"rendered":"https:\/\/www.africa-press.net\/senegal\/politique\/loi-damnistie-le-texte-adopte-en-conseil-des-ministres"},"modified":"2024-02-29T05:25:48","modified_gmt":"2024-02-29T05:25:48","slug":"loi-damnistie-le-texte-adopte-en-conseil-des-ministres","status":"publish","type":"post","link":"https:\/\/www.africa-press.net\/senegal\/politique\/loi-damnistie-le-texte-adopte-en-conseil-des-ministres","title":{"rendered":"Loi d&rsquo;amnistie : Le texte adopt\u00e9 en Conseil des ministres"},"content":{"rendered":"<p><span style=\"color: #ff6600\"><strong>Africa-Press &#8211; Senegal. <\/strong><\/span>Comme annonce\u0301 par le pre\u0301sident de la Re\u0301publique Macky Sall, le projet de loi portant amnistie a e\u0301te\u0301 adopte\u0301, ce mercredi, en Conseil des ministres.<\/p>\n<p>\u00ab\u00a0Au titre des textes le\u0301gislatifs et re\u0301glementaires, le Conseil a examine\u0301 et adopte\u0301 le projet de loi portant amnistie\u00a0\u00bb et \u00ab\u00a0le projet de de\u0301cret modifiant le de\u0301cret n\u00b02020-1788 du 23 septembre 2020 portant cre\u0301ation d\u2019une allocation spe\u0301ciale de retraite au profit des enseignants et chercheurs titulaires des universite\u0301s\u00a0\u00bb, lit-on dans le communique\u0301 du Conseil des ministres.<\/p>\n<p>Dans sa communication, le chef de l&rsquo;E\u0301tat a, par ailleurs, magnifie\u0301 la volonte\u0301 d\u2019apaisement, de pacification de l\u2019espace politique, de re\u0301conciliation et de de\u0301passement de l\u2019ensemble des acteurs du dialogue national, afin de pre\u0301server la stabilite\u0301 du pays et de consolider un Se\u0301ne\u0301gal uni, re\u0301silient et prospe\u0300re dans la solidarite\u0301, l\u2019e\u0301quite\u0301 et l\u2019e\u0301panouissement de ses populations, selon la me\u0302me source.<\/p>\n<p>Le communique\u0301 rele\u0300ve que Macky Sall a rappele\u0301 au Conseil sa volonte\u0301 de faire adopter ce jour un projet de loi d\u2019amnistie, qui sera pre\u0301sente\u0301 a\u0300 l\u2019Assemble\u0301e nationale \u00ab\u00a0dans les meilleurs de\u0301lais\u00a0\u00bb. Il a, e\u0301galement, invite\u0301 le gouvernement a\u0300 mettre en \u0153uvre des mesures d\u2019assistance en faveur des familles des personnes de\u0301ce\u0301de\u0301es lors des manifestations.<\/p>\n<p><strong>Pour plus d&rsquo;informations et d&rsquo;analyses sur la <a href=\"https:\/\/www.africa-press.net\/senegal\">Senegal<\/a>, suivez <a href=\"https:\/\/www.africa-press.net\/\">Africa-Press<\/a><\/strong><\/p>\n","protected":false},"excerpt":{"rendered":"<p>Africa-Press &#8211; Senegal. Comme annonce\u0301 par le pre\u0301sident de la Re\u0301publique Macky Sall, le projet de loi portant amnistie a e\u0301te\u0301 adopte\u0301, ce mercredi, en Conseil des ministres. \u00ab\u00a0Au titre des textes le\u0301gislatifs et re\u0301glementaires, le Conseil a examine\u0301 et adopte\u0301 le projet de loi portant amnistie\u00a0\u00bb et \u00ab\u00a0le projet de de\u0301cret modifiant le de\u0301cret [&hellip;]<\/p>\n","protected":false},"author":82,"featured_media":56230,"comment_status":"open","ping_status":"closed","sticky":false,"template":"","format":"standard","meta":{"footnotes":""},"categories":[2,10],"tags":[43,47,44],"class_list":["post-56231","post","type-post","status-publish","format-standard","has-post-thumbnail","hentry","category-politique","category-toutes-les-actualites","tag-africa-press-2","tag-africa-press-senegal","tag-senegal-2"],"yoast_head":"<!-- This site is optimized with the Yoast SEO Premium plugin v26.1 (Yoast SEO v27.0) - https:\/\/yoast.com\/product\/yoast-seo-premium-wordpress\/ -->\n<title>Loi d&#039;amnistie : Le texte adopt\u00e9 en Conseil des ministres - Senegal<\/title>\n<meta name=\"description\" content=\"Comme annonce\u0301 par le pre\u0301sident de la Re\u0301publique Macky Sall, le projet de loi portant amnistie a e\u0301te\u0301 adopte\u0301, ce mer ...\" \/>\n<meta name=\"robots\" content=\"index, follow, max-snippet:-1, max-image-preview:large, max-video-preview:-1\" \/>\n<link rel=\"canonical\" href=\"https:\/\/www.africa-press.net\/senegal\/politique\/loi-damnistie-le-texte-adopte-en-conseil-des-ministres\" \/>\n<meta property=\"og:locale\" content=\"fr_FR\" \/>\n<meta property=\"og:type\" content=\"article\" \/>\n<meta property=\"og:title\" content=\"Loi d&#039;amnistie : Le texte adopt\u00e9 en Conseil des ministres\" \/>\n<meta property=\"og:description\" content=\"Comme annonce\u0301 par le pre\u0301sident de la Re\u0301publique Macky Sall, le projet de loi portant amnistie a e\u0301te\u0301 adopte\u0301, ce mer ...\" \/>\n<meta property=\"og:url\" content=\"https:\/\/www.africa-press.net\/senegal\/politique\/loi-damnistie-le-texte-adopte-en-conseil-des-ministres\" \/>\n<meta property=\"og:site_name\" content=\"Senegal\" \/>\n<meta property=\"article:published_time\" content=\"2024-02-28T12:30:19+00:00\" \/>\n<meta property=\"article:modified_time\" content=\"2024-02-29T05:25:48+00:00\" \/>\n<meta property=\"og:image\" content=\"https:\/\/static.africa-press.net\/senegal\/sites\/13\/2024\/02\/sm_1709168055.704121.jpg\" \/>\n\t<meta property=\"og:image:width\" content=\"1304\" \/>\n\t<meta property=\"og:image:height\" content=\"636\" \/>\n\t<meta property=\"og:image:type\" content=\"image\/jpeg\" \/>\n<meta name=\"author\" content=\"cfeditorfr\" \/>\n<meta name=\"twitter:card\" content=\"summary_large_image\" \/>\n<meta name=\"twitter:label1\" content=\"\u00c9crit par\" \/>\n\t<meta name=\"twitter:data1\" content=\"cfeditorfr\" \/>\n\t<meta name=\"twitter:label2\" content=\"Dur\u00e9e de lecture estim\u00e9e\" \/>\n\t<meta name=\"twitter:data2\" content=\"1 minute\" \/>\n<script type=\"application\/ld+json\" class=\"yoast-schema-graph\">{\"@context\":\"https:\/\/schema.org\",\"@graph\":[{\"@type\":\"Article\",\"@id\":\"https:\/\/www.africa-press.net\/senegal\/politique\/loi-damnistie-le-texte-adopte-en-conseil-des-ministres#article\",\"isPartOf\":{\"@id\":\"https:\/\/www.africa-press.net\/senegal\/politique\/loi-damnistie-le-texte-adopte-en-conseil-des-ministres\"},\"author\":{\"name\":\"cfeditorfr\",\"@id\":\"https:\/\/www.africa-press.net\/senegal\/#\/schema\/person\/2b1cf3cd81a31e3cd26889ca66d677f1\"},\"headline\":\"Loi d&rsquo;amnistie : Le texte adopt\u00e9 en Conseil des ministres\",\"datePublished\":\"2024-02-28T12:30:19+00:00\",\"dateModified\":\"2024-02-29T05:25:48+00:00\",\"mainEntityOfPage\":{\"@id\":\"https:\/\/www.africa-press.net\/senegal\/politique\/loi-damnistie-le-texte-adopte-en-conseil-des-ministres\"},\"wordCount\":259,\"commentCount\":0,\"image\":{\"@id\":\"https:\/\/www.africa-press.net\/senegal\/politique\/loi-damnistie-le-texte-adopte-en-conseil-des-ministres#primaryimage\"},\"thumbnailUrl\":\"https:\/\/static.africa-press.net\/senegal\/sites\/13\/2024\/02\/sm_1709168055.704121.jpg\",\"keywords\":[\"Africa Press\",\"Africa Press-Senegal\",\"Senegal\"],\"articleSection\":[\"Politique\",\"Toutes les actualit\u00e9s\"],\"inLanguage\":\"fr-FR\",\"potentialAction\":[{\"@type\":\"CommentAction\",\"name\":\"Comment\",\"target\":[\"https:\/\/www.africa-press.net\/senegal\/politique\/loi-damnistie-le-texte-adopte-en-conseil-des-ministres#respond\"]}]},{\"@type\":\"WebPage\",\"@id\":\"https:\/\/www.africa-press.net\/senegal\/politique\/loi-damnistie-le-texte-adopte-en-conseil-des-ministres\",\"url\":\"https:\/\/www.africa-press.net\/senegal\/politique\/loi-damnistie-le-texte-adopte-en-conseil-des-ministres\",\"name\":\"Loi d'amnistie : Le texte adopt\u00e9 en Conseil des ministres - Senegal\",\"isPartOf\":{\"@id\":\"https:\/\/www.africa-press.net\/senegal\/#website\"},\"primaryImageOfPage\":{\"@id\":\"https:\/\/www.africa-press.net\/senegal\/politique\/loi-damnistie-le-texte-adopte-en-conseil-des-ministres#primaryimage\"},\"image\":{\"@id\":\"https:\/\/www.africa-press.net\/senegal\/politique\/loi-damnistie-le-texte-adopte-en-conseil-des-ministres#primaryimage\"},\"thumbnailUrl\":\"https:\/\/static.africa-press.net\/senegal\/sites\/13\/2024\/02\/sm_1709168055.704121.jpg\",\"datePublished\":\"2024-02-28T12:30:19+00:00\",\"dateModified\":\"2024-02-29T05:25:48+00:00\",\"author\":{\"@id\":\"https:\/\/www.africa-press.net\/senegal\/#\/schema\/person\/2b1cf3cd81a31e3cd26889ca66d677f1\"},\"description\":\"Comme annonce\u0301 par le pre\u0301sident de la Re\u0301publique Macky Sall, le projet de loi portant amnistie a e\u0301te\u0301 adopte\u0301, ce mer ...\",\"breadcrumb\":{\"@id\":\"https:\/\/www.africa-press.net\/senegal\/politique\/loi-damnistie-le-texte-adopte-en-conseil-des-ministres#breadcrumb\"},\"inLanguage\":\"fr-FR\",\"potentialAction\":[{\"@type\":\"ReadAction\",\"target\":[\"https:\/\/www.africa-press.net\/senegal\/politique\/loi-damnistie-le-texte-adopte-en-conseil-des-ministres\"]}]},{\"@type\":\"ImageObject\",\"inLanguage\":\"fr-FR\",\"@id\":\"https:\/\/www.africa-press.net\/senegal\/politique\/loi-damnistie-le-texte-adopte-en-conseil-des-ministres#primaryimage\",\"url\":\"https:\/\/static.africa-press.net\/senegal\/sites\/13\/2024\/02\/sm_1709168055.704121.jpg\",\"contentUrl\":\"https:\/\/static.africa-press.net\/senegal\/sites\/13\/2024\/02\/sm_1709168055.704121.jpg\",\"width\":1304,\"height\":636,\"caption\":\"Loi d'amnistie : Le texte adopt\u00e9 en Conseil des ministres\"},{\"@type\":\"BreadcrumbList\",\"@id\":\"https:\/\/www.africa-press.net\/senegal\/politique\/loi-damnistie-le-texte-adopte-en-conseil-des-ministres#breadcrumb\",\"itemListElement\":[{\"@type\":\"ListItem\",\"position\":1,\"name\":\"Accueil\",\"item\":\"https:\/\/www.africa-press.net\/senegal\/\"},{\"@type\":\"ListItem\",\"position\":2,\"name\":\"Loi d&#8217;amnistie : Le texte adopt\u00e9 en Conseil des ministres\"}]},{\"@type\":\"WebSite\",\"@id\":\"https:\/\/www.africa-press.net\/senegal\/#website\",\"url\":\"https:\/\/www.africa-press.net\/senegal\/\",\"name\":\"Africa Press | Senegal | Homepage\",\"description\":\"Just another Africa News Agency Sites site\",\"potentialAction\":[{\"@type\":\"SearchAction\",\"target\":{\"@type\":\"EntryPoint\",\"urlTemplate\":\"https:\/\/www.africa-press.net\/senegal\/?s={search_term_string}\"},\"query-input\":{\"@type\":\"PropertyValueSpecification\",\"valueRequired\":true,\"valueName\":\"search_term_string\"}}],\"inLanguage\":\"fr-FR\"},{\"@type\":\"Person\",\"@id\":\"https:\/\/www.africa-press.net\/senegal\/#\/schema\/person\/2b1cf3cd81a31e3cd26889ca66d677f1\",\"name\":\"cfeditorfr\",\"url\":\"https:\/\/www.africa-press.net\/senegal\/author\/cfeditorfr\"}]}<\/script>\n<!-- \/ Yoast SEO Premium plugin. -->","yoast_head_json":{"title":"Loi d'amnistie : Le texte adopt\u00e9 en Conseil des ministres - Senegal","description":"Comme annonce\u0301 par le pre\u0301sident de la Re\u0301publique Macky Sall, le projet de loi portant amnistie a e\u0301te\u0301 adopte\u0301, ce mer ...","robots":{"index":"index","follow":"follow","max-snippet":"max-snippet:-1","max-image-preview":"max-image-preview:large","max-video-preview":"max-video-preview:-1"},"canonical":"https:\/\/www.africa-press.net\/senegal\/politique\/loi-damnistie-le-texte-adopte-en-conseil-des-ministres","og_locale":"fr_FR","og_type":"article","og_title":"Loi d'amnistie : Le texte adopt\u00e9 en Conseil des ministres","og_description":"Comme annonce\u0301 par le pre\u0301sident de la Re\u0301publique Macky Sall, le projet de loi portant amnistie a e\u0301te\u0301 adopte\u0301, ce mer ...","og_url":"https:\/\/www.africa-press.net\/senegal\/politique\/loi-damnistie-le-texte-adopte-en-conseil-des-ministres","og_site_name":"Senegal","article_published_time":"2024-02-28T12:30:19+00:00","article_modified_time":"2024-02-29T05:25:48+00:00","og_image":[{"width":1304,"height":636,"url":"https:\/\/static.africa-press.net\/senegal\/sites\/13\/2024\/02\/sm_1709168055.704121.jpg","type":"image\/jpeg"}],"author":"cfeditorfr","twitter_card":"summary_large_image","twitter_misc":{"\u00c9crit par":"cfeditorfr","Dur\u00e9e de lecture estim\u00e9e":"1 minute"},"schema":{"@context":"https:\/\/schema.org","@graph":[{"@type":"Article","@id":"https:\/\/www.africa-press.net\/senegal\/politique\/loi-damnistie-le-texte-adopte-en-conseil-des-ministres#article","isPartOf":{"@id":"https:\/\/www.africa-press.net\/senegal\/politique\/loi-damnistie-le-texte-adopte-en-conseil-des-ministres"},"author":{"name":"cfeditorfr","@id":"https:\/\/www.africa-press.net\/senegal\/#\/schema\/person\/2b1cf3cd81a31e3cd26889ca66d677f1"},"headline":"Loi d&rsquo;amnistie : Le texte adopt\u00e9 en Conseil des ministres","datePublished":"2024-02-28T12:30:19+00:00","dateModified":"2024-02-29T05:25:48+00:00","mainEntityOfPage":{"@id":"https:\/\/www.africa-press.net\/senegal\/politique\/loi-damnistie-le-texte-adopte-en-conseil-des-ministres"},"wordCount":259,"commentCount":0,"image":{"@id":"https:\/\/www.africa-press.net\/senegal\/politique\/loi-damnistie-le-texte-adopte-en-conseil-des-ministres#primaryimage"},"thumbnailUrl":"https:\/\/static.africa-press.net\/senegal\/sites\/13\/2024\/02\/sm_1709168055.704121.jpg","keywords":["Africa Press","Africa Press-Senegal","Senegal"],"articleSection":["Politique","Toutes les actualit\u00e9s"],"inLanguage":"fr-FR","potentialAction":[{"@type":"CommentAction","name":"Comment","target":["https:\/\/www.africa-press.net\/senegal\/politique\/loi-damnistie-le-texte-adopte-en-conseil-des-ministres#respond"]}]},{"@type":"WebPage","@id":"https:\/\/www.africa-press.net\/senegal\/politique\/loi-damnistie-le-texte-adopte-en-conseil-des-ministres","url":"https:\/\/www.africa-press.net\/senegal\/politique\/loi-damnistie-le-texte-adopte-en-conseil-des-ministres","name":"Loi d'amnistie : Le texte adopt\u00e9 en Conseil des ministres - Senegal","isPartOf":{"@id":"https:\/\/www.africa-press.net\/senegal\/#website"},"primaryImageOfPage":{"@id":"https:\/\/www.africa-press.net\/senegal\/politique\/loi-damnistie-le-texte-adopte-en-conseil-des-ministres#primaryimage"},"image":{"@id":"https:\/\/www.africa-press.net\/senegal\/politique\/loi-damnistie-le-texte-adopte-en-conseil-des-ministres#primaryimage"},"thumbnailUrl":"https:\/\/static.africa-press.net\/senegal\/sites\/13\/2024\/02\/sm_1709168055.704121.jpg","datePublished":"2024-02-28T12:30:19+00:00","dateModified":"2024-02-29T05:25:48+00:00","author":{"@id":"https:\/\/www.africa-press.net\/senegal\/#\/schema\/person\/2b1cf3cd81a31e3cd26889ca66d677f1"},"description":"Comme annonce\u0301 par le pre\u0301sident de la Re\u0301publique Macky Sall, le projet de loi portant amnistie a e\u0301te\u0301 adopte\u0301, ce mer ...","breadcrumb":{"@id":"https:\/\/www.africa-press.net\/senegal\/politique\/loi-damnistie-le-texte-adopte-en-conseil-des-ministres#breadcrumb"},"inLanguage":"fr-FR","potentialAction":[{"@type":"ReadAction","target":["https:\/\/www.africa-press.net\/senegal\/politique\/loi-damnistie-le-texte-adopte-en-conseil-des-ministres"]}]},{"@type":"ImageObject","inLanguage":"fr-FR","@id":"https:\/\/www.africa-press.net\/senegal\/politique\/loi-damnistie-le-texte-adopte-en-conseil-des-ministres#primaryimage","url":"https:\/\/static.africa-press.net\/senegal\/sites\/13\/2024\/02\/sm_1709168055.704121.jpg","contentUrl":"https:\/\/static.africa-press.net\/senegal\/sites\/13\/2024\/02\/sm_1709168055.704121.jpg","width":1304,"height":636,"caption":"Loi d'amnistie : Le texte adopt\u00e9 en Conseil des ministres"},{"@type":"BreadcrumbList","@id":"https:\/\/www.africa-press.net\/senegal\/politique\/loi-damnistie-le-texte-adopte-en-conseil-des-ministres#breadcrumb","itemListElement":[{"@type":"ListItem","position":1,"name":"Accueil","item":"https:\/\/www.africa-press.net\/senegal\/"},{"@type":"ListItem","position":2,"name":"Loi d&#8217;amnistie : Le texte adopt\u00e9 en Conseil des ministres"}]},{"@type":"WebSite","@id":"https:\/\/www.africa-press.net\/senegal\/#website","url":"https:\/\/www.africa-press.net\/senegal\/","name":"Africa Press | Senegal | Homepage","description":"Just another Africa News Agency Sites site","potentialAction":[{"@type":"SearchAction","target":{"@type":"EntryPoint","urlTemplate":"https:\/\/www.africa-press.net\/senegal\/?s={search_term_string}"},"query-input":{"@type":"PropertyValueSpecification","valueRequired":true,"valueName":"search_term_string"}}],"inLanguage":"fr-FR"},{"@type":"Person","@id":"https:\/\/www.africa-press.net\/senegal\/#\/schema\/person\/2b1cf3cd81a31e3cd26889ca66d677f1","name":"cfeditorfr","url":"https:\/\/www.africa-press.net\/senegal\/author\/cfeditorfr"}]}},"_links":{"self":[{"href":"https:\/\/www.africa-press.net\/senegal\/wp-json\/wp\/v2\/posts\/56231","targetHints":{"allow":["GET"]}}],"collection":[{"href":"https:\/\/www.africa-press.net\/senegal\/wp-json\/wp\/v2\/posts"}],"about":[{"href":"https:\/\/www.africa-press.net\/senegal\/wp-json\/wp\/v2\/types\/post"}],"author":[{"embeddable":true,"href":"https:\/\/www.africa-press.net\/senegal\/wp-json\/wp\/v2\/users\/82"}],"replies":[{"embeddable":true,"href":"https:\/\/www.africa-press.net\/senegal\/wp-json\/wp\/v2\/comments?post=56231"}],"version-history":[{"count":0,"href":"https:\/\/www.africa-press.net\/senegal\/wp-json\/wp\/v2\/posts\/56231\/revisions"}],"wp:featuredmedia":[{"embeddable":true,"href":"https:\/\/www.africa-press.net\/senegal\/wp-json\/wp\/v2\/media\/56230"}],"wp:attachment":[{"href":"https:\/\/www.africa-press.net\/senegal\/wp-json\/wp\/v2\/media?parent=56231"}],"wp:term":[{"taxonomy":"category","embeddable":true,"href":"https:\/\/www.africa-press.net\/senegal\/wp-json\/wp\/v2\/categories?post=56231"},{"taxonomy":"post_tag","embeddable":true,"href":"https:\/\/www.africa-press.net\/senegal\/wp-json\/wp\/v2\/tags?post=56231"}],"curies":[{"name":"wp","href":"https:\/\/api.w.org\/{rel}","templated":true}]}}