{"id":56234,"date":"2024-02-28T12:35:27","date_gmt":"2024-02-28T12:35:27","guid":{"rendered":"https:\/\/www.africa-press.net\/senegal\/politique\/dialogue-national-macky-sall-decline-la-suite"},"modified":"2024-02-29T05:26:25","modified_gmt":"2024-02-29T05:26:25","slug":"dialogue-national-macky-sall-decline-la-suite","status":"publish","type":"post","link":"https:\/\/www.africa-press.net\/senegal\/politique\/dialogue-national-macky-sall-decline-la-suite","title":{"rendered":"Dialogue national : Macky Sall d\u00e9cline la suite"},"content":{"rendered":"<p><span style=\"color: #ff6600\"><strong>Africa-Press &#8211; Senegal. <\/strong><\/span>Le pre\u0301sident Macky Sall semble rester dans sa strate\u0301gie de se donner du temps avant de fixer une nouvelle date pour la pre\u0301sidentielle. Ainsi, apre\u0300s deux jours de dialogue, il va recevoir le rapport \u00ab lors d\u2019une audience pre\u0301vue le lundi 04 mars 2024 \u00bb, souligne le communique\u0301 du conseil des ministres de ce mercredi 28 fe\u0301vrier.<\/p>\n<p>Ensuite, en conformant a\u0300 l\u2019article 92 de la Constitution, dit-il, Macky Sall va saisir le Conseil constitutionnel \u00ab pour recueillir son avis sur les conclusions et recommandations du dialogue national \u00bb. C\u2019est seulement a\u0300 l\u2019issue de ces e\u0301tapes qu\u2019il prendra un de\u0301cret pour fixer la date du scrutin pour la pre\u0301sidentielle.<\/p>\n<p>Malgre\u0301 le boycott de la majorite\u0301 de l\u2019opposition et d&rsquo;une bonne partie de la socie\u0301te\u0301 civile, le pre\u0301sident Sall estime que le dialogue a permis d\u2019avoir des \u00ab propositions qui permettent de de\u0301terminer dans la convergence de vues, le re\u0301alisme et le consensus, un calendrier e\u0301lectoral ajuste\u0301, inte\u0301grant la nouvelle date de l\u2019e\u0301lection pre\u0301sidentielle \u00bb.<\/p>\n<p><strong>Pour plus d&rsquo;informations et d&rsquo;analyses sur la <a href=\"https:\/\/www.africa-press.net\/senegal\">Senegal<\/a>, suivez <a href=\"https:\/\/www.africa-press.net\/\">Africa-Press<\/a><\/strong><\/p>\n","protected":false},"excerpt":{"rendered":"<p>Africa-Press &#8211; Senegal. Le pre\u0301sident Macky Sall semble rester dans sa strate\u0301gie de se donner du temps avant de fixer une nouvelle date pour la pre\u0301sidentielle. Ainsi, apre\u0300s deux jours de dialogue, il va recevoir le rapport \u00ab lors d\u2019une audience pre\u0301vue le lundi 04 mars 2024 \u00bb, souligne le communique\u0301 du conseil des ministres [&hellip;]<\/p>\n","protected":false},"author":82,"featured_media":56232,"comment_status":"open","ping_status":"closed","sticky":false,"template":"","format":"standard","meta":{"footnotes":""},"categories":[2,10],"tags":[43,47,44],"class_list":["post-56234","post","type-post","status-publish","format-standard","has-post-thumbnail","hentry","category-politique","category-toutes-les-actualites","tag-africa-press-2","tag-africa-press-senegal","tag-senegal-2"],"yoast_head":"<!-- This site is optimized with the Yoast SEO Premium plugin v26.1 (Yoast SEO v27.0) - https:\/\/yoast.com\/product\/yoast-seo-premium-wordpress\/ -->\n<title>Dialogue national : Macky Sall d\u00e9cline la suite - Senegal<\/title>\n<meta name=\"description\" content=\"Le pre\u0301sident Macky Sall semble rester dans sa strate\u0301gie de se donner du temps avant de fixer une nouvelle date pour la ...\" \/>\n<meta name=\"robots\" content=\"index, follow, max-snippet:-1, max-image-preview:large, max-video-preview:-1\" \/>\n<link rel=\"canonical\" href=\"https:\/\/www.africa-press.net\/senegal\/politique\/dialogue-national-macky-sall-decline-la-suite\" \/>\n<meta property=\"og:locale\" content=\"fr_FR\" \/>\n<meta property=\"og:type\" content=\"article\" \/>\n<meta property=\"og:title\" content=\"Dialogue national : Macky Sall d\u00e9cline la suite\" \/>\n<meta property=\"og:description\" content=\"Le pre\u0301sident Macky Sall semble rester dans sa strate\u0301gie de se donner du temps avant de fixer une nouvelle date pour la ...\" \/>\n<meta property=\"og:url\" content=\"https:\/\/www.africa-press.net\/senegal\/politique\/dialogue-national-macky-sall-decline-la-suite\" \/>\n<meta property=\"og:site_name\" content=\"Senegal\" \/>\n<meta property=\"article:published_time\" content=\"2024-02-28T12:35:27+00:00\" \/>\n<meta property=\"article:modified_time\" content=\"2024-02-29T05:26:25+00:00\" \/>\n<meta property=\"og:image\" content=\"https:\/\/static.africa-press.net\/senegal\/sites\/13\/2024\/02\/sm_1709168087.171126.jpg\" \/>\n\t<meta property=\"og:image:width\" content=\"927\" \/>\n\t<meta property=\"og:image:height\" content=\"626\" \/>\n\t<meta property=\"og:image:type\" content=\"image\/jpeg\" \/>\n<meta name=\"author\" content=\"cfeditorfr\" \/>\n<meta name=\"twitter:card\" content=\"summary_large_image\" \/>\n<meta name=\"twitter:label1\" content=\"\u00c9crit par\" \/>\n\t<meta name=\"twitter:data1\" content=\"cfeditorfr\" \/>\n\t<meta name=\"twitter:label2\" content=\"Dur\u00e9e de lecture estim\u00e9e\" \/>\n\t<meta name=\"twitter:data2\" content=\"1 minute\" \/>\n<script type=\"application\/ld+json\" class=\"yoast-schema-graph\">{\"@context\":\"https:\/\/schema.org\",\"@graph\":[{\"@type\":\"Article\",\"@id\":\"https:\/\/www.africa-press.net\/senegal\/politique\/dialogue-national-macky-sall-decline-la-suite#article\",\"isPartOf\":{\"@id\":\"https:\/\/www.africa-press.net\/senegal\/politique\/dialogue-national-macky-sall-decline-la-suite\"},\"author\":{\"name\":\"cfeditorfr\",\"@id\":\"https:\/\/www.africa-press.net\/senegal\/#\/schema\/person\/2b1cf3cd81a31e3cd26889ca66d677f1\"},\"headline\":\"Dialogue national : Macky Sall d\u00e9cline la suite\",\"datePublished\":\"2024-02-28T12:35:27+00:00\",\"dateModified\":\"2024-02-29T05:26:25+00:00\",\"mainEntityOfPage\":{\"@id\":\"https:\/\/www.africa-press.net\/senegal\/politique\/dialogue-national-macky-sall-decline-la-suite\"},\"wordCount\":202,\"commentCount\":0,\"image\":{\"@id\":\"https:\/\/www.africa-press.net\/senegal\/politique\/dialogue-national-macky-sall-decline-la-suite#primaryimage\"},\"thumbnailUrl\":\"https:\/\/static.africa-press.net\/senegal\/sites\/13\/2024\/02\/sm_1709168087.171126.jpg\",\"keywords\":[\"Africa Press\",\"Africa Press-Senegal\",\"Senegal\"],\"articleSection\":[\"Politique\",\"Toutes les actualit\u00e9s\"],\"inLanguage\":\"fr-FR\",\"potentialAction\":[{\"@type\":\"CommentAction\",\"name\":\"Comment\",\"target\":[\"https:\/\/www.africa-press.net\/senegal\/politique\/dialogue-national-macky-sall-decline-la-suite#respond\"]}]},{\"@type\":\"WebPage\",\"@id\":\"https:\/\/www.africa-press.net\/senegal\/politique\/dialogue-national-macky-sall-decline-la-suite\",\"url\":\"https:\/\/www.africa-press.net\/senegal\/politique\/dialogue-national-macky-sall-decline-la-suite\",\"name\":\"Dialogue national : Macky Sall d\u00e9cline la suite - Senegal\",\"isPartOf\":{\"@id\":\"https:\/\/www.africa-press.net\/senegal\/#website\"},\"primaryImageOfPage\":{\"@id\":\"https:\/\/www.africa-press.net\/senegal\/politique\/dialogue-national-macky-sall-decline-la-suite#primaryimage\"},\"image\":{\"@id\":\"https:\/\/www.africa-press.net\/senegal\/politique\/dialogue-national-macky-sall-decline-la-suite#primaryimage\"},\"thumbnailUrl\":\"https:\/\/static.africa-press.net\/senegal\/sites\/13\/2024\/02\/sm_1709168087.171126.jpg\",\"datePublished\":\"2024-02-28T12:35:27+00:00\",\"dateModified\":\"2024-02-29T05:26:25+00:00\",\"author\":{\"@id\":\"https:\/\/www.africa-press.net\/senegal\/#\/schema\/person\/2b1cf3cd81a31e3cd26889ca66d677f1\"},\"description\":\"Le pre\u0301sident Macky Sall semble rester dans sa strate\u0301gie de se donner du temps avant de fixer une nouvelle date pour la ...\",\"breadcrumb\":{\"@id\":\"https:\/\/www.africa-press.net\/senegal\/politique\/dialogue-national-macky-sall-decline-la-suite#breadcrumb\"},\"inLanguage\":\"fr-FR\",\"potentialAction\":[{\"@type\":\"ReadAction\",\"target\":[\"https:\/\/www.africa-press.net\/senegal\/politique\/dialogue-national-macky-sall-decline-la-suite\"]}]},{\"@type\":\"ImageObject\",\"inLanguage\":\"fr-FR\",\"@id\":\"https:\/\/www.africa-press.net\/senegal\/politique\/dialogue-national-macky-sall-decline-la-suite#primaryimage\",\"url\":\"https:\/\/static.africa-press.net\/senegal\/sites\/13\/2024\/02\/sm_1709168087.171126.jpg\",\"contentUrl\":\"https:\/\/static.africa-press.net\/senegal\/sites\/13\/2024\/02\/sm_1709168087.171126.jpg\",\"width\":927,\"height\":626,\"caption\":\"Dialogue national : Macky Sall d\u00e9cline la suite\"},{\"@type\":\"BreadcrumbList\",\"@id\":\"https:\/\/www.africa-press.net\/senegal\/politique\/dialogue-national-macky-sall-decline-la-suite#breadcrumb\",\"itemListElement\":[{\"@type\":\"ListItem\",\"position\":1,\"name\":\"Accueil\",\"item\":\"https:\/\/www.africa-press.net\/senegal\/\"},{\"@type\":\"ListItem\",\"position\":2,\"name\":\"Dialogue national : Macky Sall d\u00e9cline la suite\"}]},{\"@type\":\"WebSite\",\"@id\":\"https:\/\/www.africa-press.net\/senegal\/#website\",\"url\":\"https:\/\/www.africa-press.net\/senegal\/\",\"name\":\"Africa Press | Senegal | Homepage\",\"description\":\"Just another Africa News Agency Sites site\",\"potentialAction\":[{\"@type\":\"SearchAction\",\"target\":{\"@type\":\"EntryPoint\",\"urlTemplate\":\"https:\/\/www.africa-press.net\/senegal\/?s={search_term_string}\"},\"query-input\":{\"@type\":\"PropertyValueSpecification\",\"valueRequired\":true,\"valueName\":\"search_term_string\"}}],\"inLanguage\":\"fr-FR\"},{\"@type\":\"Person\",\"@id\":\"https:\/\/www.africa-press.net\/senegal\/#\/schema\/person\/2b1cf3cd81a31e3cd26889ca66d677f1\",\"name\":\"cfeditorfr\",\"url\":\"https:\/\/www.africa-press.net\/senegal\/author\/cfeditorfr\"}]}<\/script>\n<!-- \/ Yoast SEO Premium plugin. -->","yoast_head_json":{"title":"Dialogue national : Macky Sall d\u00e9cline la suite - Senegal","description":"Le pre\u0301sident Macky Sall semble rester dans sa strate\u0301gie de se donner du temps avant de fixer une nouvelle date pour la ...","robots":{"index":"index","follow":"follow","max-snippet":"max-snippet:-1","max-image-preview":"max-image-preview:large","max-video-preview":"max-video-preview:-1"},"canonical":"https:\/\/www.africa-press.net\/senegal\/politique\/dialogue-national-macky-sall-decline-la-suite","og_locale":"fr_FR","og_type":"article","og_title":"Dialogue national : Macky Sall d\u00e9cline la suite","og_description":"Le pre\u0301sident Macky Sall semble rester dans sa strate\u0301gie de se donner du temps avant de fixer une nouvelle date pour la ...","og_url":"https:\/\/www.africa-press.net\/senegal\/politique\/dialogue-national-macky-sall-decline-la-suite","og_site_name":"Senegal","article_published_time":"2024-02-28T12:35:27+00:00","article_modified_time":"2024-02-29T05:26:25+00:00","og_image":[{"width":927,"height":626,"url":"https:\/\/static.africa-press.net\/senegal\/sites\/13\/2024\/02\/sm_1709168087.171126.jpg","type":"image\/jpeg"}],"author":"cfeditorfr","twitter_card":"summary_large_image","twitter_misc":{"\u00c9crit par":"cfeditorfr","Dur\u00e9e de lecture estim\u00e9e":"1 minute"},"schema":{"@context":"https:\/\/schema.org","@graph":[{"@type":"Article","@id":"https:\/\/www.africa-press.net\/senegal\/politique\/dialogue-national-macky-sall-decline-la-suite#article","isPartOf":{"@id":"https:\/\/www.africa-press.net\/senegal\/politique\/dialogue-national-macky-sall-decline-la-suite"},"author":{"name":"cfeditorfr","@id":"https:\/\/www.africa-press.net\/senegal\/#\/schema\/person\/2b1cf3cd81a31e3cd26889ca66d677f1"},"headline":"Dialogue national : Macky Sall d\u00e9cline la suite","datePublished":"2024-02-28T12:35:27+00:00","dateModified":"2024-02-29T05:26:25+00:00","mainEntityOfPage":{"@id":"https:\/\/www.africa-press.net\/senegal\/politique\/dialogue-national-macky-sall-decline-la-suite"},"wordCount":202,"commentCount":0,"image":{"@id":"https:\/\/www.africa-press.net\/senegal\/politique\/dialogue-national-macky-sall-decline-la-suite#primaryimage"},"thumbnailUrl":"https:\/\/static.africa-press.net\/senegal\/sites\/13\/2024\/02\/sm_1709168087.171126.jpg","keywords":["Africa Press","Africa Press-Senegal","Senegal"],"articleSection":["Politique","Toutes les actualit\u00e9s"],"inLanguage":"fr-FR","potentialAction":[{"@type":"CommentAction","name":"Comment","target":["https:\/\/www.africa-press.net\/senegal\/politique\/dialogue-national-macky-sall-decline-la-suite#respond"]}]},{"@type":"WebPage","@id":"https:\/\/www.africa-press.net\/senegal\/politique\/dialogue-national-macky-sall-decline-la-suite","url":"https:\/\/www.africa-press.net\/senegal\/politique\/dialogue-national-macky-sall-decline-la-suite","name":"Dialogue national : Macky Sall d\u00e9cline la suite - Senegal","isPartOf":{"@id":"https:\/\/www.africa-press.net\/senegal\/#website"},"primaryImageOfPage":{"@id":"https:\/\/www.africa-press.net\/senegal\/politique\/dialogue-national-macky-sall-decline-la-suite#primaryimage"},"image":{"@id":"https:\/\/www.africa-press.net\/senegal\/politique\/dialogue-national-macky-sall-decline-la-suite#primaryimage"},"thumbnailUrl":"https:\/\/static.africa-press.net\/senegal\/sites\/13\/2024\/02\/sm_1709168087.171126.jpg","datePublished":"2024-02-28T12:35:27+00:00","dateModified":"2024-02-29T05:26:25+00:00","author":{"@id":"https:\/\/www.africa-press.net\/senegal\/#\/schema\/person\/2b1cf3cd81a31e3cd26889ca66d677f1"},"description":"Le pre\u0301sident Macky Sall semble rester dans sa strate\u0301gie de se donner du temps avant de fixer une nouvelle date pour la ...","breadcrumb":{"@id":"https:\/\/www.africa-press.net\/senegal\/politique\/dialogue-national-macky-sall-decline-la-suite#breadcrumb"},"inLanguage":"fr-FR","potentialAction":[{"@type":"ReadAction","target":["https:\/\/www.africa-press.net\/senegal\/politique\/dialogue-national-macky-sall-decline-la-suite"]}]},{"@type":"ImageObject","inLanguage":"fr-FR","@id":"https:\/\/www.africa-press.net\/senegal\/politique\/dialogue-national-macky-sall-decline-la-suite#primaryimage","url":"https:\/\/static.africa-press.net\/senegal\/sites\/13\/2024\/02\/sm_1709168087.171126.jpg","contentUrl":"https:\/\/static.africa-press.net\/senegal\/sites\/13\/2024\/02\/sm_1709168087.171126.jpg","width":927,"height":626,"caption":"Dialogue national : Macky Sall d\u00e9cline la suite"},{"@type":"BreadcrumbList","@id":"https:\/\/www.africa-press.net\/senegal\/politique\/dialogue-national-macky-sall-decline-la-suite#breadcrumb","itemListElement":[{"@type":"ListItem","position":1,"name":"Accueil","item":"https:\/\/www.africa-press.net\/senegal\/"},{"@type":"ListItem","position":2,"name":"Dialogue national : Macky Sall d\u00e9cline la suite"}]},{"@type":"WebSite","@id":"https:\/\/www.africa-press.net\/senegal\/#website","url":"https:\/\/www.africa-press.net\/senegal\/","name":"Africa Press | Senegal | Homepage","description":"Just another Africa News Agency Sites site","potentialAction":[{"@type":"SearchAction","target":{"@type":"EntryPoint","urlTemplate":"https:\/\/www.africa-press.net\/senegal\/?s={search_term_string}"},"query-input":{"@type":"PropertyValueSpecification","valueRequired":true,"valueName":"search_term_string"}}],"inLanguage":"fr-FR"},{"@type":"Person","@id":"https:\/\/www.africa-press.net\/senegal\/#\/schema\/person\/2b1cf3cd81a31e3cd26889ca66d677f1","name":"cfeditorfr","url":"https:\/\/www.africa-press.net\/senegal\/author\/cfeditorfr"}]}},"_links":{"self":[{"href":"https:\/\/www.africa-press.net\/senegal\/wp-json\/wp\/v2\/posts\/56234","targetHints":{"allow":["GET"]}}],"collection":[{"href":"https:\/\/www.africa-press.net\/senegal\/wp-json\/wp\/v2\/posts"}],"about":[{"href":"https:\/\/www.africa-press.net\/senegal\/wp-json\/wp\/v2\/types\/post"}],"author":[{"embeddable":true,"href":"https:\/\/www.africa-press.net\/senegal\/wp-json\/wp\/v2\/users\/82"}],"replies":[{"embeddable":true,"href":"https:\/\/www.africa-press.net\/senegal\/wp-json\/wp\/v2\/comments?post=56234"}],"version-history":[{"count":0,"href":"https:\/\/www.africa-press.net\/senegal\/wp-json\/wp\/v2\/posts\/56234\/revisions"}],"wp:featuredmedia":[{"embeddable":true,"href":"https:\/\/www.africa-press.net\/senegal\/wp-json\/wp\/v2\/media\/56232"}],"wp:attachment":[{"href":"https:\/\/www.africa-press.net\/senegal\/wp-json\/wp\/v2\/media?parent=56234"}],"wp:term":[{"taxonomy":"category","embeddable":true,"href":"https:\/\/www.africa-press.net\/senegal\/wp-json\/wp\/v2\/categories?post=56234"},{"taxonomy":"post_tag","embeddable":true,"href":"https:\/\/www.africa-press.net\/senegal\/wp-json\/wp\/v2\/tags?post=56234"}],"curies":[{"name":"wp","href":"https:\/\/api.w.org\/{rel}","templated":true}]}}