{"id":56236,"date":"2024-02-28T12:40:46","date_gmt":"2024-02-28T12:40:46","guid":{"rendered":"https:\/\/www.africa-press.net\/senegal\/politique\/alliance-sire-sy-rejoint-la-coalition-diomaye-president-et-dechire-la-loi-damnistie"},"modified":"2024-02-29T05:27:05","modified_gmt":"2024-02-29T05:27:05","slug":"alliance-sire-sy-rejoint-la-coalition-diomaye-president-et-dechire-la-loi-damnistie","status":"publish","type":"post","link":"https:\/\/www.africa-press.net\/senegal\/politique\/alliance-sire-sy-rejoint-la-coalition-diomaye-president-et-dechire-la-loi-damnistie","title":{"rendered":"Alliance: Sir\u00e9 Sy rejoint la coalition Diomaye Pr\u00e9sident et d\u00e9chire la loi d&rsquo;amnistie"},"content":{"rendered":"<p><span style=\"color: #ff6600\"><strong>Africa-Press &#8211; Senegal. <\/strong><\/span>Apre\u0300s son proble\u0300me avec Serigne Mboup, Sire\u0301 Sy atterrit dans la coalition du n\u00b02 de l&rsquo;ex-parti Pastef, Bassirou Diomaye Faye. Le leader du parti Les Goorgorlous l&rsquo;a annonce\u0301 lors d&rsquo;une confe\u0301rence de presse qu&rsquo;il a tenue ce mercredi 28 fe\u0301vrier a\u0300 l&rsquo;ho\u0302tel des Ambassadeurs des Parcelles-Assainies.<\/p>\n<p>A\u0300 cette occasion, Sire\u0301 Sy a exprime\u0301 son de\u0301saccord a\u0300 la loi d&rsquo;amnistie annonce\u0301e par le pre\u0301sident de la Re\u0301publique Macky Sall. Selon lui, ni Ousmane Sonko ni Bassirou Diomaye Faye ne sont demandeurs de cette loi qu&rsquo;il juge \u00ab\u00a0injuste\u00a0\u00bb.<\/p>\n<p>A\u0300 la place d&rsquo;une amnistie, le chroniqueur et ses compagnons du jour re\u0301clament un proce\u0300s pour la libe\u0301ration de Faye et de Sonko.<\/p>\n<p>En ce qui concerne la reprise du processus et la re\u0301inte\u0301gration de Karim Wade, deux questions souleve\u0301es lors du dialogue national par certains candidats recale\u0301s, Sire\u0301 Sy est ferme. \u00ab\u00a0Il n&rsquo;y a pas de candidats spolie\u0301s. Le Conseil constitutionnel a tranche\u0301 et personne n&rsquo;a e\u0301te\u0301 spolie\u0301. Je ne suis pas d&rsquo;accord avec le terme &lsquo;spolie\u0301'\u00a0\u00bb, dit-il.<\/p>\n<p>Dans la foule\u0301e, le nouvel allie\u0301 de Diomaye Faye invite le Conseil constitutionnel a\u0300 prendre ses responsabilite\u0301s en maintenant les 19 candidats de\u0301ja\u0300 valide\u0301s.<\/p>\n<p>Quant a\u0300 la re\u0301inte\u0301gration de Karim Wade dans le processus, il estime que cela est \u00ab\u00a0un deal\u00a0\u00bb entre le pre\u0301sident de la Re\u0301publique et le fils d&rsquo;Abdoulaye Wade dans un accord qu&rsquo;il surnomme \u00ab\u00a0Protocole de Doha\u00a0\u00bb.<\/p>\n<p><strong>Pour plus d&rsquo;informations et d&rsquo;analyses sur la <a href=\"https:\/\/www.africa-press.net\/senegal\">Senegal<\/a>, suivez <a href=\"https:\/\/www.africa-press.net\/\">Africa-Press<\/a><\/strong><\/p>\n","protected":false},"excerpt":{"rendered":"<p>Africa-Press &#8211; Senegal. Apre\u0300s son proble\u0300me avec Serigne Mboup, Sire\u0301 Sy atterrit dans la coalition du n\u00b02 de l&rsquo;ex-parti Pastef, Bassirou Diomaye Faye. Le leader du parti Les Goorgorlous l&rsquo;a annonce\u0301 lors d&rsquo;une confe\u0301rence de presse qu&rsquo;il a tenue ce mercredi 28 fe\u0301vrier a\u0300 l&rsquo;ho\u0302tel des Ambassadeurs des Parcelles-Assainies. A\u0300 cette occasion, Sire\u0301 Sy a [&hellip;]<\/p>\n","protected":false},"author":82,"featured_media":56235,"comment_status":"open","ping_status":"closed","sticky":false,"template":"","format":"standard","meta":{"footnotes":""},"categories":[2,10],"tags":[43,47,44],"class_list":["post-56236","post","type-post","status-publish","format-standard","has-post-thumbnail","hentry","category-politique","category-toutes-les-actualites","tag-africa-press-2","tag-africa-press-senegal","tag-senegal-2"],"yoast_head":"<!-- This site is optimized with the Yoast SEO Premium plugin v26.1 (Yoast SEO v27.0) - https:\/\/yoast.com\/product\/yoast-seo-premium-wordpress\/ -->\n<title>Alliance: Sir\u00e9 Sy rejoint la coalition Diomaye Pr\u00e9sident et d\u00e9chire la loi d&#039;amnistie - Senegal<\/title>\n<meta name=\"description\" content=\"Apre\u0300s son proble\u0300me avec Serigne Mboup, Sire\u0301 Sy atterrit dans la coalition du n\u00b02 de l&#039;ex-parti Pastef, Bassirou Dioma ...\" \/>\n<meta name=\"robots\" content=\"index, follow, max-snippet:-1, max-image-preview:large, max-video-preview:-1\" \/>\n<link rel=\"canonical\" href=\"https:\/\/www.africa-press.net\/senegal\/politique\/alliance-sire-sy-rejoint-la-coalition-diomaye-president-et-dechire-la-loi-damnistie\" \/>\n<meta property=\"og:locale\" content=\"fr_FR\" \/>\n<meta property=\"og:type\" content=\"article\" \/>\n<meta property=\"og:title\" content=\"Alliance: Sir\u00e9 Sy rejoint la coalition Diomaye Pr\u00e9sident et d\u00e9chire la loi d&#039;amnistie\" \/>\n<meta property=\"og:description\" content=\"Apre\u0300s son proble\u0300me avec Serigne Mboup, Sire\u0301 Sy atterrit dans la coalition du n\u00b02 de l&#039;ex-parti Pastef, Bassirou Dioma ...\" \/>\n<meta property=\"og:url\" content=\"https:\/\/www.africa-press.net\/senegal\/politique\/alliance-sire-sy-rejoint-la-coalition-diomaye-president-et-dechire-la-loi-damnistie\" \/>\n<meta property=\"og:site_name\" content=\"Senegal\" \/>\n<meta property=\"article:published_time\" content=\"2024-02-28T12:40:46+00:00\" \/>\n<meta property=\"article:modified_time\" content=\"2024-02-29T05:27:05+00:00\" \/>\n<meta property=\"og:image\" content=\"https:\/\/static.africa-press.net\/senegal\/sites\/13\/2024\/02\/sm_1709168134.319115.jpg\" \/>\n\t<meta property=\"og:image:width\" content=\"967\" \/>\n\t<meta property=\"og:image:height\" content=\"605\" \/>\n\t<meta property=\"og:image:type\" content=\"image\/jpeg\" \/>\n<meta name=\"author\" content=\"cfeditorfr\" \/>\n<meta name=\"twitter:card\" content=\"summary_large_image\" \/>\n<meta name=\"twitter:label1\" content=\"\u00c9crit par\" \/>\n\t<meta name=\"twitter:data1\" content=\"cfeditorfr\" \/>\n\t<meta name=\"twitter:label2\" content=\"Dur\u00e9e de lecture estim\u00e9e\" \/>\n\t<meta name=\"twitter:data2\" content=\"1 minute\" \/>\n<script type=\"application\/ld+json\" class=\"yoast-schema-graph\">{\"@context\":\"https:\/\/schema.org\",\"@graph\":[{\"@type\":\"Article\",\"@id\":\"https:\/\/www.africa-press.net\/senegal\/politique\/alliance-sire-sy-rejoint-la-coalition-diomaye-president-et-dechire-la-loi-damnistie#article\",\"isPartOf\":{\"@id\":\"https:\/\/www.africa-press.net\/senegal\/politique\/alliance-sire-sy-rejoint-la-coalition-diomaye-president-et-dechire-la-loi-damnistie\"},\"author\":{\"name\":\"cfeditorfr\",\"@id\":\"https:\/\/www.africa-press.net\/senegal\/#\/schema\/person\/2b1cf3cd81a31e3cd26889ca66d677f1\"},\"headline\":\"Alliance: Sir\u00e9 Sy rejoint la coalition Diomaye Pr\u00e9sident et d\u00e9chire la loi d&rsquo;amnistie\",\"datePublished\":\"2024-02-28T12:40:46+00:00\",\"dateModified\":\"2024-02-29T05:27:05+00:00\",\"mainEntityOfPage\":{\"@id\":\"https:\/\/www.africa-press.net\/senegal\/politique\/alliance-sire-sy-rejoint-la-coalition-diomaye-president-et-dechire-la-loi-damnistie\"},\"wordCount\":293,\"commentCount\":0,\"image\":{\"@id\":\"https:\/\/www.africa-press.net\/senegal\/politique\/alliance-sire-sy-rejoint-la-coalition-diomaye-president-et-dechire-la-loi-damnistie#primaryimage\"},\"thumbnailUrl\":\"https:\/\/static.africa-press.net\/senegal\/sites\/13\/2024\/02\/sm_1709168134.319115.jpg\",\"keywords\":[\"Africa Press\",\"Africa Press-Senegal\",\"Senegal\"],\"articleSection\":[\"Politique\",\"Toutes les actualit\u00e9s\"],\"inLanguage\":\"fr-FR\",\"potentialAction\":[{\"@type\":\"CommentAction\",\"name\":\"Comment\",\"target\":[\"https:\/\/www.africa-press.net\/senegal\/politique\/alliance-sire-sy-rejoint-la-coalition-diomaye-president-et-dechire-la-loi-damnistie#respond\"]}]},{\"@type\":\"WebPage\",\"@id\":\"https:\/\/www.africa-press.net\/senegal\/politique\/alliance-sire-sy-rejoint-la-coalition-diomaye-president-et-dechire-la-loi-damnistie\",\"url\":\"https:\/\/www.africa-press.net\/senegal\/politique\/alliance-sire-sy-rejoint-la-coalition-diomaye-president-et-dechire-la-loi-damnistie\",\"name\":\"Alliance: Sir\u00e9 Sy rejoint la coalition Diomaye Pr\u00e9sident et d\u00e9chire la loi d'amnistie - Senegal\",\"isPartOf\":{\"@id\":\"https:\/\/www.africa-press.net\/senegal\/#website\"},\"primaryImageOfPage\":{\"@id\":\"https:\/\/www.africa-press.net\/senegal\/politique\/alliance-sire-sy-rejoint-la-coalition-diomaye-president-et-dechire-la-loi-damnistie#primaryimage\"},\"image\":{\"@id\":\"https:\/\/www.africa-press.net\/senegal\/politique\/alliance-sire-sy-rejoint-la-coalition-diomaye-president-et-dechire-la-loi-damnistie#primaryimage\"},\"thumbnailUrl\":\"https:\/\/static.africa-press.net\/senegal\/sites\/13\/2024\/02\/sm_1709168134.319115.jpg\",\"datePublished\":\"2024-02-28T12:40:46+00:00\",\"dateModified\":\"2024-02-29T05:27:05+00:00\",\"author\":{\"@id\":\"https:\/\/www.africa-press.net\/senegal\/#\/schema\/person\/2b1cf3cd81a31e3cd26889ca66d677f1\"},\"description\":\"Apre\u0300s son proble\u0300me avec Serigne Mboup, Sire\u0301 Sy atterrit dans la coalition du n\u00b02 de l'ex-parti Pastef, Bassirou Dioma ...\",\"breadcrumb\":{\"@id\":\"https:\/\/www.africa-press.net\/senegal\/politique\/alliance-sire-sy-rejoint-la-coalition-diomaye-president-et-dechire-la-loi-damnistie#breadcrumb\"},\"inLanguage\":\"fr-FR\",\"potentialAction\":[{\"@type\":\"ReadAction\",\"target\":[\"https:\/\/www.africa-press.net\/senegal\/politique\/alliance-sire-sy-rejoint-la-coalition-diomaye-president-et-dechire-la-loi-damnistie\"]}]},{\"@type\":\"ImageObject\",\"inLanguage\":\"fr-FR\",\"@id\":\"https:\/\/www.africa-press.net\/senegal\/politique\/alliance-sire-sy-rejoint-la-coalition-diomaye-president-et-dechire-la-loi-damnistie#primaryimage\",\"url\":\"https:\/\/static.africa-press.net\/senegal\/sites\/13\/2024\/02\/sm_1709168134.319115.jpg\",\"contentUrl\":\"https:\/\/static.africa-press.net\/senegal\/sites\/13\/2024\/02\/sm_1709168134.319115.jpg\",\"width\":967,\"height\":605,\"caption\":\"Alliance: Sir\u00e9 Sy rejoint la coalition Diomaye Pr\u00e9sident et d\u00e9chire la loi d'amnistie\"},{\"@type\":\"BreadcrumbList\",\"@id\":\"https:\/\/www.africa-press.net\/senegal\/politique\/alliance-sire-sy-rejoint-la-coalition-diomaye-president-et-dechire-la-loi-damnistie#breadcrumb\",\"itemListElement\":[{\"@type\":\"ListItem\",\"position\":1,\"name\":\"Accueil\",\"item\":\"https:\/\/www.africa-press.net\/senegal\/\"},{\"@type\":\"ListItem\",\"position\":2,\"name\":\"Alliance: Sir\u00e9 Sy rejoint la coalition Diomaye Pr\u00e9sident et d\u00e9chire la loi d&#8217;amnistie\"}]},{\"@type\":\"WebSite\",\"@id\":\"https:\/\/www.africa-press.net\/senegal\/#website\",\"url\":\"https:\/\/www.africa-press.net\/senegal\/\",\"name\":\"Africa Press | Senegal | Homepage\",\"description\":\"Just another Africa News Agency Sites site\",\"potentialAction\":[{\"@type\":\"SearchAction\",\"target\":{\"@type\":\"EntryPoint\",\"urlTemplate\":\"https:\/\/www.africa-press.net\/senegal\/?s={search_term_string}\"},\"query-input\":{\"@type\":\"PropertyValueSpecification\",\"valueRequired\":true,\"valueName\":\"search_term_string\"}}],\"inLanguage\":\"fr-FR\"},{\"@type\":\"Person\",\"@id\":\"https:\/\/www.africa-press.net\/senegal\/#\/schema\/person\/2b1cf3cd81a31e3cd26889ca66d677f1\",\"name\":\"cfeditorfr\",\"url\":\"https:\/\/www.africa-press.net\/senegal\/author\/cfeditorfr\"}]}<\/script>\n<!-- \/ Yoast SEO Premium plugin. -->","yoast_head_json":{"title":"Alliance: Sir\u00e9 Sy rejoint la coalition Diomaye Pr\u00e9sident et d\u00e9chire la loi d'amnistie - Senegal","description":"Apre\u0300s son proble\u0300me avec Serigne Mboup, Sire\u0301 Sy atterrit dans la coalition du n\u00b02 de l'ex-parti Pastef, Bassirou Dioma ...","robots":{"index":"index","follow":"follow","max-snippet":"max-snippet:-1","max-image-preview":"max-image-preview:large","max-video-preview":"max-video-preview:-1"},"canonical":"https:\/\/www.africa-press.net\/senegal\/politique\/alliance-sire-sy-rejoint-la-coalition-diomaye-president-et-dechire-la-loi-damnistie","og_locale":"fr_FR","og_type":"article","og_title":"Alliance: Sir\u00e9 Sy rejoint la coalition Diomaye Pr\u00e9sident et d\u00e9chire la loi d'amnistie","og_description":"Apre\u0300s son proble\u0300me avec Serigne Mboup, Sire\u0301 Sy atterrit dans la coalition du n\u00b02 de l'ex-parti Pastef, Bassirou Dioma ...","og_url":"https:\/\/www.africa-press.net\/senegal\/politique\/alliance-sire-sy-rejoint-la-coalition-diomaye-president-et-dechire-la-loi-damnistie","og_site_name":"Senegal","article_published_time":"2024-02-28T12:40:46+00:00","article_modified_time":"2024-02-29T05:27:05+00:00","og_image":[{"width":967,"height":605,"url":"https:\/\/static.africa-press.net\/senegal\/sites\/13\/2024\/02\/sm_1709168134.319115.jpg","type":"image\/jpeg"}],"author":"cfeditorfr","twitter_card":"summary_large_image","twitter_misc":{"\u00c9crit par":"cfeditorfr","Dur\u00e9e de lecture estim\u00e9e":"1 minute"},"schema":{"@context":"https:\/\/schema.org","@graph":[{"@type":"Article","@id":"https:\/\/www.africa-press.net\/senegal\/politique\/alliance-sire-sy-rejoint-la-coalition-diomaye-president-et-dechire-la-loi-damnistie#article","isPartOf":{"@id":"https:\/\/www.africa-press.net\/senegal\/politique\/alliance-sire-sy-rejoint-la-coalition-diomaye-president-et-dechire-la-loi-damnistie"},"author":{"name":"cfeditorfr","@id":"https:\/\/www.africa-press.net\/senegal\/#\/schema\/person\/2b1cf3cd81a31e3cd26889ca66d677f1"},"headline":"Alliance: Sir\u00e9 Sy rejoint la coalition Diomaye Pr\u00e9sident et d\u00e9chire la loi d&rsquo;amnistie","datePublished":"2024-02-28T12:40:46+00:00","dateModified":"2024-02-29T05:27:05+00:00","mainEntityOfPage":{"@id":"https:\/\/www.africa-press.net\/senegal\/politique\/alliance-sire-sy-rejoint-la-coalition-diomaye-president-et-dechire-la-loi-damnistie"},"wordCount":293,"commentCount":0,"image":{"@id":"https:\/\/www.africa-press.net\/senegal\/politique\/alliance-sire-sy-rejoint-la-coalition-diomaye-president-et-dechire-la-loi-damnistie#primaryimage"},"thumbnailUrl":"https:\/\/static.africa-press.net\/senegal\/sites\/13\/2024\/02\/sm_1709168134.319115.jpg","keywords":["Africa Press","Africa Press-Senegal","Senegal"],"articleSection":["Politique","Toutes les actualit\u00e9s"],"inLanguage":"fr-FR","potentialAction":[{"@type":"CommentAction","name":"Comment","target":["https:\/\/www.africa-press.net\/senegal\/politique\/alliance-sire-sy-rejoint-la-coalition-diomaye-president-et-dechire-la-loi-damnistie#respond"]}]},{"@type":"WebPage","@id":"https:\/\/www.africa-press.net\/senegal\/politique\/alliance-sire-sy-rejoint-la-coalition-diomaye-president-et-dechire-la-loi-damnistie","url":"https:\/\/www.africa-press.net\/senegal\/politique\/alliance-sire-sy-rejoint-la-coalition-diomaye-president-et-dechire-la-loi-damnistie","name":"Alliance: Sir\u00e9 Sy rejoint la coalition Diomaye Pr\u00e9sident et d\u00e9chire la loi d'amnistie - Senegal","isPartOf":{"@id":"https:\/\/www.africa-press.net\/senegal\/#website"},"primaryImageOfPage":{"@id":"https:\/\/www.africa-press.net\/senegal\/politique\/alliance-sire-sy-rejoint-la-coalition-diomaye-president-et-dechire-la-loi-damnistie#primaryimage"},"image":{"@id":"https:\/\/www.africa-press.net\/senegal\/politique\/alliance-sire-sy-rejoint-la-coalition-diomaye-president-et-dechire-la-loi-damnistie#primaryimage"},"thumbnailUrl":"https:\/\/static.africa-press.net\/senegal\/sites\/13\/2024\/02\/sm_1709168134.319115.jpg","datePublished":"2024-02-28T12:40:46+00:00","dateModified":"2024-02-29T05:27:05+00:00","author":{"@id":"https:\/\/www.africa-press.net\/senegal\/#\/schema\/person\/2b1cf3cd81a31e3cd26889ca66d677f1"},"description":"Apre\u0300s son proble\u0300me avec Serigne Mboup, Sire\u0301 Sy atterrit dans la coalition du n\u00b02 de l'ex-parti Pastef, Bassirou Dioma ...","breadcrumb":{"@id":"https:\/\/www.africa-press.net\/senegal\/politique\/alliance-sire-sy-rejoint-la-coalition-diomaye-president-et-dechire-la-loi-damnistie#breadcrumb"},"inLanguage":"fr-FR","potentialAction":[{"@type":"ReadAction","target":["https:\/\/www.africa-press.net\/senegal\/politique\/alliance-sire-sy-rejoint-la-coalition-diomaye-president-et-dechire-la-loi-damnistie"]}]},{"@type":"ImageObject","inLanguage":"fr-FR","@id":"https:\/\/www.africa-press.net\/senegal\/politique\/alliance-sire-sy-rejoint-la-coalition-diomaye-president-et-dechire-la-loi-damnistie#primaryimage","url":"https:\/\/static.africa-press.net\/senegal\/sites\/13\/2024\/02\/sm_1709168134.319115.jpg","contentUrl":"https:\/\/static.africa-press.net\/senegal\/sites\/13\/2024\/02\/sm_1709168134.319115.jpg","width":967,"height":605,"caption":"Alliance: Sir\u00e9 Sy rejoint la coalition Diomaye Pr\u00e9sident et d\u00e9chire la loi d'amnistie"},{"@type":"BreadcrumbList","@id":"https:\/\/www.africa-press.net\/senegal\/politique\/alliance-sire-sy-rejoint-la-coalition-diomaye-president-et-dechire-la-loi-damnistie#breadcrumb","itemListElement":[{"@type":"ListItem","position":1,"name":"Accueil","item":"https:\/\/www.africa-press.net\/senegal\/"},{"@type":"ListItem","position":2,"name":"Alliance: Sir\u00e9 Sy rejoint la coalition Diomaye Pr\u00e9sident et d\u00e9chire la loi d&#8217;amnistie"}]},{"@type":"WebSite","@id":"https:\/\/www.africa-press.net\/senegal\/#website","url":"https:\/\/www.africa-press.net\/senegal\/","name":"Africa Press | Senegal | Homepage","description":"Just another Africa News Agency Sites site","potentialAction":[{"@type":"SearchAction","target":{"@type":"EntryPoint","urlTemplate":"https:\/\/www.africa-press.net\/senegal\/?s={search_term_string}"},"query-input":{"@type":"PropertyValueSpecification","valueRequired":true,"valueName":"search_term_string"}}],"inLanguage":"fr-FR"},{"@type":"Person","@id":"https:\/\/www.africa-press.net\/senegal\/#\/schema\/person\/2b1cf3cd81a31e3cd26889ca66d677f1","name":"cfeditorfr","url":"https:\/\/www.africa-press.net\/senegal\/author\/cfeditorfr"}]}},"_links":{"self":[{"href":"https:\/\/www.africa-press.net\/senegal\/wp-json\/wp\/v2\/posts\/56236","targetHints":{"allow":["GET"]}}],"collection":[{"href":"https:\/\/www.africa-press.net\/senegal\/wp-json\/wp\/v2\/posts"}],"about":[{"href":"https:\/\/www.africa-press.net\/senegal\/wp-json\/wp\/v2\/types\/post"}],"author":[{"embeddable":true,"href":"https:\/\/www.africa-press.net\/senegal\/wp-json\/wp\/v2\/users\/82"}],"replies":[{"embeddable":true,"href":"https:\/\/www.africa-press.net\/senegal\/wp-json\/wp\/v2\/comments?post=56236"}],"version-history":[{"count":0,"href":"https:\/\/www.africa-press.net\/senegal\/wp-json\/wp\/v2\/posts\/56236\/revisions"}],"wp:featuredmedia":[{"embeddable":true,"href":"https:\/\/www.africa-press.net\/senegal\/wp-json\/wp\/v2\/media\/56235"}],"wp:attachment":[{"href":"https:\/\/www.africa-press.net\/senegal\/wp-json\/wp\/v2\/media?parent=56236"}],"wp:term":[{"taxonomy":"category","embeddable":true,"href":"https:\/\/www.africa-press.net\/senegal\/wp-json\/wp\/v2\/categories?post=56236"},{"taxonomy":"post_tag","embeddable":true,"href":"https:\/\/www.africa-press.net\/senegal\/wp-json\/wp\/v2\/tags?post=56236"}],"curies":[{"name":"wp","href":"https:\/\/api.w.org\/{rel}","templated":true}]}}