{"id":56239,"date":"2024-02-28T12:45:26","date_gmt":"2024-02-28T12:45:26","guid":{"rendered":"https:\/\/www.africa-press.net\/senegal\/politique\/presidentielle-pourquoi-la-date-du-2-juin-nest-pas-la-bonne"},"modified":"2024-02-29T05:27:40","modified_gmt":"2024-02-29T05:27:40","slug":"presidentielle-pourquoi-la-date-du-2-juin-nest-pas-la-bonne","status":"publish","type":"post","link":"https:\/\/www.africa-press.net\/senegal\/politique\/presidentielle-pourquoi-la-date-du-2-juin-nest-pas-la-bonne","title":{"rendered":"Pr\u00e9sidentielle : Pourquoi la date du 2 juin n&rsquo;est pas la bonne"},"content":{"rendered":"<p><span style=\"color: #ff6600\"><strong>Africa-Press &#8211; Senegal. <\/strong><\/span>Le dialogue national a livre\u0301 ses recommandations apre\u0300s deux jours de travaux. Les acteurs politiques pre\u0301sents ont propose\u0301 la date du 2 juin 2024 pour la tenue du scrutin. Reste de\u0301sormais le de\u0301cret de Macky Sall et la validation du Conseil constitutionnel pour confirmer cette date. Mais ce 2 juin n&rsquo;est pas la meilleure date pour la pre\u0301sidentielle pour plusieurs raisons.<\/p>\n<p>\u00ab\u00a0Dans tous les cas, (la Pre\u0301sidentielle) sera organise\u0301e avant le mois de juin ou avant l&rsquo;hivernage. Ce seront les sujets du dialogue national\u00a0\u00bb, faisait savoir le chef de l&rsquo;Etat lors de son face a\u0300 face avec les me\u0301dias se\u0301ne\u0301galais, dont Seneweb. Avec la proposition des \u00ab\u00a0dialoguistes\u00a0\u00bb, Macky Sall risque de se contredire s&rsquo;il fixe la date le 2 juin. Pire, le second tour, s&rsquo;il a lieu, pourrait avoir lieu en plein hivernage.<\/p>\n<p>En effet, au milieu du mois de juin vers de\u0301but juillet, plusieurs re\u0301gions se\u0301ne\u0301galaises enregistreront de la pluie, notamment le Sud du pays. Pourtant, Sall lui-me\u0302me, pour fixer la date de la Pre\u0301sidentielle, avait demande\u0301 aux acteurs du dialogue de prendre en compte l&rsquo;hivernage comme dernier de\u0301lais pour l&rsquo;organisation du scrutin. Si la Pre\u0301sidentielle est donc fixe\u0301e le 2 juin, on risque de se retrouver en plein hivernage s&rsquo;il y a un deuxie\u0300me tour. Dans un pays ou\u0300 les inondations touchent des e\u0301coles, centres de vote, bloquent des routes.. le scrutin risque d&rsquo;e\u0302tre perturbe\u0301 dans le meilleur des cas ou encore reporte\u0301 au pire des cas.<\/p>\n<p>De plus, Macky Sall a pre\u0301venu les acteurs du dialogue de prendre en compte des fe\u0302tes religieuses. Pourtant, la date du 2 juin intervient 2 semaines avant la Tabaski. S&rsquo;il y a deuxie\u0300me tour, encore une fois, la fe\u0302te de l&rsquo;Aid el Kabir poussera les autorite\u0301s a\u0300 organiser le scrutin 1 mois apre\u0300s le premier tour. Dans l&rsquo;urgence ou\u0300 se trouve le Se\u0301ne\u0301gal pour e\u0301lire son futur Pre\u0301sident, ce n&rsquo;est pas la meilleure solution et ce sche\u0301ma ne respectera pas le \u00ab\u00a0meilleur de\u0301lais\u00a0\u00bb prescrit par le Conseil constitutionnel. Et le mois de juillet, pour un hypothe\u0301tique second tour, risque de rendre impossible le vote a\u0300 cause de l&rsquo;hivernage de\u0301ja\u0300 mentionne\u0301. Plus la date avancera, plus le de\u0301bat de l&rsquo;impossibilite\u0301 de tenir le scrutin a\u0300 cause des pluies risque de se poser.<\/p>\n<p>Au plus tard, une date au courant du mois de mai aurait e\u0301te\u0301 largement meilleure. A moins que tout ceci ne soit calcule\u0301&#8230;<\/p>\n<p><strong>Pour plus d&rsquo;informations et d&rsquo;analyses sur la <a href=\"https:\/\/www.africa-press.net\/senegal\">Senegal<\/a>, suivez <a href=\"https:\/\/www.africa-press.net\/\">Africa-Press<\/a><\/strong><\/p>\n","protected":false},"excerpt":{"rendered":"<p>Africa-Press &#8211; Senegal. Le dialogue national a livre\u0301 ses recommandations apre\u0300s deux jours de travaux. Les acteurs politiques pre\u0301sents ont propose\u0301 la date du 2 juin 2024 pour la tenue du scrutin. Reste de\u0301sormais le de\u0301cret de Macky Sall et la validation du Conseil constitutionnel pour confirmer cette date. Mais ce 2 juin n&rsquo;est pas [&hellip;]<\/p>\n","protected":false},"author":82,"featured_media":56238,"comment_status":"open","ping_status":"closed","sticky":false,"template":"","format":"standard","meta":{"footnotes":""},"categories":[2,10],"tags":[43,47,44],"class_list":["post-56239","post","type-post","status-publish","format-standard","has-post-thumbnail","hentry","category-politique","category-toutes-les-actualites","tag-africa-press-2","tag-africa-press-senegal","tag-senegal-2"],"yoast_head":"<!-- This site is optimized with the Yoast SEO Premium plugin v26.1 (Yoast SEO v27.0) - https:\/\/yoast.com\/product\/yoast-seo-premium-wordpress\/ -->\n<title>Pr\u00e9sidentielle : Pourquoi la date du 2 juin n&#039;est pas la bonne - Senegal<\/title>\n<meta name=\"description\" content=\"Le dialogue national a livre\u0301 ses recommandations apre\u0300s deux jours de travaux. Les acteurs politiques pre\u0301sents ont pro ...\" \/>\n<meta name=\"robots\" content=\"index, follow, max-snippet:-1, max-image-preview:large, max-video-preview:-1\" \/>\n<link rel=\"canonical\" href=\"https:\/\/www.africa-press.net\/senegal\/politique\/presidentielle-pourquoi-la-date-du-2-juin-nest-pas-la-bonne\" \/>\n<meta property=\"og:locale\" content=\"fr_FR\" \/>\n<meta property=\"og:type\" content=\"article\" \/>\n<meta property=\"og:title\" content=\"Pr\u00e9sidentielle : Pourquoi la date du 2 juin n&#039;est pas la bonne\" \/>\n<meta property=\"og:description\" content=\"Le dialogue national a livre\u0301 ses recommandations apre\u0300s deux jours de travaux. Les acteurs politiques pre\u0301sents ont pro ...\" \/>\n<meta property=\"og:url\" content=\"https:\/\/www.africa-press.net\/senegal\/politique\/presidentielle-pourquoi-la-date-du-2-juin-nest-pas-la-bonne\" \/>\n<meta property=\"og:site_name\" content=\"Senegal\" \/>\n<meta property=\"article:published_time\" content=\"2024-02-28T12:45:26+00:00\" \/>\n<meta property=\"article:modified_time\" content=\"2024-02-29T05:27:40+00:00\" \/>\n<meta property=\"og:image\" content=\"https:\/\/static.africa-press.net\/senegal\/sites\/13\/2024\/02\/sm_1709168156.602696.jpg\" \/>\n\t<meta property=\"og:image:width\" content=\"1184\" \/>\n\t<meta property=\"og:image:height\" content=\"576\" \/>\n\t<meta property=\"og:image:type\" content=\"image\/jpeg\" \/>\n<meta name=\"author\" content=\"cfeditorfr\" \/>\n<meta name=\"twitter:card\" content=\"summary_large_image\" \/>\n<meta name=\"twitter:label1\" content=\"\u00c9crit par\" \/>\n\t<meta name=\"twitter:data1\" content=\"cfeditorfr\" \/>\n\t<meta name=\"twitter:label2\" content=\"Dur\u00e9e de lecture estim\u00e9e\" \/>\n\t<meta name=\"twitter:data2\" content=\"2 minutes\" \/>\n<script type=\"application\/ld+json\" class=\"yoast-schema-graph\">{\"@context\":\"https:\/\/schema.org\",\"@graph\":[{\"@type\":\"Article\",\"@id\":\"https:\/\/www.africa-press.net\/senegal\/politique\/presidentielle-pourquoi-la-date-du-2-juin-nest-pas-la-bonne#article\",\"isPartOf\":{\"@id\":\"https:\/\/www.africa-press.net\/senegal\/politique\/presidentielle-pourquoi-la-date-du-2-juin-nest-pas-la-bonne\"},\"author\":{\"name\":\"cfeditorfr\",\"@id\":\"https:\/\/www.africa-press.net\/senegal\/#\/schema\/person\/2b1cf3cd81a31e3cd26889ca66d677f1\"},\"headline\":\"Pr\u00e9sidentielle : Pourquoi la date du 2 juin n&rsquo;est pas la bonne\",\"datePublished\":\"2024-02-28T12:45:26+00:00\",\"dateModified\":\"2024-02-29T05:27:40+00:00\",\"mainEntityOfPage\":{\"@id\":\"https:\/\/www.africa-press.net\/senegal\/politique\/presidentielle-pourquoi-la-date-du-2-juin-nest-pas-la-bonne\"},\"wordCount\":465,\"commentCount\":0,\"image\":{\"@id\":\"https:\/\/www.africa-press.net\/senegal\/politique\/presidentielle-pourquoi-la-date-du-2-juin-nest-pas-la-bonne#primaryimage\"},\"thumbnailUrl\":\"https:\/\/static.africa-press.net\/senegal\/sites\/13\/2024\/02\/sm_1709168156.602696.jpg\",\"keywords\":[\"Africa Press\",\"Africa Press-Senegal\",\"Senegal\"],\"articleSection\":[\"Politique\",\"Toutes les actualit\u00e9s\"],\"inLanguage\":\"fr-FR\",\"potentialAction\":[{\"@type\":\"CommentAction\",\"name\":\"Comment\",\"target\":[\"https:\/\/www.africa-press.net\/senegal\/politique\/presidentielle-pourquoi-la-date-du-2-juin-nest-pas-la-bonne#respond\"]}]},{\"@type\":\"WebPage\",\"@id\":\"https:\/\/www.africa-press.net\/senegal\/politique\/presidentielle-pourquoi-la-date-du-2-juin-nest-pas-la-bonne\",\"url\":\"https:\/\/www.africa-press.net\/senegal\/politique\/presidentielle-pourquoi-la-date-du-2-juin-nest-pas-la-bonne\",\"name\":\"Pr\u00e9sidentielle : Pourquoi la date du 2 juin n'est pas la bonne - Senegal\",\"isPartOf\":{\"@id\":\"https:\/\/www.africa-press.net\/senegal\/#website\"},\"primaryImageOfPage\":{\"@id\":\"https:\/\/www.africa-press.net\/senegal\/politique\/presidentielle-pourquoi-la-date-du-2-juin-nest-pas-la-bonne#primaryimage\"},\"image\":{\"@id\":\"https:\/\/www.africa-press.net\/senegal\/politique\/presidentielle-pourquoi-la-date-du-2-juin-nest-pas-la-bonne#primaryimage\"},\"thumbnailUrl\":\"https:\/\/static.africa-press.net\/senegal\/sites\/13\/2024\/02\/sm_1709168156.602696.jpg\",\"datePublished\":\"2024-02-28T12:45:26+00:00\",\"dateModified\":\"2024-02-29T05:27:40+00:00\",\"author\":{\"@id\":\"https:\/\/www.africa-press.net\/senegal\/#\/schema\/person\/2b1cf3cd81a31e3cd26889ca66d677f1\"},\"description\":\"Le dialogue national a livre\u0301 ses recommandations apre\u0300s deux jours de travaux. Les acteurs politiques pre\u0301sents ont pro ...\",\"breadcrumb\":{\"@id\":\"https:\/\/www.africa-press.net\/senegal\/politique\/presidentielle-pourquoi-la-date-du-2-juin-nest-pas-la-bonne#breadcrumb\"},\"inLanguage\":\"fr-FR\",\"potentialAction\":[{\"@type\":\"ReadAction\",\"target\":[\"https:\/\/www.africa-press.net\/senegal\/politique\/presidentielle-pourquoi-la-date-du-2-juin-nest-pas-la-bonne\"]}]},{\"@type\":\"ImageObject\",\"inLanguage\":\"fr-FR\",\"@id\":\"https:\/\/www.africa-press.net\/senegal\/politique\/presidentielle-pourquoi-la-date-du-2-juin-nest-pas-la-bonne#primaryimage\",\"url\":\"https:\/\/static.africa-press.net\/senegal\/sites\/13\/2024\/02\/sm_1709168156.602696.jpg\",\"contentUrl\":\"https:\/\/static.africa-press.net\/senegal\/sites\/13\/2024\/02\/sm_1709168156.602696.jpg\",\"width\":1184,\"height\":576,\"caption\":\"Pr\u00e9sidentielle : Pourquoi la date du 2 juin n'est pas la bonne\"},{\"@type\":\"BreadcrumbList\",\"@id\":\"https:\/\/www.africa-press.net\/senegal\/politique\/presidentielle-pourquoi-la-date-du-2-juin-nest-pas-la-bonne#breadcrumb\",\"itemListElement\":[{\"@type\":\"ListItem\",\"position\":1,\"name\":\"Accueil\",\"item\":\"https:\/\/www.africa-press.net\/senegal\/\"},{\"@type\":\"ListItem\",\"position\":2,\"name\":\"Pr\u00e9sidentielle : Pourquoi la date du 2 juin n&#8217;est pas la bonne\"}]},{\"@type\":\"WebSite\",\"@id\":\"https:\/\/www.africa-press.net\/senegal\/#website\",\"url\":\"https:\/\/www.africa-press.net\/senegal\/\",\"name\":\"Africa Press | Senegal | Homepage\",\"description\":\"Just another Africa News Agency Sites site\",\"potentialAction\":[{\"@type\":\"SearchAction\",\"target\":{\"@type\":\"EntryPoint\",\"urlTemplate\":\"https:\/\/www.africa-press.net\/senegal\/?s={search_term_string}\"},\"query-input\":{\"@type\":\"PropertyValueSpecification\",\"valueRequired\":true,\"valueName\":\"search_term_string\"}}],\"inLanguage\":\"fr-FR\"},{\"@type\":\"Person\",\"@id\":\"https:\/\/www.africa-press.net\/senegal\/#\/schema\/person\/2b1cf3cd81a31e3cd26889ca66d677f1\",\"name\":\"cfeditorfr\",\"url\":\"https:\/\/www.africa-press.net\/senegal\/author\/cfeditorfr\"}]}<\/script>\n<!-- \/ Yoast SEO Premium plugin. -->","yoast_head_json":{"title":"Pr\u00e9sidentielle : Pourquoi la date du 2 juin n'est pas la bonne - Senegal","description":"Le dialogue national a livre\u0301 ses recommandations apre\u0300s deux jours de travaux. Les acteurs politiques pre\u0301sents ont pro ...","robots":{"index":"index","follow":"follow","max-snippet":"max-snippet:-1","max-image-preview":"max-image-preview:large","max-video-preview":"max-video-preview:-1"},"canonical":"https:\/\/www.africa-press.net\/senegal\/politique\/presidentielle-pourquoi-la-date-du-2-juin-nest-pas-la-bonne","og_locale":"fr_FR","og_type":"article","og_title":"Pr\u00e9sidentielle : Pourquoi la date du 2 juin n'est pas la bonne","og_description":"Le dialogue national a livre\u0301 ses recommandations apre\u0300s deux jours de travaux. Les acteurs politiques pre\u0301sents ont pro ...","og_url":"https:\/\/www.africa-press.net\/senegal\/politique\/presidentielle-pourquoi-la-date-du-2-juin-nest-pas-la-bonne","og_site_name":"Senegal","article_published_time":"2024-02-28T12:45:26+00:00","article_modified_time":"2024-02-29T05:27:40+00:00","og_image":[{"width":1184,"height":576,"url":"https:\/\/static.africa-press.net\/senegal\/sites\/13\/2024\/02\/sm_1709168156.602696.jpg","type":"image\/jpeg"}],"author":"cfeditorfr","twitter_card":"summary_large_image","twitter_misc":{"\u00c9crit par":"cfeditorfr","Dur\u00e9e de lecture estim\u00e9e":"2 minutes"},"schema":{"@context":"https:\/\/schema.org","@graph":[{"@type":"Article","@id":"https:\/\/www.africa-press.net\/senegal\/politique\/presidentielle-pourquoi-la-date-du-2-juin-nest-pas-la-bonne#article","isPartOf":{"@id":"https:\/\/www.africa-press.net\/senegal\/politique\/presidentielle-pourquoi-la-date-du-2-juin-nest-pas-la-bonne"},"author":{"name":"cfeditorfr","@id":"https:\/\/www.africa-press.net\/senegal\/#\/schema\/person\/2b1cf3cd81a31e3cd26889ca66d677f1"},"headline":"Pr\u00e9sidentielle : Pourquoi la date du 2 juin n&rsquo;est pas la bonne","datePublished":"2024-02-28T12:45:26+00:00","dateModified":"2024-02-29T05:27:40+00:00","mainEntityOfPage":{"@id":"https:\/\/www.africa-press.net\/senegal\/politique\/presidentielle-pourquoi-la-date-du-2-juin-nest-pas-la-bonne"},"wordCount":465,"commentCount":0,"image":{"@id":"https:\/\/www.africa-press.net\/senegal\/politique\/presidentielle-pourquoi-la-date-du-2-juin-nest-pas-la-bonne#primaryimage"},"thumbnailUrl":"https:\/\/static.africa-press.net\/senegal\/sites\/13\/2024\/02\/sm_1709168156.602696.jpg","keywords":["Africa Press","Africa Press-Senegal","Senegal"],"articleSection":["Politique","Toutes les actualit\u00e9s"],"inLanguage":"fr-FR","potentialAction":[{"@type":"CommentAction","name":"Comment","target":["https:\/\/www.africa-press.net\/senegal\/politique\/presidentielle-pourquoi-la-date-du-2-juin-nest-pas-la-bonne#respond"]}]},{"@type":"WebPage","@id":"https:\/\/www.africa-press.net\/senegal\/politique\/presidentielle-pourquoi-la-date-du-2-juin-nest-pas-la-bonne","url":"https:\/\/www.africa-press.net\/senegal\/politique\/presidentielle-pourquoi-la-date-du-2-juin-nest-pas-la-bonne","name":"Pr\u00e9sidentielle : Pourquoi la date du 2 juin n'est pas la bonne - Senegal","isPartOf":{"@id":"https:\/\/www.africa-press.net\/senegal\/#website"},"primaryImageOfPage":{"@id":"https:\/\/www.africa-press.net\/senegal\/politique\/presidentielle-pourquoi-la-date-du-2-juin-nest-pas-la-bonne#primaryimage"},"image":{"@id":"https:\/\/www.africa-press.net\/senegal\/politique\/presidentielle-pourquoi-la-date-du-2-juin-nest-pas-la-bonne#primaryimage"},"thumbnailUrl":"https:\/\/static.africa-press.net\/senegal\/sites\/13\/2024\/02\/sm_1709168156.602696.jpg","datePublished":"2024-02-28T12:45:26+00:00","dateModified":"2024-02-29T05:27:40+00:00","author":{"@id":"https:\/\/www.africa-press.net\/senegal\/#\/schema\/person\/2b1cf3cd81a31e3cd26889ca66d677f1"},"description":"Le dialogue national a livre\u0301 ses recommandations apre\u0300s deux jours de travaux. Les acteurs politiques pre\u0301sents ont pro ...","breadcrumb":{"@id":"https:\/\/www.africa-press.net\/senegal\/politique\/presidentielle-pourquoi-la-date-du-2-juin-nest-pas-la-bonne#breadcrumb"},"inLanguage":"fr-FR","potentialAction":[{"@type":"ReadAction","target":["https:\/\/www.africa-press.net\/senegal\/politique\/presidentielle-pourquoi-la-date-du-2-juin-nest-pas-la-bonne"]}]},{"@type":"ImageObject","inLanguage":"fr-FR","@id":"https:\/\/www.africa-press.net\/senegal\/politique\/presidentielle-pourquoi-la-date-du-2-juin-nest-pas-la-bonne#primaryimage","url":"https:\/\/static.africa-press.net\/senegal\/sites\/13\/2024\/02\/sm_1709168156.602696.jpg","contentUrl":"https:\/\/static.africa-press.net\/senegal\/sites\/13\/2024\/02\/sm_1709168156.602696.jpg","width":1184,"height":576,"caption":"Pr\u00e9sidentielle : Pourquoi la date du 2 juin n'est pas la bonne"},{"@type":"BreadcrumbList","@id":"https:\/\/www.africa-press.net\/senegal\/politique\/presidentielle-pourquoi-la-date-du-2-juin-nest-pas-la-bonne#breadcrumb","itemListElement":[{"@type":"ListItem","position":1,"name":"Accueil","item":"https:\/\/www.africa-press.net\/senegal\/"},{"@type":"ListItem","position":2,"name":"Pr\u00e9sidentielle : Pourquoi la date du 2 juin n&#8217;est pas la bonne"}]},{"@type":"WebSite","@id":"https:\/\/www.africa-press.net\/senegal\/#website","url":"https:\/\/www.africa-press.net\/senegal\/","name":"Africa Press | Senegal | Homepage","description":"Just another Africa News Agency Sites site","potentialAction":[{"@type":"SearchAction","target":{"@type":"EntryPoint","urlTemplate":"https:\/\/www.africa-press.net\/senegal\/?s={search_term_string}"},"query-input":{"@type":"PropertyValueSpecification","valueRequired":true,"valueName":"search_term_string"}}],"inLanguage":"fr-FR"},{"@type":"Person","@id":"https:\/\/www.africa-press.net\/senegal\/#\/schema\/person\/2b1cf3cd81a31e3cd26889ca66d677f1","name":"cfeditorfr","url":"https:\/\/www.africa-press.net\/senegal\/author\/cfeditorfr"}]}},"_links":{"self":[{"href":"https:\/\/www.africa-press.net\/senegal\/wp-json\/wp\/v2\/posts\/56239","targetHints":{"allow":["GET"]}}],"collection":[{"href":"https:\/\/www.africa-press.net\/senegal\/wp-json\/wp\/v2\/posts"}],"about":[{"href":"https:\/\/www.africa-press.net\/senegal\/wp-json\/wp\/v2\/types\/post"}],"author":[{"embeddable":true,"href":"https:\/\/www.africa-press.net\/senegal\/wp-json\/wp\/v2\/users\/82"}],"replies":[{"embeddable":true,"href":"https:\/\/www.africa-press.net\/senegal\/wp-json\/wp\/v2\/comments?post=56239"}],"version-history":[{"count":0,"href":"https:\/\/www.africa-press.net\/senegal\/wp-json\/wp\/v2\/posts\/56239\/revisions"}],"wp:featuredmedia":[{"embeddable":true,"href":"https:\/\/www.africa-press.net\/senegal\/wp-json\/wp\/v2\/media\/56238"}],"wp:attachment":[{"href":"https:\/\/www.africa-press.net\/senegal\/wp-json\/wp\/v2\/media?parent=56239"}],"wp:term":[{"taxonomy":"category","embeddable":true,"href":"https:\/\/www.africa-press.net\/senegal\/wp-json\/wp\/v2\/categories?post=56239"},{"taxonomy":"post_tag","embeddable":true,"href":"https:\/\/www.africa-press.net\/senegal\/wp-json\/wp\/v2\/tags?post=56239"}],"curies":[{"name":"wp","href":"https:\/\/api.w.org\/{rel}","templated":true}]}}