{"id":56242,"date":"2024-02-28T12:50:52","date_gmt":"2024-02-28T12:50:52","guid":{"rendered":"https:\/\/www.africa-press.net\/senegal\/politique\/guy-marius-sagna-je-crois-que-ousmane-sonko-na-pas-besoin-dune-loi-damnistie"},"modified":"2024-02-29T05:28:11","modified_gmt":"2024-02-29T05:28:11","slug":"guy-marius-sagna-je-crois-que-ousmane-sonko-na-pas-besoin-dune-loi-damnistie","status":"publish","type":"post","link":"https:\/\/www.africa-press.net\/senegal\/politique\/guy-marius-sagna-je-crois-que-ousmane-sonko-na-pas-besoin-dune-loi-damnistie","title":{"rendered":"Guy Marius Sagna : \u00a0\u00bb Je crois que Ousmane Sonko n&rsquo;a pas besoin d&rsquo;une loi d&rsquo;amnistie\u00a0\u00bb"},"content":{"rendered":"<p><span style=\"color: #ff6600\"><strong>Africa-Press &#8211; Senegal. <\/strong><\/span>Une loi d&rsquo;amnistie devrait e\u0302tre adopte\u0301e aujourd&rsquo;hui en conseil des ministres. Me\u0302me si les de\u0301tails sur les faits vise\u0301s ne sont pas encore connus, l&rsquo;acte que compte poser le pre\u0301sident de la Re\u0301publique fait couler beaucoup d&rsquo;encre. Cette loi, apre\u0300s adoption, sera pre\u0301sente\u0301e aux de\u0301pute\u0301s. Un moment qu&rsquo;attend Guy Marius Sagna pour donner son avis.<\/p>\n<p>En attendant, le parlementaire pense que ni Ousmane Sonko, ni les de\u0301tenus politiques n&rsquo;ont besoin d&rsquo;une loi d&rsquo;amnistie.<\/p>\n<p>\u00ab\u00a0J&rsquo;attends le projet de loi d&rsquo;amnistie pour donner mon avis. Mais en attendant, ce que je crois c&rsquo;est que Ousmane Sonko n&rsquo;a pas besoin d&rsquo;une loi d&rsquo;amnistie. Penser le contraire, c&rsquo;est accepter qu&rsquo;il est coupable. Je ne pense pas que les de\u0301tenus politiques ont besoin d&rsquo;une loi d&rsquo;amnistie. Penser le contraire, c&rsquo;est avouer qu&rsquo;ils sont coupables. Or j&rsquo;attends encore que la justice se\u0301ne\u0301galaise nous prouve lesquels des milliers de de\u0301tenus politiques sont coupables\u00a0\u00bb a-t-il e\u0301crit dans un texte parvenu a\u0300 Seneweb.<\/p>\n<p>Pour Guy Marius Sagna, la logique voudrait que les de\u0301tenus soient d&rsquo;abord juge\u0301s afin de connai\u0302tre la ve\u0301rite\u0301 des faits. \u00ab\u00a0En ge\u0301ne\u0301ral, une loi d&rsquo;amnistie est vote\u0301e apre\u0300s tous les jugements. Ve\u0301rite\u0301 d&rsquo;abord et puis pardon peut-e\u0302tre. Tous les de\u0301tenus politiques ont-ils e\u0301te\u0301 juge\u0301s ? Lesquels sont coupables ? Tous les nervis et agents des forces de de\u0301fense et de se\u0301curite\u0301 qui ont assassine\u0301 les dizaines de manifestants ont-ils e\u0301te\u0301 juge\u0301s, condamne\u0301s ? Ceux qui leur ont donne\u0301 l&rsquo;ordre de tirer, de torturer ont-ils e\u0301te\u0301 identifie\u0301s, juge\u0301s, condamne\u0301s ?\u00a0\u00bb<\/p>\n<p>Autre raison qui pourrait pousser le de\u0301pute\u0301 a\u0300 ne pas voter la loi d&rsquo;amnistie, la disparition de Didier Badji. Ayant assiste\u0301 a\u0300 l&rsquo;enterrement de la femme de ce dernier, Guy Marius Sagna se demande s&rsquo;il pourra \u00ab\u00a0voter une loi d&rsquo;amnistie avant de savoir ce qui est arrive\u0301 a\u0300 Didier Badji sans trahir notre regrette\u0301e Daba Diouf\u00a0\u00bb.<\/p>\n<p><strong>Pour plus d&rsquo;informations et d&rsquo;analyses sur la <a href=\"https:\/\/www.africa-press.net\/senegal\">Senegal<\/a>, suivez <a href=\"https:\/\/www.africa-press.net\/\">Africa-Press<\/a><\/strong><\/p>\n","protected":false},"excerpt":{"rendered":"<p>Africa-Press &#8211; Senegal. Une loi d&rsquo;amnistie devrait e\u0302tre adopte\u0301e aujourd&rsquo;hui en conseil des ministres. Me\u0302me si les de\u0301tails sur les faits vise\u0301s ne sont pas encore connus, l&rsquo;acte que compte poser le pre\u0301sident de la Re\u0301publique fait couler beaucoup d&rsquo;encre. Cette loi, apre\u0300s adoption, sera pre\u0301sente\u0301e aux de\u0301pute\u0301s. Un moment qu&rsquo;attend Guy Marius Sagna pour [&hellip;]<\/p>\n","protected":false},"author":82,"featured_media":56240,"comment_status":"open","ping_status":"closed","sticky":false,"template":"","format":"standard","meta":{"footnotes":""},"categories":[2,10],"tags":[43,47,44],"class_list":["post-56242","post","type-post","status-publish","format-standard","has-post-thumbnail","hentry","category-politique","category-toutes-les-actualites","tag-africa-press-2","tag-africa-press-senegal","tag-senegal-2"],"yoast_head":"<!-- This site is optimized with the Yoast SEO Premium plugin v26.1 (Yoast SEO v27.0) - https:\/\/yoast.com\/product\/yoast-seo-premium-wordpress\/ -->\n<title>Guy Marius Sagna : &quot; Je crois que Ousmane Sonko n&#039;a pas besoin d&#039;une loi d&#039;amnistie&quot; - Senegal<\/title>\n<meta name=\"description\" content=\"Une loi d&#039;amnistie devrait e\u0302tre adopte\u0301e aujourd&#039;hui en conseil des ministres. Me\u0302me si les de\u0301tails sur les faits vise ...\" \/>\n<meta name=\"robots\" content=\"index, follow, max-snippet:-1, max-image-preview:large, max-video-preview:-1\" \/>\n<link rel=\"canonical\" href=\"https:\/\/www.africa-press.net\/senegal\/politique\/guy-marius-sagna-je-crois-que-ousmane-sonko-na-pas-besoin-dune-loi-damnistie\" \/>\n<meta property=\"og:locale\" content=\"fr_FR\" \/>\n<meta property=\"og:type\" content=\"article\" \/>\n<meta property=\"og:title\" content=\"Guy Marius Sagna : &quot; Je crois que Ousmane Sonko n&#039;a pas besoin d&#039;une loi d&#039;amnistie&quot;\" \/>\n<meta property=\"og:description\" content=\"Une loi d&#039;amnistie devrait e\u0302tre adopte\u0301e aujourd&#039;hui en conseil des ministres. Me\u0302me si les de\u0301tails sur les faits vise ...\" \/>\n<meta property=\"og:url\" content=\"https:\/\/www.africa-press.net\/senegal\/politique\/guy-marius-sagna-je-crois-que-ousmane-sonko-na-pas-besoin-dune-loi-damnistie\" \/>\n<meta property=\"og:site_name\" content=\"Senegal\" \/>\n<meta property=\"article:published_time\" content=\"2024-02-28T12:50:52+00:00\" \/>\n<meta property=\"article:modified_time\" content=\"2024-02-29T05:28:11+00:00\" \/>\n<meta property=\"og:image\" content=\"https:\/\/static.africa-press.net\/senegal\/sites\/13\/2024\/02\/sm_1709168179.213653.jpg\" \/>\n\t<meta property=\"og:image:width\" content=\"1303\" \/>\n\t<meta property=\"og:image:height\" content=\"635\" \/>\n\t<meta property=\"og:image:type\" content=\"image\/jpeg\" \/>\n<meta name=\"author\" content=\"cfeditorfr\" \/>\n<meta name=\"twitter:card\" content=\"summary_large_image\" \/>\n<meta name=\"twitter:label1\" content=\"\u00c9crit par\" \/>\n\t<meta name=\"twitter:data1\" content=\"cfeditorfr\" \/>\n\t<meta name=\"twitter:label2\" content=\"Dur\u00e9e de lecture estim\u00e9e\" \/>\n\t<meta name=\"twitter:data2\" content=\"2 minutes\" \/>\n<script type=\"application\/ld+json\" class=\"yoast-schema-graph\">{\"@context\":\"https:\/\/schema.org\",\"@graph\":[{\"@type\":\"Article\",\"@id\":\"https:\/\/www.africa-press.net\/senegal\/politique\/guy-marius-sagna-je-crois-que-ousmane-sonko-na-pas-besoin-dune-loi-damnistie#article\",\"isPartOf\":{\"@id\":\"https:\/\/www.africa-press.net\/senegal\/politique\/guy-marius-sagna-je-crois-que-ousmane-sonko-na-pas-besoin-dune-loi-damnistie\"},\"author\":{\"name\":\"cfeditorfr\",\"@id\":\"https:\/\/www.africa-press.net\/senegal\/#\/schema\/person\/2b1cf3cd81a31e3cd26889ca66d677f1\"},\"headline\":\"Guy Marius Sagna : \u00a0\u00bb Je crois que Ousmane Sonko n&rsquo;a pas besoin d&rsquo;une loi d&rsquo;amnistie\u00a0\u00bb\",\"datePublished\":\"2024-02-28T12:50:52+00:00\",\"dateModified\":\"2024-02-29T05:28:11+00:00\",\"mainEntityOfPage\":{\"@id\":\"https:\/\/www.africa-press.net\/senegal\/politique\/guy-marius-sagna-je-crois-que-ousmane-sonko-na-pas-besoin-dune-loi-damnistie\"},\"wordCount\":398,\"commentCount\":0,\"image\":{\"@id\":\"https:\/\/www.africa-press.net\/senegal\/politique\/guy-marius-sagna-je-crois-que-ousmane-sonko-na-pas-besoin-dune-loi-damnistie#primaryimage\"},\"thumbnailUrl\":\"https:\/\/static.africa-press.net\/senegal\/sites\/13\/2024\/02\/sm_1709168179.213653.jpg\",\"keywords\":[\"Africa Press\",\"Africa Press-Senegal\",\"Senegal\"],\"articleSection\":[\"Politique\",\"Toutes les actualit\u00e9s\"],\"inLanguage\":\"fr-FR\",\"potentialAction\":[{\"@type\":\"CommentAction\",\"name\":\"Comment\",\"target\":[\"https:\/\/www.africa-press.net\/senegal\/politique\/guy-marius-sagna-je-crois-que-ousmane-sonko-na-pas-besoin-dune-loi-damnistie#respond\"]}]},{\"@type\":\"WebPage\",\"@id\":\"https:\/\/www.africa-press.net\/senegal\/politique\/guy-marius-sagna-je-crois-que-ousmane-sonko-na-pas-besoin-dune-loi-damnistie\",\"url\":\"https:\/\/www.africa-press.net\/senegal\/politique\/guy-marius-sagna-je-crois-que-ousmane-sonko-na-pas-besoin-dune-loi-damnistie\",\"name\":\"Guy Marius Sagna : \\\" Je crois que Ousmane Sonko n'a pas besoin d'une loi d'amnistie\\\" - Senegal\",\"isPartOf\":{\"@id\":\"https:\/\/www.africa-press.net\/senegal\/#website\"},\"primaryImageOfPage\":{\"@id\":\"https:\/\/www.africa-press.net\/senegal\/politique\/guy-marius-sagna-je-crois-que-ousmane-sonko-na-pas-besoin-dune-loi-damnistie#primaryimage\"},\"image\":{\"@id\":\"https:\/\/www.africa-press.net\/senegal\/politique\/guy-marius-sagna-je-crois-que-ousmane-sonko-na-pas-besoin-dune-loi-damnistie#primaryimage\"},\"thumbnailUrl\":\"https:\/\/static.africa-press.net\/senegal\/sites\/13\/2024\/02\/sm_1709168179.213653.jpg\",\"datePublished\":\"2024-02-28T12:50:52+00:00\",\"dateModified\":\"2024-02-29T05:28:11+00:00\",\"author\":{\"@id\":\"https:\/\/www.africa-press.net\/senegal\/#\/schema\/person\/2b1cf3cd81a31e3cd26889ca66d677f1\"},\"description\":\"Une loi d'amnistie devrait e\u0302tre adopte\u0301e aujourd'hui en conseil des ministres. Me\u0302me si les de\u0301tails sur les faits vise ...\",\"breadcrumb\":{\"@id\":\"https:\/\/www.africa-press.net\/senegal\/politique\/guy-marius-sagna-je-crois-que-ousmane-sonko-na-pas-besoin-dune-loi-damnistie#breadcrumb\"},\"inLanguage\":\"fr-FR\",\"potentialAction\":[{\"@type\":\"ReadAction\",\"target\":[\"https:\/\/www.africa-press.net\/senegal\/politique\/guy-marius-sagna-je-crois-que-ousmane-sonko-na-pas-besoin-dune-loi-damnistie\"]}]},{\"@type\":\"ImageObject\",\"inLanguage\":\"fr-FR\",\"@id\":\"https:\/\/www.africa-press.net\/senegal\/politique\/guy-marius-sagna-je-crois-que-ousmane-sonko-na-pas-besoin-dune-loi-damnistie#primaryimage\",\"url\":\"https:\/\/static.africa-press.net\/senegal\/sites\/13\/2024\/02\/sm_1709168179.213653.jpg\",\"contentUrl\":\"https:\/\/static.africa-press.net\/senegal\/sites\/13\/2024\/02\/sm_1709168179.213653.jpg\",\"width\":1303,\"height\":635,\"caption\":\"Guy Marius Sagna : \\\" Je crois que Ousmane Sonko n'a pas besoin d'une loi d'amnistie\\\"\"},{\"@type\":\"BreadcrumbList\",\"@id\":\"https:\/\/www.africa-press.net\/senegal\/politique\/guy-marius-sagna-je-crois-que-ousmane-sonko-na-pas-besoin-dune-loi-damnistie#breadcrumb\",\"itemListElement\":[{\"@type\":\"ListItem\",\"position\":1,\"name\":\"Accueil\",\"item\":\"https:\/\/www.africa-press.net\/senegal\/\"},{\"@type\":\"ListItem\",\"position\":2,\"name\":\"Guy Marius Sagna : &#8221; Je crois que Ousmane Sonko n&#8217;a pas besoin d&#8217;une loi d&#8217;amnistie&#8221;\"}]},{\"@type\":\"WebSite\",\"@id\":\"https:\/\/www.africa-press.net\/senegal\/#website\",\"url\":\"https:\/\/www.africa-press.net\/senegal\/\",\"name\":\"Africa Press | Senegal | Homepage\",\"description\":\"Just another Africa News Agency Sites site\",\"potentialAction\":[{\"@type\":\"SearchAction\",\"target\":{\"@type\":\"EntryPoint\",\"urlTemplate\":\"https:\/\/www.africa-press.net\/senegal\/?s={search_term_string}\"},\"query-input\":{\"@type\":\"PropertyValueSpecification\",\"valueRequired\":true,\"valueName\":\"search_term_string\"}}],\"inLanguage\":\"fr-FR\"},{\"@type\":\"Person\",\"@id\":\"https:\/\/www.africa-press.net\/senegal\/#\/schema\/person\/2b1cf3cd81a31e3cd26889ca66d677f1\",\"name\":\"cfeditorfr\",\"url\":\"https:\/\/www.africa-press.net\/senegal\/author\/cfeditorfr\"}]}<\/script>\n<!-- \/ Yoast SEO Premium plugin. -->","yoast_head_json":{"title":"Guy Marius Sagna : \" Je crois que Ousmane Sonko n'a pas besoin d'une loi d'amnistie\" - Senegal","description":"Une loi d'amnistie devrait e\u0302tre adopte\u0301e aujourd'hui en conseil des ministres. Me\u0302me si les de\u0301tails sur les faits vise ...","robots":{"index":"index","follow":"follow","max-snippet":"max-snippet:-1","max-image-preview":"max-image-preview:large","max-video-preview":"max-video-preview:-1"},"canonical":"https:\/\/www.africa-press.net\/senegal\/politique\/guy-marius-sagna-je-crois-que-ousmane-sonko-na-pas-besoin-dune-loi-damnistie","og_locale":"fr_FR","og_type":"article","og_title":"Guy Marius Sagna : \" Je crois que Ousmane Sonko n'a pas besoin d'une loi d'amnistie\"","og_description":"Une loi d'amnistie devrait e\u0302tre adopte\u0301e aujourd'hui en conseil des ministres. Me\u0302me si les de\u0301tails sur les faits vise ...","og_url":"https:\/\/www.africa-press.net\/senegal\/politique\/guy-marius-sagna-je-crois-que-ousmane-sonko-na-pas-besoin-dune-loi-damnistie","og_site_name":"Senegal","article_published_time":"2024-02-28T12:50:52+00:00","article_modified_time":"2024-02-29T05:28:11+00:00","og_image":[{"width":1303,"height":635,"url":"https:\/\/static.africa-press.net\/senegal\/sites\/13\/2024\/02\/sm_1709168179.213653.jpg","type":"image\/jpeg"}],"author":"cfeditorfr","twitter_card":"summary_large_image","twitter_misc":{"\u00c9crit par":"cfeditorfr","Dur\u00e9e de lecture estim\u00e9e":"2 minutes"},"schema":{"@context":"https:\/\/schema.org","@graph":[{"@type":"Article","@id":"https:\/\/www.africa-press.net\/senegal\/politique\/guy-marius-sagna-je-crois-que-ousmane-sonko-na-pas-besoin-dune-loi-damnistie#article","isPartOf":{"@id":"https:\/\/www.africa-press.net\/senegal\/politique\/guy-marius-sagna-je-crois-que-ousmane-sonko-na-pas-besoin-dune-loi-damnistie"},"author":{"name":"cfeditorfr","@id":"https:\/\/www.africa-press.net\/senegal\/#\/schema\/person\/2b1cf3cd81a31e3cd26889ca66d677f1"},"headline":"Guy Marius Sagna : \u00a0\u00bb Je crois que Ousmane Sonko n&rsquo;a pas besoin d&rsquo;une loi d&rsquo;amnistie\u00a0\u00bb","datePublished":"2024-02-28T12:50:52+00:00","dateModified":"2024-02-29T05:28:11+00:00","mainEntityOfPage":{"@id":"https:\/\/www.africa-press.net\/senegal\/politique\/guy-marius-sagna-je-crois-que-ousmane-sonko-na-pas-besoin-dune-loi-damnistie"},"wordCount":398,"commentCount":0,"image":{"@id":"https:\/\/www.africa-press.net\/senegal\/politique\/guy-marius-sagna-je-crois-que-ousmane-sonko-na-pas-besoin-dune-loi-damnistie#primaryimage"},"thumbnailUrl":"https:\/\/static.africa-press.net\/senegal\/sites\/13\/2024\/02\/sm_1709168179.213653.jpg","keywords":["Africa Press","Africa Press-Senegal","Senegal"],"articleSection":["Politique","Toutes les actualit\u00e9s"],"inLanguage":"fr-FR","potentialAction":[{"@type":"CommentAction","name":"Comment","target":["https:\/\/www.africa-press.net\/senegal\/politique\/guy-marius-sagna-je-crois-que-ousmane-sonko-na-pas-besoin-dune-loi-damnistie#respond"]}]},{"@type":"WebPage","@id":"https:\/\/www.africa-press.net\/senegal\/politique\/guy-marius-sagna-je-crois-que-ousmane-sonko-na-pas-besoin-dune-loi-damnistie","url":"https:\/\/www.africa-press.net\/senegal\/politique\/guy-marius-sagna-je-crois-que-ousmane-sonko-na-pas-besoin-dune-loi-damnistie","name":"Guy Marius Sagna : \" Je crois que Ousmane Sonko n'a pas besoin d'une loi d'amnistie\" - Senegal","isPartOf":{"@id":"https:\/\/www.africa-press.net\/senegal\/#website"},"primaryImageOfPage":{"@id":"https:\/\/www.africa-press.net\/senegal\/politique\/guy-marius-sagna-je-crois-que-ousmane-sonko-na-pas-besoin-dune-loi-damnistie#primaryimage"},"image":{"@id":"https:\/\/www.africa-press.net\/senegal\/politique\/guy-marius-sagna-je-crois-que-ousmane-sonko-na-pas-besoin-dune-loi-damnistie#primaryimage"},"thumbnailUrl":"https:\/\/static.africa-press.net\/senegal\/sites\/13\/2024\/02\/sm_1709168179.213653.jpg","datePublished":"2024-02-28T12:50:52+00:00","dateModified":"2024-02-29T05:28:11+00:00","author":{"@id":"https:\/\/www.africa-press.net\/senegal\/#\/schema\/person\/2b1cf3cd81a31e3cd26889ca66d677f1"},"description":"Une loi d'amnistie devrait e\u0302tre adopte\u0301e aujourd'hui en conseil des ministres. Me\u0302me si les de\u0301tails sur les faits vise ...","breadcrumb":{"@id":"https:\/\/www.africa-press.net\/senegal\/politique\/guy-marius-sagna-je-crois-que-ousmane-sonko-na-pas-besoin-dune-loi-damnistie#breadcrumb"},"inLanguage":"fr-FR","potentialAction":[{"@type":"ReadAction","target":["https:\/\/www.africa-press.net\/senegal\/politique\/guy-marius-sagna-je-crois-que-ousmane-sonko-na-pas-besoin-dune-loi-damnistie"]}]},{"@type":"ImageObject","inLanguage":"fr-FR","@id":"https:\/\/www.africa-press.net\/senegal\/politique\/guy-marius-sagna-je-crois-que-ousmane-sonko-na-pas-besoin-dune-loi-damnistie#primaryimage","url":"https:\/\/static.africa-press.net\/senegal\/sites\/13\/2024\/02\/sm_1709168179.213653.jpg","contentUrl":"https:\/\/static.africa-press.net\/senegal\/sites\/13\/2024\/02\/sm_1709168179.213653.jpg","width":1303,"height":635,"caption":"Guy Marius Sagna : \" Je crois que Ousmane Sonko n'a pas besoin d'une loi d'amnistie\""},{"@type":"BreadcrumbList","@id":"https:\/\/www.africa-press.net\/senegal\/politique\/guy-marius-sagna-je-crois-que-ousmane-sonko-na-pas-besoin-dune-loi-damnistie#breadcrumb","itemListElement":[{"@type":"ListItem","position":1,"name":"Accueil","item":"https:\/\/www.africa-press.net\/senegal\/"},{"@type":"ListItem","position":2,"name":"Guy Marius Sagna : &#8221; Je crois que Ousmane Sonko n&#8217;a pas besoin d&#8217;une loi d&#8217;amnistie&#8221;"}]},{"@type":"WebSite","@id":"https:\/\/www.africa-press.net\/senegal\/#website","url":"https:\/\/www.africa-press.net\/senegal\/","name":"Africa Press | Senegal | Homepage","description":"Just another Africa News Agency Sites site","potentialAction":[{"@type":"SearchAction","target":{"@type":"EntryPoint","urlTemplate":"https:\/\/www.africa-press.net\/senegal\/?s={search_term_string}"},"query-input":{"@type":"PropertyValueSpecification","valueRequired":true,"valueName":"search_term_string"}}],"inLanguage":"fr-FR"},{"@type":"Person","@id":"https:\/\/www.africa-press.net\/senegal\/#\/schema\/person\/2b1cf3cd81a31e3cd26889ca66d677f1","name":"cfeditorfr","url":"https:\/\/www.africa-press.net\/senegal\/author\/cfeditorfr"}]}},"_links":{"self":[{"href":"https:\/\/www.africa-press.net\/senegal\/wp-json\/wp\/v2\/posts\/56242","targetHints":{"allow":["GET"]}}],"collection":[{"href":"https:\/\/www.africa-press.net\/senegal\/wp-json\/wp\/v2\/posts"}],"about":[{"href":"https:\/\/www.africa-press.net\/senegal\/wp-json\/wp\/v2\/types\/post"}],"author":[{"embeddable":true,"href":"https:\/\/www.africa-press.net\/senegal\/wp-json\/wp\/v2\/users\/82"}],"replies":[{"embeddable":true,"href":"https:\/\/www.africa-press.net\/senegal\/wp-json\/wp\/v2\/comments?post=56242"}],"version-history":[{"count":0,"href":"https:\/\/www.africa-press.net\/senegal\/wp-json\/wp\/v2\/posts\/56242\/revisions"}],"wp:featuredmedia":[{"embeddable":true,"href":"https:\/\/www.africa-press.net\/senegal\/wp-json\/wp\/v2\/media\/56240"}],"wp:attachment":[{"href":"https:\/\/www.africa-press.net\/senegal\/wp-json\/wp\/v2\/media?parent=56242"}],"wp:term":[{"taxonomy":"category","embeddable":true,"href":"https:\/\/www.africa-press.net\/senegal\/wp-json\/wp\/v2\/categories?post=56242"},{"taxonomy":"post_tag","embeddable":true,"href":"https:\/\/www.africa-press.net\/senegal\/wp-json\/wp\/v2\/tags?post=56242"}],"curies":[{"name":"wp","href":"https:\/\/api.w.org\/{rel}","templated":true}]}}