{"id":56245,"date":"2024-02-28T12:55:48","date_gmt":"2024-02-28T12:55:48","guid":{"rendered":"https:\/\/www.africa-press.net\/senegal\/politique\/enjeux-et-controverses-autour-du-projet-de-loi-damnistie"},"modified":"2024-02-29T05:28:39","modified_gmt":"2024-02-29T05:28:39","slug":"enjeux-et-controverses-autour-du-projet-de-loi-damnistie","status":"publish","type":"post","link":"https:\/\/www.africa-press.net\/senegal\/dossiers\/enjeux-et-controverses-autour-du-projet-de-loi-damnistie","title":{"rendered":"Enjeux et controverses autour du projet de loi d&rsquo;amnistie"},"content":{"rendered":"<p><b>Seneweb News<\/b><\/p>\n<p><span style=\"color: #ff6600\"><strong>Africa-Press &#8211; Senegal. <\/strong><\/span>Le pre\u0301sident Macky Sall a annonce\u0301 lundi un projet de loi d&rsquo;amnistie concernant les faits se rapportant aux manifestations politiques entre 2021 et 2024, en pleine crise autour du report de la pre\u0301sidentielle.<\/p>\n<p><b>Cette de\u0301cision, prise dans un \u00ab\u00a0esprit de re\u0301conciliation\u00a0\u00bb selon le chef de l&rsquo;Etat, a aussito\u0302t fait l&rsquo;objet de critiques virulentes de son bord et dans l&rsquo;opposition. Pourquoi cette loi est-elle controverse\u0301e ? Quelles pourraient e\u0302tre ses conse\u0301quences ?<\/b><br \/>\n<b>Que recouvre le projet de loi d&rsquo;amnistie ?<\/b><\/p>\n<p>Les contours du projet qui doit e\u0302tre pre\u0301sente\u0301 mercredi en conseil des ministres, sont encore flous mais le chef de l&rsquo;Etat en a donne\u0301 les lignes directrices.<\/p>\n<p>Il concerne \u00ab\u00a0les faits se rapportant aux manifestations politiques survenues entre 2021 et 2024\u00a0\u00bb qui ont donne\u0301 lieu a\u0300 des centaines d&rsquo;arrestations d&rsquo;opposants, fait des dizaines de morts et provoque\u0301 d&rsquo;importantes de\u0301gradations mate\u0301rielles comme le saccage de l&rsquo;universite\u0301 de Dakar.<\/p>\n<p>Avec cette loi qui devra e\u0302tre vote\u0301e par l&rsquo;Assemble\u0301e nationale, \u00ab\u00a0tous les faits relatifs a\u0300 ces e\u0301ve\u0301nements sont efface\u0301s et sont conside\u0301re\u0301s comme n&rsquo;ayant jamais existe\u0301\u00a0\u00bb, explique le constitutionnaliste Babacar Gueye, soulignant qu'\u00a0\u00bbelle absout aussi bien les forces de se\u0301curite\u0301 que les manifestants\u00a0\u00bb.<\/p>\n<p>Elle se distingue de la gra\u0302ce qui ne peut e\u0302tre accorde\u0301e nominativement par le pre\u0301sident qu&rsquo;a\u0300 la fin du processus judiciaire.<\/p>\n<p>Selon Moussa Sarr, un avocat qui suit les dossiers de plusieurs dizaines d&rsquo;opposants emprisonne\u0301s, \u00ab\u00a0toutes les personnes arre\u0302te\u0301es dans le cadre des manifestations seront libe\u0301re\u0301es imme\u0301diatement\u00a0\u00bb, de\u0300s que la loi sera promulgue\u0301e et publie\u0301e au journal officiel, et les poursuites seront abandonne\u0301es.<\/p>\n<p>Parmi les concerne\u0301s figure l&rsquo;un des principaux opposants au re\u0301gime, Ousmane Sonko, de\u0301tenu depuis fin juillet pour \u00ab\u00a0appel a\u0300 l&rsquo;insurrection\u00a0\u00bb, prive\u0301 de pre\u0301sidentielle apre\u0300s l&rsquo;invalidation de sa candidature, ainsi que celui a\u0300 qui il a apporte\u0301 son soutien pour l&rsquo;e\u0301lection, Bassirou Diomaye Faye, de\u0301tenu depuis avril 2023.<\/p>\n<p><b>Pourquoi le pre\u0301sident Sall a pris cette de\u0301cision ?<\/b><\/p>\n<p>Il invoque un processus de re\u0301conciliation pour des e\u0301lections \u00ab\u00a0apaise\u0301es\u00a0\u00bb. \u00ab\u00a0L&rsquo;amnistie et le pardon, par leurs vertus salutaires pour la Nation, nous aident a\u0300 surmonter ces moments difficiles, afin que notre pays se re\u0301concilie avec lui-me\u0302me\u00a0\u00bb, a-t-il de\u0301clare\u0301 lundi.<\/p>\n<p>Mais des analystes e\u0301voquent des raisons politiques.<\/p>\n<p>\u00ab\u00a0Le pre\u0301sident Sall ne nous a pas habitue\u0301s a\u0300 autant de magnanimite\u0301. La grande question est qu&rsquo;a-t-il rec\u0327u en retour ?\u00a0\u00bb, s&rsquo;interroge Sidy Diop, directeur adjoint des re\u0301dactions du quotidien le Soleil.<\/p>\n<p>Deux personnalite\u0301s de la socie\u0301te\u0301 civile, Alioune Tine et Pierre Goudiaby Atepa, ont e\u0301te\u0301 cite\u0301es dans les me\u0301dias comme ayant joue\u0301 les interme\u0301diaires entre la pre\u0301sidence et le camp de M. Sonko, ce que ni Macky Sall, ni l&rsquo;opposant n&rsquo;ont de\u0301menti.<\/p>\n<p>Sidy Diop e\u0301voque aupre\u0300s de l&rsquo;AFP l&rsquo;objectif \u00ab\u00a0de diviser le parti dissous Pastef et de le faire passer aux yeux de l&rsquo;opinion comme un parti comme un autre\u00a0\u00bb, alors que la formation politique d&rsquo;Ousmane Sonko s&rsquo;est singularise\u0301e depuis sa cre\u0301ation par sa radicalite\u0301 et son absence de collusion avec le pouvoir.<\/p>\n<p>Par ailleurs, souligne-t-il, le pre\u0301sident veut prote\u0301ger les forces de de\u0301fense et de se\u0301curite\u0301 implique\u0301es dans la mort de dizaines d&rsquo;individus et les blessures de centaines d&rsquo;autres, ainsi que leurs responsables, notamment le ministre de l&rsquo;Inte\u0301rieur et lui-me\u0302me.<\/p>\n<p><b>Pourquoi ce projet de loi soule\u0300ve-t-il des oppositions ?<\/b><\/p>\n<p>La proposition d&rsquo;amnistie a souleve\u0301 dans l&rsquo;opposition une leve\u0301e de boucliers.<\/p>\n<p>\u00ab\u00a0Une socie\u0301te\u0301 ne se reconstruit pas sur la le\u0301galisation de l&rsquo;impunite\u0301. Les trage\u0301dies humaines ne s&rsquo;oublient pas\u00a0\u00bb, a de\u0301clare\u0301 vendredi la coalition du candidat Bassirou Diomaye Faye. L&rsquo;un de ses porte-parole, El Malick Ndiaye, a ensuite pre\u0301cise\u0301 a\u0300 l&rsquo;AFP le rejet de toute amnistie.<\/p>\n<p>Selon un autre candidat a\u0300 la pre\u0301sidentielle, Thierno Alassane Sall, \u00ab\u00a0Macky Sall et son e\u0301quipe (&#8230;) sont hante\u0301s par la perspective de devoir re\u0301pondre de leurs actes, car le peuple ne pardonnera jamais\u00a0\u00bb.<\/p>\n<p>Seydi Gassama, directeur exe\u0301cutif d&rsquo;Amnesty International au Se\u0301ne\u0301gal, s&rsquo;est e\u0301leve\u0301 aupre\u0300s de l&rsquo;AFP contre une loi qui \u00ab\u00a0constitue un de\u0301ni de justice\u00a0\u00bb et \u00ab\u00a0vise a\u0300 assurer l&rsquo;impunite\u0301 aux responsables de la mort de dizaines de Se\u0301ne\u0301galais\u00a0\u00bb.<\/p>\n<p>Il estime que le pre\u0301sident a les moyens de rela\u0302cher les de\u0301tenus sans avoir recours a\u0300 l&rsquo;amnistie, en te\u0301moignent les centaines d&rsquo;opposants remis en liberte\u0301 provisoire depuis une dizaine de jours.<\/p>\n<p>Le projet de loi ne fait pas non plus l&rsquo;unanimite\u0301 dans le camp du pre\u0301sident.<\/p>\n<p>Le ministre du Travail Samba Sy s&rsquo;y est oppose\u0301 lundi. \u00ab\u00a0Notre parti ne peut accepter que l&rsquo;universite\u0301 ait e\u0301te\u0301 bru\u0302le\u0301e en chantant, que deux jeunes filles aient e\u0301te\u0301 consume\u0301es dans un bus, qu&rsquo;on s&rsquo;en prenne a\u0300 des instruments de fourniture d&rsquo;eau et d&rsquo;e\u0301lectricite\u0301, a\u0300 des casernes de gendarmerie\u00a0\u00bb, a-t-il de\u0301clare\u0301.<\/p>\n<p><strong>Pour plus d&rsquo;informations et d&rsquo;analyses sur la <a href=\"https:\/\/www.africa-press.net\/senegal\">Senegal<\/a>, suivez <a href=\"https:\/\/www.africa-press.net\/\">Africa-Press<\/a><\/strong><\/p>\n","protected":false},"excerpt":{"rendered":"<p>Seneweb News Africa-Press &#8211; Senegal. Le pre\u0301sident Macky Sall a annonce\u0301 lundi un projet de loi d&rsquo;amnistie concernant les faits se rapportant aux manifestations politiques entre 2021 et 2024, en pleine crise autour du report de la pre\u0301sidentielle. Cette de\u0301cision, prise dans un \u00ab\u00a0esprit de re\u0301conciliation\u00a0\u00bb selon le chef de l&rsquo;Etat, a aussito\u0302t fait l&rsquo;objet [&hellip;]<\/p>\n","protected":false},"author":82,"featured_media":56243,"comment_status":"open","ping_status":"closed","sticky":false,"template":"","format":"standard","meta":{"footnotes":""},"categories":[7,10],"tags":[43,47,44],"class_list":["post-56245","post","type-post","status-publish","format-standard","has-post-thumbnail","hentry","category-dossiers","category-toutes-les-actualites","tag-africa-press-2","tag-africa-press-senegal","tag-senegal-2"],"yoast_head":"<!-- This site is optimized with the Yoast SEO Premium plugin v26.1 (Yoast SEO v27.0) - https:\/\/yoast.com\/product\/yoast-seo-premium-wordpress\/ -->\n<title>Enjeux et controverses autour du projet de loi d&#039;amnistie - Senegal<\/title>\n<meta name=\"description\" content=\"Le pre\u0301sident Macky Sall a annonce\u0301 lundi un projet de loi d&#039;amnistie concernant les faits se rapportant aux manifestati ...\" \/>\n<meta name=\"robots\" content=\"index, follow, max-snippet:-1, max-image-preview:large, max-video-preview:-1\" \/>\n<link rel=\"canonical\" href=\"https:\/\/www.africa-press.net\/senegal\/dossiers\/enjeux-et-controverses-autour-du-projet-de-loi-damnistie\" \/>\n<meta property=\"og:locale\" content=\"fr_FR\" \/>\n<meta property=\"og:type\" content=\"article\" \/>\n<meta property=\"og:title\" content=\"Enjeux et controverses autour du projet de loi d&#039;amnistie\" \/>\n<meta property=\"og:description\" content=\"Le pre\u0301sident Macky Sall a annonce\u0301 lundi un projet de loi d&#039;amnistie concernant les faits se rapportant aux manifestati ...\" \/>\n<meta property=\"og:url\" content=\"https:\/\/www.africa-press.net\/senegal\/dossiers\/enjeux-et-controverses-autour-du-projet-de-loi-damnistie\" \/>\n<meta property=\"og:site_name\" content=\"Senegal\" \/>\n<meta property=\"article:published_time\" content=\"2024-02-28T12:55:48+00:00\" \/>\n<meta property=\"article:modified_time\" content=\"2024-02-29T05:28:39+00:00\" \/>\n<meta property=\"og:image\" content=\"https:\/\/static.africa-press.net\/senegal\/sites\/13\/2024\/02\/sm_1709168217.8499.jpg\" \/>\n\t<meta property=\"og:image:width\" content=\"1303\" \/>\n\t<meta property=\"og:image:height\" content=\"630\" \/>\n\t<meta property=\"og:image:type\" content=\"image\/jpeg\" \/>\n<meta name=\"author\" content=\"cfeditorfr\" \/>\n<meta name=\"twitter:card\" content=\"summary_large_image\" \/>\n<meta name=\"twitter:label1\" content=\"\u00c9crit par\" \/>\n\t<meta name=\"twitter:data1\" content=\"cfeditorfr\" \/>\n\t<meta name=\"twitter:label2\" content=\"Dur\u00e9e de lecture estim\u00e9e\" \/>\n\t<meta name=\"twitter:data2\" content=\"4 minutes\" \/>\n<script type=\"application\/ld+json\" class=\"yoast-schema-graph\">{\"@context\":\"https:\/\/schema.org\",\"@graph\":[{\"@type\":\"Article\",\"@id\":\"https:\/\/www.africa-press.net\/senegal\/dossiers\/enjeux-et-controverses-autour-du-projet-de-loi-damnistie#article\",\"isPartOf\":{\"@id\":\"https:\/\/www.africa-press.net\/senegal\/dossiers\/enjeux-et-controverses-autour-du-projet-de-loi-damnistie\"},\"author\":{\"name\":\"cfeditorfr\",\"@id\":\"https:\/\/www.africa-press.net\/senegal\/#\/schema\/person\/2b1cf3cd81a31e3cd26889ca66d677f1\"},\"headline\":\"Enjeux et controverses autour du projet de loi d&rsquo;amnistie\",\"datePublished\":\"2024-02-28T12:55:48+00:00\",\"dateModified\":\"2024-02-29T05:28:39+00:00\",\"mainEntityOfPage\":{\"@id\":\"https:\/\/www.africa-press.net\/senegal\/dossiers\/enjeux-et-controverses-autour-du-projet-de-loi-damnistie\"},\"wordCount\":916,\"commentCount\":0,\"image\":{\"@id\":\"https:\/\/www.africa-press.net\/senegal\/dossiers\/enjeux-et-controverses-autour-du-projet-de-loi-damnistie#primaryimage\"},\"thumbnailUrl\":\"https:\/\/static.africa-press.net\/senegal\/sites\/13\/2024\/02\/sm_1709168217.8499.jpg\",\"keywords\":[\"Africa Press\",\"Africa Press-Senegal\",\"Senegal\"],\"articleSection\":[\"Dossiers\",\"Toutes les actualit\u00e9s\"],\"inLanguage\":\"fr-FR\",\"potentialAction\":[{\"@type\":\"CommentAction\",\"name\":\"Comment\",\"target\":[\"https:\/\/www.africa-press.net\/senegal\/dossiers\/enjeux-et-controverses-autour-du-projet-de-loi-damnistie#respond\"]}]},{\"@type\":\"WebPage\",\"@id\":\"https:\/\/www.africa-press.net\/senegal\/dossiers\/enjeux-et-controverses-autour-du-projet-de-loi-damnistie\",\"url\":\"https:\/\/www.africa-press.net\/senegal\/dossiers\/enjeux-et-controverses-autour-du-projet-de-loi-damnistie\",\"name\":\"Enjeux et controverses autour du projet de loi d'amnistie - Senegal\",\"isPartOf\":{\"@id\":\"https:\/\/www.africa-press.net\/senegal\/#website\"},\"primaryImageOfPage\":{\"@id\":\"https:\/\/www.africa-press.net\/senegal\/dossiers\/enjeux-et-controverses-autour-du-projet-de-loi-damnistie#primaryimage\"},\"image\":{\"@id\":\"https:\/\/www.africa-press.net\/senegal\/dossiers\/enjeux-et-controverses-autour-du-projet-de-loi-damnistie#primaryimage\"},\"thumbnailUrl\":\"https:\/\/static.africa-press.net\/senegal\/sites\/13\/2024\/02\/sm_1709168217.8499.jpg\",\"datePublished\":\"2024-02-28T12:55:48+00:00\",\"dateModified\":\"2024-02-29T05:28:39+00:00\",\"author\":{\"@id\":\"https:\/\/www.africa-press.net\/senegal\/#\/schema\/person\/2b1cf3cd81a31e3cd26889ca66d677f1\"},\"description\":\"Le pre\u0301sident Macky Sall a annonce\u0301 lundi un projet de loi d'amnistie concernant les faits se rapportant aux manifestati ...\",\"breadcrumb\":{\"@id\":\"https:\/\/www.africa-press.net\/senegal\/dossiers\/enjeux-et-controverses-autour-du-projet-de-loi-damnistie#breadcrumb\"},\"inLanguage\":\"fr-FR\",\"potentialAction\":[{\"@type\":\"ReadAction\",\"target\":[\"https:\/\/www.africa-press.net\/senegal\/dossiers\/enjeux-et-controverses-autour-du-projet-de-loi-damnistie\"]}]},{\"@type\":\"ImageObject\",\"inLanguage\":\"fr-FR\",\"@id\":\"https:\/\/www.africa-press.net\/senegal\/dossiers\/enjeux-et-controverses-autour-du-projet-de-loi-damnistie#primaryimage\",\"url\":\"https:\/\/static.africa-press.net\/senegal\/sites\/13\/2024\/02\/sm_1709168217.8499.jpg\",\"contentUrl\":\"https:\/\/static.africa-press.net\/senegal\/sites\/13\/2024\/02\/sm_1709168217.8499.jpg\",\"width\":1303,\"height\":630,\"caption\":\"Enjeux et controverses autour du projet de loi d'amnistie\"},{\"@type\":\"BreadcrumbList\",\"@id\":\"https:\/\/www.africa-press.net\/senegal\/dossiers\/enjeux-et-controverses-autour-du-projet-de-loi-damnistie#breadcrumb\",\"itemListElement\":[{\"@type\":\"ListItem\",\"position\":1,\"name\":\"Accueil\",\"item\":\"https:\/\/www.africa-press.net\/senegal\/\"},{\"@type\":\"ListItem\",\"position\":2,\"name\":\"Enjeux et controverses autour du projet de loi d&#8217;amnistie\"}]},{\"@type\":\"WebSite\",\"@id\":\"https:\/\/www.africa-press.net\/senegal\/#website\",\"url\":\"https:\/\/www.africa-press.net\/senegal\/\",\"name\":\"Africa Press | Senegal | Homepage\",\"description\":\"Just another Africa News Agency Sites site\",\"potentialAction\":[{\"@type\":\"SearchAction\",\"target\":{\"@type\":\"EntryPoint\",\"urlTemplate\":\"https:\/\/www.africa-press.net\/senegal\/?s={search_term_string}\"},\"query-input\":{\"@type\":\"PropertyValueSpecification\",\"valueRequired\":true,\"valueName\":\"search_term_string\"}}],\"inLanguage\":\"fr-FR\"},{\"@type\":\"Person\",\"@id\":\"https:\/\/www.africa-press.net\/senegal\/#\/schema\/person\/2b1cf3cd81a31e3cd26889ca66d677f1\",\"name\":\"cfeditorfr\",\"url\":\"https:\/\/www.africa-press.net\/senegal\/author\/cfeditorfr\"}]}<\/script>\n<!-- \/ Yoast SEO Premium plugin. -->","yoast_head_json":{"title":"Enjeux et controverses autour du projet de loi d'amnistie - Senegal","description":"Le pre\u0301sident Macky Sall a annonce\u0301 lundi un projet de loi d'amnistie concernant les faits se rapportant aux manifestati ...","robots":{"index":"index","follow":"follow","max-snippet":"max-snippet:-1","max-image-preview":"max-image-preview:large","max-video-preview":"max-video-preview:-1"},"canonical":"https:\/\/www.africa-press.net\/senegal\/dossiers\/enjeux-et-controverses-autour-du-projet-de-loi-damnistie","og_locale":"fr_FR","og_type":"article","og_title":"Enjeux et controverses autour du projet de loi d'amnistie","og_description":"Le pre\u0301sident Macky Sall a annonce\u0301 lundi un projet de loi d'amnistie concernant les faits se rapportant aux manifestati ...","og_url":"https:\/\/www.africa-press.net\/senegal\/dossiers\/enjeux-et-controverses-autour-du-projet-de-loi-damnistie","og_site_name":"Senegal","article_published_time":"2024-02-28T12:55:48+00:00","article_modified_time":"2024-02-29T05:28:39+00:00","og_image":[{"width":1303,"height":630,"url":"https:\/\/static.africa-press.net\/senegal\/sites\/13\/2024\/02\/sm_1709168217.8499.jpg","type":"image\/jpeg"}],"author":"cfeditorfr","twitter_card":"summary_large_image","twitter_misc":{"\u00c9crit par":"cfeditorfr","Dur\u00e9e de lecture estim\u00e9e":"4 minutes"},"schema":{"@context":"https:\/\/schema.org","@graph":[{"@type":"Article","@id":"https:\/\/www.africa-press.net\/senegal\/dossiers\/enjeux-et-controverses-autour-du-projet-de-loi-damnistie#article","isPartOf":{"@id":"https:\/\/www.africa-press.net\/senegal\/dossiers\/enjeux-et-controverses-autour-du-projet-de-loi-damnistie"},"author":{"name":"cfeditorfr","@id":"https:\/\/www.africa-press.net\/senegal\/#\/schema\/person\/2b1cf3cd81a31e3cd26889ca66d677f1"},"headline":"Enjeux et controverses autour du projet de loi d&rsquo;amnistie","datePublished":"2024-02-28T12:55:48+00:00","dateModified":"2024-02-29T05:28:39+00:00","mainEntityOfPage":{"@id":"https:\/\/www.africa-press.net\/senegal\/dossiers\/enjeux-et-controverses-autour-du-projet-de-loi-damnistie"},"wordCount":916,"commentCount":0,"image":{"@id":"https:\/\/www.africa-press.net\/senegal\/dossiers\/enjeux-et-controverses-autour-du-projet-de-loi-damnistie#primaryimage"},"thumbnailUrl":"https:\/\/static.africa-press.net\/senegal\/sites\/13\/2024\/02\/sm_1709168217.8499.jpg","keywords":["Africa Press","Africa Press-Senegal","Senegal"],"articleSection":["Dossiers","Toutes les actualit\u00e9s"],"inLanguage":"fr-FR","potentialAction":[{"@type":"CommentAction","name":"Comment","target":["https:\/\/www.africa-press.net\/senegal\/dossiers\/enjeux-et-controverses-autour-du-projet-de-loi-damnistie#respond"]}]},{"@type":"WebPage","@id":"https:\/\/www.africa-press.net\/senegal\/dossiers\/enjeux-et-controverses-autour-du-projet-de-loi-damnistie","url":"https:\/\/www.africa-press.net\/senegal\/dossiers\/enjeux-et-controverses-autour-du-projet-de-loi-damnistie","name":"Enjeux et controverses autour du projet de loi d'amnistie - Senegal","isPartOf":{"@id":"https:\/\/www.africa-press.net\/senegal\/#website"},"primaryImageOfPage":{"@id":"https:\/\/www.africa-press.net\/senegal\/dossiers\/enjeux-et-controverses-autour-du-projet-de-loi-damnistie#primaryimage"},"image":{"@id":"https:\/\/www.africa-press.net\/senegal\/dossiers\/enjeux-et-controverses-autour-du-projet-de-loi-damnistie#primaryimage"},"thumbnailUrl":"https:\/\/static.africa-press.net\/senegal\/sites\/13\/2024\/02\/sm_1709168217.8499.jpg","datePublished":"2024-02-28T12:55:48+00:00","dateModified":"2024-02-29T05:28:39+00:00","author":{"@id":"https:\/\/www.africa-press.net\/senegal\/#\/schema\/person\/2b1cf3cd81a31e3cd26889ca66d677f1"},"description":"Le pre\u0301sident Macky Sall a annonce\u0301 lundi un projet de loi d'amnistie concernant les faits se rapportant aux manifestati ...","breadcrumb":{"@id":"https:\/\/www.africa-press.net\/senegal\/dossiers\/enjeux-et-controverses-autour-du-projet-de-loi-damnistie#breadcrumb"},"inLanguage":"fr-FR","potentialAction":[{"@type":"ReadAction","target":["https:\/\/www.africa-press.net\/senegal\/dossiers\/enjeux-et-controverses-autour-du-projet-de-loi-damnistie"]}]},{"@type":"ImageObject","inLanguage":"fr-FR","@id":"https:\/\/www.africa-press.net\/senegal\/dossiers\/enjeux-et-controverses-autour-du-projet-de-loi-damnistie#primaryimage","url":"https:\/\/static.africa-press.net\/senegal\/sites\/13\/2024\/02\/sm_1709168217.8499.jpg","contentUrl":"https:\/\/static.africa-press.net\/senegal\/sites\/13\/2024\/02\/sm_1709168217.8499.jpg","width":1303,"height":630,"caption":"Enjeux et controverses autour du projet de loi d'amnistie"},{"@type":"BreadcrumbList","@id":"https:\/\/www.africa-press.net\/senegal\/dossiers\/enjeux-et-controverses-autour-du-projet-de-loi-damnistie#breadcrumb","itemListElement":[{"@type":"ListItem","position":1,"name":"Accueil","item":"https:\/\/www.africa-press.net\/senegal\/"},{"@type":"ListItem","position":2,"name":"Enjeux et controverses autour du projet de loi d&#8217;amnistie"}]},{"@type":"WebSite","@id":"https:\/\/www.africa-press.net\/senegal\/#website","url":"https:\/\/www.africa-press.net\/senegal\/","name":"Africa Press | Senegal | Homepage","description":"Just another Africa News Agency Sites site","potentialAction":[{"@type":"SearchAction","target":{"@type":"EntryPoint","urlTemplate":"https:\/\/www.africa-press.net\/senegal\/?s={search_term_string}"},"query-input":{"@type":"PropertyValueSpecification","valueRequired":true,"valueName":"search_term_string"}}],"inLanguage":"fr-FR"},{"@type":"Person","@id":"https:\/\/www.africa-press.net\/senegal\/#\/schema\/person\/2b1cf3cd81a31e3cd26889ca66d677f1","name":"cfeditorfr","url":"https:\/\/www.africa-press.net\/senegal\/author\/cfeditorfr"}]}},"_links":{"self":[{"href":"https:\/\/www.africa-press.net\/senegal\/wp-json\/wp\/v2\/posts\/56245","targetHints":{"allow":["GET"]}}],"collection":[{"href":"https:\/\/www.africa-press.net\/senegal\/wp-json\/wp\/v2\/posts"}],"about":[{"href":"https:\/\/www.africa-press.net\/senegal\/wp-json\/wp\/v2\/types\/post"}],"author":[{"embeddable":true,"href":"https:\/\/www.africa-press.net\/senegal\/wp-json\/wp\/v2\/users\/82"}],"replies":[{"embeddable":true,"href":"https:\/\/www.africa-press.net\/senegal\/wp-json\/wp\/v2\/comments?post=56245"}],"version-history":[{"count":0,"href":"https:\/\/www.africa-press.net\/senegal\/wp-json\/wp\/v2\/posts\/56245\/revisions"}],"wp:featuredmedia":[{"embeddable":true,"href":"https:\/\/www.africa-press.net\/senegal\/wp-json\/wp\/v2\/media\/56243"}],"wp:attachment":[{"href":"https:\/\/www.africa-press.net\/senegal\/wp-json\/wp\/v2\/media?parent=56245"}],"wp:term":[{"taxonomy":"category","embeddable":true,"href":"https:\/\/www.africa-press.net\/senegal\/wp-json\/wp\/v2\/categories?post=56245"},{"taxonomy":"post_tag","embeddable":true,"href":"https:\/\/www.africa-press.net\/senegal\/wp-json\/wp\/v2\/tags?post=56245"}],"curies":[{"name":"wp","href":"https:\/\/api.w.org\/{rel}","templated":true}]}}