{"id":56247,"date":"2024-02-28T13:00:37","date_gmt":"2024-02-28T13:00:37","guid":{"rendered":"https:\/\/www.africa-press.net\/senegal\/politique\/pr-babacar-gueye-constitutionnaliste-si-macky-sall-fixe-la-date-de-lelection-au-2-juin"},"modified":"2024-02-29T05:29:18","modified_gmt":"2024-02-29T05:29:18","slug":"pr-babacar-gueye-constitutionnaliste-si-macky-sall-fixe-la-date-de-lelection-au-2-juin","status":"publish","type":"post","link":"https:\/\/www.africa-press.net\/senegal\/politique\/pr-babacar-gueye-constitutionnaliste-si-macky-sall-fixe-la-date-de-lelection-au-2-juin","title":{"rendered":"Pr Babacar Gu\u00e8ye, constitutionnaliste : \u00abSi Macky Sall fixe la date de l\u2019\u00e9lection au 2 juin\u2026 \u00bb"},"content":{"rendered":"<p><span style=\"color: #ff6600\"><strong>Africa-Press &#8211; Senegal. <\/strong><\/span>Au terme d&rsquo;une petite journe\u0301e de travaux, hier mardi, le dialogue national a propose\u0301 au chef de l\u2019Etat sortant, Macky Sall, de fixer la date de l\u2019e\u0301lection pre\u0301sidentielle au 2 juin prochain. Mais si ce dernier choisit cette date, il violerait les dispositions de la charte fondamentale.<\/p>\n<p>C\u2019est du moins, ce qu\u2019a fait savoir le professeur Babacar Gue\u0300ye, constitutionnaliste et membre du collectif citoyen Aar Sunu E\u0301lections \u00bb, une organisation qui a boycotte\u0301 le dialogue. Pour l\u2019universitaire, si la date est fixe\u0301e au 2 juin, Macky Sall remet en cause la de\u0301cision du Conseil constitutionnel.<\/p>\n<p>\u00ab La juridiction demandait que le scrutin soit organise\u0301 dans les meilleurs de\u0301lais, affirmant que la dure\u0301e du mandat ne pouvait pas e\u0302tre allonge\u0301e \u00bb, a-t-il rappele\u0301 dans des propos repris par Rfi.<\/p>\n<p>\u00ab On enjambe le 2 avril, explique Pr. Gue\u0300ye, et on se retrouve dans un vide juridique a\u0300 partir de cette date. Mais rien n\u2019est encore de\u0301finitif car la prolongation du mandat de Macky Sall et la re\u0301ouverture de la liste des candidats doivent e\u0302tre arbitre\u0301es par le Conseil constitutionnel \u00bb. Le juriste rappelle, par ailleurs, que la date pourrait aussi faire l\u2019objet de recours\u201d.<\/p>\n<p><strong>Pour plus d&rsquo;informations et d&rsquo;analyses sur la <a href=\"https:\/\/www.africa-press.net\/senegal\">Senegal<\/a>, suivez <a href=\"https:\/\/www.africa-press.net\/\">Africa-Press<\/a><\/strong><\/p>\n","protected":false},"excerpt":{"rendered":"<p>Africa-Press &#8211; Senegal. Au terme d&rsquo;une petite journe\u0301e de travaux, hier mardi, le dialogue national a propose\u0301 au chef de l\u2019Etat sortant, Macky Sall, de fixer la date de l\u2019e\u0301lection pre\u0301sidentielle au 2 juin prochain. Mais si ce dernier choisit cette date, il violerait les dispositions de la charte fondamentale. C\u2019est du moins, ce qu\u2019a [&hellip;]<\/p>\n","protected":false},"author":82,"featured_media":56246,"comment_status":"open","ping_status":"closed","sticky":false,"template":"","format":"standard","meta":{"footnotes":""},"categories":[2,10],"tags":[43,47,44],"class_list":["post-56247","post","type-post","status-publish","format-standard","has-post-thumbnail","hentry","category-politique","category-toutes-les-actualites","tag-africa-press-2","tag-africa-press-senegal","tag-senegal-2"],"yoast_head":"<!-- This site is optimized with the Yoast SEO Premium plugin v26.1 (Yoast SEO v27.0) - https:\/\/yoast.com\/product\/yoast-seo-premium-wordpress\/ -->\n<title>Pr Babacar Gu\u00e8ye, constitutionnaliste : \u00abSi Macky Sall fixe la date de l\u2019\u00e9lection au 2 juin\u2026 \u00bb - Senegal<\/title>\n<meta name=\"description\" content=\"Au terme d&#039;une petite journe\u0301e de travaux, hier mardi, le dialogue national a propose\u0301 au chef de l\u2019Etat sortant, Macky ...\" \/>\n<meta name=\"robots\" content=\"index, follow, max-snippet:-1, max-image-preview:large, max-video-preview:-1\" \/>\n<link rel=\"canonical\" href=\"https:\/\/www.africa-press.net\/senegal\/politique\/pr-babacar-gueye-constitutionnaliste-si-macky-sall-fixe-la-date-de-lelection-au-2-juin\" \/>\n<meta property=\"og:locale\" content=\"fr_FR\" \/>\n<meta property=\"og:type\" content=\"article\" \/>\n<meta property=\"og:title\" content=\"Pr Babacar Gu\u00e8ye, constitutionnaliste : \u00abSi Macky Sall fixe la date de l\u2019\u00e9lection au 2 juin\u2026 \u00bb\" \/>\n<meta property=\"og:description\" content=\"Au terme d&#039;une petite journe\u0301e de travaux, hier mardi, le dialogue national a propose\u0301 au chef de l\u2019Etat sortant, Macky ...\" \/>\n<meta property=\"og:url\" content=\"https:\/\/www.africa-press.net\/senegal\/politique\/pr-babacar-gueye-constitutionnaliste-si-macky-sall-fixe-la-date-de-lelection-au-2-juin\" \/>\n<meta property=\"og:site_name\" content=\"Senegal\" \/>\n<meta property=\"article:published_time\" content=\"2024-02-28T13:00:37+00:00\" \/>\n<meta property=\"article:modified_time\" content=\"2024-02-29T05:29:18+00:00\" \/>\n<meta property=\"og:image\" content=\"https:\/\/static.africa-press.net\/senegal\/sites\/13\/2024\/02\/sm_1709168245.437906.jpg\" \/>\n\t<meta property=\"og:image:width\" content=\"1305\" \/>\n\t<meta property=\"og:image:height\" content=\"632\" \/>\n\t<meta property=\"og:image:type\" content=\"image\/jpeg\" \/>\n<meta name=\"author\" content=\"cfeditorfr\" \/>\n<meta name=\"twitter:card\" content=\"summary_large_image\" \/>\n<meta name=\"twitter:label1\" content=\"\u00c9crit par\" \/>\n\t<meta name=\"twitter:data1\" content=\"cfeditorfr\" \/>\n\t<meta name=\"twitter:label2\" content=\"Dur\u00e9e de lecture estim\u00e9e\" \/>\n\t<meta name=\"twitter:data2\" content=\"1 minute\" \/>\n<script type=\"application\/ld+json\" class=\"yoast-schema-graph\">{\"@context\":\"https:\/\/schema.org\",\"@graph\":[{\"@type\":\"Article\",\"@id\":\"https:\/\/www.africa-press.net\/senegal\/politique\/pr-babacar-gueye-constitutionnaliste-si-macky-sall-fixe-la-date-de-lelection-au-2-juin#article\",\"isPartOf\":{\"@id\":\"https:\/\/www.africa-press.net\/senegal\/politique\/pr-babacar-gueye-constitutionnaliste-si-macky-sall-fixe-la-date-de-lelection-au-2-juin\"},\"author\":{\"name\":\"cfeditorfr\",\"@id\":\"https:\/\/www.africa-press.net\/senegal\/#\/schema\/person\/2b1cf3cd81a31e3cd26889ca66d677f1\"},\"headline\":\"Pr Babacar Gu\u00e8ye, constitutionnaliste : \u00abSi Macky Sall fixe la date de l\u2019\u00e9lection au 2 juin\u2026 \u00bb\",\"datePublished\":\"2024-02-28T13:00:37+00:00\",\"dateModified\":\"2024-02-29T05:29:18+00:00\",\"mainEntityOfPage\":{\"@id\":\"https:\/\/www.africa-press.net\/senegal\/politique\/pr-babacar-gueye-constitutionnaliste-si-macky-sall-fixe-la-date-de-lelection-au-2-juin\"},\"wordCount\":240,\"commentCount\":0,\"image\":{\"@id\":\"https:\/\/www.africa-press.net\/senegal\/politique\/pr-babacar-gueye-constitutionnaliste-si-macky-sall-fixe-la-date-de-lelection-au-2-juin#primaryimage\"},\"thumbnailUrl\":\"https:\/\/static.africa-press.net\/senegal\/sites\/13\/2024\/02\/sm_1709168245.437906.jpg\",\"keywords\":[\"Africa Press\",\"Africa Press-Senegal\",\"Senegal\"],\"articleSection\":[\"Politique\",\"Toutes les actualit\u00e9s\"],\"inLanguage\":\"fr-FR\",\"potentialAction\":[{\"@type\":\"CommentAction\",\"name\":\"Comment\",\"target\":[\"https:\/\/www.africa-press.net\/senegal\/politique\/pr-babacar-gueye-constitutionnaliste-si-macky-sall-fixe-la-date-de-lelection-au-2-juin#respond\"]}]},{\"@type\":\"WebPage\",\"@id\":\"https:\/\/www.africa-press.net\/senegal\/politique\/pr-babacar-gueye-constitutionnaliste-si-macky-sall-fixe-la-date-de-lelection-au-2-juin\",\"url\":\"https:\/\/www.africa-press.net\/senegal\/politique\/pr-babacar-gueye-constitutionnaliste-si-macky-sall-fixe-la-date-de-lelection-au-2-juin\",\"name\":\"Pr Babacar Gu\u00e8ye, constitutionnaliste : \u00abSi Macky Sall fixe la date de l\u2019\u00e9lection au 2 juin\u2026 \u00bb - Senegal\",\"isPartOf\":{\"@id\":\"https:\/\/www.africa-press.net\/senegal\/#website\"},\"primaryImageOfPage\":{\"@id\":\"https:\/\/www.africa-press.net\/senegal\/politique\/pr-babacar-gueye-constitutionnaliste-si-macky-sall-fixe-la-date-de-lelection-au-2-juin#primaryimage\"},\"image\":{\"@id\":\"https:\/\/www.africa-press.net\/senegal\/politique\/pr-babacar-gueye-constitutionnaliste-si-macky-sall-fixe-la-date-de-lelection-au-2-juin#primaryimage\"},\"thumbnailUrl\":\"https:\/\/static.africa-press.net\/senegal\/sites\/13\/2024\/02\/sm_1709168245.437906.jpg\",\"datePublished\":\"2024-02-28T13:00:37+00:00\",\"dateModified\":\"2024-02-29T05:29:18+00:00\",\"author\":{\"@id\":\"https:\/\/www.africa-press.net\/senegal\/#\/schema\/person\/2b1cf3cd81a31e3cd26889ca66d677f1\"},\"description\":\"Au terme d'une petite journe\u0301e de travaux, hier mardi, le dialogue national a propose\u0301 au chef de l\u2019Etat sortant, Macky ...\",\"breadcrumb\":{\"@id\":\"https:\/\/www.africa-press.net\/senegal\/politique\/pr-babacar-gueye-constitutionnaliste-si-macky-sall-fixe-la-date-de-lelection-au-2-juin#breadcrumb\"},\"inLanguage\":\"fr-FR\",\"potentialAction\":[{\"@type\":\"ReadAction\",\"target\":[\"https:\/\/www.africa-press.net\/senegal\/politique\/pr-babacar-gueye-constitutionnaliste-si-macky-sall-fixe-la-date-de-lelection-au-2-juin\"]}]},{\"@type\":\"ImageObject\",\"inLanguage\":\"fr-FR\",\"@id\":\"https:\/\/www.africa-press.net\/senegal\/politique\/pr-babacar-gueye-constitutionnaliste-si-macky-sall-fixe-la-date-de-lelection-au-2-juin#primaryimage\",\"url\":\"https:\/\/static.africa-press.net\/senegal\/sites\/13\/2024\/02\/sm_1709168245.437906.jpg\",\"contentUrl\":\"https:\/\/static.africa-press.net\/senegal\/sites\/13\/2024\/02\/sm_1709168245.437906.jpg\",\"width\":1305,\"height\":632,\"caption\":\"Pr Babacar Gu\u00e8ye, constitutionnaliste : \u00abSi Macky Sall fixe la date de l\u2019\u00e9lection au 2 juin\u2026 \u00bb\"},{\"@type\":\"BreadcrumbList\",\"@id\":\"https:\/\/www.africa-press.net\/senegal\/politique\/pr-babacar-gueye-constitutionnaliste-si-macky-sall-fixe-la-date-de-lelection-au-2-juin#breadcrumb\",\"itemListElement\":[{\"@type\":\"ListItem\",\"position\":1,\"name\":\"Accueil\",\"item\":\"https:\/\/www.africa-press.net\/senegal\/\"},{\"@type\":\"ListItem\",\"position\":2,\"name\":\"Pr Babacar Gu\u00e8ye, constitutionnaliste : \u00abSi Macky Sall fixe la date de l\u2019\u00e9lection au 2 juin\u2026 \u00bb\"}]},{\"@type\":\"WebSite\",\"@id\":\"https:\/\/www.africa-press.net\/senegal\/#website\",\"url\":\"https:\/\/www.africa-press.net\/senegal\/\",\"name\":\"Africa Press | Senegal | Homepage\",\"description\":\"Just another Africa News Agency Sites site\",\"potentialAction\":[{\"@type\":\"SearchAction\",\"target\":{\"@type\":\"EntryPoint\",\"urlTemplate\":\"https:\/\/www.africa-press.net\/senegal\/?s={search_term_string}\"},\"query-input\":{\"@type\":\"PropertyValueSpecification\",\"valueRequired\":true,\"valueName\":\"search_term_string\"}}],\"inLanguage\":\"fr-FR\"},{\"@type\":\"Person\",\"@id\":\"https:\/\/www.africa-press.net\/senegal\/#\/schema\/person\/2b1cf3cd81a31e3cd26889ca66d677f1\",\"name\":\"cfeditorfr\",\"url\":\"https:\/\/www.africa-press.net\/senegal\/author\/cfeditorfr\"}]}<\/script>\n<!-- \/ Yoast SEO Premium plugin. -->","yoast_head_json":{"title":"Pr Babacar Gu\u00e8ye, constitutionnaliste : \u00abSi Macky Sall fixe la date de l\u2019\u00e9lection au 2 juin\u2026 \u00bb - Senegal","description":"Au terme d'une petite journe\u0301e de travaux, hier mardi, le dialogue national a propose\u0301 au chef de l\u2019Etat sortant, Macky ...","robots":{"index":"index","follow":"follow","max-snippet":"max-snippet:-1","max-image-preview":"max-image-preview:large","max-video-preview":"max-video-preview:-1"},"canonical":"https:\/\/www.africa-press.net\/senegal\/politique\/pr-babacar-gueye-constitutionnaliste-si-macky-sall-fixe-la-date-de-lelection-au-2-juin","og_locale":"fr_FR","og_type":"article","og_title":"Pr Babacar Gu\u00e8ye, constitutionnaliste : \u00abSi Macky Sall fixe la date de l\u2019\u00e9lection au 2 juin\u2026 \u00bb","og_description":"Au terme d'une petite journe\u0301e de travaux, hier mardi, le dialogue national a propose\u0301 au chef de l\u2019Etat sortant, Macky ...","og_url":"https:\/\/www.africa-press.net\/senegal\/politique\/pr-babacar-gueye-constitutionnaliste-si-macky-sall-fixe-la-date-de-lelection-au-2-juin","og_site_name":"Senegal","article_published_time":"2024-02-28T13:00:37+00:00","article_modified_time":"2024-02-29T05:29:18+00:00","og_image":[{"width":1305,"height":632,"url":"https:\/\/static.africa-press.net\/senegal\/sites\/13\/2024\/02\/sm_1709168245.437906.jpg","type":"image\/jpeg"}],"author":"cfeditorfr","twitter_card":"summary_large_image","twitter_misc":{"\u00c9crit par":"cfeditorfr","Dur\u00e9e de lecture estim\u00e9e":"1 minute"},"schema":{"@context":"https:\/\/schema.org","@graph":[{"@type":"Article","@id":"https:\/\/www.africa-press.net\/senegal\/politique\/pr-babacar-gueye-constitutionnaliste-si-macky-sall-fixe-la-date-de-lelection-au-2-juin#article","isPartOf":{"@id":"https:\/\/www.africa-press.net\/senegal\/politique\/pr-babacar-gueye-constitutionnaliste-si-macky-sall-fixe-la-date-de-lelection-au-2-juin"},"author":{"name":"cfeditorfr","@id":"https:\/\/www.africa-press.net\/senegal\/#\/schema\/person\/2b1cf3cd81a31e3cd26889ca66d677f1"},"headline":"Pr Babacar Gu\u00e8ye, constitutionnaliste : \u00abSi Macky Sall fixe la date de l\u2019\u00e9lection au 2 juin\u2026 \u00bb","datePublished":"2024-02-28T13:00:37+00:00","dateModified":"2024-02-29T05:29:18+00:00","mainEntityOfPage":{"@id":"https:\/\/www.africa-press.net\/senegal\/politique\/pr-babacar-gueye-constitutionnaliste-si-macky-sall-fixe-la-date-de-lelection-au-2-juin"},"wordCount":240,"commentCount":0,"image":{"@id":"https:\/\/www.africa-press.net\/senegal\/politique\/pr-babacar-gueye-constitutionnaliste-si-macky-sall-fixe-la-date-de-lelection-au-2-juin#primaryimage"},"thumbnailUrl":"https:\/\/static.africa-press.net\/senegal\/sites\/13\/2024\/02\/sm_1709168245.437906.jpg","keywords":["Africa Press","Africa Press-Senegal","Senegal"],"articleSection":["Politique","Toutes les actualit\u00e9s"],"inLanguage":"fr-FR","potentialAction":[{"@type":"CommentAction","name":"Comment","target":["https:\/\/www.africa-press.net\/senegal\/politique\/pr-babacar-gueye-constitutionnaliste-si-macky-sall-fixe-la-date-de-lelection-au-2-juin#respond"]}]},{"@type":"WebPage","@id":"https:\/\/www.africa-press.net\/senegal\/politique\/pr-babacar-gueye-constitutionnaliste-si-macky-sall-fixe-la-date-de-lelection-au-2-juin","url":"https:\/\/www.africa-press.net\/senegal\/politique\/pr-babacar-gueye-constitutionnaliste-si-macky-sall-fixe-la-date-de-lelection-au-2-juin","name":"Pr Babacar Gu\u00e8ye, constitutionnaliste : \u00abSi Macky Sall fixe la date de l\u2019\u00e9lection au 2 juin\u2026 \u00bb - Senegal","isPartOf":{"@id":"https:\/\/www.africa-press.net\/senegal\/#website"},"primaryImageOfPage":{"@id":"https:\/\/www.africa-press.net\/senegal\/politique\/pr-babacar-gueye-constitutionnaliste-si-macky-sall-fixe-la-date-de-lelection-au-2-juin#primaryimage"},"image":{"@id":"https:\/\/www.africa-press.net\/senegal\/politique\/pr-babacar-gueye-constitutionnaliste-si-macky-sall-fixe-la-date-de-lelection-au-2-juin#primaryimage"},"thumbnailUrl":"https:\/\/static.africa-press.net\/senegal\/sites\/13\/2024\/02\/sm_1709168245.437906.jpg","datePublished":"2024-02-28T13:00:37+00:00","dateModified":"2024-02-29T05:29:18+00:00","author":{"@id":"https:\/\/www.africa-press.net\/senegal\/#\/schema\/person\/2b1cf3cd81a31e3cd26889ca66d677f1"},"description":"Au terme d'une petite journe\u0301e de travaux, hier mardi, le dialogue national a propose\u0301 au chef de l\u2019Etat sortant, Macky ...","breadcrumb":{"@id":"https:\/\/www.africa-press.net\/senegal\/politique\/pr-babacar-gueye-constitutionnaliste-si-macky-sall-fixe-la-date-de-lelection-au-2-juin#breadcrumb"},"inLanguage":"fr-FR","potentialAction":[{"@type":"ReadAction","target":["https:\/\/www.africa-press.net\/senegal\/politique\/pr-babacar-gueye-constitutionnaliste-si-macky-sall-fixe-la-date-de-lelection-au-2-juin"]}]},{"@type":"ImageObject","inLanguage":"fr-FR","@id":"https:\/\/www.africa-press.net\/senegal\/politique\/pr-babacar-gueye-constitutionnaliste-si-macky-sall-fixe-la-date-de-lelection-au-2-juin#primaryimage","url":"https:\/\/static.africa-press.net\/senegal\/sites\/13\/2024\/02\/sm_1709168245.437906.jpg","contentUrl":"https:\/\/static.africa-press.net\/senegal\/sites\/13\/2024\/02\/sm_1709168245.437906.jpg","width":1305,"height":632,"caption":"Pr Babacar Gu\u00e8ye, constitutionnaliste : \u00abSi Macky Sall fixe la date de l\u2019\u00e9lection au 2 juin\u2026 \u00bb"},{"@type":"BreadcrumbList","@id":"https:\/\/www.africa-press.net\/senegal\/politique\/pr-babacar-gueye-constitutionnaliste-si-macky-sall-fixe-la-date-de-lelection-au-2-juin#breadcrumb","itemListElement":[{"@type":"ListItem","position":1,"name":"Accueil","item":"https:\/\/www.africa-press.net\/senegal\/"},{"@type":"ListItem","position":2,"name":"Pr Babacar Gu\u00e8ye, constitutionnaliste : \u00abSi Macky Sall fixe la date de l\u2019\u00e9lection au 2 juin\u2026 \u00bb"}]},{"@type":"WebSite","@id":"https:\/\/www.africa-press.net\/senegal\/#website","url":"https:\/\/www.africa-press.net\/senegal\/","name":"Africa Press | Senegal | Homepage","description":"Just another Africa News Agency Sites site","potentialAction":[{"@type":"SearchAction","target":{"@type":"EntryPoint","urlTemplate":"https:\/\/www.africa-press.net\/senegal\/?s={search_term_string}"},"query-input":{"@type":"PropertyValueSpecification","valueRequired":true,"valueName":"search_term_string"}}],"inLanguage":"fr-FR"},{"@type":"Person","@id":"https:\/\/www.africa-press.net\/senegal\/#\/schema\/person\/2b1cf3cd81a31e3cd26889ca66d677f1","name":"cfeditorfr","url":"https:\/\/www.africa-press.net\/senegal\/author\/cfeditorfr"}]}},"_links":{"self":[{"href":"https:\/\/www.africa-press.net\/senegal\/wp-json\/wp\/v2\/posts\/56247","targetHints":{"allow":["GET"]}}],"collection":[{"href":"https:\/\/www.africa-press.net\/senegal\/wp-json\/wp\/v2\/posts"}],"about":[{"href":"https:\/\/www.africa-press.net\/senegal\/wp-json\/wp\/v2\/types\/post"}],"author":[{"embeddable":true,"href":"https:\/\/www.africa-press.net\/senegal\/wp-json\/wp\/v2\/users\/82"}],"replies":[{"embeddable":true,"href":"https:\/\/www.africa-press.net\/senegal\/wp-json\/wp\/v2\/comments?post=56247"}],"version-history":[{"count":0,"href":"https:\/\/www.africa-press.net\/senegal\/wp-json\/wp\/v2\/posts\/56247\/revisions"}],"wp:featuredmedia":[{"embeddable":true,"href":"https:\/\/www.africa-press.net\/senegal\/wp-json\/wp\/v2\/media\/56246"}],"wp:attachment":[{"href":"https:\/\/www.africa-press.net\/senegal\/wp-json\/wp\/v2\/media?parent=56247"}],"wp:term":[{"taxonomy":"category","embeddable":true,"href":"https:\/\/www.africa-press.net\/senegal\/wp-json\/wp\/v2\/categories?post=56247"},{"taxonomy":"post_tag","embeddable":true,"href":"https:\/\/www.africa-press.net\/senegal\/wp-json\/wp\/v2\/tags?post=56247"}],"curies":[{"name":"wp","href":"https:\/\/api.w.org\/{rel}","templated":true}]}}