{"id":56253,"date":"2024-02-28T13:17:34","date_gmt":"2024-02-28T13:17:34","guid":{"rendered":"https:\/\/www.africa-press.net\/senegal\/politique\/maguette-sy-pds-le-conseil-constitutionnel-na-jamais-dit-que-macky-sall-devait-organiser-lelection-avant-le-2-avril"},"modified":"2024-02-29T05:30:32","modified_gmt":"2024-02-29T05:30:32","slug":"maguette-sy-pds-le-conseil-constitutionnel-na-jamais-dit-que-macky-sall-devait-organiser-lelection-avant-le-2-avril","status":"publish","type":"post","link":"https:\/\/www.africa-press.net\/senegal\/politique\/maguette-sy-pds-le-conseil-constitutionnel-na-jamais-dit-que-macky-sall-devait-organiser-lelection-avant-le-2-avril","title":{"rendered":"Maguette Sy (PDS) : \u00ab\u00a0Le Conseil constitutionnel n\u2019a jamais dit que Macky Sall devait organiser l\u2019\u00e9lection avant le 2 avril\u00a0\u00bb"},"content":{"rendered":"<p><span style=\"color: #ff6600\"><strong>Africa-Press &#8211; Senegal. <\/strong><\/span>Plusieurs opposants sont monte\u0301s au cre\u0301neau pour rejeter la date du 2 juin propose\u0301e pour la tenue de la Pre\u0301sidentielle. Selon eux, le chef de l&rsquo;E\u0301tat devrait organiser l&rsquo;e\u0301lection avant la fin de son mandat le 2 avril.<\/p>\n<p>Cependant, pour Maguette Sy, le secre\u0301taire national charge\u0301 des e\u0301lections au PDS, ces opposants sont de mauvaise foi. \u00ab\u00a0Franchement, moi, je pense que ces gens-la\u0300 racontent n\u2019importe quoi. Ils ne sont pas venus au dialogue ; OK, c\u2019est leur droit. Encore que&#8230; Mais chacun reste libre. De toute fac\u0327on, les choses vont suivre leur cours. Ce n\u2019est pas leurs discours ou leur agitation qui vont arre\u0302ter le de\u0301roulement des choses. L\u2019affaire est lance\u0301e. D\u2019abord, le Conseil constitutionnel n\u2019a jamais dit que le pre\u0301sident Macky Sall et les autorite\u0301s compe\u0301tentes devaient organiser l\u2019e\u0301lection avant le 2 avril. Le Conseil constitutionnel dit que l\u2019e\u0301lection ne peut pas se tenir le 25 fe\u0301vrier et demande aux autorite\u0301s compe\u0301tentes d\u2019organiser l\u2019e\u0301lection dans les meilleurs de\u0301lais. Ils savent tre\u0300s bien que l\u2019e\u0301lection ne peut pas se tenir avant le 2 avril\u00a0\u00bb, a-t-il de\u0301clare\u0301 sur RFI.<\/p>\n<p>Il ajoute : \u00ab\u00a0Le Conseil constitutionnel ne prend pas de de\u0301cret pour fixer une date, c\u2019est le pre\u0301sident de la Re\u0301publique qui prend un de\u0301cret. Et la\u0300, nous venons de sortir du dialogue et vous verrez que c\u2019est le pre\u0301sident de la Re\u0301publique qui va prendre un de\u0301cret pour fixer la date de l\u2019e\u0301lection. C\u2019est dans ses pre\u0301rogatives et eux, ils le savent tre\u0300s bien.\u00a0\u00bb<\/p>\n<p><strong>Pour plus d&rsquo;informations et d&rsquo;analyses sur la <a href=\"https:\/\/www.africa-press.net\/senegal\">Senegal<\/a>, suivez <a href=\"https:\/\/www.africa-press.net\/\">Africa-Press<\/a><\/strong><\/p>\n","protected":false},"excerpt":{"rendered":"<p>Africa-Press &#8211; Senegal. Plusieurs opposants sont monte\u0301s au cre\u0301neau pour rejeter la date du 2 juin propose\u0301e pour la tenue de la Pre\u0301sidentielle. Selon eux, le chef de l&rsquo;E\u0301tat devrait organiser l&rsquo;e\u0301lection avant la fin de son mandat le 2 avril. Cependant, pour Maguette Sy, le secre\u0301taire national charge\u0301 des e\u0301lections au PDS, ces opposants [&hellip;]<\/p>\n","protected":false},"author":82,"featured_media":56252,"comment_status":"open","ping_status":"closed","sticky":false,"template":"","format":"standard","meta":{"footnotes":""},"categories":[2,10],"tags":[43,47,44],"class_list":["post-56253","post","type-post","status-publish","format-standard","has-post-thumbnail","hentry","category-politique","category-toutes-les-actualites","tag-africa-press-2","tag-africa-press-senegal","tag-senegal-2"],"yoast_head":"<!-- This site is optimized with the Yoast SEO Premium plugin v26.1 (Yoast SEO v27.0) - https:\/\/yoast.com\/product\/yoast-seo-premium-wordpress\/ -->\n<title>Maguette Sy (PDS) : &quot;Le Conseil constitutionnel n\u2019a jamais dit que Macky Sall devait organiser l\u2019\u00e9lection avant le 2 avril&quot; - Senegal<\/title>\n<meta name=\"description\" content=\"Plusieurs opposants sont monte\u0301s au cre\u0301neau pour rejeter la date du 2 juin propose\u0301e pour la tenue de la Pre\u0301sidentiell ...\" \/>\n<meta name=\"robots\" content=\"index, follow, max-snippet:-1, max-image-preview:large, max-video-preview:-1\" \/>\n<link rel=\"canonical\" href=\"https:\/\/www.africa-press.net\/senegal\/politique\/maguette-sy-pds-le-conseil-constitutionnel-na-jamais-dit-que-macky-sall-devait-organiser-lelection-avant-le-2-avril\" \/>\n<meta property=\"og:locale\" content=\"fr_FR\" \/>\n<meta property=\"og:type\" content=\"article\" \/>\n<meta property=\"og:title\" content=\"Maguette Sy (PDS) : &quot;Le Conseil constitutionnel n\u2019a jamais dit que Macky Sall devait organiser l\u2019\u00e9lection avant le 2 avril&quot;\" \/>\n<meta property=\"og:description\" content=\"Plusieurs opposants sont monte\u0301s au cre\u0301neau pour rejeter la date du 2 juin propose\u0301e pour la tenue de la Pre\u0301sidentiell ...\" \/>\n<meta property=\"og:url\" content=\"https:\/\/www.africa-press.net\/senegal\/politique\/maguette-sy-pds-le-conseil-constitutionnel-na-jamais-dit-que-macky-sall-devait-organiser-lelection-avant-le-2-avril\" \/>\n<meta property=\"og:site_name\" content=\"Senegal\" \/>\n<meta property=\"article:published_time\" content=\"2024-02-28T13:17:34+00:00\" \/>\n<meta property=\"article:modified_time\" content=\"2024-02-29T05:30:32+00:00\" \/>\n<meta property=\"og:image\" content=\"https:\/\/static.africa-press.net\/senegal\/sites\/13\/2024\/02\/sm_1709168294.847044.jpg\" \/>\n\t<meta property=\"og:image:width\" content=\"1186\" \/>\n\t<meta property=\"og:image:height\" content=\"575\" \/>\n\t<meta property=\"og:image:type\" content=\"image\/jpeg\" \/>\n<meta name=\"author\" content=\"cfeditorfr\" \/>\n<meta name=\"twitter:card\" content=\"summary_large_image\" \/>\n<meta name=\"twitter:label1\" content=\"\u00c9crit par\" \/>\n\t<meta name=\"twitter:data1\" content=\"cfeditorfr\" \/>\n\t<meta name=\"twitter:label2\" content=\"Dur\u00e9e de lecture estim\u00e9e\" \/>\n\t<meta name=\"twitter:data2\" content=\"1 minute\" \/>\n<script type=\"application\/ld+json\" class=\"yoast-schema-graph\">{\"@context\":\"https:\/\/schema.org\",\"@graph\":[{\"@type\":\"Article\",\"@id\":\"https:\/\/www.africa-press.net\/senegal\/politique\/maguette-sy-pds-le-conseil-constitutionnel-na-jamais-dit-que-macky-sall-devait-organiser-lelection-avant-le-2-avril#article\",\"isPartOf\":{\"@id\":\"https:\/\/www.africa-press.net\/senegal\/politique\/maguette-sy-pds-le-conseil-constitutionnel-na-jamais-dit-que-macky-sall-devait-organiser-lelection-avant-le-2-avril\"},\"author\":{\"name\":\"cfeditorfr\",\"@id\":\"https:\/\/www.africa-press.net\/senegal\/#\/schema\/person\/2b1cf3cd81a31e3cd26889ca66d677f1\"},\"headline\":\"Maguette Sy (PDS) : \u00ab\u00a0Le Conseil constitutionnel n\u2019a jamais dit que Macky Sall devait organiser l\u2019\u00e9lection avant le 2 avril\u00a0\u00bb\",\"datePublished\":\"2024-02-28T13:17:34+00:00\",\"dateModified\":\"2024-02-29T05:30:32+00:00\",\"mainEntityOfPage\":{\"@id\":\"https:\/\/www.africa-press.net\/senegal\/politique\/maguette-sy-pds-le-conseil-constitutionnel-na-jamais-dit-que-macky-sall-devait-organiser-lelection-avant-le-2-avril\"},\"wordCount\":323,\"commentCount\":0,\"image\":{\"@id\":\"https:\/\/www.africa-press.net\/senegal\/politique\/maguette-sy-pds-le-conseil-constitutionnel-na-jamais-dit-que-macky-sall-devait-organiser-lelection-avant-le-2-avril#primaryimage\"},\"thumbnailUrl\":\"https:\/\/static.africa-press.net\/senegal\/sites\/13\/2024\/02\/sm_1709168294.847044.jpg\",\"keywords\":[\"Africa Press\",\"Africa Press-Senegal\",\"Senegal\"],\"articleSection\":[\"Politique\",\"Toutes les actualit\u00e9s\"],\"inLanguage\":\"fr-FR\",\"potentialAction\":[{\"@type\":\"CommentAction\",\"name\":\"Comment\",\"target\":[\"https:\/\/www.africa-press.net\/senegal\/politique\/maguette-sy-pds-le-conseil-constitutionnel-na-jamais-dit-que-macky-sall-devait-organiser-lelection-avant-le-2-avril#respond\"]}]},{\"@type\":\"WebPage\",\"@id\":\"https:\/\/www.africa-press.net\/senegal\/politique\/maguette-sy-pds-le-conseil-constitutionnel-na-jamais-dit-que-macky-sall-devait-organiser-lelection-avant-le-2-avril\",\"url\":\"https:\/\/www.africa-press.net\/senegal\/politique\/maguette-sy-pds-le-conseil-constitutionnel-na-jamais-dit-que-macky-sall-devait-organiser-lelection-avant-le-2-avril\",\"name\":\"Maguette Sy (PDS) : \\\"Le Conseil constitutionnel n\u2019a jamais dit que Macky Sall devait organiser l\u2019\u00e9lection avant le 2 avril\\\" - Senegal\",\"isPartOf\":{\"@id\":\"https:\/\/www.africa-press.net\/senegal\/#website\"},\"primaryImageOfPage\":{\"@id\":\"https:\/\/www.africa-press.net\/senegal\/politique\/maguette-sy-pds-le-conseil-constitutionnel-na-jamais-dit-que-macky-sall-devait-organiser-lelection-avant-le-2-avril#primaryimage\"},\"image\":{\"@id\":\"https:\/\/www.africa-press.net\/senegal\/politique\/maguette-sy-pds-le-conseil-constitutionnel-na-jamais-dit-que-macky-sall-devait-organiser-lelection-avant-le-2-avril#primaryimage\"},\"thumbnailUrl\":\"https:\/\/static.africa-press.net\/senegal\/sites\/13\/2024\/02\/sm_1709168294.847044.jpg\",\"datePublished\":\"2024-02-28T13:17:34+00:00\",\"dateModified\":\"2024-02-29T05:30:32+00:00\",\"author\":{\"@id\":\"https:\/\/www.africa-press.net\/senegal\/#\/schema\/person\/2b1cf3cd81a31e3cd26889ca66d677f1\"},\"description\":\"Plusieurs opposants sont monte\u0301s au cre\u0301neau pour rejeter la date du 2 juin propose\u0301e pour la tenue de la Pre\u0301sidentiell ...\",\"breadcrumb\":{\"@id\":\"https:\/\/www.africa-press.net\/senegal\/politique\/maguette-sy-pds-le-conseil-constitutionnel-na-jamais-dit-que-macky-sall-devait-organiser-lelection-avant-le-2-avril#breadcrumb\"},\"inLanguage\":\"fr-FR\",\"potentialAction\":[{\"@type\":\"ReadAction\",\"target\":[\"https:\/\/www.africa-press.net\/senegal\/politique\/maguette-sy-pds-le-conseil-constitutionnel-na-jamais-dit-que-macky-sall-devait-organiser-lelection-avant-le-2-avril\"]}]},{\"@type\":\"ImageObject\",\"inLanguage\":\"fr-FR\",\"@id\":\"https:\/\/www.africa-press.net\/senegal\/politique\/maguette-sy-pds-le-conseil-constitutionnel-na-jamais-dit-que-macky-sall-devait-organiser-lelection-avant-le-2-avril#primaryimage\",\"url\":\"https:\/\/static.africa-press.net\/senegal\/sites\/13\/2024\/02\/sm_1709168294.847044.jpg\",\"contentUrl\":\"https:\/\/static.africa-press.net\/senegal\/sites\/13\/2024\/02\/sm_1709168294.847044.jpg\",\"width\":1186,\"height\":575,\"caption\":\"Maguette Sy (PDS) : \\\"Le Conseil constitutionnel n\u2019a jamais dit que Macky Sall devait organiser l\u2019\u00e9lection avant le 2 avril\\\"\"},{\"@type\":\"BreadcrumbList\",\"@id\":\"https:\/\/www.africa-press.net\/senegal\/politique\/maguette-sy-pds-le-conseil-constitutionnel-na-jamais-dit-que-macky-sall-devait-organiser-lelection-avant-le-2-avril#breadcrumb\",\"itemListElement\":[{\"@type\":\"ListItem\",\"position\":1,\"name\":\"Accueil\",\"item\":\"https:\/\/www.africa-press.net\/senegal\/\"},{\"@type\":\"ListItem\",\"position\":2,\"name\":\"Maguette Sy (PDS) : &#8220;Le Conseil constitutionnel n\u2019a jamais dit que Macky Sall devait organiser l\u2019\u00e9lection avant le 2 avril&#8221;\"}]},{\"@type\":\"WebSite\",\"@id\":\"https:\/\/www.africa-press.net\/senegal\/#website\",\"url\":\"https:\/\/www.africa-press.net\/senegal\/\",\"name\":\"Africa Press | Senegal | Homepage\",\"description\":\"Just another Africa News Agency Sites site\",\"potentialAction\":[{\"@type\":\"SearchAction\",\"target\":{\"@type\":\"EntryPoint\",\"urlTemplate\":\"https:\/\/www.africa-press.net\/senegal\/?s={search_term_string}\"},\"query-input\":{\"@type\":\"PropertyValueSpecification\",\"valueRequired\":true,\"valueName\":\"search_term_string\"}}],\"inLanguage\":\"fr-FR\"},{\"@type\":\"Person\",\"@id\":\"https:\/\/www.africa-press.net\/senegal\/#\/schema\/person\/2b1cf3cd81a31e3cd26889ca66d677f1\",\"name\":\"cfeditorfr\",\"url\":\"https:\/\/www.africa-press.net\/senegal\/author\/cfeditorfr\"}]}<\/script>\n<!-- \/ Yoast SEO Premium plugin. -->","yoast_head_json":{"title":"Maguette Sy (PDS) : \"Le Conseil constitutionnel n\u2019a jamais dit que Macky Sall devait organiser l\u2019\u00e9lection avant le 2 avril\" - Senegal","description":"Plusieurs opposants sont monte\u0301s au cre\u0301neau pour rejeter la date du 2 juin propose\u0301e pour la tenue de la Pre\u0301sidentiell ...","robots":{"index":"index","follow":"follow","max-snippet":"max-snippet:-1","max-image-preview":"max-image-preview:large","max-video-preview":"max-video-preview:-1"},"canonical":"https:\/\/www.africa-press.net\/senegal\/politique\/maguette-sy-pds-le-conseil-constitutionnel-na-jamais-dit-que-macky-sall-devait-organiser-lelection-avant-le-2-avril","og_locale":"fr_FR","og_type":"article","og_title":"Maguette Sy (PDS) : \"Le Conseil constitutionnel n\u2019a jamais dit que Macky Sall devait organiser l\u2019\u00e9lection avant le 2 avril\"","og_description":"Plusieurs opposants sont monte\u0301s au cre\u0301neau pour rejeter la date du 2 juin propose\u0301e pour la tenue de la Pre\u0301sidentiell ...","og_url":"https:\/\/www.africa-press.net\/senegal\/politique\/maguette-sy-pds-le-conseil-constitutionnel-na-jamais-dit-que-macky-sall-devait-organiser-lelection-avant-le-2-avril","og_site_name":"Senegal","article_published_time":"2024-02-28T13:17:34+00:00","article_modified_time":"2024-02-29T05:30:32+00:00","og_image":[{"width":1186,"height":575,"url":"https:\/\/static.africa-press.net\/senegal\/sites\/13\/2024\/02\/sm_1709168294.847044.jpg","type":"image\/jpeg"}],"author":"cfeditorfr","twitter_card":"summary_large_image","twitter_misc":{"\u00c9crit par":"cfeditorfr","Dur\u00e9e de lecture estim\u00e9e":"1 minute"},"schema":{"@context":"https:\/\/schema.org","@graph":[{"@type":"Article","@id":"https:\/\/www.africa-press.net\/senegal\/politique\/maguette-sy-pds-le-conseil-constitutionnel-na-jamais-dit-que-macky-sall-devait-organiser-lelection-avant-le-2-avril#article","isPartOf":{"@id":"https:\/\/www.africa-press.net\/senegal\/politique\/maguette-sy-pds-le-conseil-constitutionnel-na-jamais-dit-que-macky-sall-devait-organiser-lelection-avant-le-2-avril"},"author":{"name":"cfeditorfr","@id":"https:\/\/www.africa-press.net\/senegal\/#\/schema\/person\/2b1cf3cd81a31e3cd26889ca66d677f1"},"headline":"Maguette Sy (PDS) : \u00ab\u00a0Le Conseil constitutionnel n\u2019a jamais dit que Macky Sall devait organiser l\u2019\u00e9lection avant le 2 avril\u00a0\u00bb","datePublished":"2024-02-28T13:17:34+00:00","dateModified":"2024-02-29T05:30:32+00:00","mainEntityOfPage":{"@id":"https:\/\/www.africa-press.net\/senegal\/politique\/maguette-sy-pds-le-conseil-constitutionnel-na-jamais-dit-que-macky-sall-devait-organiser-lelection-avant-le-2-avril"},"wordCount":323,"commentCount":0,"image":{"@id":"https:\/\/www.africa-press.net\/senegal\/politique\/maguette-sy-pds-le-conseil-constitutionnel-na-jamais-dit-que-macky-sall-devait-organiser-lelection-avant-le-2-avril#primaryimage"},"thumbnailUrl":"https:\/\/static.africa-press.net\/senegal\/sites\/13\/2024\/02\/sm_1709168294.847044.jpg","keywords":["Africa Press","Africa Press-Senegal","Senegal"],"articleSection":["Politique","Toutes les actualit\u00e9s"],"inLanguage":"fr-FR","potentialAction":[{"@type":"CommentAction","name":"Comment","target":["https:\/\/www.africa-press.net\/senegal\/politique\/maguette-sy-pds-le-conseil-constitutionnel-na-jamais-dit-que-macky-sall-devait-organiser-lelection-avant-le-2-avril#respond"]}]},{"@type":"WebPage","@id":"https:\/\/www.africa-press.net\/senegal\/politique\/maguette-sy-pds-le-conseil-constitutionnel-na-jamais-dit-que-macky-sall-devait-organiser-lelection-avant-le-2-avril","url":"https:\/\/www.africa-press.net\/senegal\/politique\/maguette-sy-pds-le-conseil-constitutionnel-na-jamais-dit-que-macky-sall-devait-organiser-lelection-avant-le-2-avril","name":"Maguette Sy (PDS) : \"Le Conseil constitutionnel n\u2019a jamais dit que Macky Sall devait organiser l\u2019\u00e9lection avant le 2 avril\" - Senegal","isPartOf":{"@id":"https:\/\/www.africa-press.net\/senegal\/#website"},"primaryImageOfPage":{"@id":"https:\/\/www.africa-press.net\/senegal\/politique\/maguette-sy-pds-le-conseil-constitutionnel-na-jamais-dit-que-macky-sall-devait-organiser-lelection-avant-le-2-avril#primaryimage"},"image":{"@id":"https:\/\/www.africa-press.net\/senegal\/politique\/maguette-sy-pds-le-conseil-constitutionnel-na-jamais-dit-que-macky-sall-devait-organiser-lelection-avant-le-2-avril#primaryimage"},"thumbnailUrl":"https:\/\/static.africa-press.net\/senegal\/sites\/13\/2024\/02\/sm_1709168294.847044.jpg","datePublished":"2024-02-28T13:17:34+00:00","dateModified":"2024-02-29T05:30:32+00:00","author":{"@id":"https:\/\/www.africa-press.net\/senegal\/#\/schema\/person\/2b1cf3cd81a31e3cd26889ca66d677f1"},"description":"Plusieurs opposants sont monte\u0301s au cre\u0301neau pour rejeter la date du 2 juin propose\u0301e pour la tenue de la Pre\u0301sidentiell ...","breadcrumb":{"@id":"https:\/\/www.africa-press.net\/senegal\/politique\/maguette-sy-pds-le-conseil-constitutionnel-na-jamais-dit-que-macky-sall-devait-organiser-lelection-avant-le-2-avril#breadcrumb"},"inLanguage":"fr-FR","potentialAction":[{"@type":"ReadAction","target":["https:\/\/www.africa-press.net\/senegal\/politique\/maguette-sy-pds-le-conseil-constitutionnel-na-jamais-dit-que-macky-sall-devait-organiser-lelection-avant-le-2-avril"]}]},{"@type":"ImageObject","inLanguage":"fr-FR","@id":"https:\/\/www.africa-press.net\/senegal\/politique\/maguette-sy-pds-le-conseil-constitutionnel-na-jamais-dit-que-macky-sall-devait-organiser-lelection-avant-le-2-avril#primaryimage","url":"https:\/\/static.africa-press.net\/senegal\/sites\/13\/2024\/02\/sm_1709168294.847044.jpg","contentUrl":"https:\/\/static.africa-press.net\/senegal\/sites\/13\/2024\/02\/sm_1709168294.847044.jpg","width":1186,"height":575,"caption":"Maguette Sy (PDS) : \"Le Conseil constitutionnel n\u2019a jamais dit que Macky Sall devait organiser l\u2019\u00e9lection avant le 2 avril\""},{"@type":"BreadcrumbList","@id":"https:\/\/www.africa-press.net\/senegal\/politique\/maguette-sy-pds-le-conseil-constitutionnel-na-jamais-dit-que-macky-sall-devait-organiser-lelection-avant-le-2-avril#breadcrumb","itemListElement":[{"@type":"ListItem","position":1,"name":"Accueil","item":"https:\/\/www.africa-press.net\/senegal\/"},{"@type":"ListItem","position":2,"name":"Maguette Sy (PDS) : &#8220;Le Conseil constitutionnel n\u2019a jamais dit que Macky Sall devait organiser l\u2019\u00e9lection avant le 2 avril&#8221;"}]},{"@type":"WebSite","@id":"https:\/\/www.africa-press.net\/senegal\/#website","url":"https:\/\/www.africa-press.net\/senegal\/","name":"Africa Press | Senegal | Homepage","description":"Just another Africa News Agency Sites site","potentialAction":[{"@type":"SearchAction","target":{"@type":"EntryPoint","urlTemplate":"https:\/\/www.africa-press.net\/senegal\/?s={search_term_string}"},"query-input":{"@type":"PropertyValueSpecification","valueRequired":true,"valueName":"search_term_string"}}],"inLanguage":"fr-FR"},{"@type":"Person","@id":"https:\/\/www.africa-press.net\/senegal\/#\/schema\/person\/2b1cf3cd81a31e3cd26889ca66d677f1","name":"cfeditorfr","url":"https:\/\/www.africa-press.net\/senegal\/author\/cfeditorfr"}]}},"_links":{"self":[{"href":"https:\/\/www.africa-press.net\/senegal\/wp-json\/wp\/v2\/posts\/56253","targetHints":{"allow":["GET"]}}],"collection":[{"href":"https:\/\/www.africa-press.net\/senegal\/wp-json\/wp\/v2\/posts"}],"about":[{"href":"https:\/\/www.africa-press.net\/senegal\/wp-json\/wp\/v2\/types\/post"}],"author":[{"embeddable":true,"href":"https:\/\/www.africa-press.net\/senegal\/wp-json\/wp\/v2\/users\/82"}],"replies":[{"embeddable":true,"href":"https:\/\/www.africa-press.net\/senegal\/wp-json\/wp\/v2\/comments?post=56253"}],"version-history":[{"count":0,"href":"https:\/\/www.africa-press.net\/senegal\/wp-json\/wp\/v2\/posts\/56253\/revisions"}],"wp:featuredmedia":[{"embeddable":true,"href":"https:\/\/www.africa-press.net\/senegal\/wp-json\/wp\/v2\/media\/56252"}],"wp:attachment":[{"href":"https:\/\/www.africa-press.net\/senegal\/wp-json\/wp\/v2\/media?parent=56253"}],"wp:term":[{"taxonomy":"category","embeddable":true,"href":"https:\/\/www.africa-press.net\/senegal\/wp-json\/wp\/v2\/categories?post=56253"},{"taxonomy":"post_tag","embeddable":true,"href":"https:\/\/www.africa-press.net\/senegal\/wp-json\/wp\/v2\/tags?post=56253"}],"curies":[{"name":"wp","href":"https:\/\/api.w.org\/{rel}","templated":true}]}}