{"id":56256,"date":"2024-02-28T17:20:30","date_gmt":"2024-02-28T17:20:30","guid":{"rendered":"https:\/\/www.africa-press.net\/senegal\/politique\/apres-les-conclusions-du-dialogue-national-lopposition-et-la-societe-civile-contre-attaquent"},"modified":"2024-02-29T05:31:00","modified_gmt":"2024-02-29T05:31:00","slug":"apres-les-conclusions-du-dialogue-national-lopposition-et-la-societe-civile-contre-attaquent","status":"publish","type":"post","link":"https:\/\/www.africa-press.net\/senegal\/politique\/apres-les-conclusions-du-dialogue-national-lopposition-et-la-societe-civile-contre-attaquent","title":{"rendered":"Apr\u00e8s les conclusions du dialogue national : L&rsquo;opposition et la soci\u00e9t\u00e9 civile contre-attaquent"},"content":{"rendered":"<p><span style=\"color: #ff6600\"><strong>Africa-Press &#8211; Senegal. <\/strong><\/span>Le dialogue national initie\u0301 par le pre\u0301sident Macky Sall a pris fin hier mardi a\u0300 Diamniado. Ce mercredi, les candidats re\u0301unis autour du FC25, le F24 et la plateforme Aar Sunu E\u0301lection feront face a\u0300 la presse a\u0300 17 h.<\/p>\n<p>Ces groupes qui re\u0301clament tous la tenue de l&rsquo;e\u0301lection pre\u0301sidentielle avant le 2 avril, date a\u0300 laquelle se termine le mandat du pre\u0301sident Macky Sall, vont certainement se prononcer sur les conclusions du dialogue qu&rsquo;ils ont boycotte\u0301.<\/p>\n<p>Les propositions issues au sortir de ce dialogue national seront pre\u0301sente\u0301es au pre\u0301sident Macky Sall. La date du 2 juin a e\u0301te\u0301 propose\u0301e pour la tenue du scrutin pre\u0301sidentiel. Le processus se poursuivra avec les 19 candidats retenus avec comme condition la re\u0301e\u0301valuation des dossiers des candidats e\u0301carte\u0301s et leur probable re\u0301inte\u0301gration.<\/p>\n<p>En outre, En outre, entre le 2 avril et l&rsquo;installation du nouveau pre\u0301sident e\u0301lu, il a e\u0301te\u0301 propose\u0301 que Macky Sall assure l&rsquo;inte\u0301rim. .<\/p>\n<p><strong>Pour plus d&rsquo;informations et d&rsquo;analyses sur la <a href=\"https:\/\/www.africa-press.net\/senegal\">Senegal<\/a>, suivez <a href=\"https:\/\/www.africa-press.net\/\">Africa-Press<\/a><\/strong><\/p>\n","protected":false},"excerpt":{"rendered":"<p>Africa-Press &#8211; Senegal. Le dialogue national initie\u0301 par le pre\u0301sident Macky Sall a pris fin hier mardi a\u0300 Diamniado. Ce mercredi, les candidats re\u0301unis autour du FC25, le F24 et la plateforme Aar Sunu E\u0301lection feront face a\u0300 la presse a\u0300 17 h. Ces groupes qui re\u0301clament tous la tenue de l&rsquo;e\u0301lection pre\u0301sidentielle avant le [&hellip;]<\/p>\n","protected":false},"author":82,"featured_media":56254,"comment_status":"open","ping_status":"closed","sticky":false,"template":"","format":"standard","meta":{"footnotes":""},"categories":[2,10],"tags":[43,47,44],"class_list":["post-56256","post","type-post","status-publish","format-standard","has-post-thumbnail","hentry","category-politique","category-toutes-les-actualites","tag-africa-press-2","tag-africa-press-senegal","tag-senegal-2"],"yoast_head":"<!-- This site is optimized with the Yoast SEO Premium plugin v26.1 (Yoast SEO v27.0) - https:\/\/yoast.com\/product\/yoast-seo-premium-wordpress\/ -->\n<title>Apr\u00e8s les conclusions du dialogue national : L&#039;opposition et la soci\u00e9t\u00e9 civile contre-attaquent - Senegal<\/title>\n<meta name=\"description\" content=\"Le dialogue national initie\u0301 par le pre\u0301sident Macky Sall a pris fin hier mardi a\u0300 Diamniado. Ce mercredi, les candidats ...\" \/>\n<meta name=\"robots\" content=\"index, follow, max-snippet:-1, max-image-preview:large, max-video-preview:-1\" \/>\n<link rel=\"canonical\" href=\"https:\/\/www.africa-press.net\/senegal\/politique\/apres-les-conclusions-du-dialogue-national-lopposition-et-la-societe-civile-contre-attaquent\" \/>\n<meta property=\"og:locale\" content=\"fr_FR\" \/>\n<meta property=\"og:type\" content=\"article\" \/>\n<meta property=\"og:title\" content=\"Apr\u00e8s les conclusions du dialogue national : L&#039;opposition et la soci\u00e9t\u00e9 civile contre-attaquent\" \/>\n<meta property=\"og:description\" content=\"Le dialogue national initie\u0301 par le pre\u0301sident Macky Sall a pris fin hier mardi a\u0300 Diamniado. Ce mercredi, les candidats ...\" \/>\n<meta property=\"og:url\" content=\"https:\/\/www.africa-press.net\/senegal\/politique\/apres-les-conclusions-du-dialogue-national-lopposition-et-la-societe-civile-contre-attaquent\" \/>\n<meta property=\"og:site_name\" content=\"Senegal\" \/>\n<meta property=\"article:published_time\" content=\"2024-02-28T17:20:30+00:00\" \/>\n<meta property=\"article:modified_time\" content=\"2024-02-29T05:31:00+00:00\" \/>\n<meta property=\"og:image\" content=\"https:\/\/static.africa-press.net\/senegal\/sites\/13\/2024\/02\/sm_1709168313.720673.jpg\" \/>\n\t<meta property=\"og:image:width\" content=\"1308\" \/>\n\t<meta property=\"og:image:height\" content=\"635\" \/>\n\t<meta property=\"og:image:type\" content=\"image\/jpeg\" \/>\n<meta name=\"author\" content=\"cfeditorfr\" \/>\n<meta name=\"twitter:card\" content=\"summary_large_image\" \/>\n<meta name=\"twitter:label1\" content=\"\u00c9crit par\" \/>\n\t<meta name=\"twitter:data1\" content=\"cfeditorfr\" \/>\n\t<meta name=\"twitter:label2\" content=\"Dur\u00e9e de lecture estim\u00e9e\" \/>\n\t<meta name=\"twitter:data2\" content=\"1 minute\" \/>\n<script type=\"application\/ld+json\" class=\"yoast-schema-graph\">{\"@context\":\"https:\/\/schema.org\",\"@graph\":[{\"@type\":\"Article\",\"@id\":\"https:\/\/www.africa-press.net\/senegal\/politique\/apres-les-conclusions-du-dialogue-national-lopposition-et-la-societe-civile-contre-attaquent#article\",\"isPartOf\":{\"@id\":\"https:\/\/www.africa-press.net\/senegal\/politique\/apres-les-conclusions-du-dialogue-national-lopposition-et-la-societe-civile-contre-attaquent\"},\"author\":{\"name\":\"cfeditorfr\",\"@id\":\"https:\/\/www.africa-press.net\/senegal\/#\/schema\/person\/2b1cf3cd81a31e3cd26889ca66d677f1\"},\"headline\":\"Apr\u00e8s les conclusions du dialogue national : L&rsquo;opposition et la soci\u00e9t\u00e9 civile contre-attaquent\",\"datePublished\":\"2024-02-28T17:20:30+00:00\",\"dateModified\":\"2024-02-29T05:31:00+00:00\",\"mainEntityOfPage\":{\"@id\":\"https:\/\/www.africa-press.net\/senegal\/politique\/apres-les-conclusions-du-dialogue-national-lopposition-et-la-societe-civile-contre-attaquent\"},\"wordCount\":204,\"commentCount\":0,\"image\":{\"@id\":\"https:\/\/www.africa-press.net\/senegal\/politique\/apres-les-conclusions-du-dialogue-national-lopposition-et-la-societe-civile-contre-attaquent#primaryimage\"},\"thumbnailUrl\":\"https:\/\/static.africa-press.net\/senegal\/sites\/13\/2024\/02\/sm_1709168313.720673.jpg\",\"keywords\":[\"Africa Press\",\"Africa Press-Senegal\",\"Senegal\"],\"articleSection\":[\"Politique\",\"Toutes les actualit\u00e9s\"],\"inLanguage\":\"fr-FR\",\"potentialAction\":[{\"@type\":\"CommentAction\",\"name\":\"Comment\",\"target\":[\"https:\/\/www.africa-press.net\/senegal\/politique\/apres-les-conclusions-du-dialogue-national-lopposition-et-la-societe-civile-contre-attaquent#respond\"]}]},{\"@type\":\"WebPage\",\"@id\":\"https:\/\/www.africa-press.net\/senegal\/politique\/apres-les-conclusions-du-dialogue-national-lopposition-et-la-societe-civile-contre-attaquent\",\"url\":\"https:\/\/www.africa-press.net\/senegal\/politique\/apres-les-conclusions-du-dialogue-national-lopposition-et-la-societe-civile-contre-attaquent\",\"name\":\"Apr\u00e8s les conclusions du dialogue national : L'opposition et la soci\u00e9t\u00e9 civile contre-attaquent - Senegal\",\"isPartOf\":{\"@id\":\"https:\/\/www.africa-press.net\/senegal\/#website\"},\"primaryImageOfPage\":{\"@id\":\"https:\/\/www.africa-press.net\/senegal\/politique\/apres-les-conclusions-du-dialogue-national-lopposition-et-la-societe-civile-contre-attaquent#primaryimage\"},\"image\":{\"@id\":\"https:\/\/www.africa-press.net\/senegal\/politique\/apres-les-conclusions-du-dialogue-national-lopposition-et-la-societe-civile-contre-attaquent#primaryimage\"},\"thumbnailUrl\":\"https:\/\/static.africa-press.net\/senegal\/sites\/13\/2024\/02\/sm_1709168313.720673.jpg\",\"datePublished\":\"2024-02-28T17:20:30+00:00\",\"dateModified\":\"2024-02-29T05:31:00+00:00\",\"author\":{\"@id\":\"https:\/\/www.africa-press.net\/senegal\/#\/schema\/person\/2b1cf3cd81a31e3cd26889ca66d677f1\"},\"description\":\"Le dialogue national initie\u0301 par le pre\u0301sident Macky Sall a pris fin hier mardi a\u0300 Diamniado. Ce mercredi, les candidats ...\",\"breadcrumb\":{\"@id\":\"https:\/\/www.africa-press.net\/senegal\/politique\/apres-les-conclusions-du-dialogue-national-lopposition-et-la-societe-civile-contre-attaquent#breadcrumb\"},\"inLanguage\":\"fr-FR\",\"potentialAction\":[{\"@type\":\"ReadAction\",\"target\":[\"https:\/\/www.africa-press.net\/senegal\/politique\/apres-les-conclusions-du-dialogue-national-lopposition-et-la-societe-civile-contre-attaquent\"]}]},{\"@type\":\"ImageObject\",\"inLanguage\":\"fr-FR\",\"@id\":\"https:\/\/www.africa-press.net\/senegal\/politique\/apres-les-conclusions-du-dialogue-national-lopposition-et-la-societe-civile-contre-attaquent#primaryimage\",\"url\":\"https:\/\/static.africa-press.net\/senegal\/sites\/13\/2024\/02\/sm_1709168313.720673.jpg\",\"contentUrl\":\"https:\/\/static.africa-press.net\/senegal\/sites\/13\/2024\/02\/sm_1709168313.720673.jpg\",\"width\":1308,\"height\":635,\"caption\":\"Apr\u00e8s les conclusions du dialogue national : L'opposition et la soci\u00e9t\u00e9 civile contre-attaquent\"},{\"@type\":\"BreadcrumbList\",\"@id\":\"https:\/\/www.africa-press.net\/senegal\/politique\/apres-les-conclusions-du-dialogue-national-lopposition-et-la-societe-civile-contre-attaquent#breadcrumb\",\"itemListElement\":[{\"@type\":\"ListItem\",\"position\":1,\"name\":\"Accueil\",\"item\":\"https:\/\/www.africa-press.net\/senegal\/\"},{\"@type\":\"ListItem\",\"position\":2,\"name\":\"Apr\u00e8s les conclusions du dialogue national : L&#8217;opposition et la soci\u00e9t\u00e9 civile contre-attaquent\"}]},{\"@type\":\"WebSite\",\"@id\":\"https:\/\/www.africa-press.net\/senegal\/#website\",\"url\":\"https:\/\/www.africa-press.net\/senegal\/\",\"name\":\"Africa Press | Senegal | Homepage\",\"description\":\"Just another Africa News Agency Sites site\",\"potentialAction\":[{\"@type\":\"SearchAction\",\"target\":{\"@type\":\"EntryPoint\",\"urlTemplate\":\"https:\/\/www.africa-press.net\/senegal\/?s={search_term_string}\"},\"query-input\":{\"@type\":\"PropertyValueSpecification\",\"valueRequired\":true,\"valueName\":\"search_term_string\"}}],\"inLanguage\":\"fr-FR\"},{\"@type\":\"Person\",\"@id\":\"https:\/\/www.africa-press.net\/senegal\/#\/schema\/person\/2b1cf3cd81a31e3cd26889ca66d677f1\",\"name\":\"cfeditorfr\",\"url\":\"https:\/\/www.africa-press.net\/senegal\/author\/cfeditorfr\"}]}<\/script>\n<!-- \/ Yoast SEO Premium plugin. -->","yoast_head_json":{"title":"Apr\u00e8s les conclusions du dialogue national : L'opposition et la soci\u00e9t\u00e9 civile contre-attaquent - Senegal","description":"Le dialogue national initie\u0301 par le pre\u0301sident Macky Sall a pris fin hier mardi a\u0300 Diamniado. Ce mercredi, les candidats ...","robots":{"index":"index","follow":"follow","max-snippet":"max-snippet:-1","max-image-preview":"max-image-preview:large","max-video-preview":"max-video-preview:-1"},"canonical":"https:\/\/www.africa-press.net\/senegal\/politique\/apres-les-conclusions-du-dialogue-national-lopposition-et-la-societe-civile-contre-attaquent","og_locale":"fr_FR","og_type":"article","og_title":"Apr\u00e8s les conclusions du dialogue national : L'opposition et la soci\u00e9t\u00e9 civile contre-attaquent","og_description":"Le dialogue national initie\u0301 par le pre\u0301sident Macky Sall a pris fin hier mardi a\u0300 Diamniado. Ce mercredi, les candidats ...","og_url":"https:\/\/www.africa-press.net\/senegal\/politique\/apres-les-conclusions-du-dialogue-national-lopposition-et-la-societe-civile-contre-attaquent","og_site_name":"Senegal","article_published_time":"2024-02-28T17:20:30+00:00","article_modified_time":"2024-02-29T05:31:00+00:00","og_image":[{"width":1308,"height":635,"url":"https:\/\/static.africa-press.net\/senegal\/sites\/13\/2024\/02\/sm_1709168313.720673.jpg","type":"image\/jpeg"}],"author":"cfeditorfr","twitter_card":"summary_large_image","twitter_misc":{"\u00c9crit par":"cfeditorfr","Dur\u00e9e de lecture estim\u00e9e":"1 minute"},"schema":{"@context":"https:\/\/schema.org","@graph":[{"@type":"Article","@id":"https:\/\/www.africa-press.net\/senegal\/politique\/apres-les-conclusions-du-dialogue-national-lopposition-et-la-societe-civile-contre-attaquent#article","isPartOf":{"@id":"https:\/\/www.africa-press.net\/senegal\/politique\/apres-les-conclusions-du-dialogue-national-lopposition-et-la-societe-civile-contre-attaquent"},"author":{"name":"cfeditorfr","@id":"https:\/\/www.africa-press.net\/senegal\/#\/schema\/person\/2b1cf3cd81a31e3cd26889ca66d677f1"},"headline":"Apr\u00e8s les conclusions du dialogue national : L&rsquo;opposition et la soci\u00e9t\u00e9 civile contre-attaquent","datePublished":"2024-02-28T17:20:30+00:00","dateModified":"2024-02-29T05:31:00+00:00","mainEntityOfPage":{"@id":"https:\/\/www.africa-press.net\/senegal\/politique\/apres-les-conclusions-du-dialogue-national-lopposition-et-la-societe-civile-contre-attaquent"},"wordCount":204,"commentCount":0,"image":{"@id":"https:\/\/www.africa-press.net\/senegal\/politique\/apres-les-conclusions-du-dialogue-national-lopposition-et-la-societe-civile-contre-attaquent#primaryimage"},"thumbnailUrl":"https:\/\/static.africa-press.net\/senegal\/sites\/13\/2024\/02\/sm_1709168313.720673.jpg","keywords":["Africa Press","Africa Press-Senegal","Senegal"],"articleSection":["Politique","Toutes les actualit\u00e9s"],"inLanguage":"fr-FR","potentialAction":[{"@type":"CommentAction","name":"Comment","target":["https:\/\/www.africa-press.net\/senegal\/politique\/apres-les-conclusions-du-dialogue-national-lopposition-et-la-societe-civile-contre-attaquent#respond"]}]},{"@type":"WebPage","@id":"https:\/\/www.africa-press.net\/senegal\/politique\/apres-les-conclusions-du-dialogue-national-lopposition-et-la-societe-civile-contre-attaquent","url":"https:\/\/www.africa-press.net\/senegal\/politique\/apres-les-conclusions-du-dialogue-national-lopposition-et-la-societe-civile-contre-attaquent","name":"Apr\u00e8s les conclusions du dialogue national : L'opposition et la soci\u00e9t\u00e9 civile contre-attaquent - Senegal","isPartOf":{"@id":"https:\/\/www.africa-press.net\/senegal\/#website"},"primaryImageOfPage":{"@id":"https:\/\/www.africa-press.net\/senegal\/politique\/apres-les-conclusions-du-dialogue-national-lopposition-et-la-societe-civile-contre-attaquent#primaryimage"},"image":{"@id":"https:\/\/www.africa-press.net\/senegal\/politique\/apres-les-conclusions-du-dialogue-national-lopposition-et-la-societe-civile-contre-attaquent#primaryimage"},"thumbnailUrl":"https:\/\/static.africa-press.net\/senegal\/sites\/13\/2024\/02\/sm_1709168313.720673.jpg","datePublished":"2024-02-28T17:20:30+00:00","dateModified":"2024-02-29T05:31:00+00:00","author":{"@id":"https:\/\/www.africa-press.net\/senegal\/#\/schema\/person\/2b1cf3cd81a31e3cd26889ca66d677f1"},"description":"Le dialogue national initie\u0301 par le pre\u0301sident Macky Sall a pris fin hier mardi a\u0300 Diamniado. Ce mercredi, les candidats ...","breadcrumb":{"@id":"https:\/\/www.africa-press.net\/senegal\/politique\/apres-les-conclusions-du-dialogue-national-lopposition-et-la-societe-civile-contre-attaquent#breadcrumb"},"inLanguage":"fr-FR","potentialAction":[{"@type":"ReadAction","target":["https:\/\/www.africa-press.net\/senegal\/politique\/apres-les-conclusions-du-dialogue-national-lopposition-et-la-societe-civile-contre-attaquent"]}]},{"@type":"ImageObject","inLanguage":"fr-FR","@id":"https:\/\/www.africa-press.net\/senegal\/politique\/apres-les-conclusions-du-dialogue-national-lopposition-et-la-societe-civile-contre-attaquent#primaryimage","url":"https:\/\/static.africa-press.net\/senegal\/sites\/13\/2024\/02\/sm_1709168313.720673.jpg","contentUrl":"https:\/\/static.africa-press.net\/senegal\/sites\/13\/2024\/02\/sm_1709168313.720673.jpg","width":1308,"height":635,"caption":"Apr\u00e8s les conclusions du dialogue national : L'opposition et la soci\u00e9t\u00e9 civile contre-attaquent"},{"@type":"BreadcrumbList","@id":"https:\/\/www.africa-press.net\/senegal\/politique\/apres-les-conclusions-du-dialogue-national-lopposition-et-la-societe-civile-contre-attaquent#breadcrumb","itemListElement":[{"@type":"ListItem","position":1,"name":"Accueil","item":"https:\/\/www.africa-press.net\/senegal\/"},{"@type":"ListItem","position":2,"name":"Apr\u00e8s les conclusions du dialogue national : L&#8217;opposition et la soci\u00e9t\u00e9 civile contre-attaquent"}]},{"@type":"WebSite","@id":"https:\/\/www.africa-press.net\/senegal\/#website","url":"https:\/\/www.africa-press.net\/senegal\/","name":"Africa Press | Senegal | Homepage","description":"Just another Africa News Agency Sites site","potentialAction":[{"@type":"SearchAction","target":{"@type":"EntryPoint","urlTemplate":"https:\/\/www.africa-press.net\/senegal\/?s={search_term_string}"},"query-input":{"@type":"PropertyValueSpecification","valueRequired":true,"valueName":"search_term_string"}}],"inLanguage":"fr-FR"},{"@type":"Person","@id":"https:\/\/www.africa-press.net\/senegal\/#\/schema\/person\/2b1cf3cd81a31e3cd26889ca66d677f1","name":"cfeditorfr","url":"https:\/\/www.africa-press.net\/senegal\/author\/cfeditorfr"}]}},"_links":{"self":[{"href":"https:\/\/www.africa-press.net\/senegal\/wp-json\/wp\/v2\/posts\/56256","targetHints":{"allow":["GET"]}}],"collection":[{"href":"https:\/\/www.africa-press.net\/senegal\/wp-json\/wp\/v2\/posts"}],"about":[{"href":"https:\/\/www.africa-press.net\/senegal\/wp-json\/wp\/v2\/types\/post"}],"author":[{"embeddable":true,"href":"https:\/\/www.africa-press.net\/senegal\/wp-json\/wp\/v2\/users\/82"}],"replies":[{"embeddable":true,"href":"https:\/\/www.africa-press.net\/senegal\/wp-json\/wp\/v2\/comments?post=56256"}],"version-history":[{"count":0,"href":"https:\/\/www.africa-press.net\/senegal\/wp-json\/wp\/v2\/posts\/56256\/revisions"}],"wp:featuredmedia":[{"embeddable":true,"href":"https:\/\/www.africa-press.net\/senegal\/wp-json\/wp\/v2\/media\/56254"}],"wp:attachment":[{"href":"https:\/\/www.africa-press.net\/senegal\/wp-json\/wp\/v2\/media?parent=56256"}],"wp:term":[{"taxonomy":"category","embeddable":true,"href":"https:\/\/www.africa-press.net\/senegal\/wp-json\/wp\/v2\/categories?post=56256"},{"taxonomy":"post_tag","embeddable":true,"href":"https:\/\/www.africa-press.net\/senegal\/wp-json\/wp\/v2\/tags?post=56256"}],"curies":[{"name":"wp","href":"https:\/\/api.w.org\/{rel}","templated":true}]}}