{"id":56291,"date":"2024-03-01T20:45:39","date_gmt":"2024-03-01T20:45:39","guid":{"rendered":"https:\/\/www.africa-press.net\/senegal\/politique\/agression-de-maimouna-ndour-faye-forte-mobilisation-de-journalistes-devant-les-locaux-de-la-7tv-des-voix-selevent"},"modified":"2024-03-02T01:25:33","modified_gmt":"2024-03-02T01:25:33","slug":"agression-de-maimouna-ndour-faye-forte-mobilisation-de-journalistes-devant-les-locaux-de-la-7tv-des-voix-selevent","status":"publish","type":"post","link":"https:\/\/www.africa-press.net\/senegal\/politique\/agression-de-maimouna-ndour-faye-forte-mobilisation-de-journalistes-devant-les-locaux-de-la-7tv-des-voix-selevent","title":{"rendered":"Agression de Maimouna Ndour Faye : Forte mobilisation de journalistes devant les locaux de la 7TV, des voix s&rsquo;\u00e9l\u00e8vent"},"content":{"rendered":"<p><span style=\"color: #ff6600\"><strong>Africa-Press &#8211; Senegal. <\/strong><\/span>Des journalistes, des doyens de la presse, des ministres, des membres de l&rsquo;opposition et de la socie\u0301te\u0301 civile e\u0301taient en masse ce vendredi 1er mars devant les locaux de la 7TV, pour exprimer leur solidarite\u0301 a\u0300 la patronne de presse Maimouna Ndour Faye sauvagement agresse\u0301e.<\/p>\n<p>A\u0300 cette occasion, la Coordination des associations de presse (CAP) a de\u0301nonce\u0301 fermement cette violence exerce\u0301e sur la DG de la 7TV et exige que la lumie\u0300re soit faite sur cette agression dans les plus brefs de\u0301lais.<\/p>\n<p>Les journalistes de la 7TV ont, pour leur part, magnifie\u0301 la solidarite\u0301 dont la presse a fait preuve. Dans sa prise de parole, Daouda Diouf de la RFM a de\u0301nonce\u0301 ces violences re\u0301pe\u0301titives exerce\u0301es sur les journalistes. Dans ce sens, il invite les journalistes a\u0300 prendre ce combat a\u0300 bras le corps, s&rsquo;il le faut me\u0302me \u00ab\u00a0organiser des journe\u0301es sans presse\u00a0\u00bb pour dire \u00ab\u00a0assez\u00a0\u00bb a\u0300 cette violence.<\/p>\n<p>Migui Marame Ndiaye, pre\u0301sident de la Convention des jeunes reporters, a aussi de\u0301nonce\u0301 cette violence inexplicable et re\u0301pe\u0301titive sur les journalistes se\u0301ne\u0301galais. Il a, par la suite, passe\u0301 la parole a\u0300 Absa Hann qui, a\u0300 son tour, est revenue sur son agression lors des dernie\u0300res manifestations. La journaliste de Seneweb a condamne\u0301 vigoureusement cet acte ignoble sur elle-me\u0302me et sur sa cons\u0153ur Maimouna Ndour Faye.<\/p>\n<p>Ainsi, elle appelle a\u0300 l&rsquo;union sacre\u0301e des journalistes pour mettre fin a\u0300 ces agressions, tout en invitant les reporters a\u0300 plus de prudence sur le terrain et dans le traitement de l&rsquo;information. Elle a aussi plaide\u0301 pour la se\u0301curite\u0301 des femmes journalistes au Se\u0301ne\u0301gal.<\/p>\n<p><strong>Pour plus d&rsquo;informations et d&rsquo;analyses sur la <a href=\"https:\/\/www.africa-press.net\/senegal\">Senegal<\/a>, suivez <a href=\"https:\/\/www.africa-press.net\/\">Africa-Press<\/a><\/strong><\/p>\n","protected":false},"excerpt":{"rendered":"<p>Africa-Press &#8211; Senegal. Des journalistes, des doyens de la presse, des ministres, des membres de l&rsquo;opposition et de la socie\u0301te\u0301 civile e\u0301taient en masse ce vendredi 1er mars devant les locaux de la 7TV, pour exprimer leur solidarite\u0301 a\u0300 la patronne de presse Maimouna Ndour Faye sauvagement agresse\u0301e. A\u0300 cette occasion, la Coordination des associations [&hellip;]<\/p>\n","protected":false},"author":82,"featured_media":56290,"comment_status":"open","ping_status":"closed","sticky":false,"template":"","format":"standard","meta":{"footnotes":""},"categories":[2,10],"tags":[43,47,44],"class_list":["post-56291","post","type-post","status-publish","format-standard","has-post-thumbnail","hentry","category-politique","category-toutes-les-actualites","tag-africa-press-2","tag-africa-press-senegal","tag-senegal-2"],"yoast_head":"<!-- This site is optimized with the Yoast SEO Premium plugin v26.1 (Yoast SEO v27.0) - https:\/\/yoast.com\/product\/yoast-seo-premium-wordpress\/ -->\n<title>Agression de Maimouna Ndour Faye : Forte mobilisation de journalistes devant les locaux de la 7TV, des voix s&#039;\u00e9l\u00e8vent - Senegal<\/title>\n<meta name=\"description\" content=\"Des journalistes, des doyens de la presse, des ministres, des membres de l&#039;opposition et de la socie\u0301te\u0301 civile e\u0301taient ...\" \/>\n<meta name=\"robots\" content=\"index, follow, max-snippet:-1, max-image-preview:large, max-video-preview:-1\" \/>\n<link rel=\"canonical\" href=\"https:\/\/www.africa-press.net\/senegal\/politique\/agression-de-maimouna-ndour-faye-forte-mobilisation-de-journalistes-devant-les-locaux-de-la-7tv-des-voix-selevent\" \/>\n<meta property=\"og:locale\" content=\"fr_FR\" \/>\n<meta property=\"og:type\" content=\"article\" \/>\n<meta property=\"og:title\" content=\"Agression de Maimouna Ndour Faye : Forte mobilisation de journalistes devant les locaux de la 7TV, des voix s&#039;\u00e9l\u00e8vent\" \/>\n<meta property=\"og:description\" content=\"Des journalistes, des doyens de la presse, des ministres, des membres de l&#039;opposition et de la socie\u0301te\u0301 civile e\u0301taient ...\" \/>\n<meta property=\"og:url\" content=\"https:\/\/www.africa-press.net\/senegal\/politique\/agression-de-maimouna-ndour-faye-forte-mobilisation-de-journalistes-devant-les-locaux-de-la-7tv-des-voix-selevent\" \/>\n<meta property=\"og:site_name\" content=\"Senegal\" \/>\n<meta property=\"article:published_time\" content=\"2024-03-01T20:45:39+00:00\" \/>\n<meta property=\"article:modified_time\" content=\"2024-03-02T01:25:33+00:00\" \/>\n<meta property=\"og:image\" content=\"https:\/\/static.africa-press.net\/senegal\/sites\/13\/2024\/03\/sm_1709326445.380594.jpg\" \/>\n\t<meta property=\"og:image:width\" content=\"1297\" \/>\n\t<meta property=\"og:image:height\" content=\"586\" \/>\n\t<meta property=\"og:image:type\" content=\"image\/jpeg\" \/>\n<meta name=\"author\" content=\"cfeditorfr\" \/>\n<meta name=\"twitter:card\" content=\"summary_large_image\" \/>\n<meta name=\"twitter:label1\" content=\"\u00c9crit par\" \/>\n\t<meta name=\"twitter:data1\" content=\"cfeditorfr\" \/>\n\t<meta name=\"twitter:label2\" content=\"Dur\u00e9e de lecture estim\u00e9e\" \/>\n\t<meta name=\"twitter:data2\" content=\"1 minute\" \/>\n<script type=\"application\/ld+json\" class=\"yoast-schema-graph\">{\"@context\":\"https:\/\/schema.org\",\"@graph\":[{\"@type\":\"Article\",\"@id\":\"https:\/\/www.africa-press.net\/senegal\/politique\/agression-de-maimouna-ndour-faye-forte-mobilisation-de-journalistes-devant-les-locaux-de-la-7tv-des-voix-selevent#article\",\"isPartOf\":{\"@id\":\"https:\/\/www.africa-press.net\/senegal\/politique\/agression-de-maimouna-ndour-faye-forte-mobilisation-de-journalistes-devant-les-locaux-de-la-7tv-des-voix-selevent\"},\"author\":{\"name\":\"cfeditorfr\",\"@id\":\"https:\/\/www.africa-press.net\/senegal\/#\/schema\/person\/2b1cf3cd81a31e3cd26889ca66d677f1\"},\"headline\":\"Agression de Maimouna Ndour Faye : Forte mobilisation de journalistes devant les locaux de la 7TV, des voix s&rsquo;\u00e9l\u00e8vent\",\"datePublished\":\"2024-03-01T20:45:39+00:00\",\"dateModified\":\"2024-03-02T01:25:33+00:00\",\"mainEntityOfPage\":{\"@id\":\"https:\/\/www.africa-press.net\/senegal\/politique\/agression-de-maimouna-ndour-faye-forte-mobilisation-de-journalistes-devant-les-locaux-de-la-7tv-des-voix-selevent\"},\"wordCount\":323,\"commentCount\":0,\"image\":{\"@id\":\"https:\/\/www.africa-press.net\/senegal\/politique\/agression-de-maimouna-ndour-faye-forte-mobilisation-de-journalistes-devant-les-locaux-de-la-7tv-des-voix-selevent#primaryimage\"},\"thumbnailUrl\":\"https:\/\/static.africa-press.net\/senegal\/sites\/13\/2024\/03\/sm_1709326445.380594.jpg\",\"keywords\":[\"Africa Press\",\"Africa Press-Senegal\",\"Senegal\"],\"articleSection\":[\"Politique\",\"Toutes les actualit\u00e9s\"],\"inLanguage\":\"fr-FR\",\"potentialAction\":[{\"@type\":\"CommentAction\",\"name\":\"Comment\",\"target\":[\"https:\/\/www.africa-press.net\/senegal\/politique\/agression-de-maimouna-ndour-faye-forte-mobilisation-de-journalistes-devant-les-locaux-de-la-7tv-des-voix-selevent#respond\"]}]},{\"@type\":\"WebPage\",\"@id\":\"https:\/\/www.africa-press.net\/senegal\/politique\/agression-de-maimouna-ndour-faye-forte-mobilisation-de-journalistes-devant-les-locaux-de-la-7tv-des-voix-selevent\",\"url\":\"https:\/\/www.africa-press.net\/senegal\/politique\/agression-de-maimouna-ndour-faye-forte-mobilisation-de-journalistes-devant-les-locaux-de-la-7tv-des-voix-selevent\",\"name\":\"Agression de Maimouna Ndour Faye : Forte mobilisation de journalistes devant les locaux de la 7TV, des voix s'\u00e9l\u00e8vent - Senegal\",\"isPartOf\":{\"@id\":\"https:\/\/www.africa-press.net\/senegal\/#website\"},\"primaryImageOfPage\":{\"@id\":\"https:\/\/www.africa-press.net\/senegal\/politique\/agression-de-maimouna-ndour-faye-forte-mobilisation-de-journalistes-devant-les-locaux-de-la-7tv-des-voix-selevent#primaryimage\"},\"image\":{\"@id\":\"https:\/\/www.africa-press.net\/senegal\/politique\/agression-de-maimouna-ndour-faye-forte-mobilisation-de-journalistes-devant-les-locaux-de-la-7tv-des-voix-selevent#primaryimage\"},\"thumbnailUrl\":\"https:\/\/static.africa-press.net\/senegal\/sites\/13\/2024\/03\/sm_1709326445.380594.jpg\",\"datePublished\":\"2024-03-01T20:45:39+00:00\",\"dateModified\":\"2024-03-02T01:25:33+00:00\",\"author\":{\"@id\":\"https:\/\/www.africa-press.net\/senegal\/#\/schema\/person\/2b1cf3cd81a31e3cd26889ca66d677f1\"},\"description\":\"Des journalistes, des doyens de la presse, des ministres, des membres de l'opposition et de la socie\u0301te\u0301 civile e\u0301taient ...\",\"breadcrumb\":{\"@id\":\"https:\/\/www.africa-press.net\/senegal\/politique\/agression-de-maimouna-ndour-faye-forte-mobilisation-de-journalistes-devant-les-locaux-de-la-7tv-des-voix-selevent#breadcrumb\"},\"inLanguage\":\"fr-FR\",\"potentialAction\":[{\"@type\":\"ReadAction\",\"target\":[\"https:\/\/www.africa-press.net\/senegal\/politique\/agression-de-maimouna-ndour-faye-forte-mobilisation-de-journalistes-devant-les-locaux-de-la-7tv-des-voix-selevent\"]}]},{\"@type\":\"ImageObject\",\"inLanguage\":\"fr-FR\",\"@id\":\"https:\/\/www.africa-press.net\/senegal\/politique\/agression-de-maimouna-ndour-faye-forte-mobilisation-de-journalistes-devant-les-locaux-de-la-7tv-des-voix-selevent#primaryimage\",\"url\":\"https:\/\/static.africa-press.net\/senegal\/sites\/13\/2024\/03\/sm_1709326445.380594.jpg\",\"contentUrl\":\"https:\/\/static.africa-press.net\/senegal\/sites\/13\/2024\/03\/sm_1709326445.380594.jpg\",\"width\":1297,\"height\":586,\"caption\":\"Agression de Maimouna Ndour Faye : Forte mobilisation de journalistes devant les locaux de la 7TV, des voix s'\u00e9l\u00e8vent\"},{\"@type\":\"BreadcrumbList\",\"@id\":\"https:\/\/www.africa-press.net\/senegal\/politique\/agression-de-maimouna-ndour-faye-forte-mobilisation-de-journalistes-devant-les-locaux-de-la-7tv-des-voix-selevent#breadcrumb\",\"itemListElement\":[{\"@type\":\"ListItem\",\"position\":1,\"name\":\"Accueil\",\"item\":\"https:\/\/www.africa-press.net\/senegal\/\"},{\"@type\":\"ListItem\",\"position\":2,\"name\":\"Agression de Maimouna Ndour Faye : Forte mobilisation de journalistes devant les locaux de la 7TV, des voix s&#8217;\u00e9l\u00e8vent\"}]},{\"@type\":\"WebSite\",\"@id\":\"https:\/\/www.africa-press.net\/senegal\/#website\",\"url\":\"https:\/\/www.africa-press.net\/senegal\/\",\"name\":\"Africa Press | Senegal | Homepage\",\"description\":\"Just another Africa News Agency Sites site\",\"potentialAction\":[{\"@type\":\"SearchAction\",\"target\":{\"@type\":\"EntryPoint\",\"urlTemplate\":\"https:\/\/www.africa-press.net\/senegal\/?s={search_term_string}\"},\"query-input\":{\"@type\":\"PropertyValueSpecification\",\"valueRequired\":true,\"valueName\":\"search_term_string\"}}],\"inLanguage\":\"fr-FR\"},{\"@type\":\"Person\",\"@id\":\"https:\/\/www.africa-press.net\/senegal\/#\/schema\/person\/2b1cf3cd81a31e3cd26889ca66d677f1\",\"name\":\"cfeditorfr\",\"url\":\"https:\/\/www.africa-press.net\/senegal\/author\/cfeditorfr\"}]}<\/script>\n<!-- \/ Yoast SEO Premium plugin. -->","yoast_head_json":{"title":"Agression de Maimouna Ndour Faye : Forte mobilisation de journalistes devant les locaux de la 7TV, des voix s'\u00e9l\u00e8vent - Senegal","description":"Des journalistes, des doyens de la presse, des ministres, des membres de l'opposition et de la socie\u0301te\u0301 civile e\u0301taient ...","robots":{"index":"index","follow":"follow","max-snippet":"max-snippet:-1","max-image-preview":"max-image-preview:large","max-video-preview":"max-video-preview:-1"},"canonical":"https:\/\/www.africa-press.net\/senegal\/politique\/agression-de-maimouna-ndour-faye-forte-mobilisation-de-journalistes-devant-les-locaux-de-la-7tv-des-voix-selevent","og_locale":"fr_FR","og_type":"article","og_title":"Agression de Maimouna Ndour Faye : Forte mobilisation de journalistes devant les locaux de la 7TV, des voix s'\u00e9l\u00e8vent","og_description":"Des journalistes, des doyens de la presse, des ministres, des membres de l'opposition et de la socie\u0301te\u0301 civile e\u0301taient ...","og_url":"https:\/\/www.africa-press.net\/senegal\/politique\/agression-de-maimouna-ndour-faye-forte-mobilisation-de-journalistes-devant-les-locaux-de-la-7tv-des-voix-selevent","og_site_name":"Senegal","article_published_time":"2024-03-01T20:45:39+00:00","article_modified_time":"2024-03-02T01:25:33+00:00","og_image":[{"width":1297,"height":586,"url":"https:\/\/static.africa-press.net\/senegal\/sites\/13\/2024\/03\/sm_1709326445.380594.jpg","type":"image\/jpeg"}],"author":"cfeditorfr","twitter_card":"summary_large_image","twitter_misc":{"\u00c9crit par":"cfeditorfr","Dur\u00e9e de lecture estim\u00e9e":"1 minute"},"schema":{"@context":"https:\/\/schema.org","@graph":[{"@type":"Article","@id":"https:\/\/www.africa-press.net\/senegal\/politique\/agression-de-maimouna-ndour-faye-forte-mobilisation-de-journalistes-devant-les-locaux-de-la-7tv-des-voix-selevent#article","isPartOf":{"@id":"https:\/\/www.africa-press.net\/senegal\/politique\/agression-de-maimouna-ndour-faye-forte-mobilisation-de-journalistes-devant-les-locaux-de-la-7tv-des-voix-selevent"},"author":{"name":"cfeditorfr","@id":"https:\/\/www.africa-press.net\/senegal\/#\/schema\/person\/2b1cf3cd81a31e3cd26889ca66d677f1"},"headline":"Agression de Maimouna Ndour Faye : Forte mobilisation de journalistes devant les locaux de la 7TV, des voix s&rsquo;\u00e9l\u00e8vent","datePublished":"2024-03-01T20:45:39+00:00","dateModified":"2024-03-02T01:25:33+00:00","mainEntityOfPage":{"@id":"https:\/\/www.africa-press.net\/senegal\/politique\/agression-de-maimouna-ndour-faye-forte-mobilisation-de-journalistes-devant-les-locaux-de-la-7tv-des-voix-selevent"},"wordCount":323,"commentCount":0,"image":{"@id":"https:\/\/www.africa-press.net\/senegal\/politique\/agression-de-maimouna-ndour-faye-forte-mobilisation-de-journalistes-devant-les-locaux-de-la-7tv-des-voix-selevent#primaryimage"},"thumbnailUrl":"https:\/\/static.africa-press.net\/senegal\/sites\/13\/2024\/03\/sm_1709326445.380594.jpg","keywords":["Africa Press","Africa Press-Senegal","Senegal"],"articleSection":["Politique","Toutes les actualit\u00e9s"],"inLanguage":"fr-FR","potentialAction":[{"@type":"CommentAction","name":"Comment","target":["https:\/\/www.africa-press.net\/senegal\/politique\/agression-de-maimouna-ndour-faye-forte-mobilisation-de-journalistes-devant-les-locaux-de-la-7tv-des-voix-selevent#respond"]}]},{"@type":"WebPage","@id":"https:\/\/www.africa-press.net\/senegal\/politique\/agression-de-maimouna-ndour-faye-forte-mobilisation-de-journalistes-devant-les-locaux-de-la-7tv-des-voix-selevent","url":"https:\/\/www.africa-press.net\/senegal\/politique\/agression-de-maimouna-ndour-faye-forte-mobilisation-de-journalistes-devant-les-locaux-de-la-7tv-des-voix-selevent","name":"Agression de Maimouna Ndour Faye : Forte mobilisation de journalistes devant les locaux de la 7TV, des voix s'\u00e9l\u00e8vent - Senegal","isPartOf":{"@id":"https:\/\/www.africa-press.net\/senegal\/#website"},"primaryImageOfPage":{"@id":"https:\/\/www.africa-press.net\/senegal\/politique\/agression-de-maimouna-ndour-faye-forte-mobilisation-de-journalistes-devant-les-locaux-de-la-7tv-des-voix-selevent#primaryimage"},"image":{"@id":"https:\/\/www.africa-press.net\/senegal\/politique\/agression-de-maimouna-ndour-faye-forte-mobilisation-de-journalistes-devant-les-locaux-de-la-7tv-des-voix-selevent#primaryimage"},"thumbnailUrl":"https:\/\/static.africa-press.net\/senegal\/sites\/13\/2024\/03\/sm_1709326445.380594.jpg","datePublished":"2024-03-01T20:45:39+00:00","dateModified":"2024-03-02T01:25:33+00:00","author":{"@id":"https:\/\/www.africa-press.net\/senegal\/#\/schema\/person\/2b1cf3cd81a31e3cd26889ca66d677f1"},"description":"Des journalistes, des doyens de la presse, des ministres, des membres de l'opposition et de la socie\u0301te\u0301 civile e\u0301taient ...","breadcrumb":{"@id":"https:\/\/www.africa-press.net\/senegal\/politique\/agression-de-maimouna-ndour-faye-forte-mobilisation-de-journalistes-devant-les-locaux-de-la-7tv-des-voix-selevent#breadcrumb"},"inLanguage":"fr-FR","potentialAction":[{"@type":"ReadAction","target":["https:\/\/www.africa-press.net\/senegal\/politique\/agression-de-maimouna-ndour-faye-forte-mobilisation-de-journalistes-devant-les-locaux-de-la-7tv-des-voix-selevent"]}]},{"@type":"ImageObject","inLanguage":"fr-FR","@id":"https:\/\/www.africa-press.net\/senegal\/politique\/agression-de-maimouna-ndour-faye-forte-mobilisation-de-journalistes-devant-les-locaux-de-la-7tv-des-voix-selevent#primaryimage","url":"https:\/\/static.africa-press.net\/senegal\/sites\/13\/2024\/03\/sm_1709326445.380594.jpg","contentUrl":"https:\/\/static.africa-press.net\/senegal\/sites\/13\/2024\/03\/sm_1709326445.380594.jpg","width":1297,"height":586,"caption":"Agression de Maimouna Ndour Faye : Forte mobilisation de journalistes devant les locaux de la 7TV, des voix s'\u00e9l\u00e8vent"},{"@type":"BreadcrumbList","@id":"https:\/\/www.africa-press.net\/senegal\/politique\/agression-de-maimouna-ndour-faye-forte-mobilisation-de-journalistes-devant-les-locaux-de-la-7tv-des-voix-selevent#breadcrumb","itemListElement":[{"@type":"ListItem","position":1,"name":"Accueil","item":"https:\/\/www.africa-press.net\/senegal\/"},{"@type":"ListItem","position":2,"name":"Agression de Maimouna Ndour Faye : Forte mobilisation de journalistes devant les locaux de la 7TV, des voix s&#8217;\u00e9l\u00e8vent"}]},{"@type":"WebSite","@id":"https:\/\/www.africa-press.net\/senegal\/#website","url":"https:\/\/www.africa-press.net\/senegal\/","name":"Africa Press | Senegal | Homepage","description":"Just another Africa News Agency Sites site","potentialAction":[{"@type":"SearchAction","target":{"@type":"EntryPoint","urlTemplate":"https:\/\/www.africa-press.net\/senegal\/?s={search_term_string}"},"query-input":{"@type":"PropertyValueSpecification","valueRequired":true,"valueName":"search_term_string"}}],"inLanguage":"fr-FR"},{"@type":"Person","@id":"https:\/\/www.africa-press.net\/senegal\/#\/schema\/person\/2b1cf3cd81a31e3cd26889ca66d677f1","name":"cfeditorfr","url":"https:\/\/www.africa-press.net\/senegal\/author\/cfeditorfr"}]}},"_links":{"self":[{"href":"https:\/\/www.africa-press.net\/senegal\/wp-json\/wp\/v2\/posts\/56291","targetHints":{"allow":["GET"]}}],"collection":[{"href":"https:\/\/www.africa-press.net\/senegal\/wp-json\/wp\/v2\/posts"}],"about":[{"href":"https:\/\/www.africa-press.net\/senegal\/wp-json\/wp\/v2\/types\/post"}],"author":[{"embeddable":true,"href":"https:\/\/www.africa-press.net\/senegal\/wp-json\/wp\/v2\/users\/82"}],"replies":[{"embeddable":true,"href":"https:\/\/www.africa-press.net\/senegal\/wp-json\/wp\/v2\/comments?post=56291"}],"version-history":[{"count":0,"href":"https:\/\/www.africa-press.net\/senegal\/wp-json\/wp\/v2\/posts\/56291\/revisions"}],"wp:featuredmedia":[{"embeddable":true,"href":"https:\/\/www.africa-press.net\/senegal\/wp-json\/wp\/v2\/media\/56290"}],"wp:attachment":[{"href":"https:\/\/www.africa-press.net\/senegal\/wp-json\/wp\/v2\/media?parent=56291"}],"wp:term":[{"taxonomy":"category","embeddable":true,"href":"https:\/\/www.africa-press.net\/senegal\/wp-json\/wp\/v2\/categories?post=56291"},{"taxonomy":"post_tag","embeddable":true,"href":"https:\/\/www.africa-press.net\/senegal\/wp-json\/wp\/v2\/tags?post=56291"}],"curies":[{"name":"wp","href":"https:\/\/api.w.org\/{rel}","templated":true}]}}