{"id":56293,"date":"2024-03-01T20:47:02","date_gmt":"2024-03-01T20:47:02","guid":{"rendered":"https:\/\/www.africa-press.net\/senegal\/politique\/une-violence-intolerable-amadou-ba-reagit-a-lagression-de-maimouna-ndour-faye"},"modified":"2024-03-02T01:25:55","modified_gmt":"2024-03-02T01:25:55","slug":"une-violence-intolerable-amadou-ba-reagit-a-lagression-de-maimouna-ndour-faye","status":"publish","type":"post","link":"https:\/\/www.africa-press.net\/senegal\/politique\/une-violence-intolerable-amadou-ba-reagit-a-lagression-de-maimouna-ndour-faye","title":{"rendered":"\u00ab\u00a0Une violence intol\u00e9rable\u00a0\u00bb : Amadou Ba r\u00e9agit \u00e0 l&rsquo;agression de Ma\u00efmouna Ndour Faye"},"content":{"rendered":"<p><span style=\"color: #ff6600\"><strong>Africa-Press &#8211; Senegal. <\/strong><\/span>Le candidat Amadou Ba a re\u0301agi a\u0300 l&rsquo;agression de la journaliste Mai\u0308mouna Ndour Faye. Selon le Premier ministre, les auteurs de cet acte ignoble seront poursuivis.<\/p>\n<p>\u00ab\u00a0L\u2019agression perpe\u0301tre\u0301e contre la journaliste Mai\u0308mouna Ndour FAYE est inacceptable. Il s\u2019agit d\u2019une violence intole\u0301rable a\u0300 l\u2019encontre de la Femme a\u0300 qui le mois de Mars qui de\u0301bute est de\u0301die\u0301. J\u2019exprime ma compassion a\u0300 la victime et lui souhaite un prompt re\u0301tablissement. Les diligences ne\u0301cessaires seront mene\u0301es pour que les auteurs soient remis a\u0300 la Justice\u00a0\u00bb, a e\u0301crit Amadou Ba.<\/p>\n<p>Plus to\u0302t, dans un communique\u0301, son directoire de campagne a e\u0301galement condamne\u0301 cette agression.<\/p>\n<p>\u00ab\u00a0Le Directoire de campagne du Candidat Amadou BA a appris avec consternation l\u2019agression violente contre la journaliste Mai\u0308mouna Ndour Faye, Directrice Ge\u0301ne\u0301rale de 7TV. Cet acte barbare est inacceptable dans une de\u0301mocratie majeure et ouverte a\u0300 l\u2019image du mode\u0300le se\u0301ne\u0301galais\u00a0\u00bb, de\u0301nonce l\u2019e\u0301quipe de campagne du candidat de Benno Bokk Yakaar (BBY).<\/p>\n<p>Celle-ci a e\u0301galement exprime\u0301 sa solidarite\u0301 aux journalistes et a\u0300 tous les de\u0301mocrates \u00ab dans le combat pour le respect de la liberte\u0301 de la presse, l\u2019inte\u0301grite\u0301 des professionnels de l\u2019information et de la communication et la libre expression de chaque citoyen\u00a0\u00bb. \u00ab\u00a0Les auteurs de l\u2019agression contre Mai\u0308mouna Ndour Faye doivent e\u0302tre recherche\u0301s, trouve\u0301s et punis a\u0300 la hauteur de leur acte ignoble\u00a0\u00bb, lit-on sur le communique\u0301 du directoire de campagne du candidat Amadou Ba.<\/p>\n<p>En outre, le staff du candidat de BBY \u00ab\u00a0engage tous les de\u0301mocrates et re\u0301publicains a\u0300 rester plus que jamais vigilants pour extirper la violence et les fauteurs de violence de l\u2019espace de\u0301mocratique qui n\u2019est compatible qu\u2019avec le de\u0301bat d\u2019ide\u0301es dans le respect des re\u0300gles de l\u2019Etat de droit\u00a0\u00bb.<\/p>\n<p><strong>Pour plus d&rsquo;informations et d&rsquo;analyses sur la <a href=\"https:\/\/www.africa-press.net\/senegal\">Senegal<\/a>, suivez <a href=\"https:\/\/www.africa-press.net\/\">Africa-Press<\/a><\/strong><\/p>\n","protected":false},"excerpt":{"rendered":"<p>Africa-Press &#8211; Senegal. Le candidat Amadou Ba a re\u0301agi a\u0300 l&rsquo;agression de la journaliste Mai\u0308mouna Ndour Faye. Selon le Premier ministre, les auteurs de cet acte ignoble seront poursuivis. \u00ab\u00a0L\u2019agression perpe\u0301tre\u0301e contre la journaliste Mai\u0308mouna Ndour FAYE est inacceptable. Il s\u2019agit d\u2019une violence intole\u0301rable a\u0300 l\u2019encontre de la Femme a\u0300 qui le mois de Mars [&hellip;]<\/p>\n","protected":false},"author":82,"featured_media":56292,"comment_status":"open","ping_status":"closed","sticky":false,"template":"","format":"standard","meta":{"footnotes":""},"categories":[2,10],"tags":[43,47,44],"class_list":["post-56293","post","type-post","status-publish","format-standard","has-post-thumbnail","hentry","category-politique","category-toutes-les-actualites","tag-africa-press-2","tag-africa-press-senegal","tag-senegal-2"],"yoast_head":"<!-- This site is optimized with the Yoast SEO Premium plugin v26.1 (Yoast SEO v27.0) - https:\/\/yoast.com\/product\/yoast-seo-premium-wordpress\/ -->\n<title>&quot;Une violence intol\u00e9rable&quot; : Amadou Ba r\u00e9agit \u00e0 l&#039;agression de Ma\u00efmouna Ndour Faye - Senegal<\/title>\n<meta name=\"description\" content=\"Le candidat Amadou Ba a re\u0301agi a\u0300 l&#039;agression de la journaliste Mai\u0308mouna Ndour Faye. Selon le Premier ministre, les aut ...\" \/>\n<meta name=\"robots\" content=\"index, follow, max-snippet:-1, max-image-preview:large, max-video-preview:-1\" \/>\n<link rel=\"canonical\" href=\"https:\/\/www.africa-press.net\/senegal\/politique\/une-violence-intolerable-amadou-ba-reagit-a-lagression-de-maimouna-ndour-faye\" \/>\n<meta property=\"og:locale\" content=\"fr_FR\" \/>\n<meta property=\"og:type\" content=\"article\" \/>\n<meta property=\"og:title\" content=\"&quot;Une violence intol\u00e9rable&quot; : Amadou Ba r\u00e9agit \u00e0 l&#039;agression de Ma\u00efmouna Ndour Faye\" \/>\n<meta property=\"og:description\" content=\"Le candidat Amadou Ba a re\u0301agi a\u0300 l&#039;agression de la journaliste Mai\u0308mouna Ndour Faye. Selon le Premier ministre, les aut ...\" \/>\n<meta property=\"og:url\" content=\"https:\/\/www.africa-press.net\/senegal\/politique\/une-violence-intolerable-amadou-ba-reagit-a-lagression-de-maimouna-ndour-faye\" \/>\n<meta property=\"og:site_name\" content=\"Senegal\" \/>\n<meta property=\"article:published_time\" content=\"2024-03-01T20:47:02+00:00\" \/>\n<meta property=\"article:modified_time\" content=\"2024-03-02T01:25:55+00:00\" \/>\n<meta property=\"og:image\" content=\"https:\/\/static.africa-press.net\/senegal\/sites\/13\/2024\/03\/sm_1709326462.918846.jpg\" \/>\n\t<meta property=\"og:image:width\" content=\"1307\" \/>\n\t<meta property=\"og:image:height\" content=\"633\" \/>\n\t<meta property=\"og:image:type\" content=\"image\/jpeg\" \/>\n<meta name=\"author\" content=\"cfeditorfr\" \/>\n<meta name=\"twitter:card\" content=\"summary_large_image\" \/>\n<meta name=\"twitter:label1\" content=\"\u00c9crit par\" \/>\n\t<meta name=\"twitter:data1\" content=\"cfeditorfr\" \/>\n\t<meta name=\"twitter:label2\" content=\"Dur\u00e9e de lecture estim\u00e9e\" \/>\n\t<meta name=\"twitter:data2\" content=\"2 minutes\" \/>\n<script type=\"application\/ld+json\" class=\"yoast-schema-graph\">{\"@context\":\"https:\/\/schema.org\",\"@graph\":[{\"@type\":\"Article\",\"@id\":\"https:\/\/www.africa-press.net\/senegal\/politique\/une-violence-intolerable-amadou-ba-reagit-a-lagression-de-maimouna-ndour-faye#article\",\"isPartOf\":{\"@id\":\"https:\/\/www.africa-press.net\/senegal\/politique\/une-violence-intolerable-amadou-ba-reagit-a-lagression-de-maimouna-ndour-faye\"},\"author\":{\"name\":\"cfeditorfr\",\"@id\":\"https:\/\/www.africa-press.net\/senegal\/#\/schema\/person\/2b1cf3cd81a31e3cd26889ca66d677f1\"},\"headline\":\"\u00ab\u00a0Une violence intol\u00e9rable\u00a0\u00bb : Amadou Ba r\u00e9agit \u00e0 l&rsquo;agression de Ma\u00efmouna Ndour Faye\",\"datePublished\":\"2024-03-01T20:47:02+00:00\",\"dateModified\":\"2024-03-02T01:25:55+00:00\",\"mainEntityOfPage\":{\"@id\":\"https:\/\/www.africa-press.net\/senegal\/politique\/une-violence-intolerable-amadou-ba-reagit-a-lagression-de-maimouna-ndour-faye\"},\"wordCount\":356,\"commentCount\":0,\"image\":{\"@id\":\"https:\/\/www.africa-press.net\/senegal\/politique\/une-violence-intolerable-amadou-ba-reagit-a-lagression-de-maimouna-ndour-faye#primaryimage\"},\"thumbnailUrl\":\"https:\/\/static.africa-press.net\/senegal\/sites\/13\/2024\/03\/sm_1709326462.918846.jpg\",\"keywords\":[\"Africa Press\",\"Africa Press-Senegal\",\"Senegal\"],\"articleSection\":[\"Politique\",\"Toutes les actualit\u00e9s\"],\"inLanguage\":\"fr-FR\",\"potentialAction\":[{\"@type\":\"CommentAction\",\"name\":\"Comment\",\"target\":[\"https:\/\/www.africa-press.net\/senegal\/politique\/une-violence-intolerable-amadou-ba-reagit-a-lagression-de-maimouna-ndour-faye#respond\"]}]},{\"@type\":\"WebPage\",\"@id\":\"https:\/\/www.africa-press.net\/senegal\/politique\/une-violence-intolerable-amadou-ba-reagit-a-lagression-de-maimouna-ndour-faye\",\"url\":\"https:\/\/www.africa-press.net\/senegal\/politique\/une-violence-intolerable-amadou-ba-reagit-a-lagression-de-maimouna-ndour-faye\",\"name\":\"\\\"Une violence intol\u00e9rable\\\" : Amadou Ba r\u00e9agit \u00e0 l'agression de Ma\u00efmouna Ndour Faye - Senegal\",\"isPartOf\":{\"@id\":\"https:\/\/www.africa-press.net\/senegal\/#website\"},\"primaryImageOfPage\":{\"@id\":\"https:\/\/www.africa-press.net\/senegal\/politique\/une-violence-intolerable-amadou-ba-reagit-a-lagression-de-maimouna-ndour-faye#primaryimage\"},\"image\":{\"@id\":\"https:\/\/www.africa-press.net\/senegal\/politique\/une-violence-intolerable-amadou-ba-reagit-a-lagression-de-maimouna-ndour-faye#primaryimage\"},\"thumbnailUrl\":\"https:\/\/static.africa-press.net\/senegal\/sites\/13\/2024\/03\/sm_1709326462.918846.jpg\",\"datePublished\":\"2024-03-01T20:47:02+00:00\",\"dateModified\":\"2024-03-02T01:25:55+00:00\",\"author\":{\"@id\":\"https:\/\/www.africa-press.net\/senegal\/#\/schema\/person\/2b1cf3cd81a31e3cd26889ca66d677f1\"},\"description\":\"Le candidat Amadou Ba a re\u0301agi a\u0300 l'agression de la journaliste Mai\u0308mouna Ndour Faye. Selon le Premier ministre, les aut ...\",\"breadcrumb\":{\"@id\":\"https:\/\/www.africa-press.net\/senegal\/politique\/une-violence-intolerable-amadou-ba-reagit-a-lagression-de-maimouna-ndour-faye#breadcrumb\"},\"inLanguage\":\"fr-FR\",\"potentialAction\":[{\"@type\":\"ReadAction\",\"target\":[\"https:\/\/www.africa-press.net\/senegal\/politique\/une-violence-intolerable-amadou-ba-reagit-a-lagression-de-maimouna-ndour-faye\"]}]},{\"@type\":\"ImageObject\",\"inLanguage\":\"fr-FR\",\"@id\":\"https:\/\/www.africa-press.net\/senegal\/politique\/une-violence-intolerable-amadou-ba-reagit-a-lagression-de-maimouna-ndour-faye#primaryimage\",\"url\":\"https:\/\/static.africa-press.net\/senegal\/sites\/13\/2024\/03\/sm_1709326462.918846.jpg\",\"contentUrl\":\"https:\/\/static.africa-press.net\/senegal\/sites\/13\/2024\/03\/sm_1709326462.918846.jpg\",\"width\":1307,\"height\":633,\"caption\":\"\\\"Une violence intol\u00e9rable\\\" : Amadou Ba r\u00e9agit \u00e0 l'agression de Ma\u00efmouna Ndour Faye\"},{\"@type\":\"BreadcrumbList\",\"@id\":\"https:\/\/www.africa-press.net\/senegal\/politique\/une-violence-intolerable-amadou-ba-reagit-a-lagression-de-maimouna-ndour-faye#breadcrumb\",\"itemListElement\":[{\"@type\":\"ListItem\",\"position\":1,\"name\":\"Accueil\",\"item\":\"https:\/\/www.africa-press.net\/senegal\/\"},{\"@type\":\"ListItem\",\"position\":2,\"name\":\"&#8220;Une violence intol\u00e9rable&#8221; : Amadou Ba r\u00e9agit \u00e0 l&#8217;agression de Ma\u00efmouna Ndour Faye\"}]},{\"@type\":\"WebSite\",\"@id\":\"https:\/\/www.africa-press.net\/senegal\/#website\",\"url\":\"https:\/\/www.africa-press.net\/senegal\/\",\"name\":\"Africa Press | Senegal | Homepage\",\"description\":\"Just another Africa News Agency Sites site\",\"potentialAction\":[{\"@type\":\"SearchAction\",\"target\":{\"@type\":\"EntryPoint\",\"urlTemplate\":\"https:\/\/www.africa-press.net\/senegal\/?s={search_term_string}\"},\"query-input\":{\"@type\":\"PropertyValueSpecification\",\"valueRequired\":true,\"valueName\":\"search_term_string\"}}],\"inLanguage\":\"fr-FR\"},{\"@type\":\"Person\",\"@id\":\"https:\/\/www.africa-press.net\/senegal\/#\/schema\/person\/2b1cf3cd81a31e3cd26889ca66d677f1\",\"name\":\"cfeditorfr\",\"url\":\"https:\/\/www.africa-press.net\/senegal\/author\/cfeditorfr\"}]}<\/script>\n<!-- \/ Yoast SEO Premium plugin. -->","yoast_head_json":{"title":"\"Une violence intol\u00e9rable\" : Amadou Ba r\u00e9agit \u00e0 l'agression de Ma\u00efmouna Ndour Faye - Senegal","description":"Le candidat Amadou Ba a re\u0301agi a\u0300 l'agression de la journaliste Mai\u0308mouna Ndour Faye. Selon le Premier ministre, les aut ...","robots":{"index":"index","follow":"follow","max-snippet":"max-snippet:-1","max-image-preview":"max-image-preview:large","max-video-preview":"max-video-preview:-1"},"canonical":"https:\/\/www.africa-press.net\/senegal\/politique\/une-violence-intolerable-amadou-ba-reagit-a-lagression-de-maimouna-ndour-faye","og_locale":"fr_FR","og_type":"article","og_title":"\"Une violence intol\u00e9rable\" : Amadou Ba r\u00e9agit \u00e0 l'agression de Ma\u00efmouna Ndour Faye","og_description":"Le candidat Amadou Ba a re\u0301agi a\u0300 l'agression de la journaliste Mai\u0308mouna Ndour Faye. Selon le Premier ministre, les aut ...","og_url":"https:\/\/www.africa-press.net\/senegal\/politique\/une-violence-intolerable-amadou-ba-reagit-a-lagression-de-maimouna-ndour-faye","og_site_name":"Senegal","article_published_time":"2024-03-01T20:47:02+00:00","article_modified_time":"2024-03-02T01:25:55+00:00","og_image":[{"width":1307,"height":633,"url":"https:\/\/static.africa-press.net\/senegal\/sites\/13\/2024\/03\/sm_1709326462.918846.jpg","type":"image\/jpeg"}],"author":"cfeditorfr","twitter_card":"summary_large_image","twitter_misc":{"\u00c9crit par":"cfeditorfr","Dur\u00e9e de lecture estim\u00e9e":"2 minutes"},"schema":{"@context":"https:\/\/schema.org","@graph":[{"@type":"Article","@id":"https:\/\/www.africa-press.net\/senegal\/politique\/une-violence-intolerable-amadou-ba-reagit-a-lagression-de-maimouna-ndour-faye#article","isPartOf":{"@id":"https:\/\/www.africa-press.net\/senegal\/politique\/une-violence-intolerable-amadou-ba-reagit-a-lagression-de-maimouna-ndour-faye"},"author":{"name":"cfeditorfr","@id":"https:\/\/www.africa-press.net\/senegal\/#\/schema\/person\/2b1cf3cd81a31e3cd26889ca66d677f1"},"headline":"\u00ab\u00a0Une violence intol\u00e9rable\u00a0\u00bb : Amadou Ba r\u00e9agit \u00e0 l&rsquo;agression de Ma\u00efmouna Ndour Faye","datePublished":"2024-03-01T20:47:02+00:00","dateModified":"2024-03-02T01:25:55+00:00","mainEntityOfPage":{"@id":"https:\/\/www.africa-press.net\/senegal\/politique\/une-violence-intolerable-amadou-ba-reagit-a-lagression-de-maimouna-ndour-faye"},"wordCount":356,"commentCount":0,"image":{"@id":"https:\/\/www.africa-press.net\/senegal\/politique\/une-violence-intolerable-amadou-ba-reagit-a-lagression-de-maimouna-ndour-faye#primaryimage"},"thumbnailUrl":"https:\/\/static.africa-press.net\/senegal\/sites\/13\/2024\/03\/sm_1709326462.918846.jpg","keywords":["Africa Press","Africa Press-Senegal","Senegal"],"articleSection":["Politique","Toutes les actualit\u00e9s"],"inLanguage":"fr-FR","potentialAction":[{"@type":"CommentAction","name":"Comment","target":["https:\/\/www.africa-press.net\/senegal\/politique\/une-violence-intolerable-amadou-ba-reagit-a-lagression-de-maimouna-ndour-faye#respond"]}]},{"@type":"WebPage","@id":"https:\/\/www.africa-press.net\/senegal\/politique\/une-violence-intolerable-amadou-ba-reagit-a-lagression-de-maimouna-ndour-faye","url":"https:\/\/www.africa-press.net\/senegal\/politique\/une-violence-intolerable-amadou-ba-reagit-a-lagression-de-maimouna-ndour-faye","name":"\"Une violence intol\u00e9rable\" : Amadou Ba r\u00e9agit \u00e0 l'agression de Ma\u00efmouna Ndour Faye - Senegal","isPartOf":{"@id":"https:\/\/www.africa-press.net\/senegal\/#website"},"primaryImageOfPage":{"@id":"https:\/\/www.africa-press.net\/senegal\/politique\/une-violence-intolerable-amadou-ba-reagit-a-lagression-de-maimouna-ndour-faye#primaryimage"},"image":{"@id":"https:\/\/www.africa-press.net\/senegal\/politique\/une-violence-intolerable-amadou-ba-reagit-a-lagression-de-maimouna-ndour-faye#primaryimage"},"thumbnailUrl":"https:\/\/static.africa-press.net\/senegal\/sites\/13\/2024\/03\/sm_1709326462.918846.jpg","datePublished":"2024-03-01T20:47:02+00:00","dateModified":"2024-03-02T01:25:55+00:00","author":{"@id":"https:\/\/www.africa-press.net\/senegal\/#\/schema\/person\/2b1cf3cd81a31e3cd26889ca66d677f1"},"description":"Le candidat Amadou Ba a re\u0301agi a\u0300 l'agression de la journaliste Mai\u0308mouna Ndour Faye. Selon le Premier ministre, les aut ...","breadcrumb":{"@id":"https:\/\/www.africa-press.net\/senegal\/politique\/une-violence-intolerable-amadou-ba-reagit-a-lagression-de-maimouna-ndour-faye#breadcrumb"},"inLanguage":"fr-FR","potentialAction":[{"@type":"ReadAction","target":["https:\/\/www.africa-press.net\/senegal\/politique\/une-violence-intolerable-amadou-ba-reagit-a-lagression-de-maimouna-ndour-faye"]}]},{"@type":"ImageObject","inLanguage":"fr-FR","@id":"https:\/\/www.africa-press.net\/senegal\/politique\/une-violence-intolerable-amadou-ba-reagit-a-lagression-de-maimouna-ndour-faye#primaryimage","url":"https:\/\/static.africa-press.net\/senegal\/sites\/13\/2024\/03\/sm_1709326462.918846.jpg","contentUrl":"https:\/\/static.africa-press.net\/senegal\/sites\/13\/2024\/03\/sm_1709326462.918846.jpg","width":1307,"height":633,"caption":"\"Une violence intol\u00e9rable\" : Amadou Ba r\u00e9agit \u00e0 l'agression de Ma\u00efmouna Ndour Faye"},{"@type":"BreadcrumbList","@id":"https:\/\/www.africa-press.net\/senegal\/politique\/une-violence-intolerable-amadou-ba-reagit-a-lagression-de-maimouna-ndour-faye#breadcrumb","itemListElement":[{"@type":"ListItem","position":1,"name":"Accueil","item":"https:\/\/www.africa-press.net\/senegal\/"},{"@type":"ListItem","position":2,"name":"&#8220;Une violence intol\u00e9rable&#8221; : Amadou Ba r\u00e9agit \u00e0 l&#8217;agression de Ma\u00efmouna Ndour Faye"}]},{"@type":"WebSite","@id":"https:\/\/www.africa-press.net\/senegal\/#website","url":"https:\/\/www.africa-press.net\/senegal\/","name":"Africa Press | Senegal | Homepage","description":"Just another Africa News Agency Sites site","potentialAction":[{"@type":"SearchAction","target":{"@type":"EntryPoint","urlTemplate":"https:\/\/www.africa-press.net\/senegal\/?s={search_term_string}"},"query-input":{"@type":"PropertyValueSpecification","valueRequired":true,"valueName":"search_term_string"}}],"inLanguage":"fr-FR"},{"@type":"Person","@id":"https:\/\/www.africa-press.net\/senegal\/#\/schema\/person\/2b1cf3cd81a31e3cd26889ca66d677f1","name":"cfeditorfr","url":"https:\/\/www.africa-press.net\/senegal\/author\/cfeditorfr"}]}},"_links":{"self":[{"href":"https:\/\/www.africa-press.net\/senegal\/wp-json\/wp\/v2\/posts\/56293","targetHints":{"allow":["GET"]}}],"collection":[{"href":"https:\/\/www.africa-press.net\/senegal\/wp-json\/wp\/v2\/posts"}],"about":[{"href":"https:\/\/www.africa-press.net\/senegal\/wp-json\/wp\/v2\/types\/post"}],"author":[{"embeddable":true,"href":"https:\/\/www.africa-press.net\/senegal\/wp-json\/wp\/v2\/users\/82"}],"replies":[{"embeddable":true,"href":"https:\/\/www.africa-press.net\/senegal\/wp-json\/wp\/v2\/comments?post=56293"}],"version-history":[{"count":0,"href":"https:\/\/www.africa-press.net\/senegal\/wp-json\/wp\/v2\/posts\/56293\/revisions"}],"wp:featuredmedia":[{"embeddable":true,"href":"https:\/\/www.africa-press.net\/senegal\/wp-json\/wp\/v2\/media\/56292"}],"wp:attachment":[{"href":"https:\/\/www.africa-press.net\/senegal\/wp-json\/wp\/v2\/media?parent=56293"}],"wp:term":[{"taxonomy":"category","embeddable":true,"href":"https:\/\/www.africa-press.net\/senegal\/wp-json\/wp\/v2\/categories?post=56293"},{"taxonomy":"post_tag","embeddable":true,"href":"https:\/\/www.africa-press.net\/senegal\/wp-json\/wp\/v2\/tags?post=56293"}],"curies":[{"name":"wp","href":"https:\/\/api.w.org\/{rel}","templated":true}]}}