{"id":56295,"date":"2024-03-01T20:48:38","date_gmt":"2024-03-01T20:48:38","guid":{"rendered":"https:\/\/www.africa-press.net\/senegal\/politique\/au-senegal-les-journalistes-a-letau-des-fanatiques-de-sonko-et-des-zeles-de-macky"},"modified":"2024-03-02T01:26:17","modified_gmt":"2024-03-02T01:26:17","slug":"au-senegal-les-journalistes-a-letau-des-fanatiques-de-sonko-et-des-zeles-de-macky","status":"publish","type":"post","link":"https:\/\/www.africa-press.net\/senegal\/politique\/au-senegal-les-journalistes-a-letau-des-fanatiques-de-sonko-et-des-zeles-de-macky","title":{"rendered":"Au S\u00e9n\u00e9gal, les journalistes \u00e0 l\u2019\u00e9tau des fanatiques de Sonko et des z\u00e9l\u00e9s de Macky"},"content":{"rendered":"<p><span style=\"color: #ff6600\"><strong>Africa-Press &#8211; Senegal. <\/strong><\/span>La journaliste Mai\u0308mouna Ndour Faye a e\u0301te\u0301 agresse\u0301e, poignarde\u0301e hier soir apre\u0300s une e\u0301mission. D\u2019apre\u0300s les infos, elle a e\u0301te\u0301 attendue par l\u2019agresseur devant sa maison qui est en me\u0302me temps le local qui abrite sa te\u0301le\u0301vision 7TV. La nouvelle est terrifiante, l\u2019acte la\u0302che, mais la ve\u0301rite\u0301 est qu\u2019il fallait s\u2019y attendre. On devait savoir qu\u2019un jour ou l\u2019autre, un journaliste serait agresse\u0301, sa vie mise en danger. Heureusement pour Mai\u0308mouna, elle est tire\u0301e d\u2019affaire, dit-on.<\/p>\n<p>Pour l\u2019instant, l\u2019identite\u0301 de l\u2019agresseur ou des agresseurs est inconnue. Certains ont vite fait d\u2019e\u0301tablir un lien entre la plainte annonce\u0301e par le collectif des anciens de\u0301tenus dits politiques contre la journaliste a\u0300 qui ils reprochent d\u2019avoir affirme\u0301 que ces ex-de\u0301tenus libe\u0301re\u0301s pour apaiser le climat social sont des criminels. Ce que Mai\u0308mouna de\u0301ment, niant avoir tenu de tels propos.<\/p>\n<p>Ainsi, il nous semble plus prudent et plus sage de se garder de de\u0301signer qui que ce soit ou de se livrer a\u0300 des conclusions ha\u0302tives. D\u2019ailleurs, le fait de vouloir porter plainte indique peut-e\u0302tre que ceux qui se sont sentis le\u0301se\u0301s semblent opter pour la voie de la le\u0301galite\u0301 a\u0300 celle de l\u2019auto-justice.<\/p>\n<p>On ne perd rien donc a\u0300 e\u0302tre prudent sur le ou les auteur(s) avant qu\u2019il(s) ne soit(ent) de\u0301masque\u0301(s).<\/p>\n<p>Il n\u2019empe\u0302che que cette agression contre Mai\u0308mouna Ndour Faye rappelle un certain nombre de discours et d\u2019actes contre la presse, porte\u0301s depuis quelques anne\u0301es, d\u2019une part, par le camp du pre\u0301sident Macky Sall et, d\u2019autre part, par celui de l\u2019opposant Ousmane Sonko. Ces deux entite\u0301s ont fini par e\u0302tre une menace re\u0301elle contre la presse, qu\u2019elle soit nationale ou e\u0301trange\u0300re. Ce qui est arrive\u0301 a\u0300 Mai\u0308mouna Ndour Faye aurait pu arriver a\u0300 un autre journaliste se\u0301ne\u0301galais ou e\u0301tranger.<\/p>\n<p>Les dernie\u0300res diatribes contre la presse franc\u0327aise en particulier, celle occidentale en ge\u0301ne\u0301ral, lors du \u2018\u2019dialogue national\u2019\u2019 en sont une illustration parfaite. Des attaques venues du pre\u0301sident Macky Sall en personne qui accuse les me\u0301dias e\u0301trangers d\u2019avoir mobilise\u0301 des e\u0301quipes dans l\u2019espoir qu\u2019il y aurait du feu et du sang au Se\u0301ne\u0301gal.<\/p>\n<p>Pourtant, au-dela\u0300 des intentions manifestes ou cache\u0301es, il y a un fait constant: l\u2019ensemble des me\u0301dias s\u2019e\u0301taient mobilise\u0301s au Se\u0301ne\u0301gal, non pas pour couvrir une crise, mais la campagne e\u0301lectorale. Au moment ou\u0300 le pre\u0301sident interrompait le processus, les te\u0301le\u0301visions e\u0301trange\u0300res e\u0301taient de\u0301ja\u0300 a\u0300 Dakar pour la campagne e\u0301lectorale. Pourquoi alors ces e\u0301quipes devraient partir si une crise s\u2019installe a\u0300 la place d\u2019une e\u0301lection ?<\/p>\n<p>Ces genres de propos venus de Macky Sall ou de Cheikh Tidiane Gadio sont de nature a\u0300 exposer les professionnels des me\u0301dias, peu importe leur nationalite\u0301.<\/p>\n<p><b>Journalistes, pas militants<\/b><\/p>\n<p>D\u2019ailleurs, le vent semble tourner au Se\u0301ne\u0301gal. Il y a quelques mois, ces attaques venaient non pas du camp du pouvoir, mais de l\u2019opposition, Pastef pre\u0301cise\u0301ment. Ousmane Sonko s&rsquo;e\u0301tait distingue\u0301 par des attaques quasi syste\u0301matiques a\u0300 la fois contre la presse nationale et la presse e\u0301trange\u0300re. Et il a e\u0301te\u0301 suivi en cela par les \u00ab\u00a0inte\u0301gristes\u00a0\u00bb de Pastef. Les partisans de Sonko ont fait de l\u2019insulte et de la menace contre les journalistes leur jeu favori sur les re\u0301seaux sociaux.<\/p>\n<p>Et c\u2019est cette monte\u0301e de la haine contre les journalistes qui a abouti, dans un premier temps, a\u0300 une attaque contre les locaux de la radio RFM et une agression contre une e\u0301quipe de TFM, lors d\u2019un rassemblement.<\/p>\n<p>D\u2019un co\u0302te\u0301 (Benno) comme de l\u2019autre (Pastef), on estime que les journalistes doivent e\u0302tre des militants ou des charge\u0301s de communication qui disent ce que le prince a envie d\u2019entendre. Macky Sall et Moussa Bocar Thiam se sont empresse\u0301s de condamner l\u2019acte ignoble, la coalition Diomaye pre\u0301sident aussi. Peut-e\u0302tre que Pastef suivra et que Sonko fera un tweet. C\u2019est l\u2019occasion de dire a\u0300 toutes ces personnalite\u0301s et entite\u0301s que la meilleure fac\u0327on de condamner une agression contre les journalistes est d\u2019arre\u0302ter d\u2019inciter a\u0300 la haine, de se livrer a\u0300 des proce\u0300s d\u2019intention sans aucun fondement. Mais c\u2019est aussi, au-dela\u0300 des journalistes, d\u2019arre\u0302ter de mettre en pe\u0301ril les entreprises de presse par des actes irre\u0301fle\u0301chis comme la coupure d\u2019un signal ou le retrait d\u2019une licence.<\/p>\n<p><strong>Pour plus d&rsquo;informations et d&rsquo;analyses sur la <a href=\"https:\/\/www.africa-press.net\/senegal\">Senegal<\/a>, suivez <a href=\"https:\/\/www.africa-press.net\/\">Africa-Press<\/a><\/strong><\/p>\n","protected":false},"excerpt":{"rendered":"<p>Africa-Press &#8211; Senegal. La journaliste Mai\u0308mouna Ndour Faye a e\u0301te\u0301 agresse\u0301e, poignarde\u0301e hier soir apre\u0300s une e\u0301mission. D\u2019apre\u0300s les infos, elle a e\u0301te\u0301 attendue par l\u2019agresseur devant sa maison qui est en me\u0302me temps le local qui abrite sa te\u0301le\u0301vision 7TV. La nouvelle est terrifiante, l\u2019acte la\u0302che, mais la ve\u0301rite\u0301 est qu\u2019il fallait s\u2019y attendre. [&hellip;]<\/p>\n","protected":false},"author":82,"featured_media":56294,"comment_status":"open","ping_status":"closed","sticky":false,"template":"","format":"standard","meta":{"footnotes":""},"categories":[2,10],"tags":[43,47,44],"class_list":["post-56295","post","type-post","status-publish","format-standard","has-post-thumbnail","hentry","category-politique","category-toutes-les-actualites","tag-africa-press-2","tag-africa-press-senegal","tag-senegal-2"],"yoast_head":"<!-- This site is optimized with the Yoast SEO Premium plugin v26.1 (Yoast SEO v27.0) - https:\/\/yoast.com\/product\/yoast-seo-premium-wordpress\/ -->\n<title>Au S\u00e9n\u00e9gal, les journalistes \u00e0 l\u2019\u00e9tau des fanatiques de Sonko et des z\u00e9l\u00e9s de Macky - Senegal<\/title>\n<meta name=\"description\" content=\"La journaliste Mai\u0308mouna Ndour Faye a e\u0301te\u0301 agresse\u0301e, poignarde\u0301e hier soir apre\u0300s une e\u0301mission. D\u2019apre\u0300s les infos, e ...\" \/>\n<meta name=\"robots\" content=\"index, follow, max-snippet:-1, max-image-preview:large, max-video-preview:-1\" \/>\n<link rel=\"canonical\" href=\"https:\/\/www.africa-press.net\/senegal\/politique\/au-senegal-les-journalistes-a-letau-des-fanatiques-de-sonko-et-des-zeles-de-macky\" \/>\n<meta property=\"og:locale\" content=\"fr_FR\" \/>\n<meta property=\"og:type\" content=\"article\" \/>\n<meta property=\"og:title\" content=\"Au S\u00e9n\u00e9gal, les journalistes \u00e0 l\u2019\u00e9tau des fanatiques de Sonko et des z\u00e9l\u00e9s de Macky\" \/>\n<meta property=\"og:description\" content=\"La journaliste Mai\u0308mouna Ndour Faye a e\u0301te\u0301 agresse\u0301e, poignarde\u0301e hier soir apre\u0300s une e\u0301mission. D\u2019apre\u0300s les infos, e ...\" \/>\n<meta property=\"og:url\" content=\"https:\/\/www.africa-press.net\/senegal\/politique\/au-senegal-les-journalistes-a-letau-des-fanatiques-de-sonko-et-des-zeles-de-macky\" \/>\n<meta property=\"og:site_name\" content=\"Senegal\" \/>\n<meta property=\"article:published_time\" content=\"2024-03-01T20:48:38+00:00\" \/>\n<meta property=\"article:modified_time\" content=\"2024-03-02T01:26:17+00:00\" \/>\n<meta property=\"og:image\" content=\"https:\/\/static.africa-press.net\/senegal\/sites\/13\/2024\/03\/sm_1709326477.646149.jpg\" \/>\n\t<meta property=\"og:image:width\" content=\"1303\" \/>\n\t<meta property=\"og:image:height\" content=\"633\" \/>\n\t<meta property=\"og:image:type\" content=\"image\/jpeg\" \/>\n<meta name=\"author\" content=\"cfeditorfr\" \/>\n<meta name=\"twitter:card\" content=\"summary_large_image\" \/>\n<meta name=\"twitter:label1\" content=\"\u00c9crit par\" \/>\n\t<meta name=\"twitter:data1\" content=\"cfeditorfr\" \/>\n\t<meta name=\"twitter:label2\" content=\"Dur\u00e9e de lecture estim\u00e9e\" \/>\n\t<meta name=\"twitter:data2\" content=\"4 minutes\" \/>\n<script type=\"application\/ld+json\" class=\"yoast-schema-graph\">{\"@context\":\"https:\/\/schema.org\",\"@graph\":[{\"@type\":\"Article\",\"@id\":\"https:\/\/www.africa-press.net\/senegal\/politique\/au-senegal-les-journalistes-a-letau-des-fanatiques-de-sonko-et-des-zeles-de-macky#article\",\"isPartOf\":{\"@id\":\"https:\/\/www.africa-press.net\/senegal\/politique\/au-senegal-les-journalistes-a-letau-des-fanatiques-de-sonko-et-des-zeles-de-macky\"},\"author\":{\"name\":\"cfeditorfr\",\"@id\":\"https:\/\/www.africa-press.net\/senegal\/#\/schema\/person\/2b1cf3cd81a31e3cd26889ca66d677f1\"},\"headline\":\"Au S\u00e9n\u00e9gal, les journalistes \u00e0 l\u2019\u00e9tau des fanatiques de Sonko et des z\u00e9l\u00e9s de Macky\",\"datePublished\":\"2024-03-01T20:48:38+00:00\",\"dateModified\":\"2024-03-02T01:26:17+00:00\",\"mainEntityOfPage\":{\"@id\":\"https:\/\/www.africa-press.net\/senegal\/politique\/au-senegal-les-journalistes-a-letau-des-fanatiques-de-sonko-et-des-zeles-de-macky\"},\"wordCount\":860,\"commentCount\":0,\"image\":{\"@id\":\"https:\/\/www.africa-press.net\/senegal\/politique\/au-senegal-les-journalistes-a-letau-des-fanatiques-de-sonko-et-des-zeles-de-macky#primaryimage\"},\"thumbnailUrl\":\"https:\/\/static.africa-press.net\/senegal\/sites\/13\/2024\/03\/sm_1709326477.646149.jpg\",\"keywords\":[\"Africa Press\",\"Africa Press-Senegal\",\"Senegal\"],\"articleSection\":[\"Politique\",\"Toutes les actualit\u00e9s\"],\"inLanguage\":\"fr-FR\",\"potentialAction\":[{\"@type\":\"CommentAction\",\"name\":\"Comment\",\"target\":[\"https:\/\/www.africa-press.net\/senegal\/politique\/au-senegal-les-journalistes-a-letau-des-fanatiques-de-sonko-et-des-zeles-de-macky#respond\"]}]},{\"@type\":\"WebPage\",\"@id\":\"https:\/\/www.africa-press.net\/senegal\/politique\/au-senegal-les-journalistes-a-letau-des-fanatiques-de-sonko-et-des-zeles-de-macky\",\"url\":\"https:\/\/www.africa-press.net\/senegal\/politique\/au-senegal-les-journalistes-a-letau-des-fanatiques-de-sonko-et-des-zeles-de-macky\",\"name\":\"Au S\u00e9n\u00e9gal, les journalistes \u00e0 l\u2019\u00e9tau des fanatiques de Sonko et des z\u00e9l\u00e9s de Macky - Senegal\",\"isPartOf\":{\"@id\":\"https:\/\/www.africa-press.net\/senegal\/#website\"},\"primaryImageOfPage\":{\"@id\":\"https:\/\/www.africa-press.net\/senegal\/politique\/au-senegal-les-journalistes-a-letau-des-fanatiques-de-sonko-et-des-zeles-de-macky#primaryimage\"},\"image\":{\"@id\":\"https:\/\/www.africa-press.net\/senegal\/politique\/au-senegal-les-journalistes-a-letau-des-fanatiques-de-sonko-et-des-zeles-de-macky#primaryimage\"},\"thumbnailUrl\":\"https:\/\/static.africa-press.net\/senegal\/sites\/13\/2024\/03\/sm_1709326477.646149.jpg\",\"datePublished\":\"2024-03-01T20:48:38+00:00\",\"dateModified\":\"2024-03-02T01:26:17+00:00\",\"author\":{\"@id\":\"https:\/\/www.africa-press.net\/senegal\/#\/schema\/person\/2b1cf3cd81a31e3cd26889ca66d677f1\"},\"description\":\"La journaliste Mai\u0308mouna Ndour Faye a e\u0301te\u0301 agresse\u0301e, poignarde\u0301e hier soir apre\u0300s une e\u0301mission. D\u2019apre\u0300s les infos, e ...\",\"breadcrumb\":{\"@id\":\"https:\/\/www.africa-press.net\/senegal\/politique\/au-senegal-les-journalistes-a-letau-des-fanatiques-de-sonko-et-des-zeles-de-macky#breadcrumb\"},\"inLanguage\":\"fr-FR\",\"potentialAction\":[{\"@type\":\"ReadAction\",\"target\":[\"https:\/\/www.africa-press.net\/senegal\/politique\/au-senegal-les-journalistes-a-letau-des-fanatiques-de-sonko-et-des-zeles-de-macky\"]}]},{\"@type\":\"ImageObject\",\"inLanguage\":\"fr-FR\",\"@id\":\"https:\/\/www.africa-press.net\/senegal\/politique\/au-senegal-les-journalistes-a-letau-des-fanatiques-de-sonko-et-des-zeles-de-macky#primaryimage\",\"url\":\"https:\/\/static.africa-press.net\/senegal\/sites\/13\/2024\/03\/sm_1709326477.646149.jpg\",\"contentUrl\":\"https:\/\/static.africa-press.net\/senegal\/sites\/13\/2024\/03\/sm_1709326477.646149.jpg\",\"width\":1303,\"height\":633,\"caption\":\"Au S\u00e9n\u00e9gal, les journalistes \u00e0 l\u2019\u00e9tau des fanatiques de Sonko et des z\u00e9l\u00e9s de Macky\"},{\"@type\":\"BreadcrumbList\",\"@id\":\"https:\/\/www.africa-press.net\/senegal\/politique\/au-senegal-les-journalistes-a-letau-des-fanatiques-de-sonko-et-des-zeles-de-macky#breadcrumb\",\"itemListElement\":[{\"@type\":\"ListItem\",\"position\":1,\"name\":\"Accueil\",\"item\":\"https:\/\/www.africa-press.net\/senegal\/\"},{\"@type\":\"ListItem\",\"position\":2,\"name\":\"Au S\u00e9n\u00e9gal, les journalistes \u00e0 l\u2019\u00e9tau des fanatiques de Sonko et des z\u00e9l\u00e9s de Macky\"}]},{\"@type\":\"WebSite\",\"@id\":\"https:\/\/www.africa-press.net\/senegal\/#website\",\"url\":\"https:\/\/www.africa-press.net\/senegal\/\",\"name\":\"Africa Press | Senegal | Homepage\",\"description\":\"Just another Africa News Agency Sites site\",\"potentialAction\":[{\"@type\":\"SearchAction\",\"target\":{\"@type\":\"EntryPoint\",\"urlTemplate\":\"https:\/\/www.africa-press.net\/senegal\/?s={search_term_string}\"},\"query-input\":{\"@type\":\"PropertyValueSpecification\",\"valueRequired\":true,\"valueName\":\"search_term_string\"}}],\"inLanguage\":\"fr-FR\"},{\"@type\":\"Person\",\"@id\":\"https:\/\/www.africa-press.net\/senegal\/#\/schema\/person\/2b1cf3cd81a31e3cd26889ca66d677f1\",\"name\":\"cfeditorfr\",\"url\":\"https:\/\/www.africa-press.net\/senegal\/author\/cfeditorfr\"}]}<\/script>\n<!-- \/ Yoast SEO Premium plugin. -->","yoast_head_json":{"title":"Au S\u00e9n\u00e9gal, les journalistes \u00e0 l\u2019\u00e9tau des fanatiques de Sonko et des z\u00e9l\u00e9s de Macky - Senegal","description":"La journaliste Mai\u0308mouna Ndour Faye a e\u0301te\u0301 agresse\u0301e, poignarde\u0301e hier soir apre\u0300s une e\u0301mission. D\u2019apre\u0300s les infos, e ...","robots":{"index":"index","follow":"follow","max-snippet":"max-snippet:-1","max-image-preview":"max-image-preview:large","max-video-preview":"max-video-preview:-1"},"canonical":"https:\/\/www.africa-press.net\/senegal\/politique\/au-senegal-les-journalistes-a-letau-des-fanatiques-de-sonko-et-des-zeles-de-macky","og_locale":"fr_FR","og_type":"article","og_title":"Au S\u00e9n\u00e9gal, les journalistes \u00e0 l\u2019\u00e9tau des fanatiques de Sonko et des z\u00e9l\u00e9s de Macky","og_description":"La journaliste Mai\u0308mouna Ndour Faye a e\u0301te\u0301 agresse\u0301e, poignarde\u0301e hier soir apre\u0300s une e\u0301mission. D\u2019apre\u0300s les infos, e ...","og_url":"https:\/\/www.africa-press.net\/senegal\/politique\/au-senegal-les-journalistes-a-letau-des-fanatiques-de-sonko-et-des-zeles-de-macky","og_site_name":"Senegal","article_published_time":"2024-03-01T20:48:38+00:00","article_modified_time":"2024-03-02T01:26:17+00:00","og_image":[{"width":1303,"height":633,"url":"https:\/\/static.africa-press.net\/senegal\/sites\/13\/2024\/03\/sm_1709326477.646149.jpg","type":"image\/jpeg"}],"author":"cfeditorfr","twitter_card":"summary_large_image","twitter_misc":{"\u00c9crit par":"cfeditorfr","Dur\u00e9e de lecture estim\u00e9e":"4 minutes"},"schema":{"@context":"https:\/\/schema.org","@graph":[{"@type":"Article","@id":"https:\/\/www.africa-press.net\/senegal\/politique\/au-senegal-les-journalistes-a-letau-des-fanatiques-de-sonko-et-des-zeles-de-macky#article","isPartOf":{"@id":"https:\/\/www.africa-press.net\/senegal\/politique\/au-senegal-les-journalistes-a-letau-des-fanatiques-de-sonko-et-des-zeles-de-macky"},"author":{"name":"cfeditorfr","@id":"https:\/\/www.africa-press.net\/senegal\/#\/schema\/person\/2b1cf3cd81a31e3cd26889ca66d677f1"},"headline":"Au S\u00e9n\u00e9gal, les journalistes \u00e0 l\u2019\u00e9tau des fanatiques de Sonko et des z\u00e9l\u00e9s de Macky","datePublished":"2024-03-01T20:48:38+00:00","dateModified":"2024-03-02T01:26:17+00:00","mainEntityOfPage":{"@id":"https:\/\/www.africa-press.net\/senegal\/politique\/au-senegal-les-journalistes-a-letau-des-fanatiques-de-sonko-et-des-zeles-de-macky"},"wordCount":860,"commentCount":0,"image":{"@id":"https:\/\/www.africa-press.net\/senegal\/politique\/au-senegal-les-journalistes-a-letau-des-fanatiques-de-sonko-et-des-zeles-de-macky#primaryimage"},"thumbnailUrl":"https:\/\/static.africa-press.net\/senegal\/sites\/13\/2024\/03\/sm_1709326477.646149.jpg","keywords":["Africa Press","Africa Press-Senegal","Senegal"],"articleSection":["Politique","Toutes les actualit\u00e9s"],"inLanguage":"fr-FR","potentialAction":[{"@type":"CommentAction","name":"Comment","target":["https:\/\/www.africa-press.net\/senegal\/politique\/au-senegal-les-journalistes-a-letau-des-fanatiques-de-sonko-et-des-zeles-de-macky#respond"]}]},{"@type":"WebPage","@id":"https:\/\/www.africa-press.net\/senegal\/politique\/au-senegal-les-journalistes-a-letau-des-fanatiques-de-sonko-et-des-zeles-de-macky","url":"https:\/\/www.africa-press.net\/senegal\/politique\/au-senegal-les-journalistes-a-letau-des-fanatiques-de-sonko-et-des-zeles-de-macky","name":"Au S\u00e9n\u00e9gal, les journalistes \u00e0 l\u2019\u00e9tau des fanatiques de Sonko et des z\u00e9l\u00e9s de Macky - Senegal","isPartOf":{"@id":"https:\/\/www.africa-press.net\/senegal\/#website"},"primaryImageOfPage":{"@id":"https:\/\/www.africa-press.net\/senegal\/politique\/au-senegal-les-journalistes-a-letau-des-fanatiques-de-sonko-et-des-zeles-de-macky#primaryimage"},"image":{"@id":"https:\/\/www.africa-press.net\/senegal\/politique\/au-senegal-les-journalistes-a-letau-des-fanatiques-de-sonko-et-des-zeles-de-macky#primaryimage"},"thumbnailUrl":"https:\/\/static.africa-press.net\/senegal\/sites\/13\/2024\/03\/sm_1709326477.646149.jpg","datePublished":"2024-03-01T20:48:38+00:00","dateModified":"2024-03-02T01:26:17+00:00","author":{"@id":"https:\/\/www.africa-press.net\/senegal\/#\/schema\/person\/2b1cf3cd81a31e3cd26889ca66d677f1"},"description":"La journaliste Mai\u0308mouna Ndour Faye a e\u0301te\u0301 agresse\u0301e, poignarde\u0301e hier soir apre\u0300s une e\u0301mission. D\u2019apre\u0300s les infos, e ...","breadcrumb":{"@id":"https:\/\/www.africa-press.net\/senegal\/politique\/au-senegal-les-journalistes-a-letau-des-fanatiques-de-sonko-et-des-zeles-de-macky#breadcrumb"},"inLanguage":"fr-FR","potentialAction":[{"@type":"ReadAction","target":["https:\/\/www.africa-press.net\/senegal\/politique\/au-senegal-les-journalistes-a-letau-des-fanatiques-de-sonko-et-des-zeles-de-macky"]}]},{"@type":"ImageObject","inLanguage":"fr-FR","@id":"https:\/\/www.africa-press.net\/senegal\/politique\/au-senegal-les-journalistes-a-letau-des-fanatiques-de-sonko-et-des-zeles-de-macky#primaryimage","url":"https:\/\/static.africa-press.net\/senegal\/sites\/13\/2024\/03\/sm_1709326477.646149.jpg","contentUrl":"https:\/\/static.africa-press.net\/senegal\/sites\/13\/2024\/03\/sm_1709326477.646149.jpg","width":1303,"height":633,"caption":"Au S\u00e9n\u00e9gal, les journalistes \u00e0 l\u2019\u00e9tau des fanatiques de Sonko et des z\u00e9l\u00e9s de Macky"},{"@type":"BreadcrumbList","@id":"https:\/\/www.africa-press.net\/senegal\/politique\/au-senegal-les-journalistes-a-letau-des-fanatiques-de-sonko-et-des-zeles-de-macky#breadcrumb","itemListElement":[{"@type":"ListItem","position":1,"name":"Accueil","item":"https:\/\/www.africa-press.net\/senegal\/"},{"@type":"ListItem","position":2,"name":"Au S\u00e9n\u00e9gal, les journalistes \u00e0 l\u2019\u00e9tau des fanatiques de Sonko et des z\u00e9l\u00e9s de Macky"}]},{"@type":"WebSite","@id":"https:\/\/www.africa-press.net\/senegal\/#website","url":"https:\/\/www.africa-press.net\/senegal\/","name":"Africa Press | Senegal | Homepage","description":"Just another Africa News Agency Sites site","potentialAction":[{"@type":"SearchAction","target":{"@type":"EntryPoint","urlTemplate":"https:\/\/www.africa-press.net\/senegal\/?s={search_term_string}"},"query-input":{"@type":"PropertyValueSpecification","valueRequired":true,"valueName":"search_term_string"}}],"inLanguage":"fr-FR"},{"@type":"Person","@id":"https:\/\/www.africa-press.net\/senegal\/#\/schema\/person\/2b1cf3cd81a31e3cd26889ca66d677f1","name":"cfeditorfr","url":"https:\/\/www.africa-press.net\/senegal\/author\/cfeditorfr"}]}},"_links":{"self":[{"href":"https:\/\/www.africa-press.net\/senegal\/wp-json\/wp\/v2\/posts\/56295","targetHints":{"allow":["GET"]}}],"collection":[{"href":"https:\/\/www.africa-press.net\/senegal\/wp-json\/wp\/v2\/posts"}],"about":[{"href":"https:\/\/www.africa-press.net\/senegal\/wp-json\/wp\/v2\/types\/post"}],"author":[{"embeddable":true,"href":"https:\/\/www.africa-press.net\/senegal\/wp-json\/wp\/v2\/users\/82"}],"replies":[{"embeddable":true,"href":"https:\/\/www.africa-press.net\/senegal\/wp-json\/wp\/v2\/comments?post=56295"}],"version-history":[{"count":0,"href":"https:\/\/www.africa-press.net\/senegal\/wp-json\/wp\/v2\/posts\/56295\/revisions"}],"wp:featuredmedia":[{"embeddable":true,"href":"https:\/\/www.africa-press.net\/senegal\/wp-json\/wp\/v2\/media\/56294"}],"wp:attachment":[{"href":"https:\/\/www.africa-press.net\/senegal\/wp-json\/wp\/v2\/media?parent=56295"}],"wp:term":[{"taxonomy":"category","embeddable":true,"href":"https:\/\/www.africa-press.net\/senegal\/wp-json\/wp\/v2\/categories?post=56295"},{"taxonomy":"post_tag","embeddable":true,"href":"https:\/\/www.africa-press.net\/senegal\/wp-json\/wp\/v2\/tags?post=56295"}],"curies":[{"name":"wp","href":"https:\/\/api.w.org\/{rel}","templated":true}]}}