{"id":56301,"date":"2024-03-01T20:53:18","date_gmt":"2024-03-01T20:53:18","guid":{"rendered":"https:\/\/www.africa-press.net\/senegal\/politique\/tas-sur-lagression-de-mnf-cest-pourquoi-tous-les-agresseurs-connus-ou-inconnus-ne-doivent-pas-etre-amnisties"},"modified":"2024-03-02T01:27:07","modified_gmt":"2024-03-02T01:27:07","slug":"tas-sur-lagression-de-mnf-cest-pourquoi-tous-les-agresseurs-connus-ou-inconnus-ne-doivent-pas-etre-amnisties","status":"publish","type":"post","link":"https:\/\/www.africa-press.net\/senegal\/politique\/tas-sur-lagression-de-mnf-cest-pourquoi-tous-les-agresseurs-connus-ou-inconnus-ne-doivent-pas-etre-amnisties","title":{"rendered":"TAS sur l&rsquo;agression de MNF : \u00ab\u00a0C&rsquo;est pourquoi tous les agresseurs connus ou inconnus ne doivent pas \u00eatre amnisti\u00e9s\u00a0\u00bb"},"content":{"rendered":"<p><span style=\"color: #ff6600\"><strong>Africa-Press &#8211; Senegal. <\/strong><\/span>L&rsquo;agression de Maimouna Ndour Faye est l&rsquo;e\u0301nie\u0300me raison qui conforte Thierno Alassane Sall que la loi d&rsquo;amnistie annonce\u0301e par Macky Sall ne doit jamais e\u0302tre vote\u0301e. Pour TAS, il faut identifier, poursuivre et condamner les agresseurs connus ou inconnus et non les amnistier. Voici, in-extenso, sa publication a\u0300 la suite de l&rsquo;agression de la journaliste de 7TV.<\/p>\n<p>\u00ab\u00a0MNF a souvent pre\u0301venu qu&rsquo;elle e\u0301tait menace\u0301e, on ne l&rsquo;a pas prise au se\u0301rieux. Elle-me\u0302me a pris sans doute l&rsquo;affaire a\u0300 la le\u0301ge\u0300re ou peut-e\u0302tre n&rsquo;a-t-elle pas vu changer le Pays ou\u0300 nous vivons.<\/p>\n<p>Le Se\u0301ne\u0301gal, nague\u0300re un Pays de dialogue, de tole\u0301rance, ou\u0300 l&rsquo;impertinence e\u0301tait chez elle, se transforme, sous nos yeux en un pays ou\u0300 l&rsquo;intole\u0301rance se propage et s&rsquo;exprime par une violence de\u0301sormais amnistie\u0301e et libe\u0301re\u0301e.<\/p>\n<p>MNF est la dernie\u0300re victime d&rsquo;une se\u0301rie loin d&rsquo;e\u0302tre e\u0301puise\u0301e. Nous sommes nombreux a\u0300 nous savoir menace\u0301s et a\u0300 ne sortir que bien entoure\u0301s.<\/p>\n<p>Ce qui rend l&rsquo;agression contre MNF intole\u0301rable, c&rsquo;est non seulement le modus operandi odieux (heure de pre\u0301diction de crimes, l&rsquo;arme utilise\u0301e pour tuer apre\u0300s avoir de\u0301figure\u0301 a\u0300 jamais) mais la cible choisie. MNF est l&rsquo;incarnation de l&rsquo;impertinence, du courage, de la liberte\u0301&#8230; L&rsquo;une des rares a\u0300 poser des questions qui fa\u0302chent a\u0300 tous. Et a\u0300 rire de tout.<\/p>\n<p>Voila\u0300 pourquoi tous les agresseurs connus ou inconnus, tous ceux qui humilient, balafre, insultent, propagent la haine doivent e\u0302tre identifie\u0301s et sanctionne\u0301s. Pas amnistie\u0301s sans que l&rsquo;on ne sache ni leur identite\u0301 ni l&rsquo;e\u0301tendue de leur responsabilite\u0301 dans des crimes aussi odieux.<\/p>\n<p>Je ne souhaite pas du courage MNF, car c&rsquo;est lui qui t&rsquo;a conduit ou\u0300 tu es. Je souhaite que Rook veille sur toi\u00a0\u00bb, e\u0301crit le leader de la Re\u0301publique des valeurs et candidat a\u0300 la Pre\u0301sidentielle.<\/p>\n<p><strong>Pour plus d&rsquo;informations et d&rsquo;analyses sur la <a href=\"https:\/\/www.africa-press.net\/senegal\">Senegal<\/a>, suivez <a href=\"https:\/\/www.africa-press.net\/\">Africa-Press<\/a><\/strong><\/p>\n","protected":false},"excerpt":{"rendered":"<p>Africa-Press &#8211; Senegal. L&rsquo;agression de Maimouna Ndour Faye est l&rsquo;e\u0301nie\u0300me raison qui conforte Thierno Alassane Sall que la loi d&rsquo;amnistie annonce\u0301e par Macky Sall ne doit jamais e\u0302tre vote\u0301e. Pour TAS, il faut identifier, poursuivre et condamner les agresseurs connus ou inconnus et non les amnistier. Voici, in-extenso, sa publication a\u0300 la suite de l&rsquo;agression [&hellip;]<\/p>\n","protected":false},"author":82,"featured_media":56300,"comment_status":"open","ping_status":"closed","sticky":false,"template":"","format":"standard","meta":{"footnotes":""},"categories":[2,10],"tags":[43,47,44],"class_list":["post-56301","post","type-post","status-publish","format-standard","has-post-thumbnail","hentry","category-politique","category-toutes-les-actualites","tag-africa-press-2","tag-africa-press-senegal","tag-senegal-2"],"yoast_head":"<!-- This site is optimized with the Yoast SEO Premium plugin v26.1 (Yoast SEO v27.0) - https:\/\/yoast.com\/product\/yoast-seo-premium-wordpress\/ -->\n<title>TAS sur l&#039;agression de MNF : &quot;C&#039;est pourquoi tous les agresseurs connus ou inconnus ne doivent pas \u00eatre amnisti\u00e9s&quot; - Senegal<\/title>\n<meta name=\"description\" content=\"L&#039;agression de Maimouna Ndour Faye est l&#039;e\u0301nie\u0300me raison qui conforte Thierno Alassane Sall que la loi d&#039;amnistie annonc ...\" \/>\n<meta name=\"robots\" content=\"index, follow, max-snippet:-1, max-image-preview:large, max-video-preview:-1\" \/>\n<link rel=\"canonical\" href=\"https:\/\/www.africa-press.net\/senegal\/politique\/tas-sur-lagression-de-mnf-cest-pourquoi-tous-les-agresseurs-connus-ou-inconnus-ne-doivent-pas-etre-amnisties\" \/>\n<meta property=\"og:locale\" content=\"fr_FR\" \/>\n<meta property=\"og:type\" content=\"article\" \/>\n<meta property=\"og:title\" content=\"TAS sur l&#039;agression de MNF : &quot;C&#039;est pourquoi tous les agresseurs connus ou inconnus ne doivent pas \u00eatre amnisti\u00e9s&quot;\" \/>\n<meta property=\"og:description\" content=\"L&#039;agression de Maimouna Ndour Faye est l&#039;e\u0301nie\u0300me raison qui conforte Thierno Alassane Sall que la loi d&#039;amnistie annonc ...\" \/>\n<meta property=\"og:url\" content=\"https:\/\/www.africa-press.net\/senegal\/politique\/tas-sur-lagression-de-mnf-cest-pourquoi-tous-les-agresseurs-connus-ou-inconnus-ne-doivent-pas-etre-amnisties\" \/>\n<meta property=\"og:site_name\" content=\"Senegal\" \/>\n<meta property=\"article:published_time\" content=\"2024-03-01T20:53:18+00:00\" \/>\n<meta property=\"article:modified_time\" content=\"2024-03-02T01:27:07+00:00\" \/>\n<meta property=\"og:image\" content=\"https:\/\/static.africa-press.net\/senegal\/sites\/13\/2024\/03\/sm_1709326510.428452.jpg\" \/>\n\t<meta property=\"og:image:width\" content=\"1302\" \/>\n\t<meta property=\"og:image:height\" content=\"633\" \/>\n\t<meta property=\"og:image:type\" content=\"image\/jpeg\" \/>\n<meta name=\"author\" content=\"cfeditorfr\" \/>\n<meta name=\"twitter:card\" content=\"summary_large_image\" \/>\n<meta name=\"twitter:label1\" content=\"\u00c9crit par\" \/>\n\t<meta name=\"twitter:data1\" content=\"cfeditorfr\" \/>\n\t<meta name=\"twitter:label2\" content=\"Dur\u00e9e de lecture estim\u00e9e\" \/>\n\t<meta name=\"twitter:data2\" content=\"2 minutes\" \/>\n<script type=\"application\/ld+json\" class=\"yoast-schema-graph\">{\"@context\":\"https:\/\/schema.org\",\"@graph\":[{\"@type\":\"Article\",\"@id\":\"https:\/\/www.africa-press.net\/senegal\/politique\/tas-sur-lagression-de-mnf-cest-pourquoi-tous-les-agresseurs-connus-ou-inconnus-ne-doivent-pas-etre-amnisties#article\",\"isPartOf\":{\"@id\":\"https:\/\/www.africa-press.net\/senegal\/politique\/tas-sur-lagression-de-mnf-cest-pourquoi-tous-les-agresseurs-connus-ou-inconnus-ne-doivent-pas-etre-amnisties\"},\"author\":{\"name\":\"cfeditorfr\",\"@id\":\"https:\/\/www.africa-press.net\/senegal\/#\/schema\/person\/2b1cf3cd81a31e3cd26889ca66d677f1\"},\"headline\":\"TAS sur l&rsquo;agression de MNF : \u00ab\u00a0C&rsquo;est pourquoi tous les agresseurs connus ou inconnus ne doivent pas \u00eatre amnisti\u00e9s\u00a0\u00bb\",\"datePublished\":\"2024-03-01T20:53:18+00:00\",\"dateModified\":\"2024-03-02T01:27:07+00:00\",\"mainEntityOfPage\":{\"@id\":\"https:\/\/www.africa-press.net\/senegal\/politique\/tas-sur-lagression-de-mnf-cest-pourquoi-tous-les-agresseurs-connus-ou-inconnus-ne-doivent-pas-etre-amnisties\"},\"wordCount\":389,\"commentCount\":0,\"image\":{\"@id\":\"https:\/\/www.africa-press.net\/senegal\/politique\/tas-sur-lagression-de-mnf-cest-pourquoi-tous-les-agresseurs-connus-ou-inconnus-ne-doivent-pas-etre-amnisties#primaryimage\"},\"thumbnailUrl\":\"https:\/\/static.africa-press.net\/senegal\/sites\/13\/2024\/03\/sm_1709326510.428452.jpg\",\"keywords\":[\"Africa Press\",\"Africa Press-Senegal\",\"Senegal\"],\"articleSection\":[\"Politique\",\"Toutes les actualit\u00e9s\"],\"inLanguage\":\"fr-FR\",\"potentialAction\":[{\"@type\":\"CommentAction\",\"name\":\"Comment\",\"target\":[\"https:\/\/www.africa-press.net\/senegal\/politique\/tas-sur-lagression-de-mnf-cest-pourquoi-tous-les-agresseurs-connus-ou-inconnus-ne-doivent-pas-etre-amnisties#respond\"]}]},{\"@type\":\"WebPage\",\"@id\":\"https:\/\/www.africa-press.net\/senegal\/politique\/tas-sur-lagression-de-mnf-cest-pourquoi-tous-les-agresseurs-connus-ou-inconnus-ne-doivent-pas-etre-amnisties\",\"url\":\"https:\/\/www.africa-press.net\/senegal\/politique\/tas-sur-lagression-de-mnf-cest-pourquoi-tous-les-agresseurs-connus-ou-inconnus-ne-doivent-pas-etre-amnisties\",\"name\":\"TAS sur l'agression de MNF : \\\"C'est pourquoi tous les agresseurs connus ou inconnus ne doivent pas \u00eatre amnisti\u00e9s\\\" - Senegal\",\"isPartOf\":{\"@id\":\"https:\/\/www.africa-press.net\/senegal\/#website\"},\"primaryImageOfPage\":{\"@id\":\"https:\/\/www.africa-press.net\/senegal\/politique\/tas-sur-lagression-de-mnf-cest-pourquoi-tous-les-agresseurs-connus-ou-inconnus-ne-doivent-pas-etre-amnisties#primaryimage\"},\"image\":{\"@id\":\"https:\/\/www.africa-press.net\/senegal\/politique\/tas-sur-lagression-de-mnf-cest-pourquoi-tous-les-agresseurs-connus-ou-inconnus-ne-doivent-pas-etre-amnisties#primaryimage\"},\"thumbnailUrl\":\"https:\/\/static.africa-press.net\/senegal\/sites\/13\/2024\/03\/sm_1709326510.428452.jpg\",\"datePublished\":\"2024-03-01T20:53:18+00:00\",\"dateModified\":\"2024-03-02T01:27:07+00:00\",\"author\":{\"@id\":\"https:\/\/www.africa-press.net\/senegal\/#\/schema\/person\/2b1cf3cd81a31e3cd26889ca66d677f1\"},\"description\":\"L'agression de Maimouna Ndour Faye est l'e\u0301nie\u0300me raison qui conforte Thierno Alassane Sall que la loi d'amnistie annonc ...\",\"breadcrumb\":{\"@id\":\"https:\/\/www.africa-press.net\/senegal\/politique\/tas-sur-lagression-de-mnf-cest-pourquoi-tous-les-agresseurs-connus-ou-inconnus-ne-doivent-pas-etre-amnisties#breadcrumb\"},\"inLanguage\":\"fr-FR\",\"potentialAction\":[{\"@type\":\"ReadAction\",\"target\":[\"https:\/\/www.africa-press.net\/senegal\/politique\/tas-sur-lagression-de-mnf-cest-pourquoi-tous-les-agresseurs-connus-ou-inconnus-ne-doivent-pas-etre-amnisties\"]}]},{\"@type\":\"ImageObject\",\"inLanguage\":\"fr-FR\",\"@id\":\"https:\/\/www.africa-press.net\/senegal\/politique\/tas-sur-lagression-de-mnf-cest-pourquoi-tous-les-agresseurs-connus-ou-inconnus-ne-doivent-pas-etre-amnisties#primaryimage\",\"url\":\"https:\/\/static.africa-press.net\/senegal\/sites\/13\/2024\/03\/sm_1709326510.428452.jpg\",\"contentUrl\":\"https:\/\/static.africa-press.net\/senegal\/sites\/13\/2024\/03\/sm_1709326510.428452.jpg\",\"width\":1302,\"height\":633,\"caption\":\"TAS sur l'agression de MNF : \\\"C'est pourquoi tous les agresseurs connus ou inconnus ne doivent pas \u00eatre amnisti\u00e9s\\\"\"},{\"@type\":\"BreadcrumbList\",\"@id\":\"https:\/\/www.africa-press.net\/senegal\/politique\/tas-sur-lagression-de-mnf-cest-pourquoi-tous-les-agresseurs-connus-ou-inconnus-ne-doivent-pas-etre-amnisties#breadcrumb\",\"itemListElement\":[{\"@type\":\"ListItem\",\"position\":1,\"name\":\"Accueil\",\"item\":\"https:\/\/www.africa-press.net\/senegal\/\"},{\"@type\":\"ListItem\",\"position\":2,\"name\":\"TAS sur l&#8217;agression de MNF : &#8220;C&#8217;est pourquoi tous les agresseurs connus ou inconnus ne doivent pas \u00eatre amnisti\u00e9s&#8221;\"}]},{\"@type\":\"WebSite\",\"@id\":\"https:\/\/www.africa-press.net\/senegal\/#website\",\"url\":\"https:\/\/www.africa-press.net\/senegal\/\",\"name\":\"Africa Press | Senegal | Homepage\",\"description\":\"Just another Africa News Agency Sites site\",\"potentialAction\":[{\"@type\":\"SearchAction\",\"target\":{\"@type\":\"EntryPoint\",\"urlTemplate\":\"https:\/\/www.africa-press.net\/senegal\/?s={search_term_string}\"},\"query-input\":{\"@type\":\"PropertyValueSpecification\",\"valueRequired\":true,\"valueName\":\"search_term_string\"}}],\"inLanguage\":\"fr-FR\"},{\"@type\":\"Person\",\"@id\":\"https:\/\/www.africa-press.net\/senegal\/#\/schema\/person\/2b1cf3cd81a31e3cd26889ca66d677f1\",\"name\":\"cfeditorfr\",\"url\":\"https:\/\/www.africa-press.net\/senegal\/author\/cfeditorfr\"}]}<\/script>\n<!-- \/ Yoast SEO Premium plugin. -->","yoast_head_json":{"title":"TAS sur l'agression de MNF : \"C'est pourquoi tous les agresseurs connus ou inconnus ne doivent pas \u00eatre amnisti\u00e9s\" - Senegal","description":"L'agression de Maimouna Ndour Faye est l'e\u0301nie\u0300me raison qui conforte Thierno Alassane Sall que la loi d'amnistie annonc ...","robots":{"index":"index","follow":"follow","max-snippet":"max-snippet:-1","max-image-preview":"max-image-preview:large","max-video-preview":"max-video-preview:-1"},"canonical":"https:\/\/www.africa-press.net\/senegal\/politique\/tas-sur-lagression-de-mnf-cest-pourquoi-tous-les-agresseurs-connus-ou-inconnus-ne-doivent-pas-etre-amnisties","og_locale":"fr_FR","og_type":"article","og_title":"TAS sur l'agression de MNF : \"C'est pourquoi tous les agresseurs connus ou inconnus ne doivent pas \u00eatre amnisti\u00e9s\"","og_description":"L'agression de Maimouna Ndour Faye est l'e\u0301nie\u0300me raison qui conforte Thierno Alassane Sall que la loi d'amnistie annonc ...","og_url":"https:\/\/www.africa-press.net\/senegal\/politique\/tas-sur-lagression-de-mnf-cest-pourquoi-tous-les-agresseurs-connus-ou-inconnus-ne-doivent-pas-etre-amnisties","og_site_name":"Senegal","article_published_time":"2024-03-01T20:53:18+00:00","article_modified_time":"2024-03-02T01:27:07+00:00","og_image":[{"width":1302,"height":633,"url":"https:\/\/static.africa-press.net\/senegal\/sites\/13\/2024\/03\/sm_1709326510.428452.jpg","type":"image\/jpeg"}],"author":"cfeditorfr","twitter_card":"summary_large_image","twitter_misc":{"\u00c9crit par":"cfeditorfr","Dur\u00e9e de lecture estim\u00e9e":"2 minutes"},"schema":{"@context":"https:\/\/schema.org","@graph":[{"@type":"Article","@id":"https:\/\/www.africa-press.net\/senegal\/politique\/tas-sur-lagression-de-mnf-cest-pourquoi-tous-les-agresseurs-connus-ou-inconnus-ne-doivent-pas-etre-amnisties#article","isPartOf":{"@id":"https:\/\/www.africa-press.net\/senegal\/politique\/tas-sur-lagression-de-mnf-cest-pourquoi-tous-les-agresseurs-connus-ou-inconnus-ne-doivent-pas-etre-amnisties"},"author":{"name":"cfeditorfr","@id":"https:\/\/www.africa-press.net\/senegal\/#\/schema\/person\/2b1cf3cd81a31e3cd26889ca66d677f1"},"headline":"TAS sur l&rsquo;agression de MNF : \u00ab\u00a0C&rsquo;est pourquoi tous les agresseurs connus ou inconnus ne doivent pas \u00eatre amnisti\u00e9s\u00a0\u00bb","datePublished":"2024-03-01T20:53:18+00:00","dateModified":"2024-03-02T01:27:07+00:00","mainEntityOfPage":{"@id":"https:\/\/www.africa-press.net\/senegal\/politique\/tas-sur-lagression-de-mnf-cest-pourquoi-tous-les-agresseurs-connus-ou-inconnus-ne-doivent-pas-etre-amnisties"},"wordCount":389,"commentCount":0,"image":{"@id":"https:\/\/www.africa-press.net\/senegal\/politique\/tas-sur-lagression-de-mnf-cest-pourquoi-tous-les-agresseurs-connus-ou-inconnus-ne-doivent-pas-etre-amnisties#primaryimage"},"thumbnailUrl":"https:\/\/static.africa-press.net\/senegal\/sites\/13\/2024\/03\/sm_1709326510.428452.jpg","keywords":["Africa Press","Africa Press-Senegal","Senegal"],"articleSection":["Politique","Toutes les actualit\u00e9s"],"inLanguage":"fr-FR","potentialAction":[{"@type":"CommentAction","name":"Comment","target":["https:\/\/www.africa-press.net\/senegal\/politique\/tas-sur-lagression-de-mnf-cest-pourquoi-tous-les-agresseurs-connus-ou-inconnus-ne-doivent-pas-etre-amnisties#respond"]}]},{"@type":"WebPage","@id":"https:\/\/www.africa-press.net\/senegal\/politique\/tas-sur-lagression-de-mnf-cest-pourquoi-tous-les-agresseurs-connus-ou-inconnus-ne-doivent-pas-etre-amnisties","url":"https:\/\/www.africa-press.net\/senegal\/politique\/tas-sur-lagression-de-mnf-cest-pourquoi-tous-les-agresseurs-connus-ou-inconnus-ne-doivent-pas-etre-amnisties","name":"TAS sur l'agression de MNF : \"C'est pourquoi tous les agresseurs connus ou inconnus ne doivent pas \u00eatre amnisti\u00e9s\" - Senegal","isPartOf":{"@id":"https:\/\/www.africa-press.net\/senegal\/#website"},"primaryImageOfPage":{"@id":"https:\/\/www.africa-press.net\/senegal\/politique\/tas-sur-lagression-de-mnf-cest-pourquoi-tous-les-agresseurs-connus-ou-inconnus-ne-doivent-pas-etre-amnisties#primaryimage"},"image":{"@id":"https:\/\/www.africa-press.net\/senegal\/politique\/tas-sur-lagression-de-mnf-cest-pourquoi-tous-les-agresseurs-connus-ou-inconnus-ne-doivent-pas-etre-amnisties#primaryimage"},"thumbnailUrl":"https:\/\/static.africa-press.net\/senegal\/sites\/13\/2024\/03\/sm_1709326510.428452.jpg","datePublished":"2024-03-01T20:53:18+00:00","dateModified":"2024-03-02T01:27:07+00:00","author":{"@id":"https:\/\/www.africa-press.net\/senegal\/#\/schema\/person\/2b1cf3cd81a31e3cd26889ca66d677f1"},"description":"L'agression de Maimouna Ndour Faye est l'e\u0301nie\u0300me raison qui conforte Thierno Alassane Sall que la loi d'amnistie annonc ...","breadcrumb":{"@id":"https:\/\/www.africa-press.net\/senegal\/politique\/tas-sur-lagression-de-mnf-cest-pourquoi-tous-les-agresseurs-connus-ou-inconnus-ne-doivent-pas-etre-amnisties#breadcrumb"},"inLanguage":"fr-FR","potentialAction":[{"@type":"ReadAction","target":["https:\/\/www.africa-press.net\/senegal\/politique\/tas-sur-lagression-de-mnf-cest-pourquoi-tous-les-agresseurs-connus-ou-inconnus-ne-doivent-pas-etre-amnisties"]}]},{"@type":"ImageObject","inLanguage":"fr-FR","@id":"https:\/\/www.africa-press.net\/senegal\/politique\/tas-sur-lagression-de-mnf-cest-pourquoi-tous-les-agresseurs-connus-ou-inconnus-ne-doivent-pas-etre-amnisties#primaryimage","url":"https:\/\/static.africa-press.net\/senegal\/sites\/13\/2024\/03\/sm_1709326510.428452.jpg","contentUrl":"https:\/\/static.africa-press.net\/senegal\/sites\/13\/2024\/03\/sm_1709326510.428452.jpg","width":1302,"height":633,"caption":"TAS sur l'agression de MNF : \"C'est pourquoi tous les agresseurs connus ou inconnus ne doivent pas \u00eatre amnisti\u00e9s\""},{"@type":"BreadcrumbList","@id":"https:\/\/www.africa-press.net\/senegal\/politique\/tas-sur-lagression-de-mnf-cest-pourquoi-tous-les-agresseurs-connus-ou-inconnus-ne-doivent-pas-etre-amnisties#breadcrumb","itemListElement":[{"@type":"ListItem","position":1,"name":"Accueil","item":"https:\/\/www.africa-press.net\/senegal\/"},{"@type":"ListItem","position":2,"name":"TAS sur l&#8217;agression de MNF : &#8220;C&#8217;est pourquoi tous les agresseurs connus ou inconnus ne doivent pas \u00eatre amnisti\u00e9s&#8221;"}]},{"@type":"WebSite","@id":"https:\/\/www.africa-press.net\/senegal\/#website","url":"https:\/\/www.africa-press.net\/senegal\/","name":"Africa Press | Senegal | Homepage","description":"Just another Africa News Agency Sites site","potentialAction":[{"@type":"SearchAction","target":{"@type":"EntryPoint","urlTemplate":"https:\/\/www.africa-press.net\/senegal\/?s={search_term_string}"},"query-input":{"@type":"PropertyValueSpecification","valueRequired":true,"valueName":"search_term_string"}}],"inLanguage":"fr-FR"},{"@type":"Person","@id":"https:\/\/www.africa-press.net\/senegal\/#\/schema\/person\/2b1cf3cd81a31e3cd26889ca66d677f1","name":"cfeditorfr","url":"https:\/\/www.africa-press.net\/senegal\/author\/cfeditorfr"}]}},"_links":{"self":[{"href":"https:\/\/www.africa-press.net\/senegal\/wp-json\/wp\/v2\/posts\/56301","targetHints":{"allow":["GET"]}}],"collection":[{"href":"https:\/\/www.africa-press.net\/senegal\/wp-json\/wp\/v2\/posts"}],"about":[{"href":"https:\/\/www.africa-press.net\/senegal\/wp-json\/wp\/v2\/types\/post"}],"author":[{"embeddable":true,"href":"https:\/\/www.africa-press.net\/senegal\/wp-json\/wp\/v2\/users\/82"}],"replies":[{"embeddable":true,"href":"https:\/\/www.africa-press.net\/senegal\/wp-json\/wp\/v2\/comments?post=56301"}],"version-history":[{"count":0,"href":"https:\/\/www.africa-press.net\/senegal\/wp-json\/wp\/v2\/posts\/56301\/revisions"}],"wp:featuredmedia":[{"embeddable":true,"href":"https:\/\/www.africa-press.net\/senegal\/wp-json\/wp\/v2\/media\/56300"}],"wp:attachment":[{"href":"https:\/\/www.africa-press.net\/senegal\/wp-json\/wp\/v2\/media?parent=56301"}],"wp:term":[{"taxonomy":"category","embeddable":true,"href":"https:\/\/www.africa-press.net\/senegal\/wp-json\/wp\/v2\/categories?post=56301"},{"taxonomy":"post_tag","embeddable":true,"href":"https:\/\/www.africa-press.net\/senegal\/wp-json\/wp\/v2\/tags?post=56301"}],"curies":[{"name":"wp","href":"https:\/\/api.w.org\/{rel}","templated":true}]}}