{"id":56304,"date":"2024-03-01T20:55:01","date_gmt":"2024-03-01T20:55:01","guid":{"rendered":"https:\/\/www.africa-press.net\/senegal\/politique\/robert-bourgi-ce-que-macky-sall-va-faire-a-partir-de-ce-lundi"},"modified":"2024-03-02T01:27:32","modified_gmt":"2024-03-02T01:27:32","slug":"robert-bourgi-ce-que-macky-sall-va-faire-a-partir-de-ce-lundi","status":"publish","type":"post","link":"https:\/\/www.africa-press.net\/senegal\/politique\/robert-bourgi-ce-que-macky-sall-va-faire-a-partir-de-ce-lundi","title":{"rendered":"Robert Bourgi : \u00abCe que Macky Sall va faire \u00e0 partir de ce lundi\u00bb"},"content":{"rendered":"<p><span style=\"color: #ff6600\"><strong>Africa-Press &#8211; Senegal. <\/strong><\/span>Le rapport des conclusions du dialogue national tenu lundi et mardi derniers a\u0300 Diamniadio sera sur la table du Pre\u0301sident Macky Sall, en de\u0301but de semaine prochaine. La re\u0301ve\u0301lation est faite par l\u2019avocat et conseiller politique franc\u0327ais Robert Bourgi dans un entretien accorde\u0301 a\u0300 L\u2019Observateur du jour.<\/p>\n<p>Le spe\u0301cialiste des questions africaines avance que le chef de l\u2019E\u0301tat se\u0301ne\u0301galais ne tardera pas par la suite a\u0300 saisir le Conseil constitutionnel: \u00ab Je n\u2019ai pas le don de voyance, mais je puis vous dire que la de\u0301marche du Pre\u0301sident va e\u0302tre la suivante: il rec\u0327oit le lundi 4 mars le rapport. Il va faire une lettre et transmettre ce rapport au Conseil constitutionnel, en lui demandant de porter le jugement qu\u2019il veut bien porter a\u0300 ce rapport. \u00bb<\/p>\n<p><b>Il poursuit: \u00ab Le Pre\u0301sident Macky Sall s\u2019inclinera et attendra la fin de son mandat. \u00bb<\/b><\/p>\n<p>Quid de la transition ? \u00ab Normalement, c\u2019est au pre\u0301sident de l\u2019Assemble\u0301e nationale (Amadou Mame Diop). Mais, les trois raisons de l\u2019inte\u0301rim, c\u2019est la de\u0301mission, le de\u0301ce\u0300s et l\u2019empe\u0302chement. Aucun de ces e\u0301le\u0301ments n\u2019est re\u0301uni \u00bb, nuance Bourgi. Qui s\u2019empresse toutefois d\u2019ajouter: \u00ab C\u2019est au Conseil constitutionnel de de\u0301cider souverainement. Le Pre\u0301sident, le 2 avril, est un citoyen comme vous et moi, et il s\u2019en ira. \u00bb<\/p>\n<p>Il pre\u0301dit \u00ab qu\u2019il ne se passera pas beaucoup de temps avant que les Se\u0301ne\u0301galais ne regrettent Macky Sall \u00bb.<\/p>\n<p><strong>Pour plus d&rsquo;informations et d&rsquo;analyses sur la <a href=\"https:\/\/www.africa-press.net\/senegal\">Senegal<\/a>, suivez <a href=\"https:\/\/www.africa-press.net\/\">Africa-Press<\/a><\/strong><\/p>\n","protected":false},"excerpt":{"rendered":"<p>Africa-Press &#8211; Senegal. Le rapport des conclusions du dialogue national tenu lundi et mardi derniers a\u0300 Diamniadio sera sur la table du Pre\u0301sident Macky Sall, en de\u0301but de semaine prochaine. La re\u0301ve\u0301lation est faite par l\u2019avocat et conseiller politique franc\u0327ais Robert Bourgi dans un entretien accorde\u0301 a\u0300 L\u2019Observateur du jour. Le spe\u0301cialiste des questions africaines [&hellip;]<\/p>\n","protected":false},"author":82,"featured_media":56302,"comment_status":"open","ping_status":"closed","sticky":false,"template":"","format":"standard","meta":{"footnotes":""},"categories":[2,20,10],"tags":[43,47,44],"class_list":["post-56304","post","type-post","status-publish","format-standard","has-post-thumbnail","hentry","category-politique","category-top-nouvelles","category-toutes-les-actualites","tag-africa-press-2","tag-africa-press-senegal","tag-senegal-2"],"yoast_head":"<!-- This site is optimized with the Yoast SEO Premium plugin v26.1 (Yoast SEO v27.0) - https:\/\/yoast.com\/product\/yoast-seo-premium-wordpress\/ -->\n<title>Robert Bourgi : \u00abCe que Macky Sall va faire \u00e0 partir de ce lundi\u00bb - Senegal<\/title>\n<meta name=\"description\" content=\"Le rapport des conclusions du dialogue national tenu lundi et mardi derniers a\u0300 Diamniadio sera sur la table du Pre\u0301side ...\" \/>\n<meta name=\"robots\" content=\"index, follow, max-snippet:-1, max-image-preview:large, max-video-preview:-1\" \/>\n<link rel=\"canonical\" href=\"https:\/\/www.africa-press.net\/senegal\/politique\/robert-bourgi-ce-que-macky-sall-va-faire-a-partir-de-ce-lundi\" \/>\n<meta property=\"og:locale\" content=\"fr_FR\" \/>\n<meta property=\"og:type\" content=\"article\" \/>\n<meta property=\"og:title\" content=\"Robert Bourgi : \u00abCe que Macky Sall va faire \u00e0 partir de ce lundi\u00bb\" \/>\n<meta property=\"og:description\" content=\"Le rapport des conclusions du dialogue national tenu lundi et mardi derniers a\u0300 Diamniadio sera sur la table du Pre\u0301side ...\" \/>\n<meta property=\"og:url\" content=\"https:\/\/www.africa-press.net\/senegal\/politique\/robert-bourgi-ce-que-macky-sall-va-faire-a-partir-de-ce-lundi\" \/>\n<meta property=\"og:site_name\" content=\"Senegal\" \/>\n<meta property=\"article:published_time\" content=\"2024-03-01T20:55:01+00:00\" \/>\n<meta property=\"article:modified_time\" content=\"2024-03-02T01:27:32+00:00\" \/>\n<meta property=\"og:image\" content=\"https:\/\/static.africa-press.net\/senegal\/sites\/13\/2024\/03\/sm_1709326528.688937.jpg\" \/>\n\t<meta property=\"og:image:width\" content=\"1304\" \/>\n\t<meta property=\"og:image:height\" content=\"635\" \/>\n\t<meta property=\"og:image:type\" content=\"image\/jpeg\" \/>\n<meta name=\"author\" content=\"cfeditorfr\" \/>\n<meta name=\"twitter:card\" content=\"summary_large_image\" \/>\n<meta name=\"twitter:label1\" content=\"\u00c9crit par\" \/>\n\t<meta name=\"twitter:data1\" content=\"cfeditorfr\" \/>\n\t<meta name=\"twitter:label2\" content=\"Dur\u00e9e de lecture estim\u00e9e\" \/>\n\t<meta name=\"twitter:data2\" content=\"2 minutes\" \/>\n<script type=\"application\/ld+json\" class=\"yoast-schema-graph\">{\"@context\":\"https:\/\/schema.org\",\"@graph\":[{\"@type\":\"Article\",\"@id\":\"https:\/\/www.africa-press.net\/senegal\/politique\/robert-bourgi-ce-que-macky-sall-va-faire-a-partir-de-ce-lundi#article\",\"isPartOf\":{\"@id\":\"https:\/\/www.africa-press.net\/senegal\/politique\/robert-bourgi-ce-que-macky-sall-va-faire-a-partir-de-ce-lundi\"},\"author\":{\"name\":\"cfeditorfr\",\"@id\":\"https:\/\/www.africa-press.net\/senegal\/#\/schema\/person\/2b1cf3cd81a31e3cd26889ca66d677f1\"},\"headline\":\"Robert Bourgi : \u00abCe que Macky Sall va faire \u00e0 partir de ce lundi\u00bb\",\"datePublished\":\"2024-03-01T20:55:01+00:00\",\"dateModified\":\"2024-03-02T01:27:32+00:00\",\"mainEntityOfPage\":{\"@id\":\"https:\/\/www.africa-press.net\/senegal\/politique\/robert-bourgi-ce-que-macky-sall-va-faire-a-partir-de-ce-lundi\"},\"wordCount\":290,\"commentCount\":0,\"image\":{\"@id\":\"https:\/\/www.africa-press.net\/senegal\/politique\/robert-bourgi-ce-que-macky-sall-va-faire-a-partir-de-ce-lundi#primaryimage\"},\"thumbnailUrl\":\"https:\/\/static.africa-press.net\/senegal\/sites\/13\/2024\/03\/sm_1709326528.688937.jpg\",\"keywords\":[\"Africa Press\",\"Africa Press-Senegal\",\"Senegal\"],\"articleSection\":[\"Politique\",\"Top Nouvelles\",\"Toutes les actualit\u00e9s\"],\"inLanguage\":\"fr-FR\",\"potentialAction\":[{\"@type\":\"CommentAction\",\"name\":\"Comment\",\"target\":[\"https:\/\/www.africa-press.net\/senegal\/politique\/robert-bourgi-ce-que-macky-sall-va-faire-a-partir-de-ce-lundi#respond\"]}]},{\"@type\":\"WebPage\",\"@id\":\"https:\/\/www.africa-press.net\/senegal\/politique\/robert-bourgi-ce-que-macky-sall-va-faire-a-partir-de-ce-lundi\",\"url\":\"https:\/\/www.africa-press.net\/senegal\/politique\/robert-bourgi-ce-que-macky-sall-va-faire-a-partir-de-ce-lundi\",\"name\":\"Robert Bourgi : \u00abCe que Macky Sall va faire \u00e0 partir de ce lundi\u00bb - Senegal\",\"isPartOf\":{\"@id\":\"https:\/\/www.africa-press.net\/senegal\/#website\"},\"primaryImageOfPage\":{\"@id\":\"https:\/\/www.africa-press.net\/senegal\/politique\/robert-bourgi-ce-que-macky-sall-va-faire-a-partir-de-ce-lundi#primaryimage\"},\"image\":{\"@id\":\"https:\/\/www.africa-press.net\/senegal\/politique\/robert-bourgi-ce-que-macky-sall-va-faire-a-partir-de-ce-lundi#primaryimage\"},\"thumbnailUrl\":\"https:\/\/static.africa-press.net\/senegal\/sites\/13\/2024\/03\/sm_1709326528.688937.jpg\",\"datePublished\":\"2024-03-01T20:55:01+00:00\",\"dateModified\":\"2024-03-02T01:27:32+00:00\",\"author\":{\"@id\":\"https:\/\/www.africa-press.net\/senegal\/#\/schema\/person\/2b1cf3cd81a31e3cd26889ca66d677f1\"},\"description\":\"Le rapport des conclusions du dialogue national tenu lundi et mardi derniers a\u0300 Diamniadio sera sur la table du Pre\u0301side ...\",\"breadcrumb\":{\"@id\":\"https:\/\/www.africa-press.net\/senegal\/politique\/robert-bourgi-ce-que-macky-sall-va-faire-a-partir-de-ce-lundi#breadcrumb\"},\"inLanguage\":\"fr-FR\",\"potentialAction\":[{\"@type\":\"ReadAction\",\"target\":[\"https:\/\/www.africa-press.net\/senegal\/politique\/robert-bourgi-ce-que-macky-sall-va-faire-a-partir-de-ce-lundi\"]}]},{\"@type\":\"ImageObject\",\"inLanguage\":\"fr-FR\",\"@id\":\"https:\/\/www.africa-press.net\/senegal\/politique\/robert-bourgi-ce-que-macky-sall-va-faire-a-partir-de-ce-lundi#primaryimage\",\"url\":\"https:\/\/static.africa-press.net\/senegal\/sites\/13\/2024\/03\/sm_1709326528.688937.jpg\",\"contentUrl\":\"https:\/\/static.africa-press.net\/senegal\/sites\/13\/2024\/03\/sm_1709326528.688937.jpg\",\"width\":1304,\"height\":635,\"caption\":\"Robert Bourgi : \u00abCe que Macky Sall va faire \u00e0 partir de ce lundi\u00bb\"},{\"@type\":\"BreadcrumbList\",\"@id\":\"https:\/\/www.africa-press.net\/senegal\/politique\/robert-bourgi-ce-que-macky-sall-va-faire-a-partir-de-ce-lundi#breadcrumb\",\"itemListElement\":[{\"@type\":\"ListItem\",\"position\":1,\"name\":\"Accueil\",\"item\":\"https:\/\/www.africa-press.net\/senegal\/\"},{\"@type\":\"ListItem\",\"position\":2,\"name\":\"Robert Bourgi : \u00abCe que Macky Sall va faire \u00e0 partir de ce lundi\u00bb\"}]},{\"@type\":\"WebSite\",\"@id\":\"https:\/\/www.africa-press.net\/senegal\/#website\",\"url\":\"https:\/\/www.africa-press.net\/senegal\/\",\"name\":\"Africa Press | Senegal | Homepage\",\"description\":\"Just another Africa News Agency Sites site\",\"potentialAction\":[{\"@type\":\"SearchAction\",\"target\":{\"@type\":\"EntryPoint\",\"urlTemplate\":\"https:\/\/www.africa-press.net\/senegal\/?s={search_term_string}\"},\"query-input\":{\"@type\":\"PropertyValueSpecification\",\"valueRequired\":true,\"valueName\":\"search_term_string\"}}],\"inLanguage\":\"fr-FR\"},{\"@type\":\"Person\",\"@id\":\"https:\/\/www.africa-press.net\/senegal\/#\/schema\/person\/2b1cf3cd81a31e3cd26889ca66d677f1\",\"name\":\"cfeditorfr\",\"url\":\"https:\/\/www.africa-press.net\/senegal\/author\/cfeditorfr\"}]}<\/script>\n<!-- \/ Yoast SEO Premium plugin. -->","yoast_head_json":{"title":"Robert Bourgi : \u00abCe que Macky Sall va faire \u00e0 partir de ce lundi\u00bb - Senegal","description":"Le rapport des conclusions du dialogue national tenu lundi et mardi derniers a\u0300 Diamniadio sera sur la table du Pre\u0301side ...","robots":{"index":"index","follow":"follow","max-snippet":"max-snippet:-1","max-image-preview":"max-image-preview:large","max-video-preview":"max-video-preview:-1"},"canonical":"https:\/\/www.africa-press.net\/senegal\/politique\/robert-bourgi-ce-que-macky-sall-va-faire-a-partir-de-ce-lundi","og_locale":"fr_FR","og_type":"article","og_title":"Robert Bourgi : \u00abCe que Macky Sall va faire \u00e0 partir de ce lundi\u00bb","og_description":"Le rapport des conclusions du dialogue national tenu lundi et mardi derniers a\u0300 Diamniadio sera sur la table du Pre\u0301side ...","og_url":"https:\/\/www.africa-press.net\/senegal\/politique\/robert-bourgi-ce-que-macky-sall-va-faire-a-partir-de-ce-lundi","og_site_name":"Senegal","article_published_time":"2024-03-01T20:55:01+00:00","article_modified_time":"2024-03-02T01:27:32+00:00","og_image":[{"width":1304,"height":635,"url":"https:\/\/static.africa-press.net\/senegal\/sites\/13\/2024\/03\/sm_1709326528.688937.jpg","type":"image\/jpeg"}],"author":"cfeditorfr","twitter_card":"summary_large_image","twitter_misc":{"\u00c9crit par":"cfeditorfr","Dur\u00e9e de lecture estim\u00e9e":"2 minutes"},"schema":{"@context":"https:\/\/schema.org","@graph":[{"@type":"Article","@id":"https:\/\/www.africa-press.net\/senegal\/politique\/robert-bourgi-ce-que-macky-sall-va-faire-a-partir-de-ce-lundi#article","isPartOf":{"@id":"https:\/\/www.africa-press.net\/senegal\/politique\/robert-bourgi-ce-que-macky-sall-va-faire-a-partir-de-ce-lundi"},"author":{"name":"cfeditorfr","@id":"https:\/\/www.africa-press.net\/senegal\/#\/schema\/person\/2b1cf3cd81a31e3cd26889ca66d677f1"},"headline":"Robert Bourgi : \u00abCe que Macky Sall va faire \u00e0 partir de ce lundi\u00bb","datePublished":"2024-03-01T20:55:01+00:00","dateModified":"2024-03-02T01:27:32+00:00","mainEntityOfPage":{"@id":"https:\/\/www.africa-press.net\/senegal\/politique\/robert-bourgi-ce-que-macky-sall-va-faire-a-partir-de-ce-lundi"},"wordCount":290,"commentCount":0,"image":{"@id":"https:\/\/www.africa-press.net\/senegal\/politique\/robert-bourgi-ce-que-macky-sall-va-faire-a-partir-de-ce-lundi#primaryimage"},"thumbnailUrl":"https:\/\/static.africa-press.net\/senegal\/sites\/13\/2024\/03\/sm_1709326528.688937.jpg","keywords":["Africa Press","Africa Press-Senegal","Senegal"],"articleSection":["Politique","Top Nouvelles","Toutes les actualit\u00e9s"],"inLanguage":"fr-FR","potentialAction":[{"@type":"CommentAction","name":"Comment","target":["https:\/\/www.africa-press.net\/senegal\/politique\/robert-bourgi-ce-que-macky-sall-va-faire-a-partir-de-ce-lundi#respond"]}]},{"@type":"WebPage","@id":"https:\/\/www.africa-press.net\/senegal\/politique\/robert-bourgi-ce-que-macky-sall-va-faire-a-partir-de-ce-lundi","url":"https:\/\/www.africa-press.net\/senegal\/politique\/robert-bourgi-ce-que-macky-sall-va-faire-a-partir-de-ce-lundi","name":"Robert Bourgi : \u00abCe que Macky Sall va faire \u00e0 partir de ce lundi\u00bb - Senegal","isPartOf":{"@id":"https:\/\/www.africa-press.net\/senegal\/#website"},"primaryImageOfPage":{"@id":"https:\/\/www.africa-press.net\/senegal\/politique\/robert-bourgi-ce-que-macky-sall-va-faire-a-partir-de-ce-lundi#primaryimage"},"image":{"@id":"https:\/\/www.africa-press.net\/senegal\/politique\/robert-bourgi-ce-que-macky-sall-va-faire-a-partir-de-ce-lundi#primaryimage"},"thumbnailUrl":"https:\/\/static.africa-press.net\/senegal\/sites\/13\/2024\/03\/sm_1709326528.688937.jpg","datePublished":"2024-03-01T20:55:01+00:00","dateModified":"2024-03-02T01:27:32+00:00","author":{"@id":"https:\/\/www.africa-press.net\/senegal\/#\/schema\/person\/2b1cf3cd81a31e3cd26889ca66d677f1"},"description":"Le rapport des conclusions du dialogue national tenu lundi et mardi derniers a\u0300 Diamniadio sera sur la table du Pre\u0301side ...","breadcrumb":{"@id":"https:\/\/www.africa-press.net\/senegal\/politique\/robert-bourgi-ce-que-macky-sall-va-faire-a-partir-de-ce-lundi#breadcrumb"},"inLanguage":"fr-FR","potentialAction":[{"@type":"ReadAction","target":["https:\/\/www.africa-press.net\/senegal\/politique\/robert-bourgi-ce-que-macky-sall-va-faire-a-partir-de-ce-lundi"]}]},{"@type":"ImageObject","inLanguage":"fr-FR","@id":"https:\/\/www.africa-press.net\/senegal\/politique\/robert-bourgi-ce-que-macky-sall-va-faire-a-partir-de-ce-lundi#primaryimage","url":"https:\/\/static.africa-press.net\/senegal\/sites\/13\/2024\/03\/sm_1709326528.688937.jpg","contentUrl":"https:\/\/static.africa-press.net\/senegal\/sites\/13\/2024\/03\/sm_1709326528.688937.jpg","width":1304,"height":635,"caption":"Robert Bourgi : \u00abCe que Macky Sall va faire \u00e0 partir de ce lundi\u00bb"},{"@type":"BreadcrumbList","@id":"https:\/\/www.africa-press.net\/senegal\/politique\/robert-bourgi-ce-que-macky-sall-va-faire-a-partir-de-ce-lundi#breadcrumb","itemListElement":[{"@type":"ListItem","position":1,"name":"Accueil","item":"https:\/\/www.africa-press.net\/senegal\/"},{"@type":"ListItem","position":2,"name":"Robert Bourgi : \u00abCe que Macky Sall va faire \u00e0 partir de ce lundi\u00bb"}]},{"@type":"WebSite","@id":"https:\/\/www.africa-press.net\/senegal\/#website","url":"https:\/\/www.africa-press.net\/senegal\/","name":"Africa Press | Senegal | Homepage","description":"Just another Africa News Agency Sites site","potentialAction":[{"@type":"SearchAction","target":{"@type":"EntryPoint","urlTemplate":"https:\/\/www.africa-press.net\/senegal\/?s={search_term_string}"},"query-input":{"@type":"PropertyValueSpecification","valueRequired":true,"valueName":"search_term_string"}}],"inLanguage":"fr-FR"},{"@type":"Person","@id":"https:\/\/www.africa-press.net\/senegal\/#\/schema\/person\/2b1cf3cd81a31e3cd26889ca66d677f1","name":"cfeditorfr","url":"https:\/\/www.africa-press.net\/senegal\/author\/cfeditorfr"}]}},"_links":{"self":[{"href":"https:\/\/www.africa-press.net\/senegal\/wp-json\/wp\/v2\/posts\/56304","targetHints":{"allow":["GET"]}}],"collection":[{"href":"https:\/\/www.africa-press.net\/senegal\/wp-json\/wp\/v2\/posts"}],"about":[{"href":"https:\/\/www.africa-press.net\/senegal\/wp-json\/wp\/v2\/types\/post"}],"author":[{"embeddable":true,"href":"https:\/\/www.africa-press.net\/senegal\/wp-json\/wp\/v2\/users\/82"}],"replies":[{"embeddable":true,"href":"https:\/\/www.africa-press.net\/senegal\/wp-json\/wp\/v2\/comments?post=56304"}],"version-history":[{"count":0,"href":"https:\/\/www.africa-press.net\/senegal\/wp-json\/wp\/v2\/posts\/56304\/revisions"}],"wp:featuredmedia":[{"embeddable":true,"href":"https:\/\/www.africa-press.net\/senegal\/wp-json\/wp\/v2\/media\/56302"}],"wp:attachment":[{"href":"https:\/\/www.africa-press.net\/senegal\/wp-json\/wp\/v2\/media?parent=56304"}],"wp:term":[{"taxonomy":"category","embeddable":true,"href":"https:\/\/www.africa-press.net\/senegal\/wp-json\/wp\/v2\/categories?post=56304"},{"taxonomy":"post_tag","embeddable":true,"href":"https:\/\/www.africa-press.net\/senegal\/wp-json\/wp\/v2\/tags?post=56304"}],"curies":[{"name":"wp","href":"https:\/\/api.w.org\/{rel}","templated":true}]}}