{"id":56327,"date":"2024-03-02T12:34:04","date_gmt":"2024-03-02T12:34:04","guid":{"rendered":"https:\/\/www.africa-press.net\/senegal\/politique\/crise-politique-au-senegal-ousmane-yara-au-coeur-de-la-mediation"},"modified":"2024-03-02T13:51:52","modified_gmt":"2024-03-02T13:51:52","slug":"crise-politique-au-senegal-ousmane-yara-au-coeur-de-la-mediation","status":"publish","type":"post","link":"https:\/\/www.africa-press.net\/senegal\/dossiers\/crise-politique-au-senegal-ousmane-yara-au-coeur-de-la-mediation","title":{"rendered":"Crise politique au S\u00e9n\u00e9gal Ousmane Yara au c\u0153ur de la m\u00e9diation"},"content":{"rendered":"<p><span style=\"color: #ff6600\"><strong>Africa-Press &#8211; Senegal. <\/strong><\/span>La libe\u0301ration de plusieurs centaines de de\u0301tenus politiques n\u2019est que le premier acte d\u2019un sce\u0301nario ficele\u0301, suite a\u0300 des ne\u0301gociations discre\u0300tement mene\u0301es entre le Pre\u0301sident Macky Sall et Ousmane Sonko. C\u2019est le re\u0301sultat de l\u2019action entreprise par un ballet de me\u0301diateurs, parmi lesquels l\u2019homme d\u2019affaires malien Ousmane Yara, un habitue\u0301 des grandes ne\u0301gociations de sortie de crise dans plusieurs pays de l\u2019Afrique de l\u2019ouest.<\/p>\n<p>Strate\u0301gie tre\u0300s connue et dite \u201cdes colombes et des faucons\u201d. Voila\u0300 ce que le leader politique se\u0301ne\u0301galais Ousmane Sonko et ses proches sont en train de mettre en \u0153uvre. En effet, pendant que des ne\u0301gociations sont mene\u0301es entre la prison du Cap Manuel, ou\u0300 se trouve embastille\u0301 Ousmane Sonko, et le palais pre\u0301sidentiel, les faucons de Pastef \u2013 le parti dissous de Sonko \u2013 et leurs allie\u0301s maintiennent une ligne dure, certainement pour faire monter les enche\u0300res.<\/p>\n<p>Quoiqu\u2019il en soit, les ne\u0301gociations entre Ousmane Sonko et le Pre\u0301sident Macky Sall rele\u0300vent de\u0301sormais du secret de Polichinelle. Elles se font par me\u0301diateurs interpose\u0301s et les plus cite\u0301s sont Abbas Fall, un de\u0301pute\u0301 de l\u2019opposition se\u0301ne\u0301galaise et Ousmane Yara, un homme d\u2019affaires malien qui fait preuve d\u2019une grande adresse dans la me\u0301diation, raison pour laquelle il est tre\u0300s connu dans ce domaine entre Dakar et Lagos, en passant par Conakry.<\/p>\n<p>Sur les 19 candidats en lice, apre\u0300s le retrait et l\u2019inculpation de Mme Rose Wardini pour dissimulation de double nationalite\u0301, 15 de ces candidats se sont regroupe\u0301s en un collectif pour exiger que la pre\u0301sidentielle se tienne a\u0300 date e\u0301chue. Bassirou Diomaye Faye e\u0301tant toujours de\u0301tenu dans le cadre d\u2019un mandat de de\u0301po\u0302t au titre d\u2019une proce\u0301dure encore pendante devant les juridictions se\u0301ne\u0301galaises, les trois candidats restants, notamment Boubacar Camara, Boun Abdallah Dione, Aly Ngouille Ndiaye semblent plus ouverts en ce qui concerne l\u2019organisation d\u2019e\u0301lections plus inclusives.<\/p>\n<p><img loading=\"lazy\" decoding=\"async\" width=\"650\" height=\"488\" class=\"alignnone wp-image-56325 size-full\" src=\"https:\/\/static.africa-press.net\/senegal\/sites\/13\/2024\/03\/sm_1709371207.005959.jpg\" srcset=\"https:\/\/static.africa-press.net\/senegal\/sites\/13\/2024\/03\/sm_1709371207.005959.jpg 650w, https:\/\/static.africa-press.net\/senegal\/sites\/13\/2024\/03\/sm_1709371207.005959-300x225.jpg 300w, https:\/\/static.africa-press.net\/senegal\/sites\/13\/2024\/03\/sm_1709371207.005959-80x60.jpg 80w\" sizes=\"auto, (max-width: 650px) 100vw, 650px\" \/><\/p>\n<p>Ce dialogue, justement, est ouvert lundi dernier. Macky Sall, qui joue avec le temps, sait tre\u0300s bien que l\u2019e\u0301lection pre\u0301sidentielle ne pourrait se tenir, dans ces conditions, avant son de\u0301part le 02 avril, date de la fin de son mandat. Surtout qu\u2019il faut s\u2019attendre a\u0300 deux tours de scrutin ! D\u2019ores et de\u0301ja\u0300, le Pre\u0301sident Macky Sall laisse entrevoir une partie de cette strate\u0301gie, en pre\u0301conisant la mise en place de deux groupes de travail, confie\u0301s a\u0300 deux de ses proches, reconnus comme e\u0301minents juristes, mais qui ne l\u2019ont jamais contrarie\u0301 lorsqu\u2019il a voulu jouer avec la constitution du Se\u0301ne\u0301gal. Cela veut dire que ce sont deux hommes de confiance, notamment Me Sidiki Kaba, actuel ministre de l\u2019Inte\u0301rieur, de\u0301partement en charge de l\u2019organisation des e\u0301lections, a\u0300 travers la Direction Ge\u0301ne\u0301rale aux Elections, et le Pr Constitutionnaliste, Ismai\u0308la Madior Fall, lequel de\u0301fendait d\u2019ailleurs la possibilite\u0301 pour Macky Sall de briguer un troisie\u0300me mandat.<\/p>\n<p>Les deux groupes de travail doivent s\u2019occuper, lors de ce dialogue, respectivement de l\u2019organisation mate\u0301rielle du scrutin et de l\u2019apre\u0300s 02 avril 2024. C\u2019est donc clair qu\u2019il y aura une situation exceptionnelle apre\u0300s le 02 avril pour ne\u0301cessiter la mise en place d\u2019un groupe de travail. Macky se pre\u0301pare a\u0300 un autre coup, qui n\u2019est autre que celui de trouver la possibilite\u0301 de faire reprendre la proce\u0301dure de candidatures pour permettre a\u0300 Karim Wade et Ousmane Sonko d\u2019y prendre part.<\/p>\n<p>Pour Karim Wade, la participation a\u0300 l\u2019e\u0301lection pre\u0301sidentielle est une promesse faite par Macky Sall sous l\u2019onction de chefs religieux et traditionnels, Karim ayant conditionne\u0301 sa participation a\u0300 l\u2019autre dialogue national initie\u0301 par Macky, en son temps. Il y a deux ans de cela. C\u2019est ce qui avait conduit, aussito\u0302t apre\u0300s ce dialogue, au vote d\u2019une loi d\u2019Amnistie par la majorite\u0301 me\u0301canique de Macky a\u0300 l\u2019Assemble\u0301e nationale, annihilant ainsi les effets de sa condamnation, suite aux poursuites de la De\u0301funte Cour de Re\u0301pression de l\u2019Enrichissement Illicite ayant de\u0301bouche\u0301 sur un proce\u0300s me\u0301morable.<\/p>\n<p>Mais ce que le Pre\u0301sident se\u0301ne\u0301galais n\u2019avait pas pre\u0301vu, c\u2019est le rejet de la candidature de Karim Wade par le Conseil constitutionnel a\u0300 cause de sa pre\u0301tendue double nationalite\u0301: se\u0301ne\u0301galaise et franc\u0327aise.<\/p>\n<p>En ce qui concerne Ousmane Sonko, Macky s\u2019est rendu compte qu\u2019en s\u2019acharnant sur lui, c\u2019est finalement pour offrir la victoire de l\u2019e\u0301lection pre\u0301sidentielle au candidat par de\u0301faut du camp de Sonko. Il s\u2019agit de Bassirou Diomaye Faye, actuellement en de\u0301tention provisoire. Sa campagne e\u0301lectorale est mene\u0301e par tous les troublions de la sce\u0300ne politique se\u0301ne\u0301galaise qui font peur a\u0300 Macky Sall. \u201d Diomaye Pre\u0301sident \u201d e\u0301tant devenu un cri de ralliement de tous les opposants tre\u0300s fa\u0302che\u0301s contre Macky Sall.<\/p>\n<p>En validant la candidature de Bassirou Diomaye pour rejeter en contrepartie celle de Karim Wade, le Conseil constitutionnel s\u2019est attire\u0301 les foudres de Macky Sall. Illico presto, le locataire du palais pre\u0301sidentiel a cautionne\u0301, voire commandite\u0301 la cre\u0301ation d\u2019une commission d\u2019enque\u0302te contre deux membres de ce Conseil accuse\u0301s de corruption. Et qui est le pre\u0301tendu corrupteur ? L\u2019actuel Premier ministre choisi par Macky Sall comme son dauphin pour tenter d\u2019assurer sa succession.<\/p>\n<p>En sacrifiant ainsi le candidat de\u0301signe\u0301 de sa coalition politique et en plus le Premier ministre de son gouvernement reconduit malgre\u0301 sa candidature, Macky Sall ne pouvait qu\u2019e\u0302tre de me\u0300che avec Karim Wade et compagnie pour permettre a\u0300 sa majorite\u0301 a\u0300 l\u2019Assemble\u0301e nationale de soutenir cette accusation contre son Premier ministre.<\/p>\n<p>Un jeu a\u0300 travers lequel il fallait jeter l\u2019opprobre sur cette juridiction et trouver des raisons de faire pre\u0301tendre faire reprendre le processus e\u0301lectoral, plus pre\u0301cise\u0301ment le processus de de\u0301po\u0302t et de proclamation officielle des candidatures. Mais il faut, avant cela, libe\u0301rer Ousmane Sonko pour qu\u2019il participe au scrutin au me\u0302me titre que Karim Wade. Mais libe\u0301rer Sonko ne suffit pas. Il faut une amnistie. Voila\u0300 pourquoi Macky Sall, dans son discours de lundi dernier a\u0300 l\u2019ouverture du dialogue national, a indique\u0301 qu\u2019une loi d\u2019amnistie sera vote\u0301e et couvrira les faits situe\u0301s entre 2021 et 2023.<\/p>\n<p>Seulement, pour amener Macky Sall et Ousmane Sonko a\u0300 dialoguer, il a fallu d\u2019abord l\u2019intervention de l\u2019Architecte Pierre Goudiaby Atepa. Un mentor d\u2019Ousmane Sonko puisque plusieurs te\u0301moignages soutiennent qu\u2019il est le premier bailleur de fonds du parti Pastef parce qu\u2019il fait partie du projet porte\u0301 par Sonko. Atepa ne peut supporter certainement que tout le travail abattu soit re\u0301colte\u0301 par Bassirou Diomaye Faye, qui n\u2019a comme seul me\u0301rite que de re\u0301pondre que de la notorie\u0301te\u0301 de Sonko dont il est un des lieutenants. L\u2019Architecte a de\u0301cide\u0301 d\u2019entrer en action afin que Macky revienne a\u0300 de meilleures dispositions concernant Sonko et lui permettre de revenir dans le jeu e\u0301lectoral. Et c\u2019est la\u0300 qu\u2019est ne\u0301e l\u2019ide\u0301e de la ne\u0301gociation pour faire de Sonko le candidat de Pastef et plus ge\u0301ne\u0301ralement de l\u2019opposition radicale se\u0301ne\u0301galaise, en lieu et place de Bassirou Diomaye Faye.<\/p>\n<p>En contrepartie d\u2019une pre\u0301servation des arrie\u0300res du Pre\u0301sident Sall par Sonko en cas de victoire de ce dernier a\u0300 l\u2019e\u0301lection pre\u0301sidentielle. Le me\u0302me topo qui a e\u0301te\u0301 retenu avec Karim Wade apre\u0300s des ne\u0301gociations, il y a de cela deux ans.<\/p>\n<p>C\u2019est en ce moment que, sur les pas de Pierre Goudiaby Atepa, est entre\u0301 en lice l\u2019homme d\u2019affaires malien Ousmane Yara, lequel s\u2019est fait accompagner par le de\u0301pute\u0301 de l\u2019opposition, Abbas Fall proche de Sonko, pour mieux convaincre le plus ce\u0301le\u0300bre prisonnier du Se\u0301ne\u0301gal.<\/p>\n<p>Selon des sources dignes de confiance, Ousmane Yara est en train d\u2019agir avec la be\u0301ne\u0301diction du Pre\u0301sident nige\u0301rian, Tinubu, actuellement pre\u0301sident en exercice de la Ce\u0301de\u0301ao. Raison pour laquelle, Tinubu a annule\u0301 son de\u0301placement sur Dakar au moment ou\u0300 la crise se\u0301ne\u0301galaise faisait craindre le pire. Le pre\u0301sident nige\u0301rian, en bonne intelligence avec le me\u0301diateur et homme d\u2019affaire malien, Ousmane Yara, a pre\u0301fe\u0301re\u0301 annuler son de\u0301placement au vu de la nouvelle tournure des e\u0301ve\u0301nements, notamment la re\u0301ussite de la me\u0301diation assure\u0301e par Yara pour rapprocher le Pre\u0301sident se\u0301ne\u0301galais et son principal opposant, Ousmane Sonko.<\/p>\n<p>Effectivement, de la re\u0301ussite, Ousmane Yara en a au Se\u0301ne\u0301gal, si l\u2019on en croit des confidences de haut niveau. Il serait a\u0300 la base de l\u2019accord qui a permis la libe\u0301ration de prisonniers dits politiques parce que proches du leader du parti Pastef, Ousmane Sonko. C\u2019est une exigence de ce dernier, avant que lui ne soit libe\u0301re\u0301 et amnistie\u0301 pour participer a\u0300 un scrutin qui sent de\u0301ja\u0300 la reprise du processus de validation des candidatures.<\/p>\n<p>Aux termes du dialogue qui a pris fin avant-hier, mercredi, Macky a obtenu, dans les conclusions soumises au Conseil constitutionnel pour validation, le report du scrutin pre\u0301vu pour le 02 juin 2024. Entretemps, lui, Macky Sall, assurera les fonctions de pre\u0301sident inte\u0301rimaire jusqu\u2019a\u0300 la fin du processus d\u2019e\u0301lection de son successeur. En plus, les candidatures de\u0301ja\u0300 retenues par le Conseil constitutionnel restent valables pour le scrutin du 02 avril, avec la possibilite\u0301 pour les autres de les rejoindre pour avoir un scrutin inclusif, dit-on. Macky aura donc profite\u0301 de la de\u0301crispation politique pour avoir, au de\u0301tour de son dialogue, une prolongation du mandat et le report de l\u2019e\u0301lection pre\u0301sidentielle.<\/p>\n<p>Rappelons que la date du 02 juin est retenue parce qu\u2019il faut tenir le scrutin avant le mois de juillet qui symbolise le de\u0301but de l\u2019hivernage. Mais qu\u2019est-ce qui fait le secret des re\u0301ussites d\u2019Ousmane Yara ?<\/p>\n<p>\u201cIl a une certaine habilete\u0301 en termes de me\u0301diation\u201d dit un journaliste se\u0301ne\u0301galais qui rappelle le grand respect que les autorite\u0301s nige\u0301rianes ont pour Ousmane Yara qui passe une partie de l\u2019anne\u0301e au Nigeria pour suivre ses affaires dans ce pays.<\/p>\n<p>Mais ceux qui l\u2019ont approche\u0301 lors de sa me\u0301diation en Guine\u0301e, du temps de Moussa Dadis Camara, mettent l\u2019accent sur sa discre\u0301tion qui facilite son approche des diffe\u0301rentes parties en conflit. En effet, c\u2019est lui, Ousmane Yara, qui avait convaincu le pre\u0301sident Abdoulaye Wade de venir l\u2019appuyer en finalisant la me\u0301diation qu\u2019il avait entame\u0301e avec les parties guine\u0301ennes. Cet accord de Conakry, l\u2019on se rappelle, a e\u0301vite\u0301 l\u2019embrasement de la Guine\u0301e.<\/p>\n<p>Il a mene\u0301 d\u2019autres missions de me\u0301diation dans des pays de l\u2019Afrique de l\u2019ouest, mais en parler dans les de\u0301tails est une agression contre sa discre\u0301tion, nous confie un de ses proches. Comme quoi, presqu\u2019oublie\u0301 dans son pays, Ousmane Yara est tre\u0300s respecte\u0301 et sollicite\u0301 en Afrique de l\u2019ouest. Qui disait encore qu\u2019on n\u2019est jamais prophe\u0300te chez soi !<\/p>\n<p><b>Source: maliweb.net<\/b><\/p>\n<p><strong>Pour plus d&rsquo;informations et d&rsquo;analyses sur la <a href=\"https:\/\/www.africa-press.net\/senegal\">Senegal<\/a>, suivez <a href=\"https:\/\/www.africa-press.net\/\">Africa-Press<\/a><\/strong><\/p>\n","protected":false},"excerpt":{"rendered":"<p>Africa-Press &#8211; Senegal. La libe\u0301ration de plusieurs centaines de de\u0301tenus politiques n\u2019est que le premier acte d\u2019un sce\u0301nario ficele\u0301, suite a\u0300 des ne\u0301gociations discre\u0300tement mene\u0301es entre le Pre\u0301sident Macky Sall et Ousmane Sonko. C\u2019est le re\u0301sultat de l\u2019action entreprise par un ballet de me\u0301diateurs, parmi lesquels l\u2019homme d\u2019affaires malien Ousmane Yara, un habitue\u0301 des grandes [&hellip;]<\/p>\n","protected":false},"author":82,"featured_media":56326,"comment_status":"open","ping_status":"closed","sticky":false,"template":"","format":"standard","meta":{"footnotes":""},"categories":[7,10],"tags":[43,47,44],"class_list":["post-56327","post","type-post","status-publish","format-standard","has-post-thumbnail","hentry","category-dossiers","category-toutes-les-actualites","tag-africa-press-2","tag-africa-press-senegal","tag-senegal-2"],"yoast_head":"<!-- This site is optimized with the Yoast SEO Premium plugin v26.1 (Yoast SEO v27.0) - https:\/\/yoast.com\/product\/yoast-seo-premium-wordpress\/ -->\n<title>Crise politique au S\u00e9n\u00e9gal Ousmane Yara au c\u0153ur de la m\u00e9diation - Senegal<\/title>\n<meta name=\"description\" content=\"La libe\u0301ration de plusieurs centaines de de\u0301tenus politiques n\u2019est que le premier acte d\u2019un sce\u0301nario ficele\u0301, suite a\u0300 ...\" \/>\n<meta name=\"robots\" content=\"index, follow, max-snippet:-1, max-image-preview:large, max-video-preview:-1\" \/>\n<link rel=\"canonical\" href=\"https:\/\/www.africa-press.net\/senegal\/dossiers\/crise-politique-au-senegal-ousmane-yara-au-coeur-de-la-mediation\" \/>\n<meta property=\"og:locale\" content=\"fr_FR\" \/>\n<meta property=\"og:type\" content=\"article\" \/>\n<meta property=\"og:title\" content=\"Crise politique au S\u00e9n\u00e9gal Ousmane Yara au c\u0153ur de la m\u00e9diation\" \/>\n<meta property=\"og:description\" content=\"La libe\u0301ration de plusieurs centaines de de\u0301tenus politiques n\u2019est que le premier acte d\u2019un sce\u0301nario ficele\u0301, suite a\u0300 ...\" \/>\n<meta property=\"og:url\" content=\"https:\/\/www.africa-press.net\/senegal\/dossiers\/crise-politique-au-senegal-ousmane-yara-au-coeur-de-la-mediation\" \/>\n<meta property=\"og:site_name\" content=\"Senegal\" \/>\n<meta property=\"article:published_time\" content=\"2024-03-02T12:34:04+00:00\" \/>\n<meta property=\"article:modified_time\" content=\"2024-03-02T13:51:52+00:00\" \/>\n<meta property=\"og:image\" content=\"https:\/\/static.africa-press.net\/senegal\/sites\/13\/2024\/03\/sm_1709371223.820408.jpg\" \/>\n\t<meta property=\"og:image:width\" content=\"1280\" \/>\n\t<meta property=\"og:image:height\" content=\"720\" \/>\n\t<meta property=\"og:image:type\" content=\"image\/jpeg\" \/>\n<meta name=\"author\" content=\"cfeditorfr\" \/>\n<meta name=\"twitter:card\" content=\"summary_large_image\" \/>\n<meta name=\"twitter:label1\" content=\"\u00c9crit par\" \/>\n\t<meta name=\"twitter:data1\" content=\"cfeditorfr\" \/>\n\t<meta name=\"twitter:label2\" content=\"Dur\u00e9e de lecture estim\u00e9e\" \/>\n\t<meta name=\"twitter:data2\" content=\"10 minutes\" \/>\n<script type=\"application\/ld+json\" class=\"yoast-schema-graph\">{\"@context\":\"https:\/\/schema.org\",\"@graph\":[{\"@type\":\"Article\",\"@id\":\"https:\/\/www.africa-press.net\/senegal\/dossiers\/crise-politique-au-senegal-ousmane-yara-au-coeur-de-la-mediation#article\",\"isPartOf\":{\"@id\":\"https:\/\/www.africa-press.net\/senegal\/dossiers\/crise-politique-au-senegal-ousmane-yara-au-coeur-de-la-mediation\"},\"author\":{\"name\":\"cfeditorfr\",\"@id\":\"https:\/\/www.africa-press.net\/senegal\/#\/schema\/person\/2b1cf3cd81a31e3cd26889ca66d677f1\"},\"headline\":\"Crise politique au S\u00e9n\u00e9gal Ousmane Yara au c\u0153ur de la m\u00e9diation\",\"datePublished\":\"2024-03-02T12:34:04+00:00\",\"dateModified\":\"2024-03-02T13:51:52+00:00\",\"mainEntityOfPage\":{\"@id\":\"https:\/\/www.africa-press.net\/senegal\/dossiers\/crise-politique-au-senegal-ousmane-yara-au-coeur-de-la-mediation\"},\"wordCount\":1999,\"commentCount\":0,\"image\":{\"@id\":\"https:\/\/www.africa-press.net\/senegal\/dossiers\/crise-politique-au-senegal-ousmane-yara-au-coeur-de-la-mediation#primaryimage\"},\"thumbnailUrl\":\"https:\/\/static.africa-press.net\/senegal\/sites\/13\/2024\/03\/sm_1709371223.820408.jpg\",\"keywords\":[\"Africa Press\",\"Africa Press-Senegal\",\"Senegal\"],\"articleSection\":[\"Dossiers\",\"Toutes les actualit\u00e9s\"],\"inLanguage\":\"fr-FR\",\"potentialAction\":[{\"@type\":\"CommentAction\",\"name\":\"Comment\",\"target\":[\"https:\/\/www.africa-press.net\/senegal\/dossiers\/crise-politique-au-senegal-ousmane-yara-au-coeur-de-la-mediation#respond\"]}]},{\"@type\":\"WebPage\",\"@id\":\"https:\/\/www.africa-press.net\/senegal\/dossiers\/crise-politique-au-senegal-ousmane-yara-au-coeur-de-la-mediation\",\"url\":\"https:\/\/www.africa-press.net\/senegal\/dossiers\/crise-politique-au-senegal-ousmane-yara-au-coeur-de-la-mediation\",\"name\":\"Crise politique au S\u00e9n\u00e9gal Ousmane Yara au c\u0153ur de la m\u00e9diation - Senegal\",\"isPartOf\":{\"@id\":\"https:\/\/www.africa-press.net\/senegal\/#website\"},\"primaryImageOfPage\":{\"@id\":\"https:\/\/www.africa-press.net\/senegal\/dossiers\/crise-politique-au-senegal-ousmane-yara-au-coeur-de-la-mediation#primaryimage\"},\"image\":{\"@id\":\"https:\/\/www.africa-press.net\/senegal\/dossiers\/crise-politique-au-senegal-ousmane-yara-au-coeur-de-la-mediation#primaryimage\"},\"thumbnailUrl\":\"https:\/\/static.africa-press.net\/senegal\/sites\/13\/2024\/03\/sm_1709371223.820408.jpg\",\"datePublished\":\"2024-03-02T12:34:04+00:00\",\"dateModified\":\"2024-03-02T13:51:52+00:00\",\"author\":{\"@id\":\"https:\/\/www.africa-press.net\/senegal\/#\/schema\/person\/2b1cf3cd81a31e3cd26889ca66d677f1\"},\"description\":\"La libe\u0301ration de plusieurs centaines de de\u0301tenus politiques n\u2019est que le premier acte d\u2019un sce\u0301nario ficele\u0301, suite a\u0300 ...\",\"breadcrumb\":{\"@id\":\"https:\/\/www.africa-press.net\/senegal\/dossiers\/crise-politique-au-senegal-ousmane-yara-au-coeur-de-la-mediation#breadcrumb\"},\"inLanguage\":\"fr-FR\",\"potentialAction\":[{\"@type\":\"ReadAction\",\"target\":[\"https:\/\/www.africa-press.net\/senegal\/dossiers\/crise-politique-au-senegal-ousmane-yara-au-coeur-de-la-mediation\"]}]},{\"@type\":\"ImageObject\",\"inLanguage\":\"fr-FR\",\"@id\":\"https:\/\/www.africa-press.net\/senegal\/dossiers\/crise-politique-au-senegal-ousmane-yara-au-coeur-de-la-mediation#primaryimage\",\"url\":\"https:\/\/static.africa-press.net\/senegal\/sites\/13\/2024\/03\/sm_1709371223.820408.jpg\",\"contentUrl\":\"https:\/\/static.africa-press.net\/senegal\/sites\/13\/2024\/03\/sm_1709371223.820408.jpg\",\"width\":1280,\"height\":720,\"caption\":\"Crise politique au S\u00e9n\u00e9gal Ousmane Yara au c\u0153ur de la m\u00e9diation\"},{\"@type\":\"BreadcrumbList\",\"@id\":\"https:\/\/www.africa-press.net\/senegal\/dossiers\/crise-politique-au-senegal-ousmane-yara-au-coeur-de-la-mediation#breadcrumb\",\"itemListElement\":[{\"@type\":\"ListItem\",\"position\":1,\"name\":\"Accueil\",\"item\":\"https:\/\/www.africa-press.net\/senegal\/\"},{\"@type\":\"ListItem\",\"position\":2,\"name\":\"Crise politique au S\u00e9n\u00e9gal Ousmane Yara au c\u0153ur de la m\u00e9diation\"}]},{\"@type\":\"WebSite\",\"@id\":\"https:\/\/www.africa-press.net\/senegal\/#website\",\"url\":\"https:\/\/www.africa-press.net\/senegal\/\",\"name\":\"Africa Press | Senegal | Homepage\",\"description\":\"Just another Africa News Agency Sites site\",\"potentialAction\":[{\"@type\":\"SearchAction\",\"target\":{\"@type\":\"EntryPoint\",\"urlTemplate\":\"https:\/\/www.africa-press.net\/senegal\/?s={search_term_string}\"},\"query-input\":{\"@type\":\"PropertyValueSpecification\",\"valueRequired\":true,\"valueName\":\"search_term_string\"}}],\"inLanguage\":\"fr-FR\"},{\"@type\":\"Person\",\"@id\":\"https:\/\/www.africa-press.net\/senegal\/#\/schema\/person\/2b1cf3cd81a31e3cd26889ca66d677f1\",\"name\":\"cfeditorfr\",\"url\":\"https:\/\/www.africa-press.net\/senegal\/author\/cfeditorfr\"}]}<\/script>\n<!-- \/ Yoast SEO Premium plugin. -->","yoast_head_json":{"title":"Crise politique au S\u00e9n\u00e9gal Ousmane Yara au c\u0153ur de la m\u00e9diation - Senegal","description":"La libe\u0301ration de plusieurs centaines de de\u0301tenus politiques n\u2019est que le premier acte d\u2019un sce\u0301nario ficele\u0301, suite a\u0300 ...","robots":{"index":"index","follow":"follow","max-snippet":"max-snippet:-1","max-image-preview":"max-image-preview:large","max-video-preview":"max-video-preview:-1"},"canonical":"https:\/\/www.africa-press.net\/senegal\/dossiers\/crise-politique-au-senegal-ousmane-yara-au-coeur-de-la-mediation","og_locale":"fr_FR","og_type":"article","og_title":"Crise politique au S\u00e9n\u00e9gal Ousmane Yara au c\u0153ur de la m\u00e9diation","og_description":"La libe\u0301ration de plusieurs centaines de de\u0301tenus politiques n\u2019est que le premier acte d\u2019un sce\u0301nario ficele\u0301, suite a\u0300 ...","og_url":"https:\/\/www.africa-press.net\/senegal\/dossiers\/crise-politique-au-senegal-ousmane-yara-au-coeur-de-la-mediation","og_site_name":"Senegal","article_published_time":"2024-03-02T12:34:04+00:00","article_modified_time":"2024-03-02T13:51:52+00:00","og_image":[{"width":1280,"height":720,"url":"https:\/\/static.africa-press.net\/senegal\/sites\/13\/2024\/03\/sm_1709371223.820408.jpg","type":"image\/jpeg"}],"author":"cfeditorfr","twitter_card":"summary_large_image","twitter_misc":{"\u00c9crit par":"cfeditorfr","Dur\u00e9e de lecture estim\u00e9e":"10 minutes"},"schema":{"@context":"https:\/\/schema.org","@graph":[{"@type":"Article","@id":"https:\/\/www.africa-press.net\/senegal\/dossiers\/crise-politique-au-senegal-ousmane-yara-au-coeur-de-la-mediation#article","isPartOf":{"@id":"https:\/\/www.africa-press.net\/senegal\/dossiers\/crise-politique-au-senegal-ousmane-yara-au-coeur-de-la-mediation"},"author":{"name":"cfeditorfr","@id":"https:\/\/www.africa-press.net\/senegal\/#\/schema\/person\/2b1cf3cd81a31e3cd26889ca66d677f1"},"headline":"Crise politique au S\u00e9n\u00e9gal Ousmane Yara au c\u0153ur de la m\u00e9diation","datePublished":"2024-03-02T12:34:04+00:00","dateModified":"2024-03-02T13:51:52+00:00","mainEntityOfPage":{"@id":"https:\/\/www.africa-press.net\/senegal\/dossiers\/crise-politique-au-senegal-ousmane-yara-au-coeur-de-la-mediation"},"wordCount":1999,"commentCount":0,"image":{"@id":"https:\/\/www.africa-press.net\/senegal\/dossiers\/crise-politique-au-senegal-ousmane-yara-au-coeur-de-la-mediation#primaryimage"},"thumbnailUrl":"https:\/\/static.africa-press.net\/senegal\/sites\/13\/2024\/03\/sm_1709371223.820408.jpg","keywords":["Africa Press","Africa Press-Senegal","Senegal"],"articleSection":["Dossiers","Toutes les actualit\u00e9s"],"inLanguage":"fr-FR","potentialAction":[{"@type":"CommentAction","name":"Comment","target":["https:\/\/www.africa-press.net\/senegal\/dossiers\/crise-politique-au-senegal-ousmane-yara-au-coeur-de-la-mediation#respond"]}]},{"@type":"WebPage","@id":"https:\/\/www.africa-press.net\/senegal\/dossiers\/crise-politique-au-senegal-ousmane-yara-au-coeur-de-la-mediation","url":"https:\/\/www.africa-press.net\/senegal\/dossiers\/crise-politique-au-senegal-ousmane-yara-au-coeur-de-la-mediation","name":"Crise politique au S\u00e9n\u00e9gal Ousmane Yara au c\u0153ur de la m\u00e9diation - Senegal","isPartOf":{"@id":"https:\/\/www.africa-press.net\/senegal\/#website"},"primaryImageOfPage":{"@id":"https:\/\/www.africa-press.net\/senegal\/dossiers\/crise-politique-au-senegal-ousmane-yara-au-coeur-de-la-mediation#primaryimage"},"image":{"@id":"https:\/\/www.africa-press.net\/senegal\/dossiers\/crise-politique-au-senegal-ousmane-yara-au-coeur-de-la-mediation#primaryimage"},"thumbnailUrl":"https:\/\/static.africa-press.net\/senegal\/sites\/13\/2024\/03\/sm_1709371223.820408.jpg","datePublished":"2024-03-02T12:34:04+00:00","dateModified":"2024-03-02T13:51:52+00:00","author":{"@id":"https:\/\/www.africa-press.net\/senegal\/#\/schema\/person\/2b1cf3cd81a31e3cd26889ca66d677f1"},"description":"La libe\u0301ration de plusieurs centaines de de\u0301tenus politiques n\u2019est que le premier acte d\u2019un sce\u0301nario ficele\u0301, suite a\u0300 ...","breadcrumb":{"@id":"https:\/\/www.africa-press.net\/senegal\/dossiers\/crise-politique-au-senegal-ousmane-yara-au-coeur-de-la-mediation#breadcrumb"},"inLanguage":"fr-FR","potentialAction":[{"@type":"ReadAction","target":["https:\/\/www.africa-press.net\/senegal\/dossiers\/crise-politique-au-senegal-ousmane-yara-au-coeur-de-la-mediation"]}]},{"@type":"ImageObject","inLanguage":"fr-FR","@id":"https:\/\/www.africa-press.net\/senegal\/dossiers\/crise-politique-au-senegal-ousmane-yara-au-coeur-de-la-mediation#primaryimage","url":"https:\/\/static.africa-press.net\/senegal\/sites\/13\/2024\/03\/sm_1709371223.820408.jpg","contentUrl":"https:\/\/static.africa-press.net\/senegal\/sites\/13\/2024\/03\/sm_1709371223.820408.jpg","width":1280,"height":720,"caption":"Crise politique au S\u00e9n\u00e9gal Ousmane Yara au c\u0153ur de la m\u00e9diation"},{"@type":"BreadcrumbList","@id":"https:\/\/www.africa-press.net\/senegal\/dossiers\/crise-politique-au-senegal-ousmane-yara-au-coeur-de-la-mediation#breadcrumb","itemListElement":[{"@type":"ListItem","position":1,"name":"Accueil","item":"https:\/\/www.africa-press.net\/senegal\/"},{"@type":"ListItem","position":2,"name":"Crise politique au S\u00e9n\u00e9gal Ousmane Yara au c\u0153ur de la m\u00e9diation"}]},{"@type":"WebSite","@id":"https:\/\/www.africa-press.net\/senegal\/#website","url":"https:\/\/www.africa-press.net\/senegal\/","name":"Africa Press | Senegal | Homepage","description":"Just another Africa News Agency Sites site","potentialAction":[{"@type":"SearchAction","target":{"@type":"EntryPoint","urlTemplate":"https:\/\/www.africa-press.net\/senegal\/?s={search_term_string}"},"query-input":{"@type":"PropertyValueSpecification","valueRequired":true,"valueName":"search_term_string"}}],"inLanguage":"fr-FR"},{"@type":"Person","@id":"https:\/\/www.africa-press.net\/senegal\/#\/schema\/person\/2b1cf3cd81a31e3cd26889ca66d677f1","name":"cfeditorfr","url":"https:\/\/www.africa-press.net\/senegal\/author\/cfeditorfr"}]}},"_links":{"self":[{"href":"https:\/\/www.africa-press.net\/senegal\/wp-json\/wp\/v2\/posts\/56327","targetHints":{"allow":["GET"]}}],"collection":[{"href":"https:\/\/www.africa-press.net\/senegal\/wp-json\/wp\/v2\/posts"}],"about":[{"href":"https:\/\/www.africa-press.net\/senegal\/wp-json\/wp\/v2\/types\/post"}],"author":[{"embeddable":true,"href":"https:\/\/www.africa-press.net\/senegal\/wp-json\/wp\/v2\/users\/82"}],"replies":[{"embeddable":true,"href":"https:\/\/www.africa-press.net\/senegal\/wp-json\/wp\/v2\/comments?post=56327"}],"version-history":[{"count":0,"href":"https:\/\/www.africa-press.net\/senegal\/wp-json\/wp\/v2\/posts\/56327\/revisions"}],"wp:featuredmedia":[{"embeddable":true,"href":"https:\/\/www.africa-press.net\/senegal\/wp-json\/wp\/v2\/media\/56326"}],"wp:attachment":[{"href":"https:\/\/www.africa-press.net\/senegal\/wp-json\/wp\/v2\/media?parent=56327"}],"wp:term":[{"taxonomy":"category","embeddable":true,"href":"https:\/\/www.africa-press.net\/senegal\/wp-json\/wp\/v2\/categories?post=56327"},{"taxonomy":"post_tag","embeddable":true,"href":"https:\/\/www.africa-press.net\/senegal\/wp-json\/wp\/v2\/tags?post=56327"}],"curies":[{"name":"wp","href":"https:\/\/api.w.org\/{rel}","templated":true}]}}