{"id":56356,"date":"2024-03-05T16:39:51","date_gmt":"2024-03-05T16:39:51","guid":{"rendered":"https:\/\/www.africa-press.net\/senegal\/politique\/un-projet-damnistie-controverse-franchit-une-premiere-etape-a-lassemblee"},"modified":"2024-03-05T18:48:33","modified_gmt":"2024-03-05T18:48:33","slug":"un-projet-damnistie-controverse-franchit-une-premiere-etape-a-lassemblee","status":"publish","type":"post","link":"https:\/\/www.africa-press.net\/senegal\/politique\/un-projet-damnistie-controverse-franchit-une-premiere-etape-a-lassemblee","title":{"rendered":"un projet d&rsquo;amnistie controvers\u00e9 franchit une premi\u00e8re \u00e9tape \u00e0 l&rsquo;Assembl\u00e9e"},"content":{"rendered":"<p><span style=\"color: #ff6600\"><strong>Africa-Press &#8211; Senegal. <\/strong><\/span>Un projet de loi d&rsquo;amnistie au Se\u0301ne\u0301gal a franchi mardi une premie\u0300re e\u0301tape a\u0300 l&rsquo;Assemble\u0301e nationale, avec l&rsquo;adoption en commission de ce texte critique\u0301 par l&rsquo;opposition, en pleine crise autour du report de l&rsquo;e\u0301lection pre\u0301sidentielle.<\/p>\n<p>L&rsquo;amnistie des faits lie\u0301s aux manifestations politiques meurtrie\u0300res entre 2021 et 2024 est un des e\u0301le\u0301ments de la re\u0301ponse du pre\u0301sident Macky Sall a\u0300 la crise provoque\u0301e par l&rsquo;ajournement surprise du scrutin, initialement pre\u0301vu le 25 fe\u0301vrier. Ce report, de\u0301cide\u0301 par le chef de l&rsquo;Etat, a cause\u0301 un choc dans un pays pre\u0301sente\u0301 comme l&rsquo;un des plus stables d&rsquo;une Afrique de l&rsquo;Ouest secoue\u0301e par les coups de force. Le pays est depuis dans l&rsquo;attente d&rsquo;une nouvelle date.<\/p>\n<p>On ignore si Ousmane Sonko, principal opposant actuellement de\u0301tenu et dont la candidature a e\u0301te\u0301 invalide\u0301e en raison d&rsquo;une condamnation de\u0301finitive pour diffamation, ou si le candidat a\u0300 qui il a depuis apporte\u0301 son soutien, Bassirou Diomaye Faye, lui aussi de\u0301tenu pour des \u00ab\u00a0actes de nature a\u0300 troubler l&rsquo;ordre public\u00a0\u00bb, seraient concerne\u0301s par l&rsquo;amnistie.<\/p>\n<p>Le texte, initie\u0301 par le pre\u0301sident et approuve\u0301 en Conseil des ministres il y a une semaine, a e\u0301te\u0301 adopte\u0301 mardi par la commission des lois, ont indique\u0301 a\u0300 l&rsquo;AFP le pre\u0301sident de la commission Moussa Diakhate\u0301 et une de\u0301pute\u0301e de l&rsquo;opposition. Cette dernie\u0300re a pre\u0301cise\u0301 que le projet serait soumis mercredi au vote des de\u0301pute\u0301s en se\u0301ance ple\u0301nie\u0300re.<\/p>\n<p>Selon un document authentifie\u0301 de source parlementaire, seraient amnistie\u0301s \u00ab\u00a0tous les faits susceptibles de reve\u0302tir la qualification d&rsquo;infraction criminelle ou correctionnelle commis entre le 1er fe\u0301vrier 2021 et le 25 fe\u0301vrier 2024, tant au Se\u0301ne\u0301gal qu&rsquo;a\u0300 l&rsquo;e\u0301tranger, se rapportant a\u0300 des manifestations ou ayant des motivations politiques\u00a0\u00bb.<\/p>\n<p>Ces manifestations, lie\u0301es aux de\u0301boires judiciaires d&rsquo;Ousmane Sonko et au report du scrutin, ont donne\u0301 lieu a\u0300 des centaines d&rsquo;arrestations d&rsquo;opposants, fait des dizaines de morts et provoque\u0301 d&rsquo;importantes de\u0301gradations mate\u0301rielles comme le saccage de l&rsquo;universite\u0301 de Dakar.<\/p>\n<p><img loading=\"lazy\" decoding=\"async\" src=\"bin\/Users\/Kati\/postMediaimg_11_1.jpg\" width=\"480\" height=\"320\" \/><\/p>\n<p>Le projet de loi, e\u0301labore\u0301 selon la pre\u0301sidence dans un but \u00ab\u00a0d&rsquo;apaisement du climat politique et social\u00a0\u00bb, couvre une pe\u0301riode et des faits, mais n&rsquo;est pas nominatif.<\/p>\n<p>Selon Moussa Sarr, un avocat qui suit les dossiers de plusieurs dizaines d&rsquo;opposants emprisonne\u0301s, les personnes arre\u0302te\u0301es dans le cadre des manifestations seraient libe\u0301re\u0301es de\u0300s la publication de la loi au journal officiel, et les poursuites seraient abandonne\u0301es.<\/p>\n<p>De fait, plusieurs centaines d&rsquo;opposants ont e\u0301te\u0301 remis en liberte\u0301 provisoire depuis mi-fe\u0301vrier par les autorite\u0301s dans le but, selon elles, de \u00ab\u00a0pacifier l&rsquo;espace public\u00a0\u00bb.<\/p>\n<p><b>\u00ab\u00a0Une seconde mort\u00a0\u00bb<\/b><\/p>\n<p>Une grande partie de l&rsquo;opposition s&rsquo;est prononce\u0301e contre le projet d&rsquo;amnistie, de\u0301nonc\u0327ant un \u00ab\u00a0de\u0301ni de justice\u00a0\u00bb et une man\u0153uvre pour assurer l&rsquo;impunite\u0301 aux forces de se\u0301curite\u0301 implique\u0301es dans la re\u0301pression, ainsi que celle de leurs responsables, y compris gouvernementaux.<\/p>\n<p>\u00ab\u00a0Les victimes, les familles, le Se\u0301ne\u0301gal me\u0301ritent que la lumie\u0300re soit faite. La ve\u0301rite\u0301 doit pre\u0301ce\u0301der le pardon. C&rsquo;est une seconde mort, un second crime que d&rsquo;octroyer l&rsquo;impunite\u0301 sans la ve\u0301rite\u0301\u00a0\u00bb, a de\u0301nonce\u0301 lundi un des candidats a\u0300 l&rsquo;e\u0301lection, Thierno Alassane Sall.<\/p>\n<p><img loading=\"lazy\" decoding=\"async\" src=\"bin\/Users\/Kati\/postMediaimg_11_2.jpg\" width=\"480\" height=\"320\" \/><\/p>\n<p>Le projet ne fait pas non plus l&rsquo;unanimite\u0301 au sein du camp pre\u0301sidentiel, qui dispose d&rsquo;une majorite\u0301 pre\u0301caire a\u0300 l&rsquo;Assemble\u0301e.<\/p>\n<p>Amnesty International, dans un communique\u0301 publie\u0301 lundi, voit dans le projet un \u00ab\u00a0affront aux familles des victimes\u00a0\u00bb et une \u00ab\u00a0prime troublante a\u0300 l&rsquo;impunite\u0301\u00a0\u00bb.<\/p>\n<p>Si la loi permet de \u00ab\u00a0mettre un terme aux poursuites judiciaires engage\u0301es contre les personnes de\u0301tenues arbitrairement dans le cadre des manifestations, elle ne permet pas de poursuivre les personnes soupc\u0327onne\u0301es d&rsquo;avoir une responsabilite\u0301 pe\u0301nale dans la re\u0301pression meurtrie\u0300re des manifestants. Ce n&rsquo;est pas la justice\u00a0\u00bb, a de\u0301clare\u0301 Seydi Gassama, directeur exe\u0301cutif d&rsquo;Amnesty International Se\u0301ne\u0301gal.<\/p>\n<p>Dans une tribune publie\u0301e vendredi, plus de 200 universitaires ont qualifie\u0301 le projet \u00ab\u00a0d&rsquo;invite a\u0300 l&rsquo;amne\u0301sie\u00a0\u00bb. \u00ab\u00a0Effacer les crimes du passe\u0301 reviendrait a\u0300 bafouer la me\u0301moire des victimes et a\u0300 fragiliser les fondements de l&rsquo;Etat de droit.\u00a0\u00bb<\/p>\n<p>Le pre\u0301sident Sall a rec\u0327u lundi les conclusions d&rsquo;un \u00ab\u00a0dialogue national\u00a0\u00bb pre\u0301conisant d&rsquo;organiser la pre\u0301sidentielle le 2 juin et sugge\u0301rant que M. Sall reste en fonction jusqu&rsquo;a\u0300 l&rsquo;investiture de son successeur, soit plus de deux mois apre\u0300s l&rsquo;expiration de son mandat.<\/p>\n<p>Le chef de l&rsquo;Etat, e\u0301lu en 2012 et re\u0301e\u0301lu en 2019 mais non candidat en 2024, a indique\u0301 qu&rsquo;il comptait demander l&rsquo;avis du Conseil constitutionnel sur ces deux points, alors que l&rsquo;opposition re\u0301clame toujours une e\u0301lection avant le 2 avril.<\/p>\n<p><strong>Pour plus d&rsquo;informations et d&rsquo;analyses sur la <a href=\"https:\/\/www.africa-press.net\/senegal\">Senegal<\/a>, suivez <a href=\"https:\/\/www.africa-press.net\/\">Africa-Press<\/a><\/strong><\/p>\n","protected":false},"excerpt":{"rendered":"<p>Africa-Press &#8211; Senegal. Un projet de loi d&rsquo;amnistie au Se\u0301ne\u0301gal a franchi mardi une premie\u0300re e\u0301tape a\u0300 l&rsquo;Assemble\u0301e nationale, avec l&rsquo;adoption en commission de ce texte critique\u0301 par l&rsquo;opposition, en pleine crise autour du report de l&rsquo;e\u0301lection pre\u0301sidentielle. L&rsquo;amnistie des faits lie\u0301s aux manifestations politiques meurtrie\u0300res entre 2021 et 2024 est un des e\u0301le\u0301ments de [&hellip;]<\/p>\n","protected":false},"author":82,"featured_media":56355,"comment_status":"open","ping_status":"closed","sticky":false,"template":"","format":"standard","meta":{"footnotes":""},"categories":[2,20,10],"tags":[43,47,44],"class_list":["post-56356","post","type-post","status-publish","format-standard","has-post-thumbnail","hentry","category-politique","category-top-nouvelles","category-toutes-les-actualites","tag-africa-press-2","tag-africa-press-senegal","tag-senegal-2"],"yoast_head":"<!-- This site is optimized with the Yoast SEO Premium plugin v26.1 (Yoast SEO v27.0) - https:\/\/yoast.com\/product\/yoast-seo-premium-wordpress\/ -->\n<title>un projet d&#039;amnistie controvers\u00e9 franchit une premi\u00e8re \u00e9tape \u00e0 l&#039;Assembl\u00e9e - Senegal<\/title>\n<meta name=\"description\" content=\"Un projet de loi d&#039;amnistie au Se\u0301ne\u0301gal a franchi mardi une premie\u0300re e\u0301tape a\u0300 l&#039;Assemble\u0301e nationale, avec l&#039;adoption ...\" \/>\n<meta name=\"robots\" content=\"index, follow, max-snippet:-1, max-image-preview:large, max-video-preview:-1\" \/>\n<link rel=\"canonical\" href=\"https:\/\/www.africa-press.net\/senegal\/politique\/un-projet-damnistie-controverse-franchit-une-premiere-etape-a-lassemblee\" \/>\n<meta property=\"og:locale\" content=\"fr_FR\" \/>\n<meta property=\"og:type\" content=\"article\" \/>\n<meta property=\"og:title\" content=\"un projet d&#039;amnistie controvers\u00e9 franchit une premi\u00e8re \u00e9tape \u00e0 l&#039;Assembl\u00e9e\" \/>\n<meta property=\"og:description\" content=\"Un projet de loi d&#039;amnistie au Se\u0301ne\u0301gal a franchi mardi une premie\u0300re e\u0301tape a\u0300 l&#039;Assemble\u0301e nationale, avec l&#039;adoption ...\" \/>\n<meta property=\"og:url\" content=\"https:\/\/www.africa-press.net\/senegal\/politique\/un-projet-damnistie-controverse-franchit-une-premiere-etape-a-lassemblee\" \/>\n<meta property=\"og:site_name\" content=\"Senegal\" \/>\n<meta property=\"article:published_time\" content=\"2024-03-05T16:39:51+00:00\" \/>\n<meta property=\"article:modified_time\" content=\"2024-03-05T18:48:33+00:00\" \/>\n<meta property=\"og:image\" content=\"https:\/\/static.africa-press.net\/senegal\/sites\/13\/2024\/03\/sm_1709644750.297135.jpg\" \/>\n\t<meta property=\"og:image:width\" content=\"734\" \/>\n\t<meta property=\"og:image:height\" content=\"490\" \/>\n\t<meta property=\"og:image:type\" content=\"image\/jpeg\" \/>\n<meta name=\"author\" content=\"cfeditorfr\" \/>\n<meta name=\"twitter:card\" content=\"summary_large_image\" \/>\n<meta name=\"twitter:label1\" content=\"\u00c9crit par\" \/>\n\t<meta name=\"twitter:data1\" content=\"cfeditorfr\" \/>\n\t<meta name=\"twitter:label2\" content=\"Dur\u00e9e de lecture estim\u00e9e\" \/>\n\t<meta name=\"twitter:data2\" content=\"5 minutes\" \/>\n<script type=\"application\/ld+json\" class=\"yoast-schema-graph\">{\"@context\":\"https:\/\/schema.org\",\"@graph\":[{\"@type\":\"Article\",\"@id\":\"https:\/\/www.africa-press.net\/senegal\/politique\/un-projet-damnistie-controverse-franchit-une-premiere-etape-a-lassemblee#article\",\"isPartOf\":{\"@id\":\"https:\/\/www.africa-press.net\/senegal\/politique\/un-projet-damnistie-controverse-franchit-une-premiere-etape-a-lassemblee\"},\"author\":{\"name\":\"cfeditorfr\",\"@id\":\"https:\/\/www.africa-press.net\/senegal\/#\/schema\/person\/2b1cf3cd81a31e3cd26889ca66d677f1\"},\"headline\":\"un projet d&rsquo;amnistie controvers\u00e9 franchit une premi\u00e8re \u00e9tape \u00e0 l&rsquo;Assembl\u00e9e\",\"datePublished\":\"2024-03-05T16:39:51+00:00\",\"dateModified\":\"2024-03-05T18:48:33+00:00\",\"mainEntityOfPage\":{\"@id\":\"https:\/\/www.africa-press.net\/senegal\/politique\/un-projet-damnistie-controverse-franchit-une-premiere-etape-a-lassemblee\"},\"wordCount\":881,\"commentCount\":0,\"image\":{\"@id\":\"https:\/\/www.africa-press.net\/senegal\/politique\/un-projet-damnistie-controverse-franchit-une-premiere-etape-a-lassemblee#primaryimage\"},\"thumbnailUrl\":\"https:\/\/static.africa-press.net\/senegal\/sites\/13\/2024\/03\/sm_1709644750.297135.jpg\",\"keywords\":[\"Africa Press\",\"Africa Press-Senegal\",\"Senegal\"],\"articleSection\":[\"Politique\",\"Top Nouvelles\",\"Toutes les actualit\u00e9s\"],\"inLanguage\":\"fr-FR\",\"potentialAction\":[{\"@type\":\"CommentAction\",\"name\":\"Comment\",\"target\":[\"https:\/\/www.africa-press.net\/senegal\/politique\/un-projet-damnistie-controverse-franchit-une-premiere-etape-a-lassemblee#respond\"]}]},{\"@type\":\"WebPage\",\"@id\":\"https:\/\/www.africa-press.net\/senegal\/politique\/un-projet-damnistie-controverse-franchit-une-premiere-etape-a-lassemblee\",\"url\":\"https:\/\/www.africa-press.net\/senegal\/politique\/un-projet-damnistie-controverse-franchit-une-premiere-etape-a-lassemblee\",\"name\":\"un projet d'amnistie controvers\u00e9 franchit une premi\u00e8re \u00e9tape \u00e0 l'Assembl\u00e9e - Senegal\",\"isPartOf\":{\"@id\":\"https:\/\/www.africa-press.net\/senegal\/#website\"},\"primaryImageOfPage\":{\"@id\":\"https:\/\/www.africa-press.net\/senegal\/politique\/un-projet-damnistie-controverse-franchit-une-premiere-etape-a-lassemblee#primaryimage\"},\"image\":{\"@id\":\"https:\/\/www.africa-press.net\/senegal\/politique\/un-projet-damnistie-controverse-franchit-une-premiere-etape-a-lassemblee#primaryimage\"},\"thumbnailUrl\":\"https:\/\/static.africa-press.net\/senegal\/sites\/13\/2024\/03\/sm_1709644750.297135.jpg\",\"datePublished\":\"2024-03-05T16:39:51+00:00\",\"dateModified\":\"2024-03-05T18:48:33+00:00\",\"author\":{\"@id\":\"https:\/\/www.africa-press.net\/senegal\/#\/schema\/person\/2b1cf3cd81a31e3cd26889ca66d677f1\"},\"description\":\"Un projet de loi d'amnistie au Se\u0301ne\u0301gal a franchi mardi une premie\u0300re e\u0301tape a\u0300 l'Assemble\u0301e nationale, avec l'adoption ...\",\"breadcrumb\":{\"@id\":\"https:\/\/www.africa-press.net\/senegal\/politique\/un-projet-damnistie-controverse-franchit-une-premiere-etape-a-lassemblee#breadcrumb\"},\"inLanguage\":\"fr-FR\",\"potentialAction\":[{\"@type\":\"ReadAction\",\"target\":[\"https:\/\/www.africa-press.net\/senegal\/politique\/un-projet-damnistie-controverse-franchit-une-premiere-etape-a-lassemblee\"]}]},{\"@type\":\"ImageObject\",\"inLanguage\":\"fr-FR\",\"@id\":\"https:\/\/www.africa-press.net\/senegal\/politique\/un-projet-damnistie-controverse-franchit-une-premiere-etape-a-lassemblee#primaryimage\",\"url\":\"https:\/\/static.africa-press.net\/senegal\/sites\/13\/2024\/03\/sm_1709644750.297135.jpg\",\"contentUrl\":\"https:\/\/static.africa-press.net\/senegal\/sites\/13\/2024\/03\/sm_1709644750.297135.jpg\",\"width\":734,\"height\":490,\"caption\":\"un projet d'amnistie controvers\u00e9 franchit une premi\u00e8re \u00e9tape \u00e0 l'Assembl\u00e9e\"},{\"@type\":\"BreadcrumbList\",\"@id\":\"https:\/\/www.africa-press.net\/senegal\/politique\/un-projet-damnistie-controverse-franchit-une-premiere-etape-a-lassemblee#breadcrumb\",\"itemListElement\":[{\"@type\":\"ListItem\",\"position\":1,\"name\":\"Accueil\",\"item\":\"https:\/\/www.africa-press.net\/senegal\/\"},{\"@type\":\"ListItem\",\"position\":2,\"name\":\"un projet d&#8217;amnistie controvers\u00e9 franchit une premi\u00e8re \u00e9tape \u00e0 l&#8217;Assembl\u00e9e\"}]},{\"@type\":\"WebSite\",\"@id\":\"https:\/\/www.africa-press.net\/senegal\/#website\",\"url\":\"https:\/\/www.africa-press.net\/senegal\/\",\"name\":\"Africa Press | Senegal | Homepage\",\"description\":\"Just another Africa News Agency Sites site\",\"potentialAction\":[{\"@type\":\"SearchAction\",\"target\":{\"@type\":\"EntryPoint\",\"urlTemplate\":\"https:\/\/www.africa-press.net\/senegal\/?s={search_term_string}\"},\"query-input\":{\"@type\":\"PropertyValueSpecification\",\"valueRequired\":true,\"valueName\":\"search_term_string\"}}],\"inLanguage\":\"fr-FR\"},{\"@type\":\"Person\",\"@id\":\"https:\/\/www.africa-press.net\/senegal\/#\/schema\/person\/2b1cf3cd81a31e3cd26889ca66d677f1\",\"name\":\"cfeditorfr\",\"url\":\"https:\/\/www.africa-press.net\/senegal\/author\/cfeditorfr\"}]}<\/script>\n<!-- \/ Yoast SEO Premium plugin. -->","yoast_head_json":{"title":"un projet d'amnistie controvers\u00e9 franchit une premi\u00e8re \u00e9tape \u00e0 l'Assembl\u00e9e - Senegal","description":"Un projet de loi d'amnistie au Se\u0301ne\u0301gal a franchi mardi une premie\u0300re e\u0301tape a\u0300 l'Assemble\u0301e nationale, avec l'adoption ...","robots":{"index":"index","follow":"follow","max-snippet":"max-snippet:-1","max-image-preview":"max-image-preview:large","max-video-preview":"max-video-preview:-1"},"canonical":"https:\/\/www.africa-press.net\/senegal\/politique\/un-projet-damnistie-controverse-franchit-une-premiere-etape-a-lassemblee","og_locale":"fr_FR","og_type":"article","og_title":"un projet d'amnistie controvers\u00e9 franchit une premi\u00e8re \u00e9tape \u00e0 l'Assembl\u00e9e","og_description":"Un projet de loi d'amnistie au Se\u0301ne\u0301gal a franchi mardi une premie\u0300re e\u0301tape a\u0300 l'Assemble\u0301e nationale, avec l'adoption ...","og_url":"https:\/\/www.africa-press.net\/senegal\/politique\/un-projet-damnistie-controverse-franchit-une-premiere-etape-a-lassemblee","og_site_name":"Senegal","article_published_time":"2024-03-05T16:39:51+00:00","article_modified_time":"2024-03-05T18:48:33+00:00","og_image":[{"width":734,"height":490,"url":"https:\/\/static.africa-press.net\/senegal\/sites\/13\/2024\/03\/sm_1709644750.297135.jpg","type":"image\/jpeg"}],"author":"cfeditorfr","twitter_card":"summary_large_image","twitter_misc":{"\u00c9crit par":"cfeditorfr","Dur\u00e9e de lecture estim\u00e9e":"5 minutes"},"schema":{"@context":"https:\/\/schema.org","@graph":[{"@type":"Article","@id":"https:\/\/www.africa-press.net\/senegal\/politique\/un-projet-damnistie-controverse-franchit-une-premiere-etape-a-lassemblee#article","isPartOf":{"@id":"https:\/\/www.africa-press.net\/senegal\/politique\/un-projet-damnistie-controverse-franchit-une-premiere-etape-a-lassemblee"},"author":{"name":"cfeditorfr","@id":"https:\/\/www.africa-press.net\/senegal\/#\/schema\/person\/2b1cf3cd81a31e3cd26889ca66d677f1"},"headline":"un projet d&rsquo;amnistie controvers\u00e9 franchit une premi\u00e8re \u00e9tape \u00e0 l&rsquo;Assembl\u00e9e","datePublished":"2024-03-05T16:39:51+00:00","dateModified":"2024-03-05T18:48:33+00:00","mainEntityOfPage":{"@id":"https:\/\/www.africa-press.net\/senegal\/politique\/un-projet-damnistie-controverse-franchit-une-premiere-etape-a-lassemblee"},"wordCount":881,"commentCount":0,"image":{"@id":"https:\/\/www.africa-press.net\/senegal\/politique\/un-projet-damnistie-controverse-franchit-une-premiere-etape-a-lassemblee#primaryimage"},"thumbnailUrl":"https:\/\/static.africa-press.net\/senegal\/sites\/13\/2024\/03\/sm_1709644750.297135.jpg","keywords":["Africa Press","Africa Press-Senegal","Senegal"],"articleSection":["Politique","Top Nouvelles","Toutes les actualit\u00e9s"],"inLanguage":"fr-FR","potentialAction":[{"@type":"CommentAction","name":"Comment","target":["https:\/\/www.africa-press.net\/senegal\/politique\/un-projet-damnistie-controverse-franchit-une-premiere-etape-a-lassemblee#respond"]}]},{"@type":"WebPage","@id":"https:\/\/www.africa-press.net\/senegal\/politique\/un-projet-damnistie-controverse-franchit-une-premiere-etape-a-lassemblee","url":"https:\/\/www.africa-press.net\/senegal\/politique\/un-projet-damnistie-controverse-franchit-une-premiere-etape-a-lassemblee","name":"un projet d'amnistie controvers\u00e9 franchit une premi\u00e8re \u00e9tape \u00e0 l'Assembl\u00e9e - Senegal","isPartOf":{"@id":"https:\/\/www.africa-press.net\/senegal\/#website"},"primaryImageOfPage":{"@id":"https:\/\/www.africa-press.net\/senegal\/politique\/un-projet-damnistie-controverse-franchit-une-premiere-etape-a-lassemblee#primaryimage"},"image":{"@id":"https:\/\/www.africa-press.net\/senegal\/politique\/un-projet-damnistie-controverse-franchit-une-premiere-etape-a-lassemblee#primaryimage"},"thumbnailUrl":"https:\/\/static.africa-press.net\/senegal\/sites\/13\/2024\/03\/sm_1709644750.297135.jpg","datePublished":"2024-03-05T16:39:51+00:00","dateModified":"2024-03-05T18:48:33+00:00","author":{"@id":"https:\/\/www.africa-press.net\/senegal\/#\/schema\/person\/2b1cf3cd81a31e3cd26889ca66d677f1"},"description":"Un projet de loi d'amnistie au Se\u0301ne\u0301gal a franchi mardi une premie\u0300re e\u0301tape a\u0300 l'Assemble\u0301e nationale, avec l'adoption ...","breadcrumb":{"@id":"https:\/\/www.africa-press.net\/senegal\/politique\/un-projet-damnistie-controverse-franchit-une-premiere-etape-a-lassemblee#breadcrumb"},"inLanguage":"fr-FR","potentialAction":[{"@type":"ReadAction","target":["https:\/\/www.africa-press.net\/senegal\/politique\/un-projet-damnistie-controverse-franchit-une-premiere-etape-a-lassemblee"]}]},{"@type":"ImageObject","inLanguage":"fr-FR","@id":"https:\/\/www.africa-press.net\/senegal\/politique\/un-projet-damnistie-controverse-franchit-une-premiere-etape-a-lassemblee#primaryimage","url":"https:\/\/static.africa-press.net\/senegal\/sites\/13\/2024\/03\/sm_1709644750.297135.jpg","contentUrl":"https:\/\/static.africa-press.net\/senegal\/sites\/13\/2024\/03\/sm_1709644750.297135.jpg","width":734,"height":490,"caption":"un projet d'amnistie controvers\u00e9 franchit une premi\u00e8re \u00e9tape \u00e0 l'Assembl\u00e9e"},{"@type":"BreadcrumbList","@id":"https:\/\/www.africa-press.net\/senegal\/politique\/un-projet-damnistie-controverse-franchit-une-premiere-etape-a-lassemblee#breadcrumb","itemListElement":[{"@type":"ListItem","position":1,"name":"Accueil","item":"https:\/\/www.africa-press.net\/senegal\/"},{"@type":"ListItem","position":2,"name":"un projet d&#8217;amnistie controvers\u00e9 franchit une premi\u00e8re \u00e9tape \u00e0 l&#8217;Assembl\u00e9e"}]},{"@type":"WebSite","@id":"https:\/\/www.africa-press.net\/senegal\/#website","url":"https:\/\/www.africa-press.net\/senegal\/","name":"Africa Press | Senegal | Homepage","description":"Just another Africa News Agency Sites site","potentialAction":[{"@type":"SearchAction","target":{"@type":"EntryPoint","urlTemplate":"https:\/\/www.africa-press.net\/senegal\/?s={search_term_string}"},"query-input":{"@type":"PropertyValueSpecification","valueRequired":true,"valueName":"search_term_string"}}],"inLanguage":"fr-FR"},{"@type":"Person","@id":"https:\/\/www.africa-press.net\/senegal\/#\/schema\/person\/2b1cf3cd81a31e3cd26889ca66d677f1","name":"cfeditorfr","url":"https:\/\/www.africa-press.net\/senegal\/author\/cfeditorfr"}]}},"_links":{"self":[{"href":"https:\/\/www.africa-press.net\/senegal\/wp-json\/wp\/v2\/posts\/56356","targetHints":{"allow":["GET"]}}],"collection":[{"href":"https:\/\/www.africa-press.net\/senegal\/wp-json\/wp\/v2\/posts"}],"about":[{"href":"https:\/\/www.africa-press.net\/senegal\/wp-json\/wp\/v2\/types\/post"}],"author":[{"embeddable":true,"href":"https:\/\/www.africa-press.net\/senegal\/wp-json\/wp\/v2\/users\/82"}],"replies":[{"embeddable":true,"href":"https:\/\/www.africa-press.net\/senegal\/wp-json\/wp\/v2\/comments?post=56356"}],"version-history":[{"count":0,"href":"https:\/\/www.africa-press.net\/senegal\/wp-json\/wp\/v2\/posts\/56356\/revisions"}],"wp:featuredmedia":[{"embeddable":true,"href":"https:\/\/www.africa-press.net\/senegal\/wp-json\/wp\/v2\/media\/56355"}],"wp:attachment":[{"href":"https:\/\/www.africa-press.net\/senegal\/wp-json\/wp\/v2\/media?parent=56356"}],"wp:term":[{"taxonomy":"category","embeddable":true,"href":"https:\/\/www.africa-press.net\/senegal\/wp-json\/wp\/v2\/categories?post=56356"},{"taxonomy":"post_tag","embeddable":true,"href":"https:\/\/www.africa-press.net\/senegal\/wp-json\/wp\/v2\/tags?post=56356"}],"curies":[{"name":"wp","href":"https:\/\/api.w.org\/{rel}","templated":true}]}}