{"id":56358,"date":"2024-03-05T16:32:54","date_gmt":"2024-03-05T16:32:54","guid":{"rendered":"https:\/\/www.africa-press.net\/senegal\/politique\/le-senegal-rejoint-le-forum-des-pays-exportateurs-de-gaz"},"modified":"2024-03-05T18:54:05","modified_gmt":"2024-03-05T18:54:05","slug":"le-senegal-rejoint-le-forum-des-pays-exportateurs-de-gaz","status":"publish","type":"post","link":"https:\/\/www.africa-press.net\/senegal\/politique\/le-senegal-rejoint-le-forum-des-pays-exportateurs-de-gaz","title":{"rendered":"Le S\u00e9n\u00e9gal rejoint le Forum des pays exportateurs de gaz"},"content":{"rendered":"<p><span style=\"color: #ff6600\"><strong>Africa-Press &#8211; Senegal. <\/strong><\/span>Le Se\u0301ne\u0301gal rejoint cette anne\u0301e le club des puissances gazie\u0300res, gra\u0302ce notamment au projet Grande Tortue Ahmeyim (GTA). Il a de\u0301ja\u0300 obtenu un statut d\u2019observateur au sein de \u00ab l\u2019OPEP du gaz \u00bb, avant de devenir membre a\u0300 part entie\u0300re.<\/p>\n<p>Le Se\u0301ne\u0301gal est devenu officiellement membre du Forum des pays exportateurs de gaz (Gas Exporting Countries Forum\/GECF), une organisation intergouvernementale visant a\u0300 de\u0301fendre les inte\u0301re\u0302ts des principaux pays exportateurs de gaz naturel, a annonce\u0301 le ministe\u0300re se\u0301ne\u0301galais du Pe\u0301trole dans un communique\u0301.<\/p>\n<p>\u00ab Le Se\u0301ne\u0301gal franchit une nouvelle e\u0301tape vers une exploitation responsable de ses ressources naturelles au profit des populations \u00bb, a souligne\u0301 le ministe\u0300re.<\/p>\n<p>L\u2019inte\u0301gration du Se\u0301ne\u0301gal porte a\u0300 20 le nombre des E\u0301tats membres de ce forum fonde\u0301 en 2001, dont 12 pays membres &#8211; Alge\u0301rie, Libye, Nigeria, E\u0301gypte, Russie, Qatar, Russie &#8211; et huit pays membres observateurs au nombre desquels on trouve l&rsquo;Angola,le Mozambique, l&rsquo;Irak, la Mauritanie, la Norve\u0300ge et d&rsquo;autres pays**.**<\/p>\n<p>Selon ce club, ses membres repre\u0301sentent 70 % des re\u0301serves mondiales prouve\u0301es de gaz et 51 % des exportations mondiales de gaz naturel lique\u0301fie\u0301 (GNL).<\/p>\n<p>L\u2019adhe\u0301sion de Dakar au statut de membre d\u2019observateur de ce forum encore appele\u0301 \u00ab l**\u2019OPEP du gaz** \u00bb a e\u0301te\u0301 acte\u0301e lors du 7e sommet de l\u2019organisation organise\u0301 a\u0300 Alger du 29 fe\u0301vrier au 2 mars 2024.<\/p>\n<p>Cre\u0301e\u0301 en 2001, le GECF vise a\u0300 permettre aux pays membres d\u2019anticiper de fac\u0327on collective les e\u0301volutions du marche\u0301 du gaz naturel et de de\u0301velopper l\u2019exploitation de leurs ressources dans les meilleures conditions, notamment e\u0301conomiques et environnementales.<\/p>\n<p>Contrairement a\u0300 l\u2019OPEP, le Forum ne se pre\u0301sente pas comme un cartel de producteurs et ne fixe pas des quotas de production a\u0300 ses membres.<\/p>\n<p>Le Se\u0301ne\u0301gal devrait rejoindre cette anne\u0301e le club des puissances gazie\u0300res mondiales, gra\u0302ce notamment a\u0300 l\u2019entre\u0301e en production du projet Grande Tortue Ahmeyim (GTA). Ce gisement de\u0301couvert a\u0300 60 kilome\u0300tres des co\u0302tes se\u0301ne\u0301galo-mauritaniennes rece\u0300le plus de 900 milliards de me\u0300tres cubes de gaz.<\/p>\n<p><strong>Pour plus d&rsquo;informations et d&rsquo;analyses sur la <a href=\"https:\/\/www.africa-press.net\/senegal\">Senegal<\/a>, suivez <a href=\"https:\/\/www.africa-press.net\/\">Africa-Press<\/a><\/strong><\/p>\n","protected":false},"excerpt":{"rendered":"<p>Africa-Press &#8211; Senegal. Le Se\u0301ne\u0301gal rejoint cette anne\u0301e le club des puissances gazie\u0300res, gra\u0302ce notamment au projet Grande Tortue Ahmeyim (GTA). Il a de\u0301ja\u0300 obtenu un statut d\u2019observateur au sein de \u00ab l\u2019OPEP du gaz \u00bb, avant de devenir membre a\u0300 part entie\u0300re. Le Se\u0301ne\u0301gal est devenu officiellement membre du Forum des pays exportateurs de [&hellip;]<\/p>\n","protected":false},"author":82,"featured_media":56357,"comment_status":"open","ping_status":"closed","sticky":false,"template":"","format":"standard","meta":{"footnotes":""},"categories":[3,2,20,10],"tags":[43,47,44],"class_list":["post-56358","post","type-post","status-publish","format-standard","has-post-thumbnail","hentry","category-economie","category-politique","category-top-nouvelles","category-toutes-les-actualites","tag-africa-press-2","tag-africa-press-senegal","tag-senegal-2"],"yoast_head":"<!-- This site is optimized with the Yoast SEO Premium plugin v26.1 (Yoast SEO v27.0) - https:\/\/yoast.com\/product\/yoast-seo-premium-wordpress\/ -->\n<title>Le S\u00e9n\u00e9gal rejoint le Forum des pays exportateurs de gaz - Senegal<\/title>\n<meta name=\"description\" content=\"Le Se\u0301ne\u0301gal rejoint cette anne\u0301e le club des puissances gazie\u0300res, gra\u0302ce notamment au projet Grande Tortue Ahmeyim (GT ...\" \/>\n<meta name=\"robots\" content=\"index, follow, max-snippet:-1, max-image-preview:large, max-video-preview:-1\" \/>\n<link rel=\"canonical\" href=\"https:\/\/www.africa-press.net\/senegal\/politique\/le-senegal-rejoint-le-forum-des-pays-exportateurs-de-gaz\" \/>\n<meta property=\"og:locale\" content=\"fr_FR\" \/>\n<meta property=\"og:type\" content=\"article\" \/>\n<meta property=\"og:title\" content=\"Le S\u00e9n\u00e9gal rejoint le Forum des pays exportateurs de gaz\" \/>\n<meta property=\"og:description\" content=\"Le Se\u0301ne\u0301gal rejoint cette anne\u0301e le club des puissances gazie\u0300res, gra\u0302ce notamment au projet Grande Tortue Ahmeyim (GT ...\" \/>\n<meta property=\"og:url\" content=\"https:\/\/www.africa-press.net\/senegal\/politique\/le-senegal-rejoint-le-forum-des-pays-exportateurs-de-gaz\" \/>\n<meta property=\"og:site_name\" content=\"Senegal\" \/>\n<meta property=\"article:published_time\" content=\"2024-03-05T16:32:54+00:00\" \/>\n<meta property=\"article:modified_time\" content=\"2024-03-05T18:54:05+00:00\" \/>\n<meta property=\"og:image\" content=\"https:\/\/static.africa-press.net\/senegal\/sites\/13\/2024\/03\/sm_1709648295.035324.jpg\" \/>\n\t<meta property=\"og:image:width\" content=\"1024\" \/>\n\t<meta property=\"og:image:height\" content=\"576\" \/>\n\t<meta property=\"og:image:type\" content=\"image\/jpeg\" \/>\n<meta name=\"author\" content=\"cfeditorfr\" \/>\n<meta name=\"twitter:card\" content=\"summary_large_image\" \/>\n<meta name=\"twitter:label1\" content=\"\u00c9crit par\" \/>\n\t<meta name=\"twitter:data1\" content=\"cfeditorfr\" \/>\n\t<meta name=\"twitter:label2\" content=\"Dur\u00e9e de lecture estim\u00e9e\" \/>\n\t<meta name=\"twitter:data2\" content=\"2 minutes\" \/>\n<script type=\"application\/ld+json\" class=\"yoast-schema-graph\">{\"@context\":\"https:\/\/schema.org\",\"@graph\":[{\"@type\":\"Article\",\"@id\":\"https:\/\/www.africa-press.net\/senegal\/politique\/le-senegal-rejoint-le-forum-des-pays-exportateurs-de-gaz#article\",\"isPartOf\":{\"@id\":\"https:\/\/www.africa-press.net\/senegal\/politique\/le-senegal-rejoint-le-forum-des-pays-exportateurs-de-gaz\"},\"author\":{\"name\":\"cfeditorfr\",\"@id\":\"https:\/\/www.africa-press.net\/senegal\/#\/schema\/person\/2b1cf3cd81a31e3cd26889ca66d677f1\"},\"headline\":\"Le S\u00e9n\u00e9gal rejoint le Forum des pays exportateurs de gaz\",\"datePublished\":\"2024-03-05T16:32:54+00:00\",\"dateModified\":\"2024-03-05T18:54:05+00:00\",\"mainEntityOfPage\":{\"@id\":\"https:\/\/www.africa-press.net\/senegal\/politique\/le-senegal-rejoint-le-forum-des-pays-exportateurs-de-gaz\"},\"wordCount\":401,\"commentCount\":0,\"image\":{\"@id\":\"https:\/\/www.africa-press.net\/senegal\/politique\/le-senegal-rejoint-le-forum-des-pays-exportateurs-de-gaz#primaryimage\"},\"thumbnailUrl\":\"https:\/\/static.africa-press.net\/senegal\/sites\/13\/2024\/03\/sm_1709648295.035324.jpg\",\"keywords\":[\"Africa Press\",\"Africa Press-Senegal\",\"Senegal\"],\"articleSection\":[\"\u00c9conomie\",\"Politique\",\"Top Nouvelles\",\"Toutes les actualit\u00e9s\"],\"inLanguage\":\"fr-FR\",\"potentialAction\":[{\"@type\":\"CommentAction\",\"name\":\"Comment\",\"target\":[\"https:\/\/www.africa-press.net\/senegal\/politique\/le-senegal-rejoint-le-forum-des-pays-exportateurs-de-gaz#respond\"]}]},{\"@type\":\"WebPage\",\"@id\":\"https:\/\/www.africa-press.net\/senegal\/politique\/le-senegal-rejoint-le-forum-des-pays-exportateurs-de-gaz\",\"url\":\"https:\/\/www.africa-press.net\/senegal\/politique\/le-senegal-rejoint-le-forum-des-pays-exportateurs-de-gaz\",\"name\":\"Le S\u00e9n\u00e9gal rejoint le Forum des pays exportateurs de gaz - Senegal\",\"isPartOf\":{\"@id\":\"https:\/\/www.africa-press.net\/senegal\/#website\"},\"primaryImageOfPage\":{\"@id\":\"https:\/\/www.africa-press.net\/senegal\/politique\/le-senegal-rejoint-le-forum-des-pays-exportateurs-de-gaz#primaryimage\"},\"image\":{\"@id\":\"https:\/\/www.africa-press.net\/senegal\/politique\/le-senegal-rejoint-le-forum-des-pays-exportateurs-de-gaz#primaryimage\"},\"thumbnailUrl\":\"https:\/\/static.africa-press.net\/senegal\/sites\/13\/2024\/03\/sm_1709648295.035324.jpg\",\"datePublished\":\"2024-03-05T16:32:54+00:00\",\"dateModified\":\"2024-03-05T18:54:05+00:00\",\"author\":{\"@id\":\"https:\/\/www.africa-press.net\/senegal\/#\/schema\/person\/2b1cf3cd81a31e3cd26889ca66d677f1\"},\"description\":\"Le Se\u0301ne\u0301gal rejoint cette anne\u0301e le club des puissances gazie\u0300res, gra\u0302ce notamment au projet Grande Tortue Ahmeyim (GT ...\",\"breadcrumb\":{\"@id\":\"https:\/\/www.africa-press.net\/senegal\/politique\/le-senegal-rejoint-le-forum-des-pays-exportateurs-de-gaz#breadcrumb\"},\"inLanguage\":\"fr-FR\",\"potentialAction\":[{\"@type\":\"ReadAction\",\"target\":[\"https:\/\/www.africa-press.net\/senegal\/politique\/le-senegal-rejoint-le-forum-des-pays-exportateurs-de-gaz\"]}]},{\"@type\":\"ImageObject\",\"inLanguage\":\"fr-FR\",\"@id\":\"https:\/\/www.africa-press.net\/senegal\/politique\/le-senegal-rejoint-le-forum-des-pays-exportateurs-de-gaz#primaryimage\",\"url\":\"https:\/\/static.africa-press.net\/senegal\/sites\/13\/2024\/03\/sm_1709648295.035324.jpg\",\"contentUrl\":\"https:\/\/static.africa-press.net\/senegal\/sites\/13\/2024\/03\/sm_1709648295.035324.jpg\",\"width\":1024,\"height\":576,\"caption\":\"Le S\u00e9n\u00e9gal rejoint le Forum des pays exportateurs de gaz\"},{\"@type\":\"BreadcrumbList\",\"@id\":\"https:\/\/www.africa-press.net\/senegal\/politique\/le-senegal-rejoint-le-forum-des-pays-exportateurs-de-gaz#breadcrumb\",\"itemListElement\":[{\"@type\":\"ListItem\",\"position\":1,\"name\":\"Accueil\",\"item\":\"https:\/\/www.africa-press.net\/senegal\/\"},{\"@type\":\"ListItem\",\"position\":2,\"name\":\"Le S\u00e9n\u00e9gal rejoint le Forum des pays exportateurs de gaz\"}]},{\"@type\":\"WebSite\",\"@id\":\"https:\/\/www.africa-press.net\/senegal\/#website\",\"url\":\"https:\/\/www.africa-press.net\/senegal\/\",\"name\":\"Africa Press | Senegal | Homepage\",\"description\":\"Just another Africa News Agency Sites site\",\"potentialAction\":[{\"@type\":\"SearchAction\",\"target\":{\"@type\":\"EntryPoint\",\"urlTemplate\":\"https:\/\/www.africa-press.net\/senegal\/?s={search_term_string}\"},\"query-input\":{\"@type\":\"PropertyValueSpecification\",\"valueRequired\":true,\"valueName\":\"search_term_string\"}}],\"inLanguage\":\"fr-FR\"},{\"@type\":\"Person\",\"@id\":\"https:\/\/www.africa-press.net\/senegal\/#\/schema\/person\/2b1cf3cd81a31e3cd26889ca66d677f1\",\"name\":\"cfeditorfr\",\"url\":\"https:\/\/www.africa-press.net\/senegal\/author\/cfeditorfr\"}]}<\/script>\n<!-- \/ Yoast SEO Premium plugin. -->","yoast_head_json":{"title":"Le S\u00e9n\u00e9gal rejoint le Forum des pays exportateurs de gaz - Senegal","description":"Le Se\u0301ne\u0301gal rejoint cette anne\u0301e le club des puissances gazie\u0300res, gra\u0302ce notamment au projet Grande Tortue Ahmeyim (GT ...","robots":{"index":"index","follow":"follow","max-snippet":"max-snippet:-1","max-image-preview":"max-image-preview:large","max-video-preview":"max-video-preview:-1"},"canonical":"https:\/\/www.africa-press.net\/senegal\/politique\/le-senegal-rejoint-le-forum-des-pays-exportateurs-de-gaz","og_locale":"fr_FR","og_type":"article","og_title":"Le S\u00e9n\u00e9gal rejoint le Forum des pays exportateurs de gaz","og_description":"Le Se\u0301ne\u0301gal rejoint cette anne\u0301e le club des puissances gazie\u0300res, gra\u0302ce notamment au projet Grande Tortue Ahmeyim (GT ...","og_url":"https:\/\/www.africa-press.net\/senegal\/politique\/le-senegal-rejoint-le-forum-des-pays-exportateurs-de-gaz","og_site_name":"Senegal","article_published_time":"2024-03-05T16:32:54+00:00","article_modified_time":"2024-03-05T18:54:05+00:00","og_image":[{"width":1024,"height":576,"url":"https:\/\/static.africa-press.net\/senegal\/sites\/13\/2024\/03\/sm_1709648295.035324.jpg","type":"image\/jpeg"}],"author":"cfeditorfr","twitter_card":"summary_large_image","twitter_misc":{"\u00c9crit par":"cfeditorfr","Dur\u00e9e de lecture estim\u00e9e":"2 minutes"},"schema":{"@context":"https:\/\/schema.org","@graph":[{"@type":"Article","@id":"https:\/\/www.africa-press.net\/senegal\/politique\/le-senegal-rejoint-le-forum-des-pays-exportateurs-de-gaz#article","isPartOf":{"@id":"https:\/\/www.africa-press.net\/senegal\/politique\/le-senegal-rejoint-le-forum-des-pays-exportateurs-de-gaz"},"author":{"name":"cfeditorfr","@id":"https:\/\/www.africa-press.net\/senegal\/#\/schema\/person\/2b1cf3cd81a31e3cd26889ca66d677f1"},"headline":"Le S\u00e9n\u00e9gal rejoint le Forum des pays exportateurs de gaz","datePublished":"2024-03-05T16:32:54+00:00","dateModified":"2024-03-05T18:54:05+00:00","mainEntityOfPage":{"@id":"https:\/\/www.africa-press.net\/senegal\/politique\/le-senegal-rejoint-le-forum-des-pays-exportateurs-de-gaz"},"wordCount":401,"commentCount":0,"image":{"@id":"https:\/\/www.africa-press.net\/senegal\/politique\/le-senegal-rejoint-le-forum-des-pays-exportateurs-de-gaz#primaryimage"},"thumbnailUrl":"https:\/\/static.africa-press.net\/senegal\/sites\/13\/2024\/03\/sm_1709648295.035324.jpg","keywords":["Africa Press","Africa Press-Senegal","Senegal"],"articleSection":["\u00c9conomie","Politique","Top Nouvelles","Toutes les actualit\u00e9s"],"inLanguage":"fr-FR","potentialAction":[{"@type":"CommentAction","name":"Comment","target":["https:\/\/www.africa-press.net\/senegal\/politique\/le-senegal-rejoint-le-forum-des-pays-exportateurs-de-gaz#respond"]}]},{"@type":"WebPage","@id":"https:\/\/www.africa-press.net\/senegal\/politique\/le-senegal-rejoint-le-forum-des-pays-exportateurs-de-gaz","url":"https:\/\/www.africa-press.net\/senegal\/politique\/le-senegal-rejoint-le-forum-des-pays-exportateurs-de-gaz","name":"Le S\u00e9n\u00e9gal rejoint le Forum des pays exportateurs de gaz - Senegal","isPartOf":{"@id":"https:\/\/www.africa-press.net\/senegal\/#website"},"primaryImageOfPage":{"@id":"https:\/\/www.africa-press.net\/senegal\/politique\/le-senegal-rejoint-le-forum-des-pays-exportateurs-de-gaz#primaryimage"},"image":{"@id":"https:\/\/www.africa-press.net\/senegal\/politique\/le-senegal-rejoint-le-forum-des-pays-exportateurs-de-gaz#primaryimage"},"thumbnailUrl":"https:\/\/static.africa-press.net\/senegal\/sites\/13\/2024\/03\/sm_1709648295.035324.jpg","datePublished":"2024-03-05T16:32:54+00:00","dateModified":"2024-03-05T18:54:05+00:00","author":{"@id":"https:\/\/www.africa-press.net\/senegal\/#\/schema\/person\/2b1cf3cd81a31e3cd26889ca66d677f1"},"description":"Le Se\u0301ne\u0301gal rejoint cette anne\u0301e le club des puissances gazie\u0300res, gra\u0302ce notamment au projet Grande Tortue Ahmeyim (GT ...","breadcrumb":{"@id":"https:\/\/www.africa-press.net\/senegal\/politique\/le-senegal-rejoint-le-forum-des-pays-exportateurs-de-gaz#breadcrumb"},"inLanguage":"fr-FR","potentialAction":[{"@type":"ReadAction","target":["https:\/\/www.africa-press.net\/senegal\/politique\/le-senegal-rejoint-le-forum-des-pays-exportateurs-de-gaz"]}]},{"@type":"ImageObject","inLanguage":"fr-FR","@id":"https:\/\/www.africa-press.net\/senegal\/politique\/le-senegal-rejoint-le-forum-des-pays-exportateurs-de-gaz#primaryimage","url":"https:\/\/static.africa-press.net\/senegal\/sites\/13\/2024\/03\/sm_1709648295.035324.jpg","contentUrl":"https:\/\/static.africa-press.net\/senegal\/sites\/13\/2024\/03\/sm_1709648295.035324.jpg","width":1024,"height":576,"caption":"Le S\u00e9n\u00e9gal rejoint le Forum des pays exportateurs de gaz"},{"@type":"BreadcrumbList","@id":"https:\/\/www.africa-press.net\/senegal\/politique\/le-senegal-rejoint-le-forum-des-pays-exportateurs-de-gaz#breadcrumb","itemListElement":[{"@type":"ListItem","position":1,"name":"Accueil","item":"https:\/\/www.africa-press.net\/senegal\/"},{"@type":"ListItem","position":2,"name":"Le S\u00e9n\u00e9gal rejoint le Forum des pays exportateurs de gaz"}]},{"@type":"WebSite","@id":"https:\/\/www.africa-press.net\/senegal\/#website","url":"https:\/\/www.africa-press.net\/senegal\/","name":"Africa Press | Senegal | Homepage","description":"Just another Africa News Agency Sites site","potentialAction":[{"@type":"SearchAction","target":{"@type":"EntryPoint","urlTemplate":"https:\/\/www.africa-press.net\/senegal\/?s={search_term_string}"},"query-input":{"@type":"PropertyValueSpecification","valueRequired":true,"valueName":"search_term_string"}}],"inLanguage":"fr-FR"},{"@type":"Person","@id":"https:\/\/www.africa-press.net\/senegal\/#\/schema\/person\/2b1cf3cd81a31e3cd26889ca66d677f1","name":"cfeditorfr","url":"https:\/\/www.africa-press.net\/senegal\/author\/cfeditorfr"}]}},"_links":{"self":[{"href":"https:\/\/www.africa-press.net\/senegal\/wp-json\/wp\/v2\/posts\/56358","targetHints":{"allow":["GET"]}}],"collection":[{"href":"https:\/\/www.africa-press.net\/senegal\/wp-json\/wp\/v2\/posts"}],"about":[{"href":"https:\/\/www.africa-press.net\/senegal\/wp-json\/wp\/v2\/types\/post"}],"author":[{"embeddable":true,"href":"https:\/\/www.africa-press.net\/senegal\/wp-json\/wp\/v2\/users\/82"}],"replies":[{"embeddable":true,"href":"https:\/\/www.africa-press.net\/senegal\/wp-json\/wp\/v2\/comments?post=56358"}],"version-history":[{"count":0,"href":"https:\/\/www.africa-press.net\/senegal\/wp-json\/wp\/v2\/posts\/56358\/revisions"}],"wp:featuredmedia":[{"embeddable":true,"href":"https:\/\/www.africa-press.net\/senegal\/wp-json\/wp\/v2\/media\/56357"}],"wp:attachment":[{"href":"https:\/\/www.africa-press.net\/senegal\/wp-json\/wp\/v2\/media?parent=56358"}],"wp:term":[{"taxonomy":"category","embeddable":true,"href":"https:\/\/www.africa-press.net\/senegal\/wp-json\/wp\/v2\/categories?post=56358"},{"taxonomy":"post_tag","embeddable":true,"href":"https:\/\/www.africa-press.net\/senegal\/wp-json\/wp\/v2\/tags?post=56358"}],"curies":[{"name":"wp","href":"https:\/\/api.w.org\/{rel}","templated":true}]}}