{"id":56389,"date":"2024-03-05T10:00:12","date_gmt":"2024-03-05T10:00:12","guid":{"rendered":"https:\/\/www.africa-press.net\/senegal\/politique\/le-peuple-senegalais-est-dans-son-droit-dappeler-a-laide-qui-il-veut"},"modified":"2024-03-05T22:15:05","modified_gmt":"2024-03-05T22:15:05","slug":"le-peuple-senegalais-est-dans-son-droit-dappeler-a-laide-qui-il-veut","status":"publish","type":"post","link":"https:\/\/www.africa-press.net\/senegal\/politique\/le-peuple-senegalais-est-dans-son-droit-dappeler-a-laide-qui-il-veut","title":{"rendered":"\u00ab\u00a0Le peuple s\u00e9n\u00e9galais est dans son droit d&rsquo;appeler \u00e0 l&rsquo;aide qui il veut\u00a0\u00bb"},"content":{"rendered":"<p><span style=\"color: #ff6600\"><strong>Africa-Press &#8211; Senegal. <\/strong><\/span>Aujourd&rsquo;hui, comme le monde est devenu multipolaire, le peuple se\u0301ne\u0301galais peut choisir d&rsquo;une manie\u0300re autonome ses partenaires, estime aupre\u0300s de Sputnik Afrique Zorobilel, organisateur des manifestations a\u0300 Paris contre le report de l&rsquo;e\u0301lection pre\u0301sidentielle au Se\u0301ne\u0301gal.<\/p>\n<p>En effet, lors des manifestations au Se\u0301ne\u0301gal, certains participants ont brandi des drapeaux russes et appele\u0301 au soutien de Moscou.<\/p>\n<p>\u00ab\u00a0Je pense que le peuple se\u0301ne\u0301galais est dans son droit d&rsquo;appeler a\u0300 l&rsquo;aide qui il veut. Si le peuple se\u0301ne\u0301galais pense que c&rsquo;est la Russie qui peut apporter la solution au proble\u0300me du Se\u0301ne\u0301gal, c&rsquo;est le droit du peuple se\u0301ne\u0301galais, que nous devons respecter\u00a0\u00bb, souligne Zorobilel.<\/p>\n<p>Cette situation n&rsquo;a rien d&rsquo;e\u0301tonnant pour lui et peut avoir lieu dans d&rsquo;autres pays, comme la Re\u0301publique de\u0301mocratique du Congo, \u00ab\u00a0victime d&rsquo;un ge\u0301nocide de plus de 15 millions de morts tue\u0301s parce que le syste\u0300me occidental impe\u0301rialiste en a voulu ainsi\u00a0\u00bb.<\/p>\n<p>\u00ab\u00a0C&rsquo;est tout a\u0300 fait normal que ces peuples-la\u0300 qui deviennent conscients, qui se rendent compte qu&rsquo;apre\u0300s pratiquement 65 ans d&rsquo;inde\u0301pendance, tout ce qu&rsquo;on leur a offert, c&rsquo;e\u0301tait la mise\u0300re, l&rsquo;exploitation, la servitude. Tout ce qu&rsquo;on leur a offert, c&rsquo;e\u0301tait la souffrance indicible\u00a0\u00bb, pre\u0301cise-t-il.<\/p>\n<p><b>Manifestations en France<\/b><\/p>\n<p>Des milliers de Se\u0301ne\u0301galais sont descendus dans les rues dans leur pays pour de\u0301noncer le report de la pre\u0301sidentielle initialement pre\u0301vue le 25 fe\u0301vrier. En France e\u0301galement, un rassemblement a eu lieu re\u0301unissant quelques centaines de personnes.<\/p>\n<p>\u00ab\u00a0Nous sommes mobilise\u0301s dans les rues pour que l&rsquo;opinion franc\u0327aise d&rsquo;abord puisse comprendre a\u0300 l&rsquo;Empire que l&rsquo;homme africain qu&rsquo;il a connu il y a six sie\u0300cles n&rsquo;est plus le me\u0302me aujourd&rsquo;hui\u00a0\u00bb, explique l&rsquo;ogranisateur de la manifestation.<\/p>\n<p>Cet e\u0301ve\u0301nement est une opportunite\u0301 de sensibiliser l&rsquo;opinion franc\u0327aise et d&rsquo;attirer son attention a\u0300 la politique que l&rsquo;E\u0301lyse\u0301e me\u0300ne sur le continent africain, insiste-t-il.<\/p>\n<p>\u00ab\u00a0Nous sommes mobilise\u0301s dans les rues parisiennes pour faire que la conscience collective africaine a\u0300 travers les proble\u0300mes de chaque pays puisse e\u0302tre porte\u0301e par le peuple africain qui est dans la diaspora et qui lui-me\u0302me peut faire entendre sa voix autrement que nos familles, nos fre\u0300res et s\u0153urs qui sont reste\u0301s au pays parce qu&rsquo;il y a une forme de dictat qui empe\u0302che peut-e\u0302tre l&rsquo;addiction de la ve\u0301rite\u0301 par rapport a\u0300 ceux qui sont sur place au pays et nous qui sommes dans la diaspora\u00a0\u00bb, de\u0301taille Zorobilel.<\/p>\n<p><strong>Pour plus d&rsquo;informations et d&rsquo;analyses sur la <a href=\"https:\/\/www.africa-press.net\/senegal\">Senegal<\/a>, suivez <a href=\"https:\/\/www.africa-press.net\/\">Africa-Press<\/a><\/strong><\/p>\n","protected":false},"excerpt":{"rendered":"<p>Africa-Press &#8211; Senegal. Aujourd&rsquo;hui, comme le monde est devenu multipolaire, le peuple se\u0301ne\u0301galais peut choisir d&rsquo;une manie\u0300re autonome ses partenaires, estime aupre\u0300s de Sputnik Afrique Zorobilel, organisateur des manifestations a\u0300 Paris contre le report de l&rsquo;e\u0301lection pre\u0301sidentielle au Se\u0301ne\u0301gal. En effet, lors des manifestations au Se\u0301ne\u0301gal, certains participants ont brandi des drapeaux russes et appele\u0301 [&hellip;]<\/p>\n","protected":false},"author":82,"featured_media":56388,"comment_status":"open","ping_status":"closed","sticky":false,"template":"","format":"standard","meta":{"footnotes":""},"categories":[2,10],"tags":[43,47,44],"class_list":["post-56389","post","type-post","status-publish","format-standard","has-post-thumbnail","hentry","category-politique","category-toutes-les-actualites","tag-africa-press-2","tag-africa-press-senegal","tag-senegal-2"],"yoast_head":"<!-- This site is optimized with the Yoast SEO Premium plugin v26.1 (Yoast SEO v27.0) - https:\/\/yoast.com\/product\/yoast-seo-premium-wordpress\/ -->\n<title>&quot;Le peuple s\u00e9n\u00e9galais est dans son droit d&#039;appeler \u00e0 l&#039;aide qui il veut&quot; - Senegal<\/title>\n<meta name=\"description\" content=\"Aujourd&#039;hui, comme le monde est devenu multipolaire, le peuple se\u0301ne\u0301galais peut choisir d&#039;une manie\u0300re autonome ses par ...\" \/>\n<meta name=\"robots\" content=\"index, follow, max-snippet:-1, max-image-preview:large, max-video-preview:-1\" \/>\n<link rel=\"canonical\" href=\"https:\/\/www.africa-press.net\/senegal\/politique\/le-peuple-senegalais-est-dans-son-droit-dappeler-a-laide-qui-il-veut\" \/>\n<meta property=\"og:locale\" content=\"fr_FR\" \/>\n<meta property=\"og:type\" content=\"article\" \/>\n<meta property=\"og:title\" content=\"&quot;Le peuple s\u00e9n\u00e9galais est dans son droit d&#039;appeler \u00e0 l&#039;aide qui il veut&quot;\" \/>\n<meta property=\"og:description\" content=\"Aujourd&#039;hui, comme le monde est devenu multipolaire, le peuple se\u0301ne\u0301galais peut choisir d&#039;une manie\u0300re autonome ses par ...\" \/>\n<meta property=\"og:url\" content=\"https:\/\/www.africa-press.net\/senegal\/politique\/le-peuple-senegalais-est-dans-son-droit-dappeler-a-laide-qui-il-veut\" \/>\n<meta property=\"og:site_name\" content=\"Senegal\" \/>\n<meta property=\"article:published_time\" content=\"2024-03-05T10:00:12+00:00\" \/>\n<meta property=\"article:modified_time\" content=\"2024-03-05T22:15:05+00:00\" \/>\n<meta property=\"og:image\" content=\"https:\/\/static.africa-press.net\/senegal\/sites\/13\/2024\/03\/sm_1709660614.788944.jpg\" \/>\n\t<meta property=\"og:image:width\" content=\"1350\" \/>\n\t<meta property=\"og:image:height\" content=\"900\" \/>\n\t<meta property=\"og:image:type\" content=\"image\/jpeg\" \/>\n<meta name=\"author\" content=\"cfeditorfr\" \/>\n<meta name=\"twitter:card\" content=\"summary_large_image\" \/>\n<meta name=\"twitter:label1\" content=\"\u00c9crit par\" \/>\n\t<meta name=\"twitter:data1\" content=\"cfeditorfr\" \/>\n\t<meta name=\"twitter:label2\" content=\"Dur\u00e9e de lecture estim\u00e9e\" \/>\n\t<meta name=\"twitter:data2\" content=\"2 minutes\" \/>\n<script type=\"application\/ld+json\" class=\"yoast-schema-graph\">{\"@context\":\"https:\/\/schema.org\",\"@graph\":[{\"@type\":\"Article\",\"@id\":\"https:\/\/www.africa-press.net\/senegal\/politique\/le-peuple-senegalais-est-dans-son-droit-dappeler-a-laide-qui-il-veut#article\",\"isPartOf\":{\"@id\":\"https:\/\/www.africa-press.net\/senegal\/politique\/le-peuple-senegalais-est-dans-son-droit-dappeler-a-laide-qui-il-veut\"},\"author\":{\"name\":\"cfeditorfr\",\"@id\":\"https:\/\/www.africa-press.net\/senegal\/#\/schema\/person\/2b1cf3cd81a31e3cd26889ca66d677f1\"},\"headline\":\"\u00ab\u00a0Le peuple s\u00e9n\u00e9galais est dans son droit d&rsquo;appeler \u00e0 l&rsquo;aide qui il veut\u00a0\u00bb\",\"datePublished\":\"2024-03-05T10:00:12+00:00\",\"dateModified\":\"2024-03-05T22:15:05+00:00\",\"mainEntityOfPage\":{\"@id\":\"https:\/\/www.africa-press.net\/senegal\/politique\/le-peuple-senegalais-est-dans-son-droit-dappeler-a-laide-qui-il-veut\"},\"wordCount\":496,\"commentCount\":0,\"image\":{\"@id\":\"https:\/\/www.africa-press.net\/senegal\/politique\/le-peuple-senegalais-est-dans-son-droit-dappeler-a-laide-qui-il-veut#primaryimage\"},\"thumbnailUrl\":\"https:\/\/static.africa-press.net\/senegal\/sites\/13\/2024\/03\/sm_1709660614.788944.jpg\",\"keywords\":[\"Africa Press\",\"Africa Press-Senegal\",\"Senegal\"],\"articleSection\":[\"Politique\",\"Toutes les actualit\u00e9s\"],\"inLanguage\":\"fr-FR\",\"potentialAction\":[{\"@type\":\"CommentAction\",\"name\":\"Comment\",\"target\":[\"https:\/\/www.africa-press.net\/senegal\/politique\/le-peuple-senegalais-est-dans-son-droit-dappeler-a-laide-qui-il-veut#respond\"]}]},{\"@type\":\"WebPage\",\"@id\":\"https:\/\/www.africa-press.net\/senegal\/politique\/le-peuple-senegalais-est-dans-son-droit-dappeler-a-laide-qui-il-veut\",\"url\":\"https:\/\/www.africa-press.net\/senegal\/politique\/le-peuple-senegalais-est-dans-son-droit-dappeler-a-laide-qui-il-veut\",\"name\":\"\\\"Le peuple s\u00e9n\u00e9galais est dans son droit d'appeler \u00e0 l'aide qui il veut\\\" - Senegal\",\"isPartOf\":{\"@id\":\"https:\/\/www.africa-press.net\/senegal\/#website\"},\"primaryImageOfPage\":{\"@id\":\"https:\/\/www.africa-press.net\/senegal\/politique\/le-peuple-senegalais-est-dans-son-droit-dappeler-a-laide-qui-il-veut#primaryimage\"},\"image\":{\"@id\":\"https:\/\/www.africa-press.net\/senegal\/politique\/le-peuple-senegalais-est-dans-son-droit-dappeler-a-laide-qui-il-veut#primaryimage\"},\"thumbnailUrl\":\"https:\/\/static.africa-press.net\/senegal\/sites\/13\/2024\/03\/sm_1709660614.788944.jpg\",\"datePublished\":\"2024-03-05T10:00:12+00:00\",\"dateModified\":\"2024-03-05T22:15:05+00:00\",\"author\":{\"@id\":\"https:\/\/www.africa-press.net\/senegal\/#\/schema\/person\/2b1cf3cd81a31e3cd26889ca66d677f1\"},\"description\":\"Aujourd'hui, comme le monde est devenu multipolaire, le peuple se\u0301ne\u0301galais peut choisir d'une manie\u0300re autonome ses par ...\",\"breadcrumb\":{\"@id\":\"https:\/\/www.africa-press.net\/senegal\/politique\/le-peuple-senegalais-est-dans-son-droit-dappeler-a-laide-qui-il-veut#breadcrumb\"},\"inLanguage\":\"fr-FR\",\"potentialAction\":[{\"@type\":\"ReadAction\",\"target\":[\"https:\/\/www.africa-press.net\/senegal\/politique\/le-peuple-senegalais-est-dans-son-droit-dappeler-a-laide-qui-il-veut\"]}]},{\"@type\":\"ImageObject\",\"inLanguage\":\"fr-FR\",\"@id\":\"https:\/\/www.africa-press.net\/senegal\/politique\/le-peuple-senegalais-est-dans-son-droit-dappeler-a-laide-qui-il-veut#primaryimage\",\"url\":\"https:\/\/static.africa-press.net\/senegal\/sites\/13\/2024\/03\/sm_1709660614.788944.jpg\",\"contentUrl\":\"https:\/\/static.africa-press.net\/senegal\/sites\/13\/2024\/03\/sm_1709660614.788944.jpg\",\"width\":1350,\"height\":900,\"caption\":\"\\\"Le peuple s\u00e9n\u00e9galais est dans son droit d'appeler \u00e0 l'aide qui il veut\\\"\"},{\"@type\":\"BreadcrumbList\",\"@id\":\"https:\/\/www.africa-press.net\/senegal\/politique\/le-peuple-senegalais-est-dans-son-droit-dappeler-a-laide-qui-il-veut#breadcrumb\",\"itemListElement\":[{\"@type\":\"ListItem\",\"position\":1,\"name\":\"Accueil\",\"item\":\"https:\/\/www.africa-press.net\/senegal\/\"},{\"@type\":\"ListItem\",\"position\":2,\"name\":\"&#8220;Le peuple s\u00e9n\u00e9galais est dans son droit d&#8217;appeler \u00e0 l&#8217;aide qui il veut&#8221;\"}]},{\"@type\":\"WebSite\",\"@id\":\"https:\/\/www.africa-press.net\/senegal\/#website\",\"url\":\"https:\/\/www.africa-press.net\/senegal\/\",\"name\":\"Africa Press | Senegal | Homepage\",\"description\":\"Just another Africa News Agency Sites site\",\"potentialAction\":[{\"@type\":\"SearchAction\",\"target\":{\"@type\":\"EntryPoint\",\"urlTemplate\":\"https:\/\/www.africa-press.net\/senegal\/?s={search_term_string}\"},\"query-input\":{\"@type\":\"PropertyValueSpecification\",\"valueRequired\":true,\"valueName\":\"search_term_string\"}}],\"inLanguage\":\"fr-FR\"},{\"@type\":\"Person\",\"@id\":\"https:\/\/www.africa-press.net\/senegal\/#\/schema\/person\/2b1cf3cd81a31e3cd26889ca66d677f1\",\"name\":\"cfeditorfr\",\"url\":\"https:\/\/www.africa-press.net\/senegal\/author\/cfeditorfr\"}]}<\/script>\n<!-- \/ Yoast SEO Premium plugin. -->","yoast_head_json":{"title":"\"Le peuple s\u00e9n\u00e9galais est dans son droit d'appeler \u00e0 l'aide qui il veut\" - Senegal","description":"Aujourd'hui, comme le monde est devenu multipolaire, le peuple se\u0301ne\u0301galais peut choisir d'une manie\u0300re autonome ses par ...","robots":{"index":"index","follow":"follow","max-snippet":"max-snippet:-1","max-image-preview":"max-image-preview:large","max-video-preview":"max-video-preview:-1"},"canonical":"https:\/\/www.africa-press.net\/senegal\/politique\/le-peuple-senegalais-est-dans-son-droit-dappeler-a-laide-qui-il-veut","og_locale":"fr_FR","og_type":"article","og_title":"\"Le peuple s\u00e9n\u00e9galais est dans son droit d'appeler \u00e0 l'aide qui il veut\"","og_description":"Aujourd'hui, comme le monde est devenu multipolaire, le peuple se\u0301ne\u0301galais peut choisir d'une manie\u0300re autonome ses par ...","og_url":"https:\/\/www.africa-press.net\/senegal\/politique\/le-peuple-senegalais-est-dans-son-droit-dappeler-a-laide-qui-il-veut","og_site_name":"Senegal","article_published_time":"2024-03-05T10:00:12+00:00","article_modified_time":"2024-03-05T22:15:05+00:00","og_image":[{"width":1350,"height":900,"url":"https:\/\/static.africa-press.net\/senegal\/sites\/13\/2024\/03\/sm_1709660614.788944.jpg","type":"image\/jpeg"}],"author":"cfeditorfr","twitter_card":"summary_large_image","twitter_misc":{"\u00c9crit par":"cfeditorfr","Dur\u00e9e de lecture estim\u00e9e":"2 minutes"},"schema":{"@context":"https:\/\/schema.org","@graph":[{"@type":"Article","@id":"https:\/\/www.africa-press.net\/senegal\/politique\/le-peuple-senegalais-est-dans-son-droit-dappeler-a-laide-qui-il-veut#article","isPartOf":{"@id":"https:\/\/www.africa-press.net\/senegal\/politique\/le-peuple-senegalais-est-dans-son-droit-dappeler-a-laide-qui-il-veut"},"author":{"name":"cfeditorfr","@id":"https:\/\/www.africa-press.net\/senegal\/#\/schema\/person\/2b1cf3cd81a31e3cd26889ca66d677f1"},"headline":"\u00ab\u00a0Le peuple s\u00e9n\u00e9galais est dans son droit d&rsquo;appeler \u00e0 l&rsquo;aide qui il veut\u00a0\u00bb","datePublished":"2024-03-05T10:00:12+00:00","dateModified":"2024-03-05T22:15:05+00:00","mainEntityOfPage":{"@id":"https:\/\/www.africa-press.net\/senegal\/politique\/le-peuple-senegalais-est-dans-son-droit-dappeler-a-laide-qui-il-veut"},"wordCount":496,"commentCount":0,"image":{"@id":"https:\/\/www.africa-press.net\/senegal\/politique\/le-peuple-senegalais-est-dans-son-droit-dappeler-a-laide-qui-il-veut#primaryimage"},"thumbnailUrl":"https:\/\/static.africa-press.net\/senegal\/sites\/13\/2024\/03\/sm_1709660614.788944.jpg","keywords":["Africa Press","Africa Press-Senegal","Senegal"],"articleSection":["Politique","Toutes les actualit\u00e9s"],"inLanguage":"fr-FR","potentialAction":[{"@type":"CommentAction","name":"Comment","target":["https:\/\/www.africa-press.net\/senegal\/politique\/le-peuple-senegalais-est-dans-son-droit-dappeler-a-laide-qui-il-veut#respond"]}]},{"@type":"WebPage","@id":"https:\/\/www.africa-press.net\/senegal\/politique\/le-peuple-senegalais-est-dans-son-droit-dappeler-a-laide-qui-il-veut","url":"https:\/\/www.africa-press.net\/senegal\/politique\/le-peuple-senegalais-est-dans-son-droit-dappeler-a-laide-qui-il-veut","name":"\"Le peuple s\u00e9n\u00e9galais est dans son droit d'appeler \u00e0 l'aide qui il veut\" - Senegal","isPartOf":{"@id":"https:\/\/www.africa-press.net\/senegal\/#website"},"primaryImageOfPage":{"@id":"https:\/\/www.africa-press.net\/senegal\/politique\/le-peuple-senegalais-est-dans-son-droit-dappeler-a-laide-qui-il-veut#primaryimage"},"image":{"@id":"https:\/\/www.africa-press.net\/senegal\/politique\/le-peuple-senegalais-est-dans-son-droit-dappeler-a-laide-qui-il-veut#primaryimage"},"thumbnailUrl":"https:\/\/static.africa-press.net\/senegal\/sites\/13\/2024\/03\/sm_1709660614.788944.jpg","datePublished":"2024-03-05T10:00:12+00:00","dateModified":"2024-03-05T22:15:05+00:00","author":{"@id":"https:\/\/www.africa-press.net\/senegal\/#\/schema\/person\/2b1cf3cd81a31e3cd26889ca66d677f1"},"description":"Aujourd'hui, comme le monde est devenu multipolaire, le peuple se\u0301ne\u0301galais peut choisir d'une manie\u0300re autonome ses par ...","breadcrumb":{"@id":"https:\/\/www.africa-press.net\/senegal\/politique\/le-peuple-senegalais-est-dans-son-droit-dappeler-a-laide-qui-il-veut#breadcrumb"},"inLanguage":"fr-FR","potentialAction":[{"@type":"ReadAction","target":["https:\/\/www.africa-press.net\/senegal\/politique\/le-peuple-senegalais-est-dans-son-droit-dappeler-a-laide-qui-il-veut"]}]},{"@type":"ImageObject","inLanguage":"fr-FR","@id":"https:\/\/www.africa-press.net\/senegal\/politique\/le-peuple-senegalais-est-dans-son-droit-dappeler-a-laide-qui-il-veut#primaryimage","url":"https:\/\/static.africa-press.net\/senegal\/sites\/13\/2024\/03\/sm_1709660614.788944.jpg","contentUrl":"https:\/\/static.africa-press.net\/senegal\/sites\/13\/2024\/03\/sm_1709660614.788944.jpg","width":1350,"height":900,"caption":"\"Le peuple s\u00e9n\u00e9galais est dans son droit d'appeler \u00e0 l'aide qui il veut\""},{"@type":"BreadcrumbList","@id":"https:\/\/www.africa-press.net\/senegal\/politique\/le-peuple-senegalais-est-dans-son-droit-dappeler-a-laide-qui-il-veut#breadcrumb","itemListElement":[{"@type":"ListItem","position":1,"name":"Accueil","item":"https:\/\/www.africa-press.net\/senegal\/"},{"@type":"ListItem","position":2,"name":"&#8220;Le peuple s\u00e9n\u00e9galais est dans son droit d&#8217;appeler \u00e0 l&#8217;aide qui il veut&#8221;"}]},{"@type":"WebSite","@id":"https:\/\/www.africa-press.net\/senegal\/#website","url":"https:\/\/www.africa-press.net\/senegal\/","name":"Africa Press | Senegal | Homepage","description":"Just another Africa News Agency Sites site","potentialAction":[{"@type":"SearchAction","target":{"@type":"EntryPoint","urlTemplate":"https:\/\/www.africa-press.net\/senegal\/?s={search_term_string}"},"query-input":{"@type":"PropertyValueSpecification","valueRequired":true,"valueName":"search_term_string"}}],"inLanguage":"fr-FR"},{"@type":"Person","@id":"https:\/\/www.africa-press.net\/senegal\/#\/schema\/person\/2b1cf3cd81a31e3cd26889ca66d677f1","name":"cfeditorfr","url":"https:\/\/www.africa-press.net\/senegal\/author\/cfeditorfr"}]}},"_links":{"self":[{"href":"https:\/\/www.africa-press.net\/senegal\/wp-json\/wp\/v2\/posts\/56389","targetHints":{"allow":["GET"]}}],"collection":[{"href":"https:\/\/www.africa-press.net\/senegal\/wp-json\/wp\/v2\/posts"}],"about":[{"href":"https:\/\/www.africa-press.net\/senegal\/wp-json\/wp\/v2\/types\/post"}],"author":[{"embeddable":true,"href":"https:\/\/www.africa-press.net\/senegal\/wp-json\/wp\/v2\/users\/82"}],"replies":[{"embeddable":true,"href":"https:\/\/www.africa-press.net\/senegal\/wp-json\/wp\/v2\/comments?post=56389"}],"version-history":[{"count":0,"href":"https:\/\/www.africa-press.net\/senegal\/wp-json\/wp\/v2\/posts\/56389\/revisions"}],"wp:featuredmedia":[{"embeddable":true,"href":"https:\/\/www.africa-press.net\/senegal\/wp-json\/wp\/v2\/media\/56388"}],"wp:attachment":[{"href":"https:\/\/www.africa-press.net\/senegal\/wp-json\/wp\/v2\/media?parent=56389"}],"wp:term":[{"taxonomy":"category","embeddable":true,"href":"https:\/\/www.africa-press.net\/senegal\/wp-json\/wp\/v2\/categories?post=56389"},{"taxonomy":"post_tag","embeddable":true,"href":"https:\/\/www.africa-press.net\/senegal\/wp-json\/wp\/v2\/tags?post=56389"}],"curies":[{"name":"wp","href":"https:\/\/api.w.org\/{rel}","templated":true}]}}