{"id":56394,"date":"2024-03-06T20:00:38","date_gmt":"2024-03-06T20:00:38","guid":{"rendered":"https:\/\/www.africa-press.net\/senegal\/politique\/la-france-pourrait-diminuer-sa-presence-militaire-au-senegal-de-pres-de-moitie"},"modified":"2024-03-06T22:11:45","modified_gmt":"2024-03-06T22:11:45","slug":"la-france-pourrait-diminuer-sa-presence-militaire-au-senegal-de-pres-de-moitie","status":"publish","type":"post","link":"https:\/\/www.africa-press.net\/senegal\/politique\/la-france-pourrait-diminuer-sa-presence-militaire-au-senegal-de-pres-de-moitie","title":{"rendered":"La France pourrait diminuer sa pr\u00e9sence militaire au S\u00e9n\u00e9gal de pr\u00e8s de moiti\u00e9"},"content":{"rendered":"<p><span style=\"color: #ff6600\"><strong>Africa-Press &#8211; Senegal. <\/strong><\/span>La pre\u0301sence militaire hexagonale, estime\u0301e a\u0300 pre\u0300s de 500 hommes, sera fortement re\u0301duite a\u0300 la fin de l\u2019anne\u0301e 2024, relate Le Te\u0301moin.<\/p>\n<p>S&rsquo;il faut en croire le journal se\u0301ne\u0301galais Le Te\u0301moin, la Marine franc\u0327aise quittera le pays au plus tard fin juin.<\/p>\n<p>La pre\u0301sence militaire hexagonale, estime\u0301e a\u0300 pre\u0300s de 500 hommes, sera fortement re\u0301duite a\u0300 la fin de l\u2019anne\u0301e 2024 et ne devrait plus e\u0302tre constitue\u0301e que de 260 EFS (E\u0301le\u0301ments franc\u0327ais au Se\u0301ne\u0301gal) principalement des instructeurs, selon une source du me\u0301dia.<\/p>\n<p>La de\u0301cision aurait e\u0301te\u0301 prise face a\u0300 la vague de contestation de la pre\u0301sence militaire franc\u0327aise en Afrique.<\/p>\n<p>Paris ne s&rsquo;est pas exprime\u0301 sur le sujet. D&rsquo;apre\u0300s le ministe\u0300re franc\u0327ais des Arme\u0301es, 350 militaires sont actuellement de\u0301ploye\u0301s au Se\u0301ne\u0301gal.<\/p>\n<p><strong>Pour plus d&rsquo;informations et d&rsquo;analyses sur la <a href=\"https:\/\/www.africa-press.net\/senegal\">Senegal<\/a>, suivez <a href=\"https:\/\/www.africa-press.net\/\">Africa-Press<\/a><\/strong><\/p>\n","protected":false},"excerpt":{"rendered":"<p>Africa-Press &#8211; Senegal. La pre\u0301sence militaire hexagonale, estime\u0301e a\u0300 pre\u0300s de 500 hommes, sera fortement re\u0301duite a\u0300 la fin de l\u2019anne\u0301e 2024, relate Le Te\u0301moin. S&rsquo;il faut en croire le journal se\u0301ne\u0301galais Le Te\u0301moin, la Marine franc\u0327aise quittera le pays au plus tard fin juin. La pre\u0301sence militaire hexagonale, estime\u0301e a\u0300 pre\u0300s de 500 hommes, [&hellip;]<\/p>\n","protected":false},"author":82,"featured_media":56393,"comment_status":"open","ping_status":"closed","sticky":false,"template":"","format":"standard","meta":{"footnotes":""},"categories":[2,20,10],"tags":[43,47,44],"class_list":["post-56394","post","type-post","status-publish","format-standard","has-post-thumbnail","hentry","category-politique","category-top-nouvelles","category-toutes-les-actualites","tag-africa-press-2","tag-africa-press-senegal","tag-senegal-2"],"yoast_head":"<!-- This site is optimized with the Yoast SEO Premium plugin v26.1 (Yoast SEO v27.0) - https:\/\/yoast.com\/product\/yoast-seo-premium-wordpress\/ -->\n<title>La France pourrait diminuer sa pr\u00e9sence militaire au S\u00e9n\u00e9gal de pr\u00e8s de moiti\u00e9 - Senegal<\/title>\n<meta name=\"description\" content=\"La pre\u0301sence militaire hexagonale, estime\u0301e a\u0300 pre\u0300s de 500 hommes, sera fortement re\u0301duite a\u0300 la fin de l\u2019anne\u0301e 2024, ...\" \/>\n<meta name=\"robots\" content=\"index, follow, max-snippet:-1, max-image-preview:large, max-video-preview:-1\" \/>\n<link rel=\"canonical\" href=\"https:\/\/www.africa-press.net\/senegal\/politique\/la-france-pourrait-diminuer-sa-presence-militaire-au-senegal-de-pres-de-moitie\" \/>\n<meta property=\"og:locale\" content=\"fr_FR\" \/>\n<meta property=\"og:type\" content=\"article\" \/>\n<meta property=\"og:title\" content=\"La France pourrait diminuer sa pr\u00e9sence militaire au S\u00e9n\u00e9gal de pr\u00e8s de moiti\u00e9\" \/>\n<meta property=\"og:description\" content=\"La pre\u0301sence militaire hexagonale, estime\u0301e a\u0300 pre\u0300s de 500 hommes, sera fortement re\u0301duite a\u0300 la fin de l\u2019anne\u0301e 2024, ...\" \/>\n<meta property=\"og:url\" content=\"https:\/\/www.africa-press.net\/senegal\/politique\/la-france-pourrait-diminuer-sa-presence-militaire-au-senegal-de-pres-de-moitie\" \/>\n<meta property=\"og:site_name\" content=\"Senegal\" \/>\n<meta property=\"article:published_time\" content=\"2024-03-06T20:00:38+00:00\" \/>\n<meta property=\"article:modified_time\" content=\"2024-03-06T22:11:45+00:00\" \/>\n<meta property=\"og:image\" content=\"https:\/\/static.africa-press.net\/senegal\/sites\/13\/2024\/03\/sm_1709746769.011434.jpg\" \/>\n\t<meta property=\"og:image:width\" content=\"1349\" \/>\n\t<meta property=\"og:image:height\" content=\"900\" \/>\n\t<meta property=\"og:image:type\" content=\"image\/jpeg\" \/>\n<meta name=\"author\" content=\"cfeditorfr\" \/>\n<meta name=\"twitter:card\" content=\"summary_large_image\" \/>\n<meta name=\"twitter:label1\" content=\"\u00c9crit par\" \/>\n\t<meta name=\"twitter:data1\" content=\"cfeditorfr\" \/>\n\t<meta name=\"twitter:label2\" content=\"Dur\u00e9e de lecture estim\u00e9e\" \/>\n\t<meta name=\"twitter:data2\" content=\"1 minute\" \/>\n<script type=\"application\/ld+json\" class=\"yoast-schema-graph\">{\"@context\":\"https:\/\/schema.org\",\"@graph\":[{\"@type\":\"Article\",\"@id\":\"https:\/\/www.africa-press.net\/senegal\/politique\/la-france-pourrait-diminuer-sa-presence-militaire-au-senegal-de-pres-de-moitie#article\",\"isPartOf\":{\"@id\":\"https:\/\/www.africa-press.net\/senegal\/politique\/la-france-pourrait-diminuer-sa-presence-militaire-au-senegal-de-pres-de-moitie\"},\"author\":{\"name\":\"cfeditorfr\",\"@id\":\"https:\/\/www.africa-press.net\/senegal\/#\/schema\/person\/2b1cf3cd81a31e3cd26889ca66d677f1\"},\"headline\":\"La France pourrait diminuer sa pr\u00e9sence militaire au S\u00e9n\u00e9gal de pr\u00e8s de moiti\u00e9\",\"datePublished\":\"2024-03-06T20:00:38+00:00\",\"dateModified\":\"2024-03-06T22:11:45+00:00\",\"mainEntityOfPage\":{\"@id\":\"https:\/\/www.africa-press.net\/senegal\/politique\/la-france-pourrait-diminuer-sa-presence-militaire-au-senegal-de-pres-de-moitie\"},\"wordCount\":188,\"commentCount\":0,\"image\":{\"@id\":\"https:\/\/www.africa-press.net\/senegal\/politique\/la-france-pourrait-diminuer-sa-presence-militaire-au-senegal-de-pres-de-moitie#primaryimage\"},\"thumbnailUrl\":\"https:\/\/static.africa-press.net\/senegal\/sites\/13\/2024\/03\/sm_1709746769.011434.jpg\",\"keywords\":[\"Africa Press\",\"Africa Press-Senegal\",\"Senegal\"],\"articleSection\":[\"Politique\",\"Top Nouvelles\",\"Toutes les actualit\u00e9s\"],\"inLanguage\":\"fr-FR\",\"potentialAction\":[{\"@type\":\"CommentAction\",\"name\":\"Comment\",\"target\":[\"https:\/\/www.africa-press.net\/senegal\/politique\/la-france-pourrait-diminuer-sa-presence-militaire-au-senegal-de-pres-de-moitie#respond\"]}]},{\"@type\":\"WebPage\",\"@id\":\"https:\/\/www.africa-press.net\/senegal\/politique\/la-france-pourrait-diminuer-sa-presence-militaire-au-senegal-de-pres-de-moitie\",\"url\":\"https:\/\/www.africa-press.net\/senegal\/politique\/la-france-pourrait-diminuer-sa-presence-militaire-au-senegal-de-pres-de-moitie\",\"name\":\"La France pourrait diminuer sa pr\u00e9sence militaire au S\u00e9n\u00e9gal de pr\u00e8s de moiti\u00e9 - Senegal\",\"isPartOf\":{\"@id\":\"https:\/\/www.africa-press.net\/senegal\/#website\"},\"primaryImageOfPage\":{\"@id\":\"https:\/\/www.africa-press.net\/senegal\/politique\/la-france-pourrait-diminuer-sa-presence-militaire-au-senegal-de-pres-de-moitie#primaryimage\"},\"image\":{\"@id\":\"https:\/\/www.africa-press.net\/senegal\/politique\/la-france-pourrait-diminuer-sa-presence-militaire-au-senegal-de-pres-de-moitie#primaryimage\"},\"thumbnailUrl\":\"https:\/\/static.africa-press.net\/senegal\/sites\/13\/2024\/03\/sm_1709746769.011434.jpg\",\"datePublished\":\"2024-03-06T20:00:38+00:00\",\"dateModified\":\"2024-03-06T22:11:45+00:00\",\"author\":{\"@id\":\"https:\/\/www.africa-press.net\/senegal\/#\/schema\/person\/2b1cf3cd81a31e3cd26889ca66d677f1\"},\"description\":\"La pre\u0301sence militaire hexagonale, estime\u0301e a\u0300 pre\u0300s de 500 hommes, sera fortement re\u0301duite a\u0300 la fin de l\u2019anne\u0301e 2024, ...\",\"breadcrumb\":{\"@id\":\"https:\/\/www.africa-press.net\/senegal\/politique\/la-france-pourrait-diminuer-sa-presence-militaire-au-senegal-de-pres-de-moitie#breadcrumb\"},\"inLanguage\":\"fr-FR\",\"potentialAction\":[{\"@type\":\"ReadAction\",\"target\":[\"https:\/\/www.africa-press.net\/senegal\/politique\/la-france-pourrait-diminuer-sa-presence-militaire-au-senegal-de-pres-de-moitie\"]}]},{\"@type\":\"ImageObject\",\"inLanguage\":\"fr-FR\",\"@id\":\"https:\/\/www.africa-press.net\/senegal\/politique\/la-france-pourrait-diminuer-sa-presence-militaire-au-senegal-de-pres-de-moitie#primaryimage\",\"url\":\"https:\/\/static.africa-press.net\/senegal\/sites\/13\/2024\/03\/sm_1709746769.011434.jpg\",\"contentUrl\":\"https:\/\/static.africa-press.net\/senegal\/sites\/13\/2024\/03\/sm_1709746769.011434.jpg\",\"width\":1349,\"height\":900,\"caption\":\"La France pourrait diminuer sa pr\u00e9sence militaire au S\u00e9n\u00e9gal de pr\u00e8s de moiti\u00e9\"},{\"@type\":\"BreadcrumbList\",\"@id\":\"https:\/\/www.africa-press.net\/senegal\/politique\/la-france-pourrait-diminuer-sa-presence-militaire-au-senegal-de-pres-de-moitie#breadcrumb\",\"itemListElement\":[{\"@type\":\"ListItem\",\"position\":1,\"name\":\"Accueil\",\"item\":\"https:\/\/www.africa-press.net\/senegal\/\"},{\"@type\":\"ListItem\",\"position\":2,\"name\":\"La France pourrait diminuer sa pr\u00e9sence militaire au S\u00e9n\u00e9gal de pr\u00e8s de moiti\u00e9\"}]},{\"@type\":\"WebSite\",\"@id\":\"https:\/\/www.africa-press.net\/senegal\/#website\",\"url\":\"https:\/\/www.africa-press.net\/senegal\/\",\"name\":\"Africa Press | Senegal | Homepage\",\"description\":\"Just another Africa News Agency Sites site\",\"potentialAction\":[{\"@type\":\"SearchAction\",\"target\":{\"@type\":\"EntryPoint\",\"urlTemplate\":\"https:\/\/www.africa-press.net\/senegal\/?s={search_term_string}\"},\"query-input\":{\"@type\":\"PropertyValueSpecification\",\"valueRequired\":true,\"valueName\":\"search_term_string\"}}],\"inLanguage\":\"fr-FR\"},{\"@type\":\"Person\",\"@id\":\"https:\/\/www.africa-press.net\/senegal\/#\/schema\/person\/2b1cf3cd81a31e3cd26889ca66d677f1\",\"name\":\"cfeditorfr\",\"url\":\"https:\/\/www.africa-press.net\/senegal\/author\/cfeditorfr\"}]}<\/script>\n<!-- \/ Yoast SEO Premium plugin. -->","yoast_head_json":{"title":"La France pourrait diminuer sa pr\u00e9sence militaire au S\u00e9n\u00e9gal de pr\u00e8s de moiti\u00e9 - Senegal","description":"La pre\u0301sence militaire hexagonale, estime\u0301e a\u0300 pre\u0300s de 500 hommes, sera fortement re\u0301duite a\u0300 la fin de l\u2019anne\u0301e 2024, ...","robots":{"index":"index","follow":"follow","max-snippet":"max-snippet:-1","max-image-preview":"max-image-preview:large","max-video-preview":"max-video-preview:-1"},"canonical":"https:\/\/www.africa-press.net\/senegal\/politique\/la-france-pourrait-diminuer-sa-presence-militaire-au-senegal-de-pres-de-moitie","og_locale":"fr_FR","og_type":"article","og_title":"La France pourrait diminuer sa pr\u00e9sence militaire au S\u00e9n\u00e9gal de pr\u00e8s de moiti\u00e9","og_description":"La pre\u0301sence militaire hexagonale, estime\u0301e a\u0300 pre\u0300s de 500 hommes, sera fortement re\u0301duite a\u0300 la fin de l\u2019anne\u0301e 2024, ...","og_url":"https:\/\/www.africa-press.net\/senegal\/politique\/la-france-pourrait-diminuer-sa-presence-militaire-au-senegal-de-pres-de-moitie","og_site_name":"Senegal","article_published_time":"2024-03-06T20:00:38+00:00","article_modified_time":"2024-03-06T22:11:45+00:00","og_image":[{"width":1349,"height":900,"url":"https:\/\/static.africa-press.net\/senegal\/sites\/13\/2024\/03\/sm_1709746769.011434.jpg","type":"image\/jpeg"}],"author":"cfeditorfr","twitter_card":"summary_large_image","twitter_misc":{"\u00c9crit par":"cfeditorfr","Dur\u00e9e de lecture estim\u00e9e":"1 minute"},"schema":{"@context":"https:\/\/schema.org","@graph":[{"@type":"Article","@id":"https:\/\/www.africa-press.net\/senegal\/politique\/la-france-pourrait-diminuer-sa-presence-militaire-au-senegal-de-pres-de-moitie#article","isPartOf":{"@id":"https:\/\/www.africa-press.net\/senegal\/politique\/la-france-pourrait-diminuer-sa-presence-militaire-au-senegal-de-pres-de-moitie"},"author":{"name":"cfeditorfr","@id":"https:\/\/www.africa-press.net\/senegal\/#\/schema\/person\/2b1cf3cd81a31e3cd26889ca66d677f1"},"headline":"La France pourrait diminuer sa pr\u00e9sence militaire au S\u00e9n\u00e9gal de pr\u00e8s de moiti\u00e9","datePublished":"2024-03-06T20:00:38+00:00","dateModified":"2024-03-06T22:11:45+00:00","mainEntityOfPage":{"@id":"https:\/\/www.africa-press.net\/senegal\/politique\/la-france-pourrait-diminuer-sa-presence-militaire-au-senegal-de-pres-de-moitie"},"wordCount":188,"commentCount":0,"image":{"@id":"https:\/\/www.africa-press.net\/senegal\/politique\/la-france-pourrait-diminuer-sa-presence-militaire-au-senegal-de-pres-de-moitie#primaryimage"},"thumbnailUrl":"https:\/\/static.africa-press.net\/senegal\/sites\/13\/2024\/03\/sm_1709746769.011434.jpg","keywords":["Africa Press","Africa Press-Senegal","Senegal"],"articleSection":["Politique","Top Nouvelles","Toutes les actualit\u00e9s"],"inLanguage":"fr-FR","potentialAction":[{"@type":"CommentAction","name":"Comment","target":["https:\/\/www.africa-press.net\/senegal\/politique\/la-france-pourrait-diminuer-sa-presence-militaire-au-senegal-de-pres-de-moitie#respond"]}]},{"@type":"WebPage","@id":"https:\/\/www.africa-press.net\/senegal\/politique\/la-france-pourrait-diminuer-sa-presence-militaire-au-senegal-de-pres-de-moitie","url":"https:\/\/www.africa-press.net\/senegal\/politique\/la-france-pourrait-diminuer-sa-presence-militaire-au-senegal-de-pres-de-moitie","name":"La France pourrait diminuer sa pr\u00e9sence militaire au S\u00e9n\u00e9gal de pr\u00e8s de moiti\u00e9 - Senegal","isPartOf":{"@id":"https:\/\/www.africa-press.net\/senegal\/#website"},"primaryImageOfPage":{"@id":"https:\/\/www.africa-press.net\/senegal\/politique\/la-france-pourrait-diminuer-sa-presence-militaire-au-senegal-de-pres-de-moitie#primaryimage"},"image":{"@id":"https:\/\/www.africa-press.net\/senegal\/politique\/la-france-pourrait-diminuer-sa-presence-militaire-au-senegal-de-pres-de-moitie#primaryimage"},"thumbnailUrl":"https:\/\/static.africa-press.net\/senegal\/sites\/13\/2024\/03\/sm_1709746769.011434.jpg","datePublished":"2024-03-06T20:00:38+00:00","dateModified":"2024-03-06T22:11:45+00:00","author":{"@id":"https:\/\/www.africa-press.net\/senegal\/#\/schema\/person\/2b1cf3cd81a31e3cd26889ca66d677f1"},"description":"La pre\u0301sence militaire hexagonale, estime\u0301e a\u0300 pre\u0300s de 500 hommes, sera fortement re\u0301duite a\u0300 la fin de l\u2019anne\u0301e 2024, ...","breadcrumb":{"@id":"https:\/\/www.africa-press.net\/senegal\/politique\/la-france-pourrait-diminuer-sa-presence-militaire-au-senegal-de-pres-de-moitie#breadcrumb"},"inLanguage":"fr-FR","potentialAction":[{"@type":"ReadAction","target":["https:\/\/www.africa-press.net\/senegal\/politique\/la-france-pourrait-diminuer-sa-presence-militaire-au-senegal-de-pres-de-moitie"]}]},{"@type":"ImageObject","inLanguage":"fr-FR","@id":"https:\/\/www.africa-press.net\/senegal\/politique\/la-france-pourrait-diminuer-sa-presence-militaire-au-senegal-de-pres-de-moitie#primaryimage","url":"https:\/\/static.africa-press.net\/senegal\/sites\/13\/2024\/03\/sm_1709746769.011434.jpg","contentUrl":"https:\/\/static.africa-press.net\/senegal\/sites\/13\/2024\/03\/sm_1709746769.011434.jpg","width":1349,"height":900,"caption":"La France pourrait diminuer sa pr\u00e9sence militaire au S\u00e9n\u00e9gal de pr\u00e8s de moiti\u00e9"},{"@type":"BreadcrumbList","@id":"https:\/\/www.africa-press.net\/senegal\/politique\/la-france-pourrait-diminuer-sa-presence-militaire-au-senegal-de-pres-de-moitie#breadcrumb","itemListElement":[{"@type":"ListItem","position":1,"name":"Accueil","item":"https:\/\/www.africa-press.net\/senegal\/"},{"@type":"ListItem","position":2,"name":"La France pourrait diminuer sa pr\u00e9sence militaire au S\u00e9n\u00e9gal de pr\u00e8s de moiti\u00e9"}]},{"@type":"WebSite","@id":"https:\/\/www.africa-press.net\/senegal\/#website","url":"https:\/\/www.africa-press.net\/senegal\/","name":"Africa Press | Senegal | Homepage","description":"Just another Africa News Agency Sites site","potentialAction":[{"@type":"SearchAction","target":{"@type":"EntryPoint","urlTemplate":"https:\/\/www.africa-press.net\/senegal\/?s={search_term_string}"},"query-input":{"@type":"PropertyValueSpecification","valueRequired":true,"valueName":"search_term_string"}}],"inLanguage":"fr-FR"},{"@type":"Person","@id":"https:\/\/www.africa-press.net\/senegal\/#\/schema\/person\/2b1cf3cd81a31e3cd26889ca66d677f1","name":"cfeditorfr","url":"https:\/\/www.africa-press.net\/senegal\/author\/cfeditorfr"}]}},"_links":{"self":[{"href":"https:\/\/www.africa-press.net\/senegal\/wp-json\/wp\/v2\/posts\/56394","targetHints":{"allow":["GET"]}}],"collection":[{"href":"https:\/\/www.africa-press.net\/senegal\/wp-json\/wp\/v2\/posts"}],"about":[{"href":"https:\/\/www.africa-press.net\/senegal\/wp-json\/wp\/v2\/types\/post"}],"author":[{"embeddable":true,"href":"https:\/\/www.africa-press.net\/senegal\/wp-json\/wp\/v2\/users\/82"}],"replies":[{"embeddable":true,"href":"https:\/\/www.africa-press.net\/senegal\/wp-json\/wp\/v2\/comments?post=56394"}],"version-history":[{"count":0,"href":"https:\/\/www.africa-press.net\/senegal\/wp-json\/wp\/v2\/posts\/56394\/revisions"}],"wp:featuredmedia":[{"embeddable":true,"href":"https:\/\/www.africa-press.net\/senegal\/wp-json\/wp\/v2\/media\/56393"}],"wp:attachment":[{"href":"https:\/\/www.africa-press.net\/senegal\/wp-json\/wp\/v2\/media?parent=56394"}],"wp:term":[{"taxonomy":"category","embeddable":true,"href":"https:\/\/www.africa-press.net\/senegal\/wp-json\/wp\/v2\/categories?post=56394"},{"taxonomy":"post_tag","embeddable":true,"href":"https:\/\/www.africa-press.net\/senegal\/wp-json\/wp\/v2\/tags?post=56394"}],"curies":[{"name":"wp","href":"https:\/\/api.w.org\/{rel}","templated":true}]}}