{"id":56402,"date":"2024-03-07T21:59:56","date_gmt":"2024-03-07T21:59:56","guid":{"rendered":"https:\/\/www.africa-press.net\/senegal\/politique\/incendie-au-palais-de-justice-de-dakar"},"modified":"2024-03-07T23:25:23","modified_gmt":"2024-03-07T23:25:23","slug":"incendie-au-palais-de-justice-de-dakar","status":"publish","type":"post","link":"https:\/\/www.africa-press.net\/senegal\/politique\/incendie-au-palais-de-justice-de-dakar","title":{"rendered":"Incendie au palais de Justice de Dakar"},"content":{"rendered":"<p><span style=\"color: #ff6600\"><strong>Africa-Press &#8211; Senegal. <\/strong><\/span>Le feu s&rsquo;est de\u0301clare\u0301 au palais de Justice de Dakar, a\u0300 partir du de\u0301partement des archives, rapporte le me\u0301dia Senego. Le feu s\u2019est de\u0301clenche\u0301 le lendemain de l&rsquo;adoption par le parlement du pays d&rsquo;une loi d&rsquo;amnistie concernant les participants aux manifestations antigouvernementales de 2021 a\u0300 2024.<\/p>\n<p>Le service des archives du palais de Justice de Dakar a e\u0301te\u0301 le foyer d&rsquo;un incendie, rapporte le me\u0301dia Senego. Les pompiers ont e\u0301te\u0301 de\u0301pe\u0302che\u0301s sur place. La cause de l&rsquo;incendie serait une bouteille de gaz se trouvant dans la salle des archives.<\/p>\n<p>Le feu s\u2019est de\u0301clenche\u0301 le lendemain de l&rsquo;adoption par le parlement du pays d&rsquo;une loi d&rsquo;amnistie concernant les participants aux manifestations politiques antigouvernementales de 2021 a\u0300 2024.<\/p>\n<p>Cette amnistie ge\u0301ne\u0301rale avait e\u0301te\u0301 vote\u0301e par la commission des lois de l&rsquo;Assemble\u0301e nationale et le Conseil des ministres, le 6 mars. Elle visait a\u0300 passer l&rsquo;e\u0301ponge sur les troubles aillant e\u0301maille\u0301 les dernie\u0300res anne\u0301es, sur fond de crise e\u0301lectorale.<\/p>\n<p>De\u0301but fe\u0301vrier, le Pre\u0301sident Macky Sall avait cre\u0301e\u0301 la surprise en repoussant la date de l\u2019e\u0301lection pre\u0301sidentielle. Il e\u0301tait finalement revenu sur sa de\u0301cision suite a\u0300 un verdict du Conseil constitutionnel.<\/p>\n<p><strong>Pour plus d&rsquo;informations et d&rsquo;analyses sur la <a href=\"https:\/\/www.africa-press.net\/senegal\">Senegal<\/a>, suivez <a href=\"https:\/\/www.africa-press.net\/\">Africa-Press<\/a><\/strong><\/p>\n","protected":false},"excerpt":{"rendered":"<p>Africa-Press &#8211; Senegal. Le feu s&rsquo;est de\u0301clare\u0301 au palais de Justice de Dakar, a\u0300 partir du de\u0301partement des archives, rapporte le me\u0301dia Senego. Le feu s\u2019est de\u0301clenche\u0301 le lendemain de l&rsquo;adoption par le parlement du pays d&rsquo;une loi d&rsquo;amnistie concernant les participants aux manifestations antigouvernementales de 2021 a\u0300 2024. Le service des archives du palais [&hellip;]<\/p>\n","protected":false},"author":82,"featured_media":56401,"comment_status":"open","ping_status":"closed","sticky":false,"template":"","format":"standard","meta":{"footnotes":""},"categories":[2,10],"tags":[43,47,44],"class_list":["post-56402","post","type-post","status-publish","format-standard","has-post-thumbnail","hentry","category-politique","category-toutes-les-actualites","tag-africa-press-2","tag-africa-press-senegal","tag-senegal-2"],"yoast_head":"<!-- This site is optimized with the Yoast SEO Premium plugin v26.1 (Yoast SEO v27.0) - https:\/\/yoast.com\/product\/yoast-seo-premium-wordpress\/ -->\n<title>Incendie au palais de Justice de Dakar - Senegal<\/title>\n<meta name=\"description\" content=\"Le feu s&#039;est de\u0301clare\u0301 au palais de Justice de Dakar, a\u0300 partir du de\u0301partement des archives, rapporte le me\u0301dia Senego. ...\" \/>\n<meta name=\"robots\" content=\"index, follow, max-snippet:-1, max-image-preview:large, max-video-preview:-1\" \/>\n<link rel=\"canonical\" href=\"https:\/\/www.africa-press.net\/senegal\/politique\/incendie-au-palais-de-justice-de-dakar\" \/>\n<meta property=\"og:locale\" content=\"fr_FR\" \/>\n<meta property=\"og:type\" content=\"article\" \/>\n<meta property=\"og:title\" content=\"Incendie au palais de Justice de Dakar\" \/>\n<meta property=\"og:description\" content=\"Le feu s&#039;est de\u0301clare\u0301 au palais de Justice de Dakar, a\u0300 partir du de\u0301partement des archives, rapporte le me\u0301dia Senego. ...\" \/>\n<meta property=\"og:url\" content=\"https:\/\/www.africa-press.net\/senegal\/politique\/incendie-au-palais-de-justice-de-dakar\" \/>\n<meta property=\"og:site_name\" content=\"Senegal\" \/>\n<meta property=\"article:published_time\" content=\"2024-03-07T21:59:56+00:00\" \/>\n<meta property=\"article:modified_time\" content=\"2024-03-07T23:25:23+00:00\" \/>\n<meta property=\"og:image\" content=\"https:\/\/static.africa-press.net\/senegal\/sites\/13\/2024\/03\/sm_1709837613.552674.jpg\" \/>\n\t<meta property=\"og:image:width\" content=\"1352\" \/>\n\t<meta property=\"og:image:height\" content=\"900\" \/>\n\t<meta property=\"og:image:type\" content=\"image\/jpeg\" \/>\n<meta name=\"author\" content=\"cfeditorfr\" \/>\n<meta name=\"twitter:card\" content=\"summary_large_image\" \/>\n<meta name=\"twitter:label1\" content=\"\u00c9crit par\" \/>\n\t<meta name=\"twitter:data1\" content=\"cfeditorfr\" \/>\n\t<meta name=\"twitter:label2\" content=\"Dur\u00e9e de lecture estim\u00e9e\" \/>\n\t<meta name=\"twitter:data2\" content=\"2 minutes\" \/>\n<script type=\"application\/ld+json\" class=\"yoast-schema-graph\">{\"@context\":\"https:\/\/schema.org\",\"@graph\":[{\"@type\":\"Article\",\"@id\":\"https:\/\/www.africa-press.net\/senegal\/politique\/incendie-au-palais-de-justice-de-dakar#article\",\"isPartOf\":{\"@id\":\"https:\/\/www.africa-press.net\/senegal\/politique\/incendie-au-palais-de-justice-de-dakar\"},\"author\":{\"name\":\"cfeditorfr\",\"@id\":\"https:\/\/www.africa-press.net\/senegal\/#\/schema\/person\/2b1cf3cd81a31e3cd26889ca66d677f1\"},\"headline\":\"Incendie au palais de Justice de Dakar\",\"datePublished\":\"2024-03-07T21:59:56+00:00\",\"dateModified\":\"2024-03-07T23:25:23+00:00\",\"mainEntityOfPage\":{\"@id\":\"https:\/\/www.africa-press.net\/senegal\/politique\/incendie-au-palais-de-justice-de-dakar\"},\"wordCount\":247,\"commentCount\":0,\"image\":{\"@id\":\"https:\/\/www.africa-press.net\/senegal\/politique\/incendie-au-palais-de-justice-de-dakar#primaryimage\"},\"thumbnailUrl\":\"https:\/\/static.africa-press.net\/senegal\/sites\/13\/2024\/03\/sm_1709837613.552674.jpg\",\"keywords\":[\"Africa Press\",\"Africa Press-Senegal\",\"Senegal\"],\"articleSection\":[\"Politique\",\"Toutes les actualit\u00e9s\"],\"inLanguage\":\"fr-FR\",\"potentialAction\":[{\"@type\":\"CommentAction\",\"name\":\"Comment\",\"target\":[\"https:\/\/www.africa-press.net\/senegal\/politique\/incendie-au-palais-de-justice-de-dakar#respond\"]}]},{\"@type\":\"WebPage\",\"@id\":\"https:\/\/www.africa-press.net\/senegal\/politique\/incendie-au-palais-de-justice-de-dakar\",\"url\":\"https:\/\/www.africa-press.net\/senegal\/politique\/incendie-au-palais-de-justice-de-dakar\",\"name\":\"Incendie au palais de Justice de Dakar - Senegal\",\"isPartOf\":{\"@id\":\"https:\/\/www.africa-press.net\/senegal\/#website\"},\"primaryImageOfPage\":{\"@id\":\"https:\/\/www.africa-press.net\/senegal\/politique\/incendie-au-palais-de-justice-de-dakar#primaryimage\"},\"image\":{\"@id\":\"https:\/\/www.africa-press.net\/senegal\/politique\/incendie-au-palais-de-justice-de-dakar#primaryimage\"},\"thumbnailUrl\":\"https:\/\/static.africa-press.net\/senegal\/sites\/13\/2024\/03\/sm_1709837613.552674.jpg\",\"datePublished\":\"2024-03-07T21:59:56+00:00\",\"dateModified\":\"2024-03-07T23:25:23+00:00\",\"author\":{\"@id\":\"https:\/\/www.africa-press.net\/senegal\/#\/schema\/person\/2b1cf3cd81a31e3cd26889ca66d677f1\"},\"description\":\"Le feu s'est de\u0301clare\u0301 au palais de Justice de Dakar, a\u0300 partir du de\u0301partement des archives, rapporte le me\u0301dia Senego. ...\",\"breadcrumb\":{\"@id\":\"https:\/\/www.africa-press.net\/senegal\/politique\/incendie-au-palais-de-justice-de-dakar#breadcrumb\"},\"inLanguage\":\"fr-FR\",\"potentialAction\":[{\"@type\":\"ReadAction\",\"target\":[\"https:\/\/www.africa-press.net\/senegal\/politique\/incendie-au-palais-de-justice-de-dakar\"]}]},{\"@type\":\"ImageObject\",\"inLanguage\":\"fr-FR\",\"@id\":\"https:\/\/www.africa-press.net\/senegal\/politique\/incendie-au-palais-de-justice-de-dakar#primaryimage\",\"url\":\"https:\/\/static.africa-press.net\/senegal\/sites\/13\/2024\/03\/sm_1709837613.552674.jpg\",\"contentUrl\":\"https:\/\/static.africa-press.net\/senegal\/sites\/13\/2024\/03\/sm_1709837613.552674.jpg\",\"width\":1352,\"height\":900,\"caption\":\"Incendie au palais de Justice de Dakar\"},{\"@type\":\"BreadcrumbList\",\"@id\":\"https:\/\/www.africa-press.net\/senegal\/politique\/incendie-au-palais-de-justice-de-dakar#breadcrumb\",\"itemListElement\":[{\"@type\":\"ListItem\",\"position\":1,\"name\":\"Accueil\",\"item\":\"https:\/\/www.africa-press.net\/senegal\/\"},{\"@type\":\"ListItem\",\"position\":2,\"name\":\"Incendie au palais de Justice de Dakar\"}]},{\"@type\":\"WebSite\",\"@id\":\"https:\/\/www.africa-press.net\/senegal\/#website\",\"url\":\"https:\/\/www.africa-press.net\/senegal\/\",\"name\":\"Africa Press | Senegal | Homepage\",\"description\":\"Just another Africa News Agency Sites site\",\"potentialAction\":[{\"@type\":\"SearchAction\",\"target\":{\"@type\":\"EntryPoint\",\"urlTemplate\":\"https:\/\/www.africa-press.net\/senegal\/?s={search_term_string}\"},\"query-input\":{\"@type\":\"PropertyValueSpecification\",\"valueRequired\":true,\"valueName\":\"search_term_string\"}}],\"inLanguage\":\"fr-FR\"},{\"@type\":\"Person\",\"@id\":\"https:\/\/www.africa-press.net\/senegal\/#\/schema\/person\/2b1cf3cd81a31e3cd26889ca66d677f1\",\"name\":\"cfeditorfr\",\"url\":\"https:\/\/www.africa-press.net\/senegal\/author\/cfeditorfr\"}]}<\/script>\n<!-- \/ Yoast SEO Premium plugin. -->","yoast_head_json":{"title":"Incendie au palais de Justice de Dakar - Senegal","description":"Le feu s'est de\u0301clare\u0301 au palais de Justice de Dakar, a\u0300 partir du de\u0301partement des archives, rapporte le me\u0301dia Senego. ...","robots":{"index":"index","follow":"follow","max-snippet":"max-snippet:-1","max-image-preview":"max-image-preview:large","max-video-preview":"max-video-preview:-1"},"canonical":"https:\/\/www.africa-press.net\/senegal\/politique\/incendie-au-palais-de-justice-de-dakar","og_locale":"fr_FR","og_type":"article","og_title":"Incendie au palais de Justice de Dakar","og_description":"Le feu s'est de\u0301clare\u0301 au palais de Justice de Dakar, a\u0300 partir du de\u0301partement des archives, rapporte le me\u0301dia Senego. ...","og_url":"https:\/\/www.africa-press.net\/senegal\/politique\/incendie-au-palais-de-justice-de-dakar","og_site_name":"Senegal","article_published_time":"2024-03-07T21:59:56+00:00","article_modified_time":"2024-03-07T23:25:23+00:00","og_image":[{"width":1352,"height":900,"url":"https:\/\/static.africa-press.net\/senegal\/sites\/13\/2024\/03\/sm_1709837613.552674.jpg","type":"image\/jpeg"}],"author":"cfeditorfr","twitter_card":"summary_large_image","twitter_misc":{"\u00c9crit par":"cfeditorfr","Dur\u00e9e de lecture estim\u00e9e":"2 minutes"},"schema":{"@context":"https:\/\/schema.org","@graph":[{"@type":"Article","@id":"https:\/\/www.africa-press.net\/senegal\/politique\/incendie-au-palais-de-justice-de-dakar#article","isPartOf":{"@id":"https:\/\/www.africa-press.net\/senegal\/politique\/incendie-au-palais-de-justice-de-dakar"},"author":{"name":"cfeditorfr","@id":"https:\/\/www.africa-press.net\/senegal\/#\/schema\/person\/2b1cf3cd81a31e3cd26889ca66d677f1"},"headline":"Incendie au palais de Justice de Dakar","datePublished":"2024-03-07T21:59:56+00:00","dateModified":"2024-03-07T23:25:23+00:00","mainEntityOfPage":{"@id":"https:\/\/www.africa-press.net\/senegal\/politique\/incendie-au-palais-de-justice-de-dakar"},"wordCount":247,"commentCount":0,"image":{"@id":"https:\/\/www.africa-press.net\/senegal\/politique\/incendie-au-palais-de-justice-de-dakar#primaryimage"},"thumbnailUrl":"https:\/\/static.africa-press.net\/senegal\/sites\/13\/2024\/03\/sm_1709837613.552674.jpg","keywords":["Africa Press","Africa Press-Senegal","Senegal"],"articleSection":["Politique","Toutes les actualit\u00e9s"],"inLanguage":"fr-FR","potentialAction":[{"@type":"CommentAction","name":"Comment","target":["https:\/\/www.africa-press.net\/senegal\/politique\/incendie-au-palais-de-justice-de-dakar#respond"]}]},{"@type":"WebPage","@id":"https:\/\/www.africa-press.net\/senegal\/politique\/incendie-au-palais-de-justice-de-dakar","url":"https:\/\/www.africa-press.net\/senegal\/politique\/incendie-au-palais-de-justice-de-dakar","name":"Incendie au palais de Justice de Dakar - Senegal","isPartOf":{"@id":"https:\/\/www.africa-press.net\/senegal\/#website"},"primaryImageOfPage":{"@id":"https:\/\/www.africa-press.net\/senegal\/politique\/incendie-au-palais-de-justice-de-dakar#primaryimage"},"image":{"@id":"https:\/\/www.africa-press.net\/senegal\/politique\/incendie-au-palais-de-justice-de-dakar#primaryimage"},"thumbnailUrl":"https:\/\/static.africa-press.net\/senegal\/sites\/13\/2024\/03\/sm_1709837613.552674.jpg","datePublished":"2024-03-07T21:59:56+00:00","dateModified":"2024-03-07T23:25:23+00:00","author":{"@id":"https:\/\/www.africa-press.net\/senegal\/#\/schema\/person\/2b1cf3cd81a31e3cd26889ca66d677f1"},"description":"Le feu s'est de\u0301clare\u0301 au palais de Justice de Dakar, a\u0300 partir du de\u0301partement des archives, rapporte le me\u0301dia Senego. ...","breadcrumb":{"@id":"https:\/\/www.africa-press.net\/senegal\/politique\/incendie-au-palais-de-justice-de-dakar#breadcrumb"},"inLanguage":"fr-FR","potentialAction":[{"@type":"ReadAction","target":["https:\/\/www.africa-press.net\/senegal\/politique\/incendie-au-palais-de-justice-de-dakar"]}]},{"@type":"ImageObject","inLanguage":"fr-FR","@id":"https:\/\/www.africa-press.net\/senegal\/politique\/incendie-au-palais-de-justice-de-dakar#primaryimage","url":"https:\/\/static.africa-press.net\/senegal\/sites\/13\/2024\/03\/sm_1709837613.552674.jpg","contentUrl":"https:\/\/static.africa-press.net\/senegal\/sites\/13\/2024\/03\/sm_1709837613.552674.jpg","width":1352,"height":900,"caption":"Incendie au palais de Justice de Dakar"},{"@type":"BreadcrumbList","@id":"https:\/\/www.africa-press.net\/senegal\/politique\/incendie-au-palais-de-justice-de-dakar#breadcrumb","itemListElement":[{"@type":"ListItem","position":1,"name":"Accueil","item":"https:\/\/www.africa-press.net\/senegal\/"},{"@type":"ListItem","position":2,"name":"Incendie au palais de Justice de Dakar"}]},{"@type":"WebSite","@id":"https:\/\/www.africa-press.net\/senegal\/#website","url":"https:\/\/www.africa-press.net\/senegal\/","name":"Africa Press | Senegal | Homepage","description":"Just another Africa News Agency Sites site","potentialAction":[{"@type":"SearchAction","target":{"@type":"EntryPoint","urlTemplate":"https:\/\/www.africa-press.net\/senegal\/?s={search_term_string}"},"query-input":{"@type":"PropertyValueSpecification","valueRequired":true,"valueName":"search_term_string"}}],"inLanguage":"fr-FR"},{"@type":"Person","@id":"https:\/\/www.africa-press.net\/senegal\/#\/schema\/person\/2b1cf3cd81a31e3cd26889ca66d677f1","name":"cfeditorfr","url":"https:\/\/www.africa-press.net\/senegal\/author\/cfeditorfr"}]}},"_links":{"self":[{"href":"https:\/\/www.africa-press.net\/senegal\/wp-json\/wp\/v2\/posts\/56402","targetHints":{"allow":["GET"]}}],"collection":[{"href":"https:\/\/www.africa-press.net\/senegal\/wp-json\/wp\/v2\/posts"}],"about":[{"href":"https:\/\/www.africa-press.net\/senegal\/wp-json\/wp\/v2\/types\/post"}],"author":[{"embeddable":true,"href":"https:\/\/www.africa-press.net\/senegal\/wp-json\/wp\/v2\/users\/82"}],"replies":[{"embeddable":true,"href":"https:\/\/www.africa-press.net\/senegal\/wp-json\/wp\/v2\/comments?post=56402"}],"version-history":[{"count":0,"href":"https:\/\/www.africa-press.net\/senegal\/wp-json\/wp\/v2\/posts\/56402\/revisions"}],"wp:featuredmedia":[{"embeddable":true,"href":"https:\/\/www.africa-press.net\/senegal\/wp-json\/wp\/v2\/media\/56401"}],"wp:attachment":[{"href":"https:\/\/www.africa-press.net\/senegal\/wp-json\/wp\/v2\/media?parent=56402"}],"wp:term":[{"taxonomy":"category","embeddable":true,"href":"https:\/\/www.africa-press.net\/senegal\/wp-json\/wp\/v2\/categories?post=56402"},{"taxonomy":"post_tag","embeddable":true,"href":"https:\/\/www.africa-press.net\/senegal\/wp-json\/wp\/v2\/tags?post=56402"}],"curies":[{"name":"wp","href":"https:\/\/api.w.org\/{rel}","templated":true}]}}