{"id":56421,"date":"2024-03-08T22:24:56","date_gmt":"2024-03-08T22:24:56","guid":{"rendered":"https:\/\/www.africa-press.net\/senegal\/politique\/presidentielle-au-senegal-macky-sall-signe-le-decret-fixant-le-demarrage-de-la-campagne-electorale"},"modified":"2024-03-09T02:22:01","modified_gmt":"2024-03-09T02:22:01","slug":"presidentielle-au-senegal-macky-sall-signe-le-decret-fixant-le-demarrage-de-la-campagne-electorale","status":"publish","type":"post","link":"https:\/\/www.africa-press.net\/senegal\/politique\/presidentielle-au-senegal-macky-sall-signe-le-decret-fixant-le-demarrage-de-la-campagne-electorale","title":{"rendered":"Pr\u00e9sidentielle au S\u00e9n\u00e9gal: Macky Sall signe le d\u00e9cret fixant le d\u00e9marrage de la campagne \u00e9lectorale"},"content":{"rendered":"<p><span style=\"color: #ff6600\"><strong>Africa-Press &#8211; Senegal. <\/strong><\/span>Le Pre\u0301sident de la Re\u0301publique du Se\u0301ne\u0301gal, Macky Sall, a signe\u0301 jeudi le de\u0301cret fixant le de\u0301but officiellement de la campagne e\u0301lectorale pour la pre\u0301sidentielle du 24 mars 2024.<\/p>\n<p>En application des de\u0301cisions du Conseil constitutionnel, la campagne e\u0301lectorale de\u0301bute officiellement le samedi 9 mars 2024 a\u0300 ze\u0301ro heure pour se terminer le vendredi 22 mars a\u0300 minuit, pre\u0301cise le de\u0301cret pre\u0301sidentiel, publie\u0301 jeudi soir.<\/p>\n<p>Le Conseil constitutionnel s&rsquo;est aligne\u0301 sur cette la date du 24 mars, apre\u0300s en avoir retenu une diffe\u0301rente de celle fixe\u0301e par la pre\u0301sidence se\u0301ne\u0301galaise.<\/p>\n<p>Les \u00ab\u00a0Sages\u00a0\u00bb du Conseil constitutionnel ont explique\u0301 dans un communique\u0301 qu&rsquo;ils n&rsquo;avaient fait que \u00ab\u00a0pallier l&rsquo;inertie de l&rsquo;administration\u00a0\u00bb en de\u0301cidant du 31 mars, mais que l&rsquo;exe\u0301cutif a entretemps reme\u0301die\u0301 a\u0300 cet e\u0301tat de fait en prenant des de\u0301crets convoquant le corps e\u0301lectoral le 24 mars.<\/p>\n<p>Le premier tour de l\u2019e\u0301lection pre\u0301sidentielle a\u0300 laquelle participent 19 candidats retenus par le Conseil constitutionnel, le 20 janvier, va se tenir le 24 mars.<\/p>\n<p>La campagne sera plus courte que les 21 jours prescrits par le code e\u0301lectoral.<\/p>\n<p>Suite a\u0300 la fixation de la date de l\u2019e\u0301lection, le Conseil national de re\u0301gulation de l\u2019audiovisuel (CNRA) a annonce\u0301 la distribution des temps d\u2019antenne pour les 19 candidats en lice.<\/p>\n<p>Selon un communique\u0301 du CNRA, les premie\u0300res de\u0301clarations des candidats seront diffuse\u0301es de\u0300s le dimanche 10 mars.<\/p>\n<p>Conforme\u0301ment aux exigences du CNRA, chaque candidat be\u0301ne\u0301ficiera de trois (03) minutes d\u2019antenne par jour, a\u0300 la fois a\u0300 la radio et a\u0300 la te\u0301le\u0301vision publiques, du dimanche 10 mars 2024 a\u0300 00 heure jusqu\u2019au vendredi 22 mars 2024 a\u0300 minuit.<\/p>\n<p>La date d&rsquo;un deuxie\u0300me tour, probable en l&rsquo;e\u0301tat actuel des candidatures, n&rsquo;a pas e\u0301te\u0301 communique\u0301e.<\/p>\n<p>A signaler que le scrutin devait en principe se tenir le 25 fe\u0301vrier dernier avant d&rsquo;e\u0302tre reporte\u0301 par le chef de l&rsquo;Etat sortant.<\/p>\n<p>Le Pre\u0301sident Macky Sall, e\u0301lu en 2012 et re\u0301e\u0301lu en 2019 et qui ne va pas se pre\u0301senter pour un nouveau mandat, a justifie\u0301 le report par la crainte de nouveaux troubles, apre\u0300s ceux connus en 2021 et 2023, en cas d&rsquo;e\u0301lection conteste\u0301e.<\/p>\n<p><strong>Pour plus d&rsquo;informations et d&rsquo;analyses sur la <a href=\"https:\/\/www.africa-press.net\/senegal\">Senegal<\/a>, suivez <a href=\"https:\/\/www.africa-press.net\/\">Africa-Press<\/a><\/strong><\/p>\n","protected":false},"excerpt":{"rendered":"<p>Africa-Press &#8211; Senegal. Le Pre\u0301sident de la Re\u0301publique du Se\u0301ne\u0301gal, Macky Sall, a signe\u0301 jeudi le de\u0301cret fixant le de\u0301but officiellement de la campagne e\u0301lectorale pour la pre\u0301sidentielle du 24 mars 2024. En application des de\u0301cisions du Conseil constitutionnel, la campagne e\u0301lectorale de\u0301bute officiellement le samedi 9 mars 2024 a\u0300 ze\u0301ro heure pour se terminer [&hellip;]<\/p>\n","protected":false},"author":82,"featured_media":56420,"comment_status":"open","ping_status":"closed","sticky":false,"template":"","format":"standard","meta":{"footnotes":""},"categories":[2,20,10],"tags":[43,47,44],"class_list":["post-56421","post","type-post","status-publish","format-standard","has-post-thumbnail","hentry","category-politique","category-top-nouvelles","category-toutes-les-actualites","tag-africa-press-2","tag-africa-press-senegal","tag-senegal-2"],"yoast_head":"<!-- This site is optimized with the Yoast SEO Premium plugin v26.1 (Yoast SEO v27.0) - https:\/\/yoast.com\/product\/yoast-seo-premium-wordpress\/ -->\n<title>Pr\u00e9sidentielle au S\u00e9n\u00e9gal: Macky Sall signe le d\u00e9cret fixant le d\u00e9marrage de la campagne \u00e9lectorale - Senegal<\/title>\n<meta name=\"description\" content=\"Le Pre\u0301sident de la Re\u0301publique du Se\u0301ne\u0301gal, Macky Sall, a signe\u0301 jeudi le de\u0301cret fixant le de\u0301but officiellement de l ...\" \/>\n<meta name=\"robots\" content=\"index, follow, max-snippet:-1, max-image-preview:large, max-video-preview:-1\" \/>\n<link rel=\"canonical\" href=\"https:\/\/www.africa-press.net\/senegal\/politique\/presidentielle-au-senegal-macky-sall-signe-le-decret-fixant-le-demarrage-de-la-campagne-electorale\" \/>\n<meta property=\"og:locale\" content=\"fr_FR\" \/>\n<meta property=\"og:type\" content=\"article\" \/>\n<meta property=\"og:title\" content=\"Pr\u00e9sidentielle au S\u00e9n\u00e9gal: Macky Sall signe le d\u00e9cret fixant le d\u00e9marrage de la campagne \u00e9lectorale\" \/>\n<meta property=\"og:description\" content=\"Le Pre\u0301sident de la Re\u0301publique du Se\u0301ne\u0301gal, Macky Sall, a signe\u0301 jeudi le de\u0301cret fixant le de\u0301but officiellement de l ...\" \/>\n<meta property=\"og:url\" content=\"https:\/\/www.africa-press.net\/senegal\/politique\/presidentielle-au-senegal-macky-sall-signe-le-decret-fixant-le-demarrage-de-la-campagne-electorale\" \/>\n<meta property=\"og:site_name\" content=\"Senegal\" \/>\n<meta property=\"article:published_time\" content=\"2024-03-08T22:24:56+00:00\" \/>\n<meta property=\"article:modified_time\" content=\"2024-03-09T02:22:01+00:00\" \/>\n<meta property=\"og:image\" content=\"https:\/\/static.africa-press.net\/senegal\/sites\/13\/2024\/03\/sm_1709934606.001836.jpg\" \/>\n\t<meta property=\"og:image:width\" content=\"1200\" \/>\n\t<meta property=\"og:image:height\" content=\"900\" \/>\n\t<meta property=\"og:image:type\" content=\"image\/jpeg\" \/>\n<meta name=\"author\" content=\"cfeditorfr\" \/>\n<meta name=\"twitter:card\" content=\"summary_large_image\" \/>\n<meta name=\"twitter:label1\" content=\"\u00c9crit par\" \/>\n\t<meta name=\"twitter:data1\" content=\"cfeditorfr\" \/>\n\t<meta name=\"twitter:label2\" content=\"Dur\u00e9e de lecture estim\u00e9e\" \/>\n\t<meta name=\"twitter:data2\" content=\"3 minutes\" \/>\n<script type=\"application\/ld+json\" class=\"yoast-schema-graph\">{\"@context\":\"https:\/\/schema.org\",\"@graph\":[{\"@type\":\"Article\",\"@id\":\"https:\/\/www.africa-press.net\/senegal\/politique\/presidentielle-au-senegal-macky-sall-signe-le-decret-fixant-le-demarrage-de-la-campagne-electorale#article\",\"isPartOf\":{\"@id\":\"https:\/\/www.africa-press.net\/senegal\/politique\/presidentielle-au-senegal-macky-sall-signe-le-decret-fixant-le-demarrage-de-la-campagne-electorale\"},\"author\":{\"name\":\"cfeditorfr\",\"@id\":\"https:\/\/www.africa-press.net\/senegal\/#\/schema\/person\/2b1cf3cd81a31e3cd26889ca66d677f1\"},\"headline\":\"Pr\u00e9sidentielle au S\u00e9n\u00e9gal: Macky Sall signe le d\u00e9cret fixant le d\u00e9marrage de la campagne \u00e9lectorale\",\"datePublished\":\"2024-03-08T22:24:56+00:00\",\"dateModified\":\"2024-03-09T02:22:01+00:00\",\"mainEntityOfPage\":{\"@id\":\"https:\/\/www.africa-press.net\/senegal\/politique\/presidentielle-au-senegal-macky-sall-signe-le-decret-fixant-le-demarrage-de-la-campagne-electorale\"},\"wordCount\":426,\"commentCount\":0,\"image\":{\"@id\":\"https:\/\/www.africa-press.net\/senegal\/politique\/presidentielle-au-senegal-macky-sall-signe-le-decret-fixant-le-demarrage-de-la-campagne-electorale#primaryimage\"},\"thumbnailUrl\":\"https:\/\/static.africa-press.net\/senegal\/sites\/13\/2024\/03\/sm_1709934606.001836.jpg\",\"keywords\":[\"Africa Press\",\"Africa Press-Senegal\",\"Senegal\"],\"articleSection\":[\"Politique\",\"Top Nouvelles\",\"Toutes les actualit\u00e9s\"],\"inLanguage\":\"fr-FR\",\"potentialAction\":[{\"@type\":\"CommentAction\",\"name\":\"Comment\",\"target\":[\"https:\/\/www.africa-press.net\/senegal\/politique\/presidentielle-au-senegal-macky-sall-signe-le-decret-fixant-le-demarrage-de-la-campagne-electorale#respond\"]}]},{\"@type\":\"WebPage\",\"@id\":\"https:\/\/www.africa-press.net\/senegal\/politique\/presidentielle-au-senegal-macky-sall-signe-le-decret-fixant-le-demarrage-de-la-campagne-electorale\",\"url\":\"https:\/\/www.africa-press.net\/senegal\/politique\/presidentielle-au-senegal-macky-sall-signe-le-decret-fixant-le-demarrage-de-la-campagne-electorale\",\"name\":\"Pr\u00e9sidentielle au S\u00e9n\u00e9gal: Macky Sall signe le d\u00e9cret fixant le d\u00e9marrage de la campagne \u00e9lectorale - Senegal\",\"isPartOf\":{\"@id\":\"https:\/\/www.africa-press.net\/senegal\/#website\"},\"primaryImageOfPage\":{\"@id\":\"https:\/\/www.africa-press.net\/senegal\/politique\/presidentielle-au-senegal-macky-sall-signe-le-decret-fixant-le-demarrage-de-la-campagne-electorale#primaryimage\"},\"image\":{\"@id\":\"https:\/\/www.africa-press.net\/senegal\/politique\/presidentielle-au-senegal-macky-sall-signe-le-decret-fixant-le-demarrage-de-la-campagne-electorale#primaryimage\"},\"thumbnailUrl\":\"https:\/\/static.africa-press.net\/senegal\/sites\/13\/2024\/03\/sm_1709934606.001836.jpg\",\"datePublished\":\"2024-03-08T22:24:56+00:00\",\"dateModified\":\"2024-03-09T02:22:01+00:00\",\"author\":{\"@id\":\"https:\/\/www.africa-press.net\/senegal\/#\/schema\/person\/2b1cf3cd81a31e3cd26889ca66d677f1\"},\"description\":\"Le Pre\u0301sident de la Re\u0301publique du Se\u0301ne\u0301gal, Macky Sall, a signe\u0301 jeudi le de\u0301cret fixant le de\u0301but officiellement de l ...\",\"breadcrumb\":{\"@id\":\"https:\/\/www.africa-press.net\/senegal\/politique\/presidentielle-au-senegal-macky-sall-signe-le-decret-fixant-le-demarrage-de-la-campagne-electorale#breadcrumb\"},\"inLanguage\":\"fr-FR\",\"potentialAction\":[{\"@type\":\"ReadAction\",\"target\":[\"https:\/\/www.africa-press.net\/senegal\/politique\/presidentielle-au-senegal-macky-sall-signe-le-decret-fixant-le-demarrage-de-la-campagne-electorale\"]}]},{\"@type\":\"ImageObject\",\"inLanguage\":\"fr-FR\",\"@id\":\"https:\/\/www.africa-press.net\/senegal\/politique\/presidentielle-au-senegal-macky-sall-signe-le-decret-fixant-le-demarrage-de-la-campagne-electorale#primaryimage\",\"url\":\"https:\/\/static.africa-press.net\/senegal\/sites\/13\/2024\/03\/sm_1709934606.001836.jpg\",\"contentUrl\":\"https:\/\/static.africa-press.net\/senegal\/sites\/13\/2024\/03\/sm_1709934606.001836.jpg\",\"width\":1200,\"height\":900,\"caption\":\"Pr\u00e9sidentielle au S\u00e9n\u00e9gal: Macky Sall signe le d\u00e9cret fixant le d\u00e9marrage de la campagne \u00e9lectorale\"},{\"@type\":\"BreadcrumbList\",\"@id\":\"https:\/\/www.africa-press.net\/senegal\/politique\/presidentielle-au-senegal-macky-sall-signe-le-decret-fixant-le-demarrage-de-la-campagne-electorale#breadcrumb\",\"itemListElement\":[{\"@type\":\"ListItem\",\"position\":1,\"name\":\"Accueil\",\"item\":\"https:\/\/www.africa-press.net\/senegal\/\"},{\"@type\":\"ListItem\",\"position\":2,\"name\":\"Pr\u00e9sidentielle au S\u00e9n\u00e9gal: Macky Sall signe le d\u00e9cret fixant le d\u00e9marrage de la campagne \u00e9lectorale\"}]},{\"@type\":\"WebSite\",\"@id\":\"https:\/\/www.africa-press.net\/senegal\/#website\",\"url\":\"https:\/\/www.africa-press.net\/senegal\/\",\"name\":\"Africa Press | Senegal | Homepage\",\"description\":\"Just another Africa News Agency Sites site\",\"potentialAction\":[{\"@type\":\"SearchAction\",\"target\":{\"@type\":\"EntryPoint\",\"urlTemplate\":\"https:\/\/www.africa-press.net\/senegal\/?s={search_term_string}\"},\"query-input\":{\"@type\":\"PropertyValueSpecification\",\"valueRequired\":true,\"valueName\":\"search_term_string\"}}],\"inLanguage\":\"fr-FR\"},{\"@type\":\"Person\",\"@id\":\"https:\/\/www.africa-press.net\/senegal\/#\/schema\/person\/2b1cf3cd81a31e3cd26889ca66d677f1\",\"name\":\"cfeditorfr\",\"url\":\"https:\/\/www.africa-press.net\/senegal\/author\/cfeditorfr\"}]}<\/script>\n<!-- \/ Yoast SEO Premium plugin. -->","yoast_head_json":{"title":"Pr\u00e9sidentielle au S\u00e9n\u00e9gal: Macky Sall signe le d\u00e9cret fixant le d\u00e9marrage de la campagne \u00e9lectorale - Senegal","description":"Le Pre\u0301sident de la Re\u0301publique du Se\u0301ne\u0301gal, Macky Sall, a signe\u0301 jeudi le de\u0301cret fixant le de\u0301but officiellement de l ...","robots":{"index":"index","follow":"follow","max-snippet":"max-snippet:-1","max-image-preview":"max-image-preview:large","max-video-preview":"max-video-preview:-1"},"canonical":"https:\/\/www.africa-press.net\/senegal\/politique\/presidentielle-au-senegal-macky-sall-signe-le-decret-fixant-le-demarrage-de-la-campagne-electorale","og_locale":"fr_FR","og_type":"article","og_title":"Pr\u00e9sidentielle au S\u00e9n\u00e9gal: Macky Sall signe le d\u00e9cret fixant le d\u00e9marrage de la campagne \u00e9lectorale","og_description":"Le Pre\u0301sident de la Re\u0301publique du Se\u0301ne\u0301gal, Macky Sall, a signe\u0301 jeudi le de\u0301cret fixant le de\u0301but officiellement de l ...","og_url":"https:\/\/www.africa-press.net\/senegal\/politique\/presidentielle-au-senegal-macky-sall-signe-le-decret-fixant-le-demarrage-de-la-campagne-electorale","og_site_name":"Senegal","article_published_time":"2024-03-08T22:24:56+00:00","article_modified_time":"2024-03-09T02:22:01+00:00","og_image":[{"width":1200,"height":900,"url":"https:\/\/static.africa-press.net\/senegal\/sites\/13\/2024\/03\/sm_1709934606.001836.jpg","type":"image\/jpeg"}],"author":"cfeditorfr","twitter_card":"summary_large_image","twitter_misc":{"\u00c9crit par":"cfeditorfr","Dur\u00e9e de lecture estim\u00e9e":"3 minutes"},"schema":{"@context":"https:\/\/schema.org","@graph":[{"@type":"Article","@id":"https:\/\/www.africa-press.net\/senegal\/politique\/presidentielle-au-senegal-macky-sall-signe-le-decret-fixant-le-demarrage-de-la-campagne-electorale#article","isPartOf":{"@id":"https:\/\/www.africa-press.net\/senegal\/politique\/presidentielle-au-senegal-macky-sall-signe-le-decret-fixant-le-demarrage-de-la-campagne-electorale"},"author":{"name":"cfeditorfr","@id":"https:\/\/www.africa-press.net\/senegal\/#\/schema\/person\/2b1cf3cd81a31e3cd26889ca66d677f1"},"headline":"Pr\u00e9sidentielle au S\u00e9n\u00e9gal: Macky Sall signe le d\u00e9cret fixant le d\u00e9marrage de la campagne \u00e9lectorale","datePublished":"2024-03-08T22:24:56+00:00","dateModified":"2024-03-09T02:22:01+00:00","mainEntityOfPage":{"@id":"https:\/\/www.africa-press.net\/senegal\/politique\/presidentielle-au-senegal-macky-sall-signe-le-decret-fixant-le-demarrage-de-la-campagne-electorale"},"wordCount":426,"commentCount":0,"image":{"@id":"https:\/\/www.africa-press.net\/senegal\/politique\/presidentielle-au-senegal-macky-sall-signe-le-decret-fixant-le-demarrage-de-la-campagne-electorale#primaryimage"},"thumbnailUrl":"https:\/\/static.africa-press.net\/senegal\/sites\/13\/2024\/03\/sm_1709934606.001836.jpg","keywords":["Africa Press","Africa Press-Senegal","Senegal"],"articleSection":["Politique","Top Nouvelles","Toutes les actualit\u00e9s"],"inLanguage":"fr-FR","potentialAction":[{"@type":"CommentAction","name":"Comment","target":["https:\/\/www.africa-press.net\/senegal\/politique\/presidentielle-au-senegal-macky-sall-signe-le-decret-fixant-le-demarrage-de-la-campagne-electorale#respond"]}]},{"@type":"WebPage","@id":"https:\/\/www.africa-press.net\/senegal\/politique\/presidentielle-au-senegal-macky-sall-signe-le-decret-fixant-le-demarrage-de-la-campagne-electorale","url":"https:\/\/www.africa-press.net\/senegal\/politique\/presidentielle-au-senegal-macky-sall-signe-le-decret-fixant-le-demarrage-de-la-campagne-electorale","name":"Pr\u00e9sidentielle au S\u00e9n\u00e9gal: Macky Sall signe le d\u00e9cret fixant le d\u00e9marrage de la campagne \u00e9lectorale - Senegal","isPartOf":{"@id":"https:\/\/www.africa-press.net\/senegal\/#website"},"primaryImageOfPage":{"@id":"https:\/\/www.africa-press.net\/senegal\/politique\/presidentielle-au-senegal-macky-sall-signe-le-decret-fixant-le-demarrage-de-la-campagne-electorale#primaryimage"},"image":{"@id":"https:\/\/www.africa-press.net\/senegal\/politique\/presidentielle-au-senegal-macky-sall-signe-le-decret-fixant-le-demarrage-de-la-campagne-electorale#primaryimage"},"thumbnailUrl":"https:\/\/static.africa-press.net\/senegal\/sites\/13\/2024\/03\/sm_1709934606.001836.jpg","datePublished":"2024-03-08T22:24:56+00:00","dateModified":"2024-03-09T02:22:01+00:00","author":{"@id":"https:\/\/www.africa-press.net\/senegal\/#\/schema\/person\/2b1cf3cd81a31e3cd26889ca66d677f1"},"description":"Le Pre\u0301sident de la Re\u0301publique du Se\u0301ne\u0301gal, Macky Sall, a signe\u0301 jeudi le de\u0301cret fixant le de\u0301but officiellement de l ...","breadcrumb":{"@id":"https:\/\/www.africa-press.net\/senegal\/politique\/presidentielle-au-senegal-macky-sall-signe-le-decret-fixant-le-demarrage-de-la-campagne-electorale#breadcrumb"},"inLanguage":"fr-FR","potentialAction":[{"@type":"ReadAction","target":["https:\/\/www.africa-press.net\/senegal\/politique\/presidentielle-au-senegal-macky-sall-signe-le-decret-fixant-le-demarrage-de-la-campagne-electorale"]}]},{"@type":"ImageObject","inLanguage":"fr-FR","@id":"https:\/\/www.africa-press.net\/senegal\/politique\/presidentielle-au-senegal-macky-sall-signe-le-decret-fixant-le-demarrage-de-la-campagne-electorale#primaryimage","url":"https:\/\/static.africa-press.net\/senegal\/sites\/13\/2024\/03\/sm_1709934606.001836.jpg","contentUrl":"https:\/\/static.africa-press.net\/senegal\/sites\/13\/2024\/03\/sm_1709934606.001836.jpg","width":1200,"height":900,"caption":"Pr\u00e9sidentielle au S\u00e9n\u00e9gal: Macky Sall signe le d\u00e9cret fixant le d\u00e9marrage de la campagne \u00e9lectorale"},{"@type":"BreadcrumbList","@id":"https:\/\/www.africa-press.net\/senegal\/politique\/presidentielle-au-senegal-macky-sall-signe-le-decret-fixant-le-demarrage-de-la-campagne-electorale#breadcrumb","itemListElement":[{"@type":"ListItem","position":1,"name":"Accueil","item":"https:\/\/www.africa-press.net\/senegal\/"},{"@type":"ListItem","position":2,"name":"Pr\u00e9sidentielle au S\u00e9n\u00e9gal: Macky Sall signe le d\u00e9cret fixant le d\u00e9marrage de la campagne \u00e9lectorale"}]},{"@type":"WebSite","@id":"https:\/\/www.africa-press.net\/senegal\/#website","url":"https:\/\/www.africa-press.net\/senegal\/","name":"Africa Press | Senegal | Homepage","description":"Just another Africa News Agency Sites site","potentialAction":[{"@type":"SearchAction","target":{"@type":"EntryPoint","urlTemplate":"https:\/\/www.africa-press.net\/senegal\/?s={search_term_string}"},"query-input":{"@type":"PropertyValueSpecification","valueRequired":true,"valueName":"search_term_string"}}],"inLanguage":"fr-FR"},{"@type":"Person","@id":"https:\/\/www.africa-press.net\/senegal\/#\/schema\/person\/2b1cf3cd81a31e3cd26889ca66d677f1","name":"cfeditorfr","url":"https:\/\/www.africa-press.net\/senegal\/author\/cfeditorfr"}]}},"_links":{"self":[{"href":"https:\/\/www.africa-press.net\/senegal\/wp-json\/wp\/v2\/posts\/56421","targetHints":{"allow":["GET"]}}],"collection":[{"href":"https:\/\/www.africa-press.net\/senegal\/wp-json\/wp\/v2\/posts"}],"about":[{"href":"https:\/\/www.africa-press.net\/senegal\/wp-json\/wp\/v2\/types\/post"}],"author":[{"embeddable":true,"href":"https:\/\/www.africa-press.net\/senegal\/wp-json\/wp\/v2\/users\/82"}],"replies":[{"embeddable":true,"href":"https:\/\/www.africa-press.net\/senegal\/wp-json\/wp\/v2\/comments?post=56421"}],"version-history":[{"count":0,"href":"https:\/\/www.africa-press.net\/senegal\/wp-json\/wp\/v2\/posts\/56421\/revisions"}],"wp:featuredmedia":[{"embeddable":true,"href":"https:\/\/www.africa-press.net\/senegal\/wp-json\/wp\/v2\/media\/56420"}],"wp:attachment":[{"href":"https:\/\/www.africa-press.net\/senegal\/wp-json\/wp\/v2\/media?parent=56421"}],"wp:term":[{"taxonomy":"category","embeddable":true,"href":"https:\/\/www.africa-press.net\/senegal\/wp-json\/wp\/v2\/categories?post=56421"},{"taxonomy":"post_tag","embeddable":true,"href":"https:\/\/www.africa-press.net\/senegal\/wp-json\/wp\/v2\/tags?post=56421"}],"curies":[{"name":"wp","href":"https:\/\/api.w.org\/{rel}","templated":true}]}}