{"id":56499,"date":"2024-03-09T16:00:29","date_gmt":"2024-03-09T16:00:29","guid":{"rendered":"https:\/\/www.africa-press.net\/senegal\/politique\/journee-fifa-sans-aubameyang-la-liste-du-gabon-contre-le-senegal-et-la-guinee-bissau-2"},"modified":"2024-03-09T17:12:10","modified_gmt":"2024-03-09T17:12:10","slug":"journee-fifa-sans-aubameyang-la-liste-du-gabon-contre-le-senegal-et-la-guinee-bissau-2","status":"publish","type":"post","link":"https:\/\/www.africa-press.net\/senegal\/sports\/journee-fifa-sans-aubameyang-la-liste-du-gabon-contre-le-senegal-et-la-guinee-bissau-2","title":{"rendered":"Journ\u00e9e FIFA: sans Aubameyang, la liste du Gabon contre le S\u00e9n\u00e9gal et la Guin\u00e9e-Bissau"},"content":{"rendered":"<p><span style=\"color: #ff6600\"><strong>Africa-Press &#8211; Senegal. <\/strong><\/span>Le se\u0301lectionneur national du Gabon, Thierry Mouyouma, a publie\u0301 sa liste des joueurs retenus pour les rencontres amicales contre le Se\u0301ne\u0301gal et la Guine\u0301e-Bissau, comptant pour la tre\u0302ve internationale de mars. L\u2019attaquant de l\u2019OM, Pierre-Emerick Aubameyang ne fait pas partie du groupe.<\/p>\n<p>Le se\u0301lectionneur du Gabon, Thierry Mouyouma, a de\u0301voile\u0301 ce vendredi la liste des joueurs convoque\u0301s pour les journe\u0301es FIFA du mois de mars. Les Panthe\u0300res se pre\u0301parent a\u0300 affronter le Se\u0301ne\u0301gal et la Guine\u0301e Bissau en amicales. Le seul fait marquant dans ce groupe est la non-convocation de Pierre-Emerick Aubameyang. Le nom de l\u2019attaquant gabonais ne figure me\u0302me pas dans la liste d\u2019attente.<\/p>\n<p>Pourtant, Aubameyang connai\u0302t actuellement une pe\u0301riode de gloire et de succe\u0300s. Avec un total de 20 buts et 8 passes de\u0301cisives cette saison, toutes compe\u0301titions confondues, il se classe parmi les joueurs les plus prolifiques de la saison.<\/p>\n<p>L\u2019Olympique de Marseille, dans lequel e\u0301volue Aubameyang, est sur le point de se qualifier pour les quarts de finale de la Ligue Europa. La performance e\u0301clatante de l\u2019ancien joueur de Saint-E\u0301tienne a e\u0301te\u0301 cruciale dans la re\u0301cente victoire e\u0301crasante de son e\u0301quipe contre Villarreal, ou\u0300 il a signe\u0301 un double\u0301 dans un impressionnant 4-0.<\/p>\n<p>Cette absence surprenante suscite des questions quant aux raisons pour lesquelles Aubameyang n\u2019a pas e\u0301te\u0301 se\u0301lectionne\u0301 pour repre\u0301senter son pays lors des prochains matches amicaux. Certains e\u0301voquent des raisons tactiques ou des de\u0301cisions de gestion de l\u2019effectif, mais rien n\u2019a e\u0301te\u0301 confirme\u0301 pour le moment.<\/p>\n<p>La se\u0301lection gabonaise disputera son premier match amical le 22 mars 2024 contre le Se\u0301ne\u0301gal, une rencontre qui s\u2019annonce de\u0301ja\u0300 comme un de\u0301fi de taille. Le match se de\u0301roulera a\u0300 Amiens, en France, et les supporters seront certainement de\u0301c\u0327us de ne pas voir leur star nationale en action.<\/p>\n<p><b>La liste des joueurs gabonais convoque\u0301s<\/b><br \/>\n<img loading=\"lazy\" decoding=\"async\" width=\"696\" height=\"984\" class=\"alignnone wp-image-56497 size-full\" src=\"https:\/\/static.africa-press.net\/senegal\/sites\/13\/2024\/03\/sm_1709988044.407395.jpg\" srcset=\"https:\/\/static.africa-press.net\/senegal\/sites\/13\/2024\/03\/sm_1709988044.407395.jpg 696w, https:\/\/static.africa-press.net\/senegal\/sites\/13\/2024\/03\/sm_1709988044.407395-212x300.jpg 212w\" sizes=\"auto, (max-width: 696px) 100vw, 696px\" \/><\/p>\n<p><strong>Pour plus d&rsquo;informations et d&rsquo;analyses sur la <a href=\"https:\/\/www.africa-press.net\/senegal\">Senegal<\/a>, suivez <a href=\"https:\/\/www.africa-press.net\/\">Africa-Press<\/a><\/strong><\/p>\n","protected":false},"excerpt":{"rendered":"<p>Africa-Press &#8211; Senegal. Le se\u0301lectionneur national du Gabon, Thierry Mouyouma, a publie\u0301 sa liste des joueurs retenus pour les rencontres amicales contre le Se\u0301ne\u0301gal et la Guine\u0301e-Bissau, comptant pour la tre\u0302ve internationale de mars. L\u2019attaquant de l\u2019OM, Pierre-Emerick Aubameyang ne fait pas partie du groupe. Le se\u0301lectionneur du Gabon, Thierry Mouyouma, a de\u0301voile\u0301 ce vendredi [&hellip;]<\/p>\n","protected":false},"author":82,"featured_media":56498,"comment_status":"open","ping_status":"closed","sticky":false,"template":"","format":"standard","meta":{"footnotes":""},"categories":[6,10],"tags":[43,47,44],"class_list":["post-56499","post","type-post","status-publish","format-standard","has-post-thumbnail","hentry","category-sports","category-toutes-les-actualites","tag-africa-press-2","tag-africa-press-senegal","tag-senegal-2"],"yoast_head":"<!-- This site is optimized with the Yoast SEO Premium plugin v26.1 (Yoast SEO v27.0) - https:\/\/yoast.com\/product\/yoast-seo-premium-wordpress\/ -->\n<title>Journ\u00e9e FIFA: sans Aubameyang, la liste du Gabon contre le S\u00e9n\u00e9gal et la Guin\u00e9e-Bissau - Senegal<\/title>\n<meta name=\"description\" content=\"Le se\u0301lectionneur national du Gabon, Thierry Mouyouma, a publie\u0301 sa liste des joueurs retenus pour les rencontres amical ...\" \/>\n<meta name=\"robots\" content=\"index, follow, max-snippet:-1, max-image-preview:large, max-video-preview:-1\" \/>\n<link rel=\"canonical\" href=\"https:\/\/www.africa-press.net\/senegal\/sports\/journee-fifa-sans-aubameyang-la-liste-du-gabon-contre-le-senegal-et-la-guinee-bissau-2\" \/>\n<meta property=\"og:locale\" content=\"fr_FR\" \/>\n<meta property=\"og:type\" content=\"article\" \/>\n<meta property=\"og:title\" content=\"Journ\u00e9e FIFA: sans Aubameyang, la liste du Gabon contre le S\u00e9n\u00e9gal et la Guin\u00e9e-Bissau\" \/>\n<meta property=\"og:description\" content=\"Le se\u0301lectionneur national du Gabon, Thierry Mouyouma, a publie\u0301 sa liste des joueurs retenus pour les rencontres amical ...\" \/>\n<meta property=\"og:url\" content=\"https:\/\/www.africa-press.net\/senegal\/sports\/journee-fifa-sans-aubameyang-la-liste-du-gabon-contre-le-senegal-et-la-guinee-bissau-2\" \/>\n<meta property=\"og:site_name\" content=\"Senegal\" \/>\n<meta property=\"article:published_time\" content=\"2024-03-09T16:00:29+00:00\" \/>\n<meta property=\"article:modified_time\" content=\"2024-03-09T17:12:10+00:00\" \/>\n<meta property=\"og:image\" content=\"https:\/\/static.africa-press.net\/senegal\/sites\/13\/2024\/03\/sm_1709988066.459742.jpg\" \/>\n\t<meta property=\"og:image:width\" content=\"1224\" \/>\n\t<meta property=\"og:image:height\" content=\"792\" \/>\n\t<meta property=\"og:image:type\" content=\"image\/jpeg\" \/>\n<meta name=\"author\" content=\"cfeditorfr\" \/>\n<meta name=\"twitter:card\" content=\"summary_large_image\" \/>\n<meta name=\"twitter:label1\" content=\"\u00c9crit par\" \/>\n\t<meta name=\"twitter:data1\" content=\"cfeditorfr\" \/>\n\t<meta name=\"twitter:label2\" content=\"Dur\u00e9e de lecture estim\u00e9e\" \/>\n\t<meta name=\"twitter:data2\" content=\"2 minutes\" \/>\n<script type=\"application\/ld+json\" class=\"yoast-schema-graph\">{\"@context\":\"https:\/\/schema.org\",\"@graph\":[{\"@type\":\"Article\",\"@id\":\"https:\/\/www.africa-press.net\/senegal\/sports\/journee-fifa-sans-aubameyang-la-liste-du-gabon-contre-le-senegal-et-la-guinee-bissau-2#article\",\"isPartOf\":{\"@id\":\"https:\/\/www.africa-press.net\/senegal\/sports\/journee-fifa-sans-aubameyang-la-liste-du-gabon-contre-le-senegal-et-la-guinee-bissau-2\"},\"author\":{\"name\":\"cfeditorfr\",\"@id\":\"https:\/\/www.africa-press.net\/senegal\/#\/schema\/person\/2b1cf3cd81a31e3cd26889ca66d677f1\"},\"headline\":\"Journ\u00e9e FIFA: sans Aubameyang, la liste du Gabon contre le S\u00e9n\u00e9gal et la Guin\u00e9e-Bissau\",\"datePublished\":\"2024-03-09T16:00:29+00:00\",\"dateModified\":\"2024-03-09T17:12:10+00:00\",\"mainEntityOfPage\":{\"@id\":\"https:\/\/www.africa-press.net\/senegal\/sports\/journee-fifa-sans-aubameyang-la-liste-du-gabon-contre-le-senegal-et-la-guinee-bissau-2\"},\"wordCount\":377,\"commentCount\":0,\"image\":{\"@id\":\"https:\/\/www.africa-press.net\/senegal\/sports\/journee-fifa-sans-aubameyang-la-liste-du-gabon-contre-le-senegal-et-la-guinee-bissau-2#primaryimage\"},\"thumbnailUrl\":\"https:\/\/static.africa-press.net\/senegal\/sites\/13\/2024\/03\/sm_1709988066.459742.jpg\",\"keywords\":[\"Africa Press\",\"Africa Press-Senegal\",\"Senegal\"],\"articleSection\":[\"Sports\",\"Toutes les actualit\u00e9s\"],\"inLanguage\":\"fr-FR\",\"potentialAction\":[{\"@type\":\"CommentAction\",\"name\":\"Comment\",\"target\":[\"https:\/\/www.africa-press.net\/senegal\/sports\/journee-fifa-sans-aubameyang-la-liste-du-gabon-contre-le-senegal-et-la-guinee-bissau-2#respond\"]}]},{\"@type\":\"WebPage\",\"@id\":\"https:\/\/www.africa-press.net\/senegal\/sports\/journee-fifa-sans-aubameyang-la-liste-du-gabon-contre-le-senegal-et-la-guinee-bissau-2\",\"url\":\"https:\/\/www.africa-press.net\/senegal\/sports\/journee-fifa-sans-aubameyang-la-liste-du-gabon-contre-le-senegal-et-la-guinee-bissau-2\",\"name\":\"Journ\u00e9e FIFA: sans Aubameyang, la liste du Gabon contre le S\u00e9n\u00e9gal et la Guin\u00e9e-Bissau - Senegal\",\"isPartOf\":{\"@id\":\"https:\/\/www.africa-press.net\/senegal\/#website\"},\"primaryImageOfPage\":{\"@id\":\"https:\/\/www.africa-press.net\/senegal\/sports\/journee-fifa-sans-aubameyang-la-liste-du-gabon-contre-le-senegal-et-la-guinee-bissau-2#primaryimage\"},\"image\":{\"@id\":\"https:\/\/www.africa-press.net\/senegal\/sports\/journee-fifa-sans-aubameyang-la-liste-du-gabon-contre-le-senegal-et-la-guinee-bissau-2#primaryimage\"},\"thumbnailUrl\":\"https:\/\/static.africa-press.net\/senegal\/sites\/13\/2024\/03\/sm_1709988066.459742.jpg\",\"datePublished\":\"2024-03-09T16:00:29+00:00\",\"dateModified\":\"2024-03-09T17:12:10+00:00\",\"author\":{\"@id\":\"https:\/\/www.africa-press.net\/senegal\/#\/schema\/person\/2b1cf3cd81a31e3cd26889ca66d677f1\"},\"description\":\"Le se\u0301lectionneur national du Gabon, Thierry Mouyouma, a publie\u0301 sa liste des joueurs retenus pour les rencontres amical ...\",\"breadcrumb\":{\"@id\":\"https:\/\/www.africa-press.net\/senegal\/sports\/journee-fifa-sans-aubameyang-la-liste-du-gabon-contre-le-senegal-et-la-guinee-bissau-2#breadcrumb\"},\"inLanguage\":\"fr-FR\",\"potentialAction\":[{\"@type\":\"ReadAction\",\"target\":[\"https:\/\/www.africa-press.net\/senegal\/sports\/journee-fifa-sans-aubameyang-la-liste-du-gabon-contre-le-senegal-et-la-guinee-bissau-2\"]}]},{\"@type\":\"ImageObject\",\"inLanguage\":\"fr-FR\",\"@id\":\"https:\/\/www.africa-press.net\/senegal\/sports\/journee-fifa-sans-aubameyang-la-liste-du-gabon-contre-le-senegal-et-la-guinee-bissau-2#primaryimage\",\"url\":\"https:\/\/static.africa-press.net\/senegal\/sites\/13\/2024\/03\/sm_1709988066.459742.jpg\",\"contentUrl\":\"https:\/\/static.africa-press.net\/senegal\/sites\/13\/2024\/03\/sm_1709988066.459742.jpg\",\"width\":1224,\"height\":792,\"caption\":\"Journ\u00e9e FIFA: sans Aubameyang, la liste du Gabon contre le S\u00e9n\u00e9gal et la Guin\u00e9e-Bissau\"},{\"@type\":\"BreadcrumbList\",\"@id\":\"https:\/\/www.africa-press.net\/senegal\/sports\/journee-fifa-sans-aubameyang-la-liste-du-gabon-contre-le-senegal-et-la-guinee-bissau-2#breadcrumb\",\"itemListElement\":[{\"@type\":\"ListItem\",\"position\":1,\"name\":\"Accueil\",\"item\":\"https:\/\/www.africa-press.net\/senegal\/\"},{\"@type\":\"ListItem\",\"position\":2,\"name\":\"Journ\u00e9e FIFA: sans Aubameyang, la liste du Gabon contre le S\u00e9n\u00e9gal et la Guin\u00e9e-Bissau\"}]},{\"@type\":\"WebSite\",\"@id\":\"https:\/\/www.africa-press.net\/senegal\/#website\",\"url\":\"https:\/\/www.africa-press.net\/senegal\/\",\"name\":\"Africa Press | Senegal | Homepage\",\"description\":\"Just another Africa News Agency Sites site\",\"potentialAction\":[{\"@type\":\"SearchAction\",\"target\":{\"@type\":\"EntryPoint\",\"urlTemplate\":\"https:\/\/www.africa-press.net\/senegal\/?s={search_term_string}\"},\"query-input\":{\"@type\":\"PropertyValueSpecification\",\"valueRequired\":true,\"valueName\":\"search_term_string\"}}],\"inLanguage\":\"fr-FR\"},{\"@type\":\"Person\",\"@id\":\"https:\/\/www.africa-press.net\/senegal\/#\/schema\/person\/2b1cf3cd81a31e3cd26889ca66d677f1\",\"name\":\"cfeditorfr\",\"url\":\"https:\/\/www.africa-press.net\/senegal\/author\/cfeditorfr\"}]}<\/script>\n<!-- \/ Yoast SEO Premium plugin. -->","yoast_head_json":{"title":"Journ\u00e9e FIFA: sans Aubameyang, la liste du Gabon contre le S\u00e9n\u00e9gal et la Guin\u00e9e-Bissau - Senegal","description":"Le se\u0301lectionneur national du Gabon, Thierry Mouyouma, a publie\u0301 sa liste des joueurs retenus pour les rencontres amical ...","robots":{"index":"index","follow":"follow","max-snippet":"max-snippet:-1","max-image-preview":"max-image-preview:large","max-video-preview":"max-video-preview:-1"},"canonical":"https:\/\/www.africa-press.net\/senegal\/sports\/journee-fifa-sans-aubameyang-la-liste-du-gabon-contre-le-senegal-et-la-guinee-bissau-2","og_locale":"fr_FR","og_type":"article","og_title":"Journ\u00e9e FIFA: sans Aubameyang, la liste du Gabon contre le S\u00e9n\u00e9gal et la Guin\u00e9e-Bissau","og_description":"Le se\u0301lectionneur national du Gabon, Thierry Mouyouma, a publie\u0301 sa liste des joueurs retenus pour les rencontres amical ...","og_url":"https:\/\/www.africa-press.net\/senegal\/sports\/journee-fifa-sans-aubameyang-la-liste-du-gabon-contre-le-senegal-et-la-guinee-bissau-2","og_site_name":"Senegal","article_published_time":"2024-03-09T16:00:29+00:00","article_modified_time":"2024-03-09T17:12:10+00:00","og_image":[{"width":1224,"height":792,"url":"https:\/\/static.africa-press.net\/senegal\/sites\/13\/2024\/03\/sm_1709988066.459742.jpg","type":"image\/jpeg"}],"author":"cfeditorfr","twitter_card":"summary_large_image","twitter_misc":{"\u00c9crit par":"cfeditorfr","Dur\u00e9e de lecture estim\u00e9e":"2 minutes"},"schema":{"@context":"https:\/\/schema.org","@graph":[{"@type":"Article","@id":"https:\/\/www.africa-press.net\/senegal\/sports\/journee-fifa-sans-aubameyang-la-liste-du-gabon-contre-le-senegal-et-la-guinee-bissau-2#article","isPartOf":{"@id":"https:\/\/www.africa-press.net\/senegal\/sports\/journee-fifa-sans-aubameyang-la-liste-du-gabon-contre-le-senegal-et-la-guinee-bissau-2"},"author":{"name":"cfeditorfr","@id":"https:\/\/www.africa-press.net\/senegal\/#\/schema\/person\/2b1cf3cd81a31e3cd26889ca66d677f1"},"headline":"Journ\u00e9e FIFA: sans Aubameyang, la liste du Gabon contre le S\u00e9n\u00e9gal et la Guin\u00e9e-Bissau","datePublished":"2024-03-09T16:00:29+00:00","dateModified":"2024-03-09T17:12:10+00:00","mainEntityOfPage":{"@id":"https:\/\/www.africa-press.net\/senegal\/sports\/journee-fifa-sans-aubameyang-la-liste-du-gabon-contre-le-senegal-et-la-guinee-bissau-2"},"wordCount":377,"commentCount":0,"image":{"@id":"https:\/\/www.africa-press.net\/senegal\/sports\/journee-fifa-sans-aubameyang-la-liste-du-gabon-contre-le-senegal-et-la-guinee-bissau-2#primaryimage"},"thumbnailUrl":"https:\/\/static.africa-press.net\/senegal\/sites\/13\/2024\/03\/sm_1709988066.459742.jpg","keywords":["Africa Press","Africa Press-Senegal","Senegal"],"articleSection":["Sports","Toutes les actualit\u00e9s"],"inLanguage":"fr-FR","potentialAction":[{"@type":"CommentAction","name":"Comment","target":["https:\/\/www.africa-press.net\/senegal\/sports\/journee-fifa-sans-aubameyang-la-liste-du-gabon-contre-le-senegal-et-la-guinee-bissau-2#respond"]}]},{"@type":"WebPage","@id":"https:\/\/www.africa-press.net\/senegal\/sports\/journee-fifa-sans-aubameyang-la-liste-du-gabon-contre-le-senegal-et-la-guinee-bissau-2","url":"https:\/\/www.africa-press.net\/senegal\/sports\/journee-fifa-sans-aubameyang-la-liste-du-gabon-contre-le-senegal-et-la-guinee-bissau-2","name":"Journ\u00e9e FIFA: sans Aubameyang, la liste du Gabon contre le S\u00e9n\u00e9gal et la Guin\u00e9e-Bissau - Senegal","isPartOf":{"@id":"https:\/\/www.africa-press.net\/senegal\/#website"},"primaryImageOfPage":{"@id":"https:\/\/www.africa-press.net\/senegal\/sports\/journee-fifa-sans-aubameyang-la-liste-du-gabon-contre-le-senegal-et-la-guinee-bissau-2#primaryimage"},"image":{"@id":"https:\/\/www.africa-press.net\/senegal\/sports\/journee-fifa-sans-aubameyang-la-liste-du-gabon-contre-le-senegal-et-la-guinee-bissau-2#primaryimage"},"thumbnailUrl":"https:\/\/static.africa-press.net\/senegal\/sites\/13\/2024\/03\/sm_1709988066.459742.jpg","datePublished":"2024-03-09T16:00:29+00:00","dateModified":"2024-03-09T17:12:10+00:00","author":{"@id":"https:\/\/www.africa-press.net\/senegal\/#\/schema\/person\/2b1cf3cd81a31e3cd26889ca66d677f1"},"description":"Le se\u0301lectionneur national du Gabon, Thierry Mouyouma, a publie\u0301 sa liste des joueurs retenus pour les rencontres amical ...","breadcrumb":{"@id":"https:\/\/www.africa-press.net\/senegal\/sports\/journee-fifa-sans-aubameyang-la-liste-du-gabon-contre-le-senegal-et-la-guinee-bissau-2#breadcrumb"},"inLanguage":"fr-FR","potentialAction":[{"@type":"ReadAction","target":["https:\/\/www.africa-press.net\/senegal\/sports\/journee-fifa-sans-aubameyang-la-liste-du-gabon-contre-le-senegal-et-la-guinee-bissau-2"]}]},{"@type":"ImageObject","inLanguage":"fr-FR","@id":"https:\/\/www.africa-press.net\/senegal\/sports\/journee-fifa-sans-aubameyang-la-liste-du-gabon-contre-le-senegal-et-la-guinee-bissau-2#primaryimage","url":"https:\/\/static.africa-press.net\/senegal\/sites\/13\/2024\/03\/sm_1709988066.459742.jpg","contentUrl":"https:\/\/static.africa-press.net\/senegal\/sites\/13\/2024\/03\/sm_1709988066.459742.jpg","width":1224,"height":792,"caption":"Journ\u00e9e FIFA: sans Aubameyang, la liste du Gabon contre le S\u00e9n\u00e9gal et la Guin\u00e9e-Bissau"},{"@type":"BreadcrumbList","@id":"https:\/\/www.africa-press.net\/senegal\/sports\/journee-fifa-sans-aubameyang-la-liste-du-gabon-contre-le-senegal-et-la-guinee-bissau-2#breadcrumb","itemListElement":[{"@type":"ListItem","position":1,"name":"Accueil","item":"https:\/\/www.africa-press.net\/senegal\/"},{"@type":"ListItem","position":2,"name":"Journ\u00e9e FIFA: sans Aubameyang, la liste du Gabon contre le S\u00e9n\u00e9gal et la Guin\u00e9e-Bissau"}]},{"@type":"WebSite","@id":"https:\/\/www.africa-press.net\/senegal\/#website","url":"https:\/\/www.africa-press.net\/senegal\/","name":"Africa Press | Senegal | Homepage","description":"Just another Africa News Agency Sites site","potentialAction":[{"@type":"SearchAction","target":{"@type":"EntryPoint","urlTemplate":"https:\/\/www.africa-press.net\/senegal\/?s={search_term_string}"},"query-input":{"@type":"PropertyValueSpecification","valueRequired":true,"valueName":"search_term_string"}}],"inLanguage":"fr-FR"},{"@type":"Person","@id":"https:\/\/www.africa-press.net\/senegal\/#\/schema\/person\/2b1cf3cd81a31e3cd26889ca66d677f1","name":"cfeditorfr","url":"https:\/\/www.africa-press.net\/senegal\/author\/cfeditorfr"}]}},"_links":{"self":[{"href":"https:\/\/www.africa-press.net\/senegal\/wp-json\/wp\/v2\/posts\/56499","targetHints":{"allow":["GET"]}}],"collection":[{"href":"https:\/\/www.africa-press.net\/senegal\/wp-json\/wp\/v2\/posts"}],"about":[{"href":"https:\/\/www.africa-press.net\/senegal\/wp-json\/wp\/v2\/types\/post"}],"author":[{"embeddable":true,"href":"https:\/\/www.africa-press.net\/senegal\/wp-json\/wp\/v2\/users\/82"}],"replies":[{"embeddable":true,"href":"https:\/\/www.africa-press.net\/senegal\/wp-json\/wp\/v2\/comments?post=56499"}],"version-history":[{"count":0,"href":"https:\/\/www.africa-press.net\/senegal\/wp-json\/wp\/v2\/posts\/56499\/revisions"}],"wp:featuredmedia":[{"embeddable":true,"href":"https:\/\/www.africa-press.net\/senegal\/wp-json\/wp\/v2\/media\/56498"}],"wp:attachment":[{"href":"https:\/\/www.africa-press.net\/senegal\/wp-json\/wp\/v2\/media?parent=56499"}],"wp:term":[{"taxonomy":"category","embeddable":true,"href":"https:\/\/www.africa-press.net\/senegal\/wp-json\/wp\/v2\/categories?post=56499"},{"taxonomy":"post_tag","embeddable":true,"href":"https:\/\/www.africa-press.net\/senegal\/wp-json\/wp\/v2\/tags?post=56499"}],"curies":[{"name":"wp","href":"https:\/\/api.w.org\/{rel}","templated":true}]}}