{"id":56574,"date":"2024-03-10T20:40:05","date_gmt":"2024-03-10T20:40:05","guid":{"rendered":"https:\/\/www.africa-press.net\/senegal\/politique\/la-campagne-presidentielle-demarre-apres-la-formation-dun-nouveau-gouvernement-2"},"modified":"2024-03-11T01:47:12","modified_gmt":"2024-03-11T01:47:12","slug":"la-campagne-presidentielle-demarre-apres-la-formation-dun-nouveau-gouvernement-2","status":"publish","type":"post","link":"https:\/\/www.africa-press.net\/senegal\/politique\/la-campagne-presidentielle-demarre-apres-la-formation-dun-nouveau-gouvernement-2","title":{"rendered":"la campagne pr\u00e9sidentielle d\u00e9marre apr\u00e8s la formation d\u2019un nouveau gouvernement"},"content":{"rendered":"<p><span style=\"color: #ff6600\"><strong>Africa-Press &#8211; Senegal. <\/strong><\/span>Le Premier ministre se\u0301ne\u0301galais, Sidiki Kaba, a de\u0301voile\u0301, vendredi, la composition de son nouveau gouvernement qui compte 34 ministres. Le gouvernement sortant dirige\u0301 par Amadou Ba\u0302, candidat de la coalition au pouvoir a\u0300 l\u2019e\u0301lection pre\u0301sidentielle du 24 mars, en comptait 39. Le 9 mars, des candidats au premier tour ont lance\u0301 leur campagne.<\/p>\n<p>\u00ab\u00a0C\u2019est un gouvernement resserre\u0301, un gouvernement de mission d\u2019action et d\u2019urgence dans le contexte de la pre\u0301paration dans les meilleures conditions de l\u2019e\u0301lection pre\u0301sidentielle du 24 mars\u00a0\u00bb, a de\u0301clare\u0301 le Premier ministre apre\u0300s avoir de\u0301voile\u0301 le nouvel attelage gouvernemental.<\/p>\n<p>Mouhamadou Mokhtar Cisse\u0301, jusque-la\u0300 ancien directeur de cabinet du pre\u0301sident Macky Sall depuis octobre 2023, devient ministre de l&rsquo;Inte\u0301rieur.<\/p>\n<p>Il aura comme lourde responsabilite\u0301 l&rsquo;organisation de l&rsquo;e\u0301lection pre\u0301sidentielle du 24 mars. Mame Mbaye Ninag, ancien chef de cabinet e\u0301galement du pre\u0301sident Sall, devient ministre des Sports.<\/p>\n<p>Le poste est strate\u0301gique dans un pays ou\u0300 les jeunes de moins de 30 ans repre\u0301sentent un peu plus de 65% de la population totale du pays. Quant a\u0300 Annette Seck, elle remplace Samba Sy au poste de ministre du Travail. Pour le reste, aucun changement dans les ministe\u0300res re\u0301galiens.<\/p>\n<p>Ce gouvernement aura donc pour mission de ge\u0301rer les affaires courantes jusqu&rsquo;a\u0300 l&rsquo;arrive\u0301e d&rsquo;un nouveau pre\u0301sident.<\/p>\n<p>Le pre\u0301ce\u0301dent gouvernement a e\u0301te\u0301 dissous mercredi par Macky Sall afin de libe\u0301rer le Premier ministre Amadou Ba\u0302 en perspective de la pre\u0301sidentielle de 2024 pour laquelle il est le candidat de la coalition pre\u0301sidentielle.<\/p>\n<p>Sidiki Kaba a e\u0301te\u0301 nomme\u0301 Premier ministre le me\u0302me jour. Le scrutin qui devait se tenir initialement le 25 fe\u0301vrier, a e\u0301te\u0301 fixe\u0301 mercredi a\u0300 la date du 24 mars 2024. Dix-neuf candidats sont en lice pour la course au fauteuil pre\u0301sidentiel. La campagne e\u0301lectorale a de\u0301marre\u0301 ce samedi et prendra fin le 22 mars.<\/p>\n<p><b>Candidats<\/b><\/p>\n<p>Les Sages du Conseil constitutionnel avaient valide\u0301 19 candidatures a\u0300 cette pre\u0301sidentielle dont celles de l&rsquo;ex-Premier ministre, Amadou Ba, candidat de la coalition BBY (Benno Bokk Yakaar) au pouvoir, l&rsquo;ancien premier ministre, Idissa Seck, et l&rsquo;ancien maire de Dakar, Khalifa Sall et Dethie Fall, candidat de la Coalition \u00ab\u00a0De\u0301thie\u0301 Fall Pre\u0301sident\u00a0\u00bb.<\/p>\n<p>La date du scrutin a e\u0301te\u0301 fixe\u0301e apre\u0300s la de\u0301cision du Conseil constitutionnel d&rsquo;obliger l&rsquo;exe\u0301cutif a\u0300 organiser le vote avant la fin du mandat de l&rsquo;actuel chef de l&rsquo;Etat, Macky Sall, le 2 avril prochain.<\/p>\n<p><strong>Pour plus d&rsquo;informations et d&rsquo;analyses sur la <a href=\"https:\/\/www.africa-press.net\/senegal\">Senegal<\/a>, suivez <a href=\"https:\/\/www.africa-press.net\/\">Africa-Press<\/a><\/strong><\/p>\n","protected":false},"excerpt":{"rendered":"<p>Africa-Press &#8211; Senegal. Le Premier ministre se\u0301ne\u0301galais, Sidiki Kaba, a de\u0301voile\u0301, vendredi, la composition de son nouveau gouvernement qui compte 34 ministres. Le gouvernement sortant dirige\u0301 par Amadou Ba\u0302, candidat de la coalition au pouvoir a\u0300 l\u2019e\u0301lection pre\u0301sidentielle du 24 mars, en comptait 39. Le 9 mars, des candidats au premier tour ont lance\u0301 leur [&hellip;]<\/p>\n","protected":false},"author":82,"featured_media":56573,"comment_status":"open","ping_status":"closed","sticky":false,"template":"","format":"standard","meta":{"footnotes":""},"categories":[2,20,10],"tags":[43,47,44],"class_list":["post-56574","post","type-post","status-publish","format-standard","has-post-thumbnail","hentry","category-politique","category-top-nouvelles","category-toutes-les-actualites","tag-africa-press-2","tag-africa-press-senegal","tag-senegal-2"],"yoast_head":"<!-- This site is optimized with the Yoast SEO Premium plugin v26.1 (Yoast SEO v27.0) - https:\/\/yoast.com\/product\/yoast-seo-premium-wordpress\/ -->\n<title>la campagne pr\u00e9sidentielle d\u00e9marre apr\u00e8s la formation d\u2019un nouveau gouvernement - Senegal<\/title>\n<meta name=\"description\" content=\"Le Premier ministre se\u0301ne\u0301galais, Sidiki Kaba, a de\u0301voile\u0301, vendredi, la composition de son nouveau gouvernement qui com ...\" \/>\n<meta name=\"robots\" content=\"index, follow, max-snippet:-1, max-image-preview:large, max-video-preview:-1\" \/>\n<link rel=\"canonical\" href=\"https:\/\/www.africa-press.net\/senegal\/politique\/la-campagne-presidentielle-demarre-apres-la-formation-dun-nouveau-gouvernement-2\" \/>\n<meta property=\"og:locale\" content=\"fr_FR\" \/>\n<meta property=\"og:type\" content=\"article\" \/>\n<meta property=\"og:title\" content=\"la campagne pr\u00e9sidentielle d\u00e9marre apr\u00e8s la formation d\u2019un nouveau gouvernement\" \/>\n<meta property=\"og:description\" content=\"Le Premier ministre se\u0301ne\u0301galais, Sidiki Kaba, a de\u0301voile\u0301, vendredi, la composition de son nouveau gouvernement qui com ...\" \/>\n<meta property=\"og:url\" content=\"https:\/\/www.africa-press.net\/senegal\/politique\/la-campagne-presidentielle-demarre-apres-la-formation-dun-nouveau-gouvernement-2\" \/>\n<meta property=\"og:site_name\" content=\"Senegal\" \/>\n<meta property=\"article:published_time\" content=\"2024-03-10T20:40:05+00:00\" \/>\n<meta property=\"article:modified_time\" content=\"2024-03-11T01:47:12+00:00\" \/>\n<meta property=\"og:image\" content=\"https:\/\/static.africa-press.net\/senegal\/sites\/13\/2024\/03\/sm_1710105218.224378.jpg\" \/>\n\t<meta property=\"og:image:width\" content=\"800\" \/>\n\t<meta property=\"og:image:height\" content=\"533\" \/>\n\t<meta property=\"og:image:type\" content=\"image\/jpeg\" \/>\n<meta name=\"author\" content=\"cfeditorfr\" \/>\n<meta name=\"twitter:card\" content=\"summary_large_image\" \/>\n<meta name=\"twitter:label1\" content=\"\u00c9crit par\" \/>\n\t<meta name=\"twitter:data1\" content=\"cfeditorfr\" \/>\n\t<meta name=\"twitter:label2\" content=\"Dur\u00e9e de lecture estim\u00e9e\" \/>\n\t<meta name=\"twitter:data2\" content=\"3 minutes\" \/>\n<script type=\"application\/ld+json\" class=\"yoast-schema-graph\">{\"@context\":\"https:\/\/schema.org\",\"@graph\":[{\"@type\":\"Article\",\"@id\":\"https:\/\/www.africa-press.net\/senegal\/politique\/la-campagne-presidentielle-demarre-apres-la-formation-dun-nouveau-gouvernement-2#article\",\"isPartOf\":{\"@id\":\"https:\/\/www.africa-press.net\/senegal\/politique\/la-campagne-presidentielle-demarre-apres-la-formation-dun-nouveau-gouvernement-2\"},\"author\":{\"name\":\"cfeditorfr\",\"@id\":\"https:\/\/www.africa-press.net\/senegal\/#\/schema\/person\/2b1cf3cd81a31e3cd26889ca66d677f1\"},\"headline\":\"la campagne pr\u00e9sidentielle d\u00e9marre apr\u00e8s la formation d\u2019un nouveau gouvernement\",\"datePublished\":\"2024-03-10T20:40:05+00:00\",\"dateModified\":\"2024-03-11T01:47:12+00:00\",\"mainEntityOfPage\":{\"@id\":\"https:\/\/www.africa-press.net\/senegal\/politique\/la-campagne-presidentielle-demarre-apres-la-formation-dun-nouveau-gouvernement-2\"},\"wordCount\":457,\"commentCount\":0,\"image\":{\"@id\":\"https:\/\/www.africa-press.net\/senegal\/politique\/la-campagne-presidentielle-demarre-apres-la-formation-dun-nouveau-gouvernement-2#primaryimage\"},\"thumbnailUrl\":\"https:\/\/static.africa-press.net\/senegal\/sites\/13\/2024\/03\/sm_1710105218.224378.jpg\",\"keywords\":[\"Africa Press\",\"Africa Press-Senegal\",\"Senegal\"],\"articleSection\":[\"Politique\",\"Top Nouvelles\",\"Toutes les actualit\u00e9s\"],\"inLanguage\":\"fr-FR\",\"potentialAction\":[{\"@type\":\"CommentAction\",\"name\":\"Comment\",\"target\":[\"https:\/\/www.africa-press.net\/senegal\/politique\/la-campagne-presidentielle-demarre-apres-la-formation-dun-nouveau-gouvernement-2#respond\"]}]},{\"@type\":\"WebPage\",\"@id\":\"https:\/\/www.africa-press.net\/senegal\/politique\/la-campagne-presidentielle-demarre-apres-la-formation-dun-nouveau-gouvernement-2\",\"url\":\"https:\/\/www.africa-press.net\/senegal\/politique\/la-campagne-presidentielle-demarre-apres-la-formation-dun-nouveau-gouvernement-2\",\"name\":\"la campagne pr\u00e9sidentielle d\u00e9marre apr\u00e8s la formation d\u2019un nouveau gouvernement - Senegal\",\"isPartOf\":{\"@id\":\"https:\/\/www.africa-press.net\/senegal\/#website\"},\"primaryImageOfPage\":{\"@id\":\"https:\/\/www.africa-press.net\/senegal\/politique\/la-campagne-presidentielle-demarre-apres-la-formation-dun-nouveau-gouvernement-2#primaryimage\"},\"image\":{\"@id\":\"https:\/\/www.africa-press.net\/senegal\/politique\/la-campagne-presidentielle-demarre-apres-la-formation-dun-nouveau-gouvernement-2#primaryimage\"},\"thumbnailUrl\":\"https:\/\/static.africa-press.net\/senegal\/sites\/13\/2024\/03\/sm_1710105218.224378.jpg\",\"datePublished\":\"2024-03-10T20:40:05+00:00\",\"dateModified\":\"2024-03-11T01:47:12+00:00\",\"author\":{\"@id\":\"https:\/\/www.africa-press.net\/senegal\/#\/schema\/person\/2b1cf3cd81a31e3cd26889ca66d677f1\"},\"description\":\"Le Premier ministre se\u0301ne\u0301galais, Sidiki Kaba, a de\u0301voile\u0301, vendredi, la composition de son nouveau gouvernement qui com ...\",\"breadcrumb\":{\"@id\":\"https:\/\/www.africa-press.net\/senegal\/politique\/la-campagne-presidentielle-demarre-apres-la-formation-dun-nouveau-gouvernement-2#breadcrumb\"},\"inLanguage\":\"fr-FR\",\"potentialAction\":[{\"@type\":\"ReadAction\",\"target\":[\"https:\/\/www.africa-press.net\/senegal\/politique\/la-campagne-presidentielle-demarre-apres-la-formation-dun-nouveau-gouvernement-2\"]}]},{\"@type\":\"ImageObject\",\"inLanguage\":\"fr-FR\",\"@id\":\"https:\/\/www.africa-press.net\/senegal\/politique\/la-campagne-presidentielle-demarre-apres-la-formation-dun-nouveau-gouvernement-2#primaryimage\",\"url\":\"https:\/\/static.africa-press.net\/senegal\/sites\/13\/2024\/03\/sm_1710105218.224378.jpg\",\"contentUrl\":\"https:\/\/static.africa-press.net\/senegal\/sites\/13\/2024\/03\/sm_1710105218.224378.jpg\",\"width\":800,\"height\":533,\"caption\":\"la campagne pr\u00e9sidentielle d\u00e9marre apr\u00e8s la formation d\u2019un nouveau gouvernement\"},{\"@type\":\"BreadcrumbList\",\"@id\":\"https:\/\/www.africa-press.net\/senegal\/politique\/la-campagne-presidentielle-demarre-apres-la-formation-dun-nouveau-gouvernement-2#breadcrumb\",\"itemListElement\":[{\"@type\":\"ListItem\",\"position\":1,\"name\":\"Accueil\",\"item\":\"https:\/\/www.africa-press.net\/senegal\/\"},{\"@type\":\"ListItem\",\"position\":2,\"name\":\"la campagne pr\u00e9sidentielle d\u00e9marre apr\u00e8s la formation d\u2019un nouveau gouvernement\"}]},{\"@type\":\"WebSite\",\"@id\":\"https:\/\/www.africa-press.net\/senegal\/#website\",\"url\":\"https:\/\/www.africa-press.net\/senegal\/\",\"name\":\"Africa Press | Senegal | Homepage\",\"description\":\"Just another Africa News Agency Sites site\",\"potentialAction\":[{\"@type\":\"SearchAction\",\"target\":{\"@type\":\"EntryPoint\",\"urlTemplate\":\"https:\/\/www.africa-press.net\/senegal\/?s={search_term_string}\"},\"query-input\":{\"@type\":\"PropertyValueSpecification\",\"valueRequired\":true,\"valueName\":\"search_term_string\"}}],\"inLanguage\":\"fr-FR\"},{\"@type\":\"Person\",\"@id\":\"https:\/\/www.africa-press.net\/senegal\/#\/schema\/person\/2b1cf3cd81a31e3cd26889ca66d677f1\",\"name\":\"cfeditorfr\",\"url\":\"https:\/\/www.africa-press.net\/senegal\/author\/cfeditorfr\"}]}<\/script>\n<!-- \/ Yoast SEO Premium plugin. -->","yoast_head_json":{"title":"la campagne pr\u00e9sidentielle d\u00e9marre apr\u00e8s la formation d\u2019un nouveau gouvernement - Senegal","description":"Le Premier ministre se\u0301ne\u0301galais, Sidiki Kaba, a de\u0301voile\u0301, vendredi, la composition de son nouveau gouvernement qui com ...","robots":{"index":"index","follow":"follow","max-snippet":"max-snippet:-1","max-image-preview":"max-image-preview:large","max-video-preview":"max-video-preview:-1"},"canonical":"https:\/\/www.africa-press.net\/senegal\/politique\/la-campagne-presidentielle-demarre-apres-la-formation-dun-nouveau-gouvernement-2","og_locale":"fr_FR","og_type":"article","og_title":"la campagne pr\u00e9sidentielle d\u00e9marre apr\u00e8s la formation d\u2019un nouveau gouvernement","og_description":"Le Premier ministre se\u0301ne\u0301galais, Sidiki Kaba, a de\u0301voile\u0301, vendredi, la composition de son nouveau gouvernement qui com ...","og_url":"https:\/\/www.africa-press.net\/senegal\/politique\/la-campagne-presidentielle-demarre-apres-la-formation-dun-nouveau-gouvernement-2","og_site_name":"Senegal","article_published_time":"2024-03-10T20:40:05+00:00","article_modified_time":"2024-03-11T01:47:12+00:00","og_image":[{"width":800,"height":533,"url":"https:\/\/static.africa-press.net\/senegal\/sites\/13\/2024\/03\/sm_1710105218.224378.jpg","type":"image\/jpeg"}],"author":"cfeditorfr","twitter_card":"summary_large_image","twitter_misc":{"\u00c9crit par":"cfeditorfr","Dur\u00e9e de lecture estim\u00e9e":"3 minutes"},"schema":{"@context":"https:\/\/schema.org","@graph":[{"@type":"Article","@id":"https:\/\/www.africa-press.net\/senegal\/politique\/la-campagne-presidentielle-demarre-apres-la-formation-dun-nouveau-gouvernement-2#article","isPartOf":{"@id":"https:\/\/www.africa-press.net\/senegal\/politique\/la-campagne-presidentielle-demarre-apres-la-formation-dun-nouveau-gouvernement-2"},"author":{"name":"cfeditorfr","@id":"https:\/\/www.africa-press.net\/senegal\/#\/schema\/person\/2b1cf3cd81a31e3cd26889ca66d677f1"},"headline":"la campagne pr\u00e9sidentielle d\u00e9marre apr\u00e8s la formation d\u2019un nouveau gouvernement","datePublished":"2024-03-10T20:40:05+00:00","dateModified":"2024-03-11T01:47:12+00:00","mainEntityOfPage":{"@id":"https:\/\/www.africa-press.net\/senegal\/politique\/la-campagne-presidentielle-demarre-apres-la-formation-dun-nouveau-gouvernement-2"},"wordCount":457,"commentCount":0,"image":{"@id":"https:\/\/www.africa-press.net\/senegal\/politique\/la-campagne-presidentielle-demarre-apres-la-formation-dun-nouveau-gouvernement-2#primaryimage"},"thumbnailUrl":"https:\/\/static.africa-press.net\/senegal\/sites\/13\/2024\/03\/sm_1710105218.224378.jpg","keywords":["Africa Press","Africa Press-Senegal","Senegal"],"articleSection":["Politique","Top Nouvelles","Toutes les actualit\u00e9s"],"inLanguage":"fr-FR","potentialAction":[{"@type":"CommentAction","name":"Comment","target":["https:\/\/www.africa-press.net\/senegal\/politique\/la-campagne-presidentielle-demarre-apres-la-formation-dun-nouveau-gouvernement-2#respond"]}]},{"@type":"WebPage","@id":"https:\/\/www.africa-press.net\/senegal\/politique\/la-campagne-presidentielle-demarre-apres-la-formation-dun-nouveau-gouvernement-2","url":"https:\/\/www.africa-press.net\/senegal\/politique\/la-campagne-presidentielle-demarre-apres-la-formation-dun-nouveau-gouvernement-2","name":"la campagne pr\u00e9sidentielle d\u00e9marre apr\u00e8s la formation d\u2019un nouveau gouvernement - Senegal","isPartOf":{"@id":"https:\/\/www.africa-press.net\/senegal\/#website"},"primaryImageOfPage":{"@id":"https:\/\/www.africa-press.net\/senegal\/politique\/la-campagne-presidentielle-demarre-apres-la-formation-dun-nouveau-gouvernement-2#primaryimage"},"image":{"@id":"https:\/\/www.africa-press.net\/senegal\/politique\/la-campagne-presidentielle-demarre-apres-la-formation-dun-nouveau-gouvernement-2#primaryimage"},"thumbnailUrl":"https:\/\/static.africa-press.net\/senegal\/sites\/13\/2024\/03\/sm_1710105218.224378.jpg","datePublished":"2024-03-10T20:40:05+00:00","dateModified":"2024-03-11T01:47:12+00:00","author":{"@id":"https:\/\/www.africa-press.net\/senegal\/#\/schema\/person\/2b1cf3cd81a31e3cd26889ca66d677f1"},"description":"Le Premier ministre se\u0301ne\u0301galais, Sidiki Kaba, a de\u0301voile\u0301, vendredi, la composition de son nouveau gouvernement qui com ...","breadcrumb":{"@id":"https:\/\/www.africa-press.net\/senegal\/politique\/la-campagne-presidentielle-demarre-apres-la-formation-dun-nouveau-gouvernement-2#breadcrumb"},"inLanguage":"fr-FR","potentialAction":[{"@type":"ReadAction","target":["https:\/\/www.africa-press.net\/senegal\/politique\/la-campagne-presidentielle-demarre-apres-la-formation-dun-nouveau-gouvernement-2"]}]},{"@type":"ImageObject","inLanguage":"fr-FR","@id":"https:\/\/www.africa-press.net\/senegal\/politique\/la-campagne-presidentielle-demarre-apres-la-formation-dun-nouveau-gouvernement-2#primaryimage","url":"https:\/\/static.africa-press.net\/senegal\/sites\/13\/2024\/03\/sm_1710105218.224378.jpg","contentUrl":"https:\/\/static.africa-press.net\/senegal\/sites\/13\/2024\/03\/sm_1710105218.224378.jpg","width":800,"height":533,"caption":"la campagne pr\u00e9sidentielle d\u00e9marre apr\u00e8s la formation d\u2019un nouveau gouvernement"},{"@type":"BreadcrumbList","@id":"https:\/\/www.africa-press.net\/senegal\/politique\/la-campagne-presidentielle-demarre-apres-la-formation-dun-nouveau-gouvernement-2#breadcrumb","itemListElement":[{"@type":"ListItem","position":1,"name":"Accueil","item":"https:\/\/www.africa-press.net\/senegal\/"},{"@type":"ListItem","position":2,"name":"la campagne pr\u00e9sidentielle d\u00e9marre apr\u00e8s la formation d\u2019un nouveau gouvernement"}]},{"@type":"WebSite","@id":"https:\/\/www.africa-press.net\/senegal\/#website","url":"https:\/\/www.africa-press.net\/senegal\/","name":"Africa Press | Senegal | Homepage","description":"Just another Africa News Agency Sites site","potentialAction":[{"@type":"SearchAction","target":{"@type":"EntryPoint","urlTemplate":"https:\/\/www.africa-press.net\/senegal\/?s={search_term_string}"},"query-input":{"@type":"PropertyValueSpecification","valueRequired":true,"valueName":"search_term_string"}}],"inLanguage":"fr-FR"},{"@type":"Person","@id":"https:\/\/www.africa-press.net\/senegal\/#\/schema\/person\/2b1cf3cd81a31e3cd26889ca66d677f1","name":"cfeditorfr","url":"https:\/\/www.africa-press.net\/senegal\/author\/cfeditorfr"}]}},"_links":{"self":[{"href":"https:\/\/www.africa-press.net\/senegal\/wp-json\/wp\/v2\/posts\/56574","targetHints":{"allow":["GET"]}}],"collection":[{"href":"https:\/\/www.africa-press.net\/senegal\/wp-json\/wp\/v2\/posts"}],"about":[{"href":"https:\/\/www.africa-press.net\/senegal\/wp-json\/wp\/v2\/types\/post"}],"author":[{"embeddable":true,"href":"https:\/\/www.africa-press.net\/senegal\/wp-json\/wp\/v2\/users\/82"}],"replies":[{"embeddable":true,"href":"https:\/\/www.africa-press.net\/senegal\/wp-json\/wp\/v2\/comments?post=56574"}],"version-history":[{"count":0,"href":"https:\/\/www.africa-press.net\/senegal\/wp-json\/wp\/v2\/posts\/56574\/revisions"}],"wp:featuredmedia":[{"embeddable":true,"href":"https:\/\/www.africa-press.net\/senegal\/wp-json\/wp\/v2\/media\/56573"}],"wp:attachment":[{"href":"https:\/\/www.africa-press.net\/senegal\/wp-json\/wp\/v2\/media?parent=56574"}],"wp:term":[{"taxonomy":"category","embeddable":true,"href":"https:\/\/www.africa-press.net\/senegal\/wp-json\/wp\/v2\/categories?post=56574"},{"taxonomy":"post_tag","embeddable":true,"href":"https:\/\/www.africa-press.net\/senegal\/wp-json\/wp\/v2\/tags?post=56574"}],"curies":[{"name":"wp","href":"https:\/\/api.w.org\/{rel}","templated":true}]}}