{"id":56637,"date":"2024-03-11T20:37:48","date_gmt":"2024-03-11T20:37:48","guid":{"rendered":"https:\/\/www.africa-press.net\/senegal\/politique\/presidentielle-au-senegal-la-campagne-electorale-reprend-pour-le-24-mars"},"modified":"2024-03-12T02:03:04","modified_gmt":"2024-03-12T02:03:04","slug":"presidentielle-au-senegal-la-campagne-electorale-reprend-pour-le-24-mars","status":"publish","type":"post","link":"https:\/\/www.africa-press.net\/senegal\/politique\/presidentielle-au-senegal-la-campagne-electorale-reprend-pour-le-24-mars","title":{"rendered":"Pr\u00e9sidentielle au S\u00e9n\u00e9gal : la campagne \u00e9lectorale reprend pour le 24 mars"},"content":{"rendered":"<p><span style=\"color: #ff6600\"><strong>Africa-Press &#8211; Senegal. <\/strong><\/span>Au Se\u0301ne\u0301gal, la campagne e\u0301lectorale pour la pre\u0301sidentielle du 24 mars a e\u0301te\u0301 lance\u0301e samedi. Et c\u2019est a\u0300 pas de course que les 19 candidats en lice vont tenter de rallier les e\u0301lecteurs a\u0300 leur cause. La campagne se de\u0301roulant en 12 jours au lieu de 21 jours comme le veut le code e\u0301lectoral se\u0301ne\u0301galais.<\/p>\n<p>Le candidat Khalifa Sall, est de\u0301ja\u0300 dans l\u2019are\u0300ne. Les membres de sa coalition appellent au changement.<\/p>\n<p>\u00ab\u00a0Nous voulons aller vers une rupture (avec des pratiques politiques comme celles du pre\u0301sident se\u0301ne\u0301galais Macky Sall), mais une rupture dans la se\u0301re\u0301nite\u0301 et la tranquillite\u0301, pour faire en sorte que tout ce qui se passe au Se\u0301ne\u0301gal depuis (un certain temps) ne puisse plus se passer, et pour cela, Khalia (Sall) est l&rsquo;homme de la situation.\u00a0\u00bb, explique Moussa Tine, membre de la coalition soutenant la candidature de Khalifa Sall.<\/p>\n<p>Autre pre\u0301tendant a\u0300 la succession de Macky Sall, Bassirou Diomaye Faye. Proble\u0300me, le porte-e\u0301tendard de l\u2019ex-parti d\u2019Ousmane Sonko, le PASTEF, est prison depuis pre\u0300s d\u2019un an. En attendant sa libe\u0301ration gra\u0302ce a\u0300 la nouvelle loi d\u2019amnistie, ce sont ses partisans qui de\u0301clinent le Se\u0301ne\u0301gal de leurs re\u0302ves.<\/p>\n<p>\u00ab\u00a0Nous voulons une vie moins che\u0300re, nous voulons une vraie de\u0301mocratie, nous voulons la liberte\u0301 d&rsquo;expression, nous voulons la liberte\u0301 d&rsquo;opinion. Nous voulons tout simplement un pays ou\u0300 chacun exprime sa volonte\u0301 sans craindre la force de l&rsquo;Etat\u00a0\u00bb, a de\u0301clare\u0301 Birame Souleye Diop, repre\u0301sentant du candidat Bassirou Diomaye Faye.<\/p>\n<p>C\u2019est le 25 fe\u0301vrier que les se\u0301ne\u0301galais devraient se rendre aux urnes. Mais le scrutin avait e\u0301te\u0301 reporte\u0301 par le pre\u0301sident sortant Macky Sall.<\/p>\n<p>\u00ab\u00a0Gra\u0302ce a\u0300 la mobilisation du peuple se\u0301ne\u0301galais dans toutes ses composantes, nous avons pu obtenir aujourd&rsquo;hui une journe\u0301e e\u0301lectorale a\u0300 ce\u0301le\u0301brer.\u00a0\u00bb, se fe\u0301licite Aminata Toure\u0301, ancien Premiere ministre et membre de la campagne e\u0301lectorale de Diomaye Faye.<\/p>\n<p>Le glissement du calendrier e\u0301lectoral a plonge\u0301 le Se\u0301ne\u0301gal dans la crise. Un report retoque\u0301 par le conseil constitutionnel qui a impose\u0301 la tenue du scrutin avant la fin du mandat de Macky Sall.<\/p>\n<p><strong>Pour plus d&rsquo;informations et d&rsquo;analyses sur la <a href=\"https:\/\/www.africa-press.net\/senegal\">Senegal<\/a>, suivez <a href=\"https:\/\/www.africa-press.net\/\">Africa-Press<\/a><\/strong><\/p>\n","protected":false},"excerpt":{"rendered":"<p>Africa-Press &#8211; Senegal. Au Se\u0301ne\u0301gal, la campagne e\u0301lectorale pour la pre\u0301sidentielle du 24 mars a e\u0301te\u0301 lance\u0301e samedi. Et c\u2019est a\u0300 pas de course que les 19 candidats en lice vont tenter de rallier les e\u0301lecteurs a\u0300 leur cause. La campagne se de\u0301roulant en 12 jours au lieu de 21 jours comme le veut le [&hellip;]<\/p>\n","protected":false},"author":82,"featured_media":56636,"comment_status":"open","ping_status":"closed","sticky":false,"template":"","format":"standard","meta":{"footnotes":""},"categories":[2,20,10],"tags":[43,47,44],"class_list":["post-56637","post","type-post","status-publish","format-standard","has-post-thumbnail","hentry","category-politique","category-top-nouvelles","category-toutes-les-actualites","tag-africa-press-2","tag-africa-press-senegal","tag-senegal-2"],"yoast_head":"<!-- This site is optimized with the Yoast SEO Premium plugin v26.1 (Yoast SEO v27.0) - https:\/\/yoast.com\/product\/yoast-seo-premium-wordpress\/ -->\n<title>Pr\u00e9sidentielle au S\u00e9n\u00e9gal : la campagne \u00e9lectorale reprend pour le 24 mars - Senegal<\/title>\n<meta name=\"description\" content=\"Au Se\u0301ne\u0301gal, la campagne e\u0301lectorale pour la pre\u0301sidentielle du 24 mars a e\u0301te\u0301 lance\u0301e samedi. Et c\u2019est a\u0300 pas de cour ...\" \/>\n<meta name=\"robots\" content=\"index, follow, max-snippet:-1, max-image-preview:large, max-video-preview:-1\" \/>\n<link rel=\"canonical\" href=\"https:\/\/www.africa-press.net\/senegal\/politique\/presidentielle-au-senegal-la-campagne-electorale-reprend-pour-le-24-mars\" \/>\n<meta property=\"og:locale\" content=\"fr_FR\" \/>\n<meta property=\"og:type\" content=\"article\" \/>\n<meta property=\"og:title\" content=\"Pr\u00e9sidentielle au S\u00e9n\u00e9gal : la campagne \u00e9lectorale reprend pour le 24 mars\" \/>\n<meta property=\"og:description\" content=\"Au Se\u0301ne\u0301gal, la campagne e\u0301lectorale pour la pre\u0301sidentielle du 24 mars a e\u0301te\u0301 lance\u0301e samedi. Et c\u2019est a\u0300 pas de cour ...\" \/>\n<meta property=\"og:url\" content=\"https:\/\/www.africa-press.net\/senegal\/politique\/presidentielle-au-senegal-la-campagne-electorale-reprend-pour-le-24-mars\" \/>\n<meta property=\"og:site_name\" content=\"Senegal\" \/>\n<meta property=\"article:published_time\" content=\"2024-03-11T20:37:48+00:00\" \/>\n<meta property=\"article:modified_time\" content=\"2024-03-12T02:03:04+00:00\" \/>\n<meta property=\"og:image\" content=\"https:\/\/static.africa-press.net\/senegal\/sites\/13\/2024\/03\/sm_1710192416.916067.jpg\" \/>\n\t<meta property=\"og:image:width\" content=\"1114\" \/>\n\t<meta property=\"og:image:height\" content=\"590\" \/>\n\t<meta property=\"og:image:type\" content=\"image\/jpeg\" \/>\n<meta name=\"author\" content=\"cfeditorfr\" \/>\n<meta name=\"twitter:card\" content=\"summary_large_image\" \/>\n<meta name=\"twitter:label1\" content=\"\u00c9crit par\" \/>\n\t<meta name=\"twitter:data1\" content=\"cfeditorfr\" \/>\n\t<meta name=\"twitter:label2\" content=\"Dur\u00e9e de lecture estim\u00e9e\" \/>\n\t<meta name=\"twitter:data2\" content=\"2 minutes\" \/>\n<script type=\"application\/ld+json\" class=\"yoast-schema-graph\">{\"@context\":\"https:\/\/schema.org\",\"@graph\":[{\"@type\":\"Article\",\"@id\":\"https:\/\/www.africa-press.net\/senegal\/politique\/presidentielle-au-senegal-la-campagne-electorale-reprend-pour-le-24-mars#article\",\"isPartOf\":{\"@id\":\"https:\/\/www.africa-press.net\/senegal\/politique\/presidentielle-au-senegal-la-campagne-electorale-reprend-pour-le-24-mars\"},\"author\":{\"name\":\"cfeditorfr\",\"@id\":\"https:\/\/www.africa-press.net\/senegal\/#\/schema\/person\/2b1cf3cd81a31e3cd26889ca66d677f1\"},\"headline\":\"Pr\u00e9sidentielle au S\u00e9n\u00e9gal : la campagne \u00e9lectorale reprend pour le 24 mars\",\"datePublished\":\"2024-03-11T20:37:48+00:00\",\"dateModified\":\"2024-03-12T02:03:04+00:00\",\"mainEntityOfPage\":{\"@id\":\"https:\/\/www.africa-press.net\/senegal\/politique\/presidentielle-au-senegal-la-campagne-electorale-reprend-pour-le-24-mars\"},\"wordCount\":418,\"commentCount\":0,\"image\":{\"@id\":\"https:\/\/www.africa-press.net\/senegal\/politique\/presidentielle-au-senegal-la-campagne-electorale-reprend-pour-le-24-mars#primaryimage\"},\"thumbnailUrl\":\"https:\/\/static.africa-press.net\/senegal\/sites\/13\/2024\/03\/sm_1710192416.916067.jpg\",\"keywords\":[\"Africa Press\",\"Africa Press-Senegal\",\"Senegal\"],\"articleSection\":[\"Politique\",\"Top Nouvelles\",\"Toutes les actualit\u00e9s\"],\"inLanguage\":\"fr-FR\",\"potentialAction\":[{\"@type\":\"CommentAction\",\"name\":\"Comment\",\"target\":[\"https:\/\/www.africa-press.net\/senegal\/politique\/presidentielle-au-senegal-la-campagne-electorale-reprend-pour-le-24-mars#respond\"]}]},{\"@type\":\"WebPage\",\"@id\":\"https:\/\/www.africa-press.net\/senegal\/politique\/presidentielle-au-senegal-la-campagne-electorale-reprend-pour-le-24-mars\",\"url\":\"https:\/\/www.africa-press.net\/senegal\/politique\/presidentielle-au-senegal-la-campagne-electorale-reprend-pour-le-24-mars\",\"name\":\"Pr\u00e9sidentielle au S\u00e9n\u00e9gal : la campagne \u00e9lectorale reprend pour le 24 mars - Senegal\",\"isPartOf\":{\"@id\":\"https:\/\/www.africa-press.net\/senegal\/#website\"},\"primaryImageOfPage\":{\"@id\":\"https:\/\/www.africa-press.net\/senegal\/politique\/presidentielle-au-senegal-la-campagne-electorale-reprend-pour-le-24-mars#primaryimage\"},\"image\":{\"@id\":\"https:\/\/www.africa-press.net\/senegal\/politique\/presidentielle-au-senegal-la-campagne-electorale-reprend-pour-le-24-mars#primaryimage\"},\"thumbnailUrl\":\"https:\/\/static.africa-press.net\/senegal\/sites\/13\/2024\/03\/sm_1710192416.916067.jpg\",\"datePublished\":\"2024-03-11T20:37:48+00:00\",\"dateModified\":\"2024-03-12T02:03:04+00:00\",\"author\":{\"@id\":\"https:\/\/www.africa-press.net\/senegal\/#\/schema\/person\/2b1cf3cd81a31e3cd26889ca66d677f1\"},\"description\":\"Au Se\u0301ne\u0301gal, la campagne e\u0301lectorale pour la pre\u0301sidentielle du 24 mars a e\u0301te\u0301 lance\u0301e samedi. Et c\u2019est a\u0300 pas de cour ...\",\"breadcrumb\":{\"@id\":\"https:\/\/www.africa-press.net\/senegal\/politique\/presidentielle-au-senegal-la-campagne-electorale-reprend-pour-le-24-mars#breadcrumb\"},\"inLanguage\":\"fr-FR\",\"potentialAction\":[{\"@type\":\"ReadAction\",\"target\":[\"https:\/\/www.africa-press.net\/senegal\/politique\/presidentielle-au-senegal-la-campagne-electorale-reprend-pour-le-24-mars\"]}]},{\"@type\":\"ImageObject\",\"inLanguage\":\"fr-FR\",\"@id\":\"https:\/\/www.africa-press.net\/senegal\/politique\/presidentielle-au-senegal-la-campagne-electorale-reprend-pour-le-24-mars#primaryimage\",\"url\":\"https:\/\/static.africa-press.net\/senegal\/sites\/13\/2024\/03\/sm_1710192416.916067.jpg\",\"contentUrl\":\"https:\/\/static.africa-press.net\/senegal\/sites\/13\/2024\/03\/sm_1710192416.916067.jpg\",\"width\":1114,\"height\":590,\"caption\":\"Pr\u00e9sidentielle au S\u00e9n\u00e9gal : la campagne \u00e9lectorale reprend pour le 24 mars\"},{\"@type\":\"BreadcrumbList\",\"@id\":\"https:\/\/www.africa-press.net\/senegal\/politique\/presidentielle-au-senegal-la-campagne-electorale-reprend-pour-le-24-mars#breadcrumb\",\"itemListElement\":[{\"@type\":\"ListItem\",\"position\":1,\"name\":\"Accueil\",\"item\":\"https:\/\/www.africa-press.net\/senegal\/\"},{\"@type\":\"ListItem\",\"position\":2,\"name\":\"Pr\u00e9sidentielle au S\u00e9n\u00e9gal : la campagne \u00e9lectorale reprend pour le 24 mars\"}]},{\"@type\":\"WebSite\",\"@id\":\"https:\/\/www.africa-press.net\/senegal\/#website\",\"url\":\"https:\/\/www.africa-press.net\/senegal\/\",\"name\":\"Africa Press | Senegal | Homepage\",\"description\":\"Just another Africa News Agency Sites site\",\"potentialAction\":[{\"@type\":\"SearchAction\",\"target\":{\"@type\":\"EntryPoint\",\"urlTemplate\":\"https:\/\/www.africa-press.net\/senegal\/?s={search_term_string}\"},\"query-input\":{\"@type\":\"PropertyValueSpecification\",\"valueRequired\":true,\"valueName\":\"search_term_string\"}}],\"inLanguage\":\"fr-FR\"},{\"@type\":\"Person\",\"@id\":\"https:\/\/www.africa-press.net\/senegal\/#\/schema\/person\/2b1cf3cd81a31e3cd26889ca66d677f1\",\"name\":\"cfeditorfr\",\"url\":\"https:\/\/www.africa-press.net\/senegal\/author\/cfeditorfr\"}]}<\/script>\n<!-- \/ Yoast SEO Premium plugin. -->","yoast_head_json":{"title":"Pr\u00e9sidentielle au S\u00e9n\u00e9gal : la campagne \u00e9lectorale reprend pour le 24 mars - Senegal","description":"Au Se\u0301ne\u0301gal, la campagne e\u0301lectorale pour la pre\u0301sidentielle du 24 mars a e\u0301te\u0301 lance\u0301e samedi. Et c\u2019est a\u0300 pas de cour ...","robots":{"index":"index","follow":"follow","max-snippet":"max-snippet:-1","max-image-preview":"max-image-preview:large","max-video-preview":"max-video-preview:-1"},"canonical":"https:\/\/www.africa-press.net\/senegal\/politique\/presidentielle-au-senegal-la-campagne-electorale-reprend-pour-le-24-mars","og_locale":"fr_FR","og_type":"article","og_title":"Pr\u00e9sidentielle au S\u00e9n\u00e9gal : la campagne \u00e9lectorale reprend pour le 24 mars","og_description":"Au Se\u0301ne\u0301gal, la campagne e\u0301lectorale pour la pre\u0301sidentielle du 24 mars a e\u0301te\u0301 lance\u0301e samedi. Et c\u2019est a\u0300 pas de cour ...","og_url":"https:\/\/www.africa-press.net\/senegal\/politique\/presidentielle-au-senegal-la-campagne-electorale-reprend-pour-le-24-mars","og_site_name":"Senegal","article_published_time":"2024-03-11T20:37:48+00:00","article_modified_time":"2024-03-12T02:03:04+00:00","og_image":[{"width":1114,"height":590,"url":"https:\/\/static.africa-press.net\/senegal\/sites\/13\/2024\/03\/sm_1710192416.916067.jpg","type":"image\/jpeg"}],"author":"cfeditorfr","twitter_card":"summary_large_image","twitter_misc":{"\u00c9crit par":"cfeditorfr","Dur\u00e9e de lecture estim\u00e9e":"2 minutes"},"schema":{"@context":"https:\/\/schema.org","@graph":[{"@type":"Article","@id":"https:\/\/www.africa-press.net\/senegal\/politique\/presidentielle-au-senegal-la-campagne-electorale-reprend-pour-le-24-mars#article","isPartOf":{"@id":"https:\/\/www.africa-press.net\/senegal\/politique\/presidentielle-au-senegal-la-campagne-electorale-reprend-pour-le-24-mars"},"author":{"name":"cfeditorfr","@id":"https:\/\/www.africa-press.net\/senegal\/#\/schema\/person\/2b1cf3cd81a31e3cd26889ca66d677f1"},"headline":"Pr\u00e9sidentielle au S\u00e9n\u00e9gal : la campagne \u00e9lectorale reprend pour le 24 mars","datePublished":"2024-03-11T20:37:48+00:00","dateModified":"2024-03-12T02:03:04+00:00","mainEntityOfPage":{"@id":"https:\/\/www.africa-press.net\/senegal\/politique\/presidentielle-au-senegal-la-campagne-electorale-reprend-pour-le-24-mars"},"wordCount":418,"commentCount":0,"image":{"@id":"https:\/\/www.africa-press.net\/senegal\/politique\/presidentielle-au-senegal-la-campagne-electorale-reprend-pour-le-24-mars#primaryimage"},"thumbnailUrl":"https:\/\/static.africa-press.net\/senegal\/sites\/13\/2024\/03\/sm_1710192416.916067.jpg","keywords":["Africa Press","Africa Press-Senegal","Senegal"],"articleSection":["Politique","Top Nouvelles","Toutes les actualit\u00e9s"],"inLanguage":"fr-FR","potentialAction":[{"@type":"CommentAction","name":"Comment","target":["https:\/\/www.africa-press.net\/senegal\/politique\/presidentielle-au-senegal-la-campagne-electorale-reprend-pour-le-24-mars#respond"]}]},{"@type":"WebPage","@id":"https:\/\/www.africa-press.net\/senegal\/politique\/presidentielle-au-senegal-la-campagne-electorale-reprend-pour-le-24-mars","url":"https:\/\/www.africa-press.net\/senegal\/politique\/presidentielle-au-senegal-la-campagne-electorale-reprend-pour-le-24-mars","name":"Pr\u00e9sidentielle au S\u00e9n\u00e9gal : la campagne \u00e9lectorale reprend pour le 24 mars - Senegal","isPartOf":{"@id":"https:\/\/www.africa-press.net\/senegal\/#website"},"primaryImageOfPage":{"@id":"https:\/\/www.africa-press.net\/senegal\/politique\/presidentielle-au-senegal-la-campagne-electorale-reprend-pour-le-24-mars#primaryimage"},"image":{"@id":"https:\/\/www.africa-press.net\/senegal\/politique\/presidentielle-au-senegal-la-campagne-electorale-reprend-pour-le-24-mars#primaryimage"},"thumbnailUrl":"https:\/\/static.africa-press.net\/senegal\/sites\/13\/2024\/03\/sm_1710192416.916067.jpg","datePublished":"2024-03-11T20:37:48+00:00","dateModified":"2024-03-12T02:03:04+00:00","author":{"@id":"https:\/\/www.africa-press.net\/senegal\/#\/schema\/person\/2b1cf3cd81a31e3cd26889ca66d677f1"},"description":"Au Se\u0301ne\u0301gal, la campagne e\u0301lectorale pour la pre\u0301sidentielle du 24 mars a e\u0301te\u0301 lance\u0301e samedi. Et c\u2019est a\u0300 pas de cour ...","breadcrumb":{"@id":"https:\/\/www.africa-press.net\/senegal\/politique\/presidentielle-au-senegal-la-campagne-electorale-reprend-pour-le-24-mars#breadcrumb"},"inLanguage":"fr-FR","potentialAction":[{"@type":"ReadAction","target":["https:\/\/www.africa-press.net\/senegal\/politique\/presidentielle-au-senegal-la-campagne-electorale-reprend-pour-le-24-mars"]}]},{"@type":"ImageObject","inLanguage":"fr-FR","@id":"https:\/\/www.africa-press.net\/senegal\/politique\/presidentielle-au-senegal-la-campagne-electorale-reprend-pour-le-24-mars#primaryimage","url":"https:\/\/static.africa-press.net\/senegal\/sites\/13\/2024\/03\/sm_1710192416.916067.jpg","contentUrl":"https:\/\/static.africa-press.net\/senegal\/sites\/13\/2024\/03\/sm_1710192416.916067.jpg","width":1114,"height":590,"caption":"Pr\u00e9sidentielle au S\u00e9n\u00e9gal : la campagne \u00e9lectorale reprend pour le 24 mars"},{"@type":"BreadcrumbList","@id":"https:\/\/www.africa-press.net\/senegal\/politique\/presidentielle-au-senegal-la-campagne-electorale-reprend-pour-le-24-mars#breadcrumb","itemListElement":[{"@type":"ListItem","position":1,"name":"Accueil","item":"https:\/\/www.africa-press.net\/senegal\/"},{"@type":"ListItem","position":2,"name":"Pr\u00e9sidentielle au S\u00e9n\u00e9gal : la campagne \u00e9lectorale reprend pour le 24 mars"}]},{"@type":"WebSite","@id":"https:\/\/www.africa-press.net\/senegal\/#website","url":"https:\/\/www.africa-press.net\/senegal\/","name":"Africa Press | Senegal | Homepage","description":"Just another Africa News Agency Sites site","potentialAction":[{"@type":"SearchAction","target":{"@type":"EntryPoint","urlTemplate":"https:\/\/www.africa-press.net\/senegal\/?s={search_term_string}"},"query-input":{"@type":"PropertyValueSpecification","valueRequired":true,"valueName":"search_term_string"}}],"inLanguage":"fr-FR"},{"@type":"Person","@id":"https:\/\/www.africa-press.net\/senegal\/#\/schema\/person\/2b1cf3cd81a31e3cd26889ca66d677f1","name":"cfeditorfr","url":"https:\/\/www.africa-press.net\/senegal\/author\/cfeditorfr"}]}},"_links":{"self":[{"href":"https:\/\/www.africa-press.net\/senegal\/wp-json\/wp\/v2\/posts\/56637","targetHints":{"allow":["GET"]}}],"collection":[{"href":"https:\/\/www.africa-press.net\/senegal\/wp-json\/wp\/v2\/posts"}],"about":[{"href":"https:\/\/www.africa-press.net\/senegal\/wp-json\/wp\/v2\/types\/post"}],"author":[{"embeddable":true,"href":"https:\/\/www.africa-press.net\/senegal\/wp-json\/wp\/v2\/users\/82"}],"replies":[{"embeddable":true,"href":"https:\/\/www.africa-press.net\/senegal\/wp-json\/wp\/v2\/comments?post=56637"}],"version-history":[{"count":0,"href":"https:\/\/www.africa-press.net\/senegal\/wp-json\/wp\/v2\/posts\/56637\/revisions"}],"wp:featuredmedia":[{"embeddable":true,"href":"https:\/\/www.africa-press.net\/senegal\/wp-json\/wp\/v2\/media\/56636"}],"wp:attachment":[{"href":"https:\/\/www.africa-press.net\/senegal\/wp-json\/wp\/v2\/media?parent=56637"}],"wp:term":[{"taxonomy":"category","embeddable":true,"href":"https:\/\/www.africa-press.net\/senegal\/wp-json\/wp\/v2\/categories?post=56637"},{"taxonomy":"post_tag","embeddable":true,"href":"https:\/\/www.africa-press.net\/senegal\/wp-json\/wp\/v2\/tags?post=56637"}],"curies":[{"name":"wp","href":"https:\/\/api.w.org\/{rel}","templated":true}]}}