{"id":56640,"date":"2024-03-11T20:57:30","date_gmt":"2024-03-11T20:57:30","guid":{"rendered":"https:\/\/www.africa-press.net\/senegal\/politique\/macky-sall-un-president-visionnaire-et-devoue-au-progres-du-senegal"},"modified":"2024-03-12T02:30:38","modified_gmt":"2024-03-12T02:30:38","slug":"macky-sall-un-president-visionnaire-et-devoue-au-progres-du-senegal","status":"publish","type":"post","link":"https:\/\/www.africa-press.net\/senegal\/politique\/macky-sall-un-president-visionnaire-et-devoue-au-progres-du-senegal","title":{"rendered":"Macky Sall : Un Pr\u00e9sident visionnaire et d\u00e9vou\u00e9 au progr\u00e8s du S\u00e9n\u00e9gal"},"content":{"rendered":"<p><span style=\"color: #ff6600\"><strong>Africa-Press &#8211; Senegal. <\/strong><\/span>Macky Sall restera un leader admire\u0301 et respecte\u0301 pour avoir place\u0301 le Se\u0301ne\u0301gal durablement sur la voie de l\u2019avenir, sa pre\u0301sidence ayant e\u0301te\u0301 marque\u0301e par une se\u0301rie d\u2019initiatives novatrices et de re\u0301formes audacieuses qui ont contribue\u0301 a\u0300 renforcer l\u2019e\u0301conomie et a\u0300 promouvoir le de\u0301veloppement social dans tout le pays.<\/p>\n<p>L\u2019une des re\u0301alisations les plus remarquables de Macky Sall est son engagement pour la transformation e\u0301conomique du Se\u0301ne\u0301gal. Sous sa direction, le pays a enregistre\u0301 une croissance e\u0301conomique solide, attirant les investissements e\u0301trangers et stimulant la cre\u0301ation d\u2019emplois. Son programme de de\u0301veloppement e\u0301conomique, axe\u0301 sur la diversification des secteurs cle\u0301s tels que l\u2019agriculture, le tourisme et les infrastructures, a ouvert de nouvelles opportunite\u0301s pour les Se\u0301ne\u0301galais et a renforce\u0301 la re\u0301silience de l\u2019e\u0301conomie nationale face aux chocs externes.<\/p>\n<p>En outre, Macky Sall a fait de l\u2019e\u0301ducation une priorite\u0301 absolue de son gouvernement. En investissant massivement dans le secteur de l\u2019e\u0301ducation, il a \u0153uvre\u0301 pour garantir un acce\u0300s e\u0301quitable a\u0300 une e\u0301ducation de qualite\u0301 pour tous les jeunes du pays. Des programmes novateurs ont e\u0301te\u0301 mis en place pour ame\u0301liorer les infrastructures scolaires, former les enseignants et moderniser les programmes d\u2019e\u0301tudes, pre\u0301parant ainsi la prochaine ge\u0301ne\u0301ration de leaders et d\u2019entrepreneurs se\u0301ne\u0301galais a\u0300 relever les de\u0301fis du XXIe sie\u0300cle.<\/p>\n<p>Paralle\u0300lement a\u0300 ses efforts e\u0301conomiques et e\u0301ducatifs, Macky Sall s\u2019est e\u0301galement distingue\u0301 par son engagement en faveur du de\u0301veloppement durable et de la pre\u0301servation de l\u2019environnement. Son gouvernement a lance\u0301 des initiatives ambitieuses pour lutter contre le changement climatique, prote\u0301ger les ressources naturelles et promouvoir les e\u0301nergies renouvelables.<\/p>\n<p>En tant que leader africain respecte\u0301 sur la sce\u0300ne internationale, Macky Sall a plaide\u0301 en faveur d\u2019une action mondiale concerte\u0301e pour sauvegarder notre plane\u0300te pour les ge\u0301ne\u0301rations futures.<\/p>\n<p>Sur le plan politique, Macky Sall a e\u0301te\u0301 un fervent de\u0301fenseur de la de\u0301mocratie et de l\u2019e\u0301tat de droit au Se\u0301ne\u0301gal. Le pays a consolide\u0301 ses institutions de\u0301mocratiques et renforce\u0301 la transparence dans la gouvernance. Sa volonte\u0301 de promouvoir le dialogue et l\u2019inclusion a contribue\u0301 a\u0300 renforcer la cohe\u0301sion sociale et a\u0300 pre\u0301server la stabilite\u0301 politique, faisant du Se\u0301ne\u0301gal un exemple de de\u0301mocratie en Afrique.<\/p>\n<p>Le mandat de Macky Sall en tant que pre\u0301sident du Se\u0301ne\u0301gal est marque\u0301 par des re\u0301alisations significatives dans divers domaines, allant de l\u2019e\u0301conomie a\u0300 l\u2019e\u0301ducation, en passant par l\u2019environnement. Son leadership visionnaire et son engagement inde\u0301fectible pour le progre\u0300s ont permis de transformer positivement la vie des Se\u0301ne\u0301galais et de positionner le pays sur la voie du de\u0301veloppement durable.<\/p>\n<p>Alors que son mandat touche a\u0300 sa fin, Macky Sall laisse derrie\u0300re lui un he\u0301ritage durable et un Se\u0301ne\u0301gal plus fort et plus prospe\u0300re pour les ge\u0301ne\u0301rations futures.<\/p>\n<p><strong>Pour plus d&rsquo;informations et d&rsquo;analyses sur la <a href=\"https:\/\/www.africa-press.net\/senegal\">Senegal<\/a>, suivez <a href=\"https:\/\/www.africa-press.net\/\">Africa-Press<\/a><\/strong><\/p>\n","protected":false},"excerpt":{"rendered":"<p>Africa-Press &#8211; Senegal. Macky Sall restera un leader admire\u0301 et respecte\u0301 pour avoir place\u0301 le Se\u0301ne\u0301gal durablement sur la voie de l\u2019avenir, sa pre\u0301sidence ayant e\u0301te\u0301 marque\u0301e par une se\u0301rie d\u2019initiatives novatrices et de re\u0301formes audacieuses qui ont contribue\u0301 a\u0300 renforcer l\u2019e\u0301conomie et a\u0300 promouvoir le de\u0301veloppement social dans tout le pays. L\u2019une des re\u0301alisations [&hellip;]<\/p>\n","protected":false},"author":82,"featured_media":56639,"comment_status":"open","ping_status":"closed","sticky":false,"template":"","format":"standard","meta":{"footnotes":""},"categories":[2,10],"tags":[43,47,44],"class_list":["post-56640","post","type-post","status-publish","format-standard","has-post-thumbnail","hentry","category-politique","category-toutes-les-actualites","tag-africa-press-2","tag-africa-press-senegal","tag-senegal-2"],"yoast_head":"<!-- This site is optimized with the Yoast SEO Premium plugin v26.1 (Yoast SEO v27.0) - https:\/\/yoast.com\/product\/yoast-seo-premium-wordpress\/ -->\n<title>Macky Sall : Un Pr\u00e9sident visionnaire et d\u00e9vou\u00e9 au progr\u00e8s du S\u00e9n\u00e9gal - Senegal<\/title>\n<meta name=\"description\" content=\"Macky Sall restera un leader admire\u0301 et respecte\u0301 pour avoir place\u0301 le Se\u0301ne\u0301gal durablement sur la voie de l\u2019avenir, sa ...\" \/>\n<meta name=\"robots\" content=\"index, follow, max-snippet:-1, max-image-preview:large, max-video-preview:-1\" \/>\n<link rel=\"canonical\" href=\"https:\/\/www.africa-press.net\/senegal\/politique\/macky-sall-un-president-visionnaire-et-devoue-au-progres-du-senegal\" \/>\n<meta property=\"og:locale\" content=\"fr_FR\" \/>\n<meta property=\"og:type\" content=\"article\" \/>\n<meta property=\"og:title\" content=\"Macky Sall : Un Pr\u00e9sident visionnaire et d\u00e9vou\u00e9 au progr\u00e8s du S\u00e9n\u00e9gal\" \/>\n<meta property=\"og:description\" content=\"Macky Sall restera un leader admire\u0301 et respecte\u0301 pour avoir place\u0301 le Se\u0301ne\u0301gal durablement sur la voie de l\u2019avenir, sa ...\" \/>\n<meta property=\"og:url\" content=\"https:\/\/www.africa-press.net\/senegal\/politique\/macky-sall-un-president-visionnaire-et-devoue-au-progres-du-senegal\" \/>\n<meta property=\"og:site_name\" content=\"Senegal\" \/>\n<meta property=\"article:published_time\" content=\"2024-03-11T20:57:30+00:00\" \/>\n<meta property=\"article:modified_time\" content=\"2024-03-12T02:30:38+00:00\" \/>\n<meta property=\"og:image\" content=\"https:\/\/static.africa-press.net\/senegal\/sites\/13\/2024\/03\/sm_1710194393.313737.jpg\" \/>\n\t<meta property=\"og:image:width\" content=\"1259\" \/>\n\t<meta property=\"og:image:height\" content=\"624\" \/>\n\t<meta property=\"og:image:type\" content=\"image\/jpeg\" \/>\n<meta name=\"author\" content=\"cfeditorfr\" \/>\n<meta name=\"twitter:card\" content=\"summary_large_image\" \/>\n<meta name=\"twitter:label1\" content=\"\u00c9crit par\" \/>\n\t<meta name=\"twitter:data1\" content=\"cfeditorfr\" \/>\n\t<meta name=\"twitter:label2\" content=\"Dur\u00e9e de lecture estim\u00e9e\" \/>\n\t<meta name=\"twitter:data2\" content=\"3 minutes\" \/>\n<script type=\"application\/ld+json\" class=\"yoast-schema-graph\">{\"@context\":\"https:\/\/schema.org\",\"@graph\":[{\"@type\":\"Article\",\"@id\":\"https:\/\/www.africa-press.net\/senegal\/politique\/macky-sall-un-president-visionnaire-et-devoue-au-progres-du-senegal#article\",\"isPartOf\":{\"@id\":\"https:\/\/www.africa-press.net\/senegal\/politique\/macky-sall-un-president-visionnaire-et-devoue-au-progres-du-senegal\"},\"author\":{\"name\":\"cfeditorfr\",\"@id\":\"https:\/\/www.africa-press.net\/senegal\/#\/schema\/person\/2b1cf3cd81a31e3cd26889ca66d677f1\"},\"headline\":\"Macky Sall : Un Pr\u00e9sident visionnaire et d\u00e9vou\u00e9 au progr\u00e8s du S\u00e9n\u00e9gal\",\"datePublished\":\"2024-03-11T20:57:30+00:00\",\"dateModified\":\"2024-03-12T02:30:38+00:00\",\"mainEntityOfPage\":{\"@id\":\"https:\/\/www.africa-press.net\/senegal\/politique\/macky-sall-un-president-visionnaire-et-devoue-au-progres-du-senegal\"},\"wordCount\":566,\"commentCount\":0,\"image\":{\"@id\":\"https:\/\/www.africa-press.net\/senegal\/politique\/macky-sall-un-president-visionnaire-et-devoue-au-progres-du-senegal#primaryimage\"},\"thumbnailUrl\":\"https:\/\/static.africa-press.net\/senegal\/sites\/13\/2024\/03\/sm_1710194393.313737.jpg\",\"keywords\":[\"Africa Press\",\"Africa Press-Senegal\",\"Senegal\"],\"articleSection\":[\"Politique\",\"Toutes les actualit\u00e9s\"],\"inLanguage\":\"fr-FR\",\"potentialAction\":[{\"@type\":\"CommentAction\",\"name\":\"Comment\",\"target\":[\"https:\/\/www.africa-press.net\/senegal\/politique\/macky-sall-un-president-visionnaire-et-devoue-au-progres-du-senegal#respond\"]}]},{\"@type\":\"WebPage\",\"@id\":\"https:\/\/www.africa-press.net\/senegal\/politique\/macky-sall-un-president-visionnaire-et-devoue-au-progres-du-senegal\",\"url\":\"https:\/\/www.africa-press.net\/senegal\/politique\/macky-sall-un-president-visionnaire-et-devoue-au-progres-du-senegal\",\"name\":\"Macky Sall : Un Pr\u00e9sident visionnaire et d\u00e9vou\u00e9 au progr\u00e8s du S\u00e9n\u00e9gal - Senegal\",\"isPartOf\":{\"@id\":\"https:\/\/www.africa-press.net\/senegal\/#website\"},\"primaryImageOfPage\":{\"@id\":\"https:\/\/www.africa-press.net\/senegal\/politique\/macky-sall-un-president-visionnaire-et-devoue-au-progres-du-senegal#primaryimage\"},\"image\":{\"@id\":\"https:\/\/www.africa-press.net\/senegal\/politique\/macky-sall-un-president-visionnaire-et-devoue-au-progres-du-senegal#primaryimage\"},\"thumbnailUrl\":\"https:\/\/static.africa-press.net\/senegal\/sites\/13\/2024\/03\/sm_1710194393.313737.jpg\",\"datePublished\":\"2024-03-11T20:57:30+00:00\",\"dateModified\":\"2024-03-12T02:30:38+00:00\",\"author\":{\"@id\":\"https:\/\/www.africa-press.net\/senegal\/#\/schema\/person\/2b1cf3cd81a31e3cd26889ca66d677f1\"},\"description\":\"Macky Sall restera un leader admire\u0301 et respecte\u0301 pour avoir place\u0301 le Se\u0301ne\u0301gal durablement sur la voie de l\u2019avenir, sa ...\",\"breadcrumb\":{\"@id\":\"https:\/\/www.africa-press.net\/senegal\/politique\/macky-sall-un-president-visionnaire-et-devoue-au-progres-du-senegal#breadcrumb\"},\"inLanguage\":\"fr-FR\",\"potentialAction\":[{\"@type\":\"ReadAction\",\"target\":[\"https:\/\/www.africa-press.net\/senegal\/politique\/macky-sall-un-president-visionnaire-et-devoue-au-progres-du-senegal\"]}]},{\"@type\":\"ImageObject\",\"inLanguage\":\"fr-FR\",\"@id\":\"https:\/\/www.africa-press.net\/senegal\/politique\/macky-sall-un-president-visionnaire-et-devoue-au-progres-du-senegal#primaryimage\",\"url\":\"https:\/\/static.africa-press.net\/senegal\/sites\/13\/2024\/03\/sm_1710194393.313737.jpg\",\"contentUrl\":\"https:\/\/static.africa-press.net\/senegal\/sites\/13\/2024\/03\/sm_1710194393.313737.jpg\",\"width\":1259,\"height\":624,\"caption\":\"Macky Sall : Un Pr\u00e9sident visionnaire et d\u00e9vou\u00e9 au progr\u00e8s du S\u00e9n\u00e9gal\"},{\"@type\":\"BreadcrumbList\",\"@id\":\"https:\/\/www.africa-press.net\/senegal\/politique\/macky-sall-un-president-visionnaire-et-devoue-au-progres-du-senegal#breadcrumb\",\"itemListElement\":[{\"@type\":\"ListItem\",\"position\":1,\"name\":\"Accueil\",\"item\":\"https:\/\/www.africa-press.net\/senegal\/\"},{\"@type\":\"ListItem\",\"position\":2,\"name\":\"Macky Sall : Un Pr\u00e9sident visionnaire et d\u00e9vou\u00e9 au progr\u00e8s du S\u00e9n\u00e9gal\"}]},{\"@type\":\"WebSite\",\"@id\":\"https:\/\/www.africa-press.net\/senegal\/#website\",\"url\":\"https:\/\/www.africa-press.net\/senegal\/\",\"name\":\"Africa Press | Senegal | Homepage\",\"description\":\"Just another Africa News Agency Sites site\",\"potentialAction\":[{\"@type\":\"SearchAction\",\"target\":{\"@type\":\"EntryPoint\",\"urlTemplate\":\"https:\/\/www.africa-press.net\/senegal\/?s={search_term_string}\"},\"query-input\":{\"@type\":\"PropertyValueSpecification\",\"valueRequired\":true,\"valueName\":\"search_term_string\"}}],\"inLanguage\":\"fr-FR\"},{\"@type\":\"Person\",\"@id\":\"https:\/\/www.africa-press.net\/senegal\/#\/schema\/person\/2b1cf3cd81a31e3cd26889ca66d677f1\",\"name\":\"cfeditorfr\",\"url\":\"https:\/\/www.africa-press.net\/senegal\/author\/cfeditorfr\"}]}<\/script>\n<!-- \/ Yoast SEO Premium plugin. -->","yoast_head_json":{"title":"Macky Sall : Un Pr\u00e9sident visionnaire et d\u00e9vou\u00e9 au progr\u00e8s du S\u00e9n\u00e9gal - Senegal","description":"Macky Sall restera un leader admire\u0301 et respecte\u0301 pour avoir place\u0301 le Se\u0301ne\u0301gal durablement sur la voie de l\u2019avenir, sa ...","robots":{"index":"index","follow":"follow","max-snippet":"max-snippet:-1","max-image-preview":"max-image-preview:large","max-video-preview":"max-video-preview:-1"},"canonical":"https:\/\/www.africa-press.net\/senegal\/politique\/macky-sall-un-president-visionnaire-et-devoue-au-progres-du-senegal","og_locale":"fr_FR","og_type":"article","og_title":"Macky Sall : Un Pr\u00e9sident visionnaire et d\u00e9vou\u00e9 au progr\u00e8s du S\u00e9n\u00e9gal","og_description":"Macky Sall restera un leader admire\u0301 et respecte\u0301 pour avoir place\u0301 le Se\u0301ne\u0301gal durablement sur la voie de l\u2019avenir, sa ...","og_url":"https:\/\/www.africa-press.net\/senegal\/politique\/macky-sall-un-president-visionnaire-et-devoue-au-progres-du-senegal","og_site_name":"Senegal","article_published_time":"2024-03-11T20:57:30+00:00","article_modified_time":"2024-03-12T02:30:38+00:00","og_image":[{"width":1259,"height":624,"url":"https:\/\/static.africa-press.net\/senegal\/sites\/13\/2024\/03\/sm_1710194393.313737.jpg","type":"image\/jpeg"}],"author":"cfeditorfr","twitter_card":"summary_large_image","twitter_misc":{"\u00c9crit par":"cfeditorfr","Dur\u00e9e de lecture estim\u00e9e":"3 minutes"},"schema":{"@context":"https:\/\/schema.org","@graph":[{"@type":"Article","@id":"https:\/\/www.africa-press.net\/senegal\/politique\/macky-sall-un-president-visionnaire-et-devoue-au-progres-du-senegal#article","isPartOf":{"@id":"https:\/\/www.africa-press.net\/senegal\/politique\/macky-sall-un-president-visionnaire-et-devoue-au-progres-du-senegal"},"author":{"name":"cfeditorfr","@id":"https:\/\/www.africa-press.net\/senegal\/#\/schema\/person\/2b1cf3cd81a31e3cd26889ca66d677f1"},"headline":"Macky Sall : Un Pr\u00e9sident visionnaire et d\u00e9vou\u00e9 au progr\u00e8s du S\u00e9n\u00e9gal","datePublished":"2024-03-11T20:57:30+00:00","dateModified":"2024-03-12T02:30:38+00:00","mainEntityOfPage":{"@id":"https:\/\/www.africa-press.net\/senegal\/politique\/macky-sall-un-president-visionnaire-et-devoue-au-progres-du-senegal"},"wordCount":566,"commentCount":0,"image":{"@id":"https:\/\/www.africa-press.net\/senegal\/politique\/macky-sall-un-president-visionnaire-et-devoue-au-progres-du-senegal#primaryimage"},"thumbnailUrl":"https:\/\/static.africa-press.net\/senegal\/sites\/13\/2024\/03\/sm_1710194393.313737.jpg","keywords":["Africa Press","Africa Press-Senegal","Senegal"],"articleSection":["Politique","Toutes les actualit\u00e9s"],"inLanguage":"fr-FR","potentialAction":[{"@type":"CommentAction","name":"Comment","target":["https:\/\/www.africa-press.net\/senegal\/politique\/macky-sall-un-president-visionnaire-et-devoue-au-progres-du-senegal#respond"]}]},{"@type":"WebPage","@id":"https:\/\/www.africa-press.net\/senegal\/politique\/macky-sall-un-president-visionnaire-et-devoue-au-progres-du-senegal","url":"https:\/\/www.africa-press.net\/senegal\/politique\/macky-sall-un-president-visionnaire-et-devoue-au-progres-du-senegal","name":"Macky Sall : Un Pr\u00e9sident visionnaire et d\u00e9vou\u00e9 au progr\u00e8s du S\u00e9n\u00e9gal - Senegal","isPartOf":{"@id":"https:\/\/www.africa-press.net\/senegal\/#website"},"primaryImageOfPage":{"@id":"https:\/\/www.africa-press.net\/senegal\/politique\/macky-sall-un-president-visionnaire-et-devoue-au-progres-du-senegal#primaryimage"},"image":{"@id":"https:\/\/www.africa-press.net\/senegal\/politique\/macky-sall-un-president-visionnaire-et-devoue-au-progres-du-senegal#primaryimage"},"thumbnailUrl":"https:\/\/static.africa-press.net\/senegal\/sites\/13\/2024\/03\/sm_1710194393.313737.jpg","datePublished":"2024-03-11T20:57:30+00:00","dateModified":"2024-03-12T02:30:38+00:00","author":{"@id":"https:\/\/www.africa-press.net\/senegal\/#\/schema\/person\/2b1cf3cd81a31e3cd26889ca66d677f1"},"description":"Macky Sall restera un leader admire\u0301 et respecte\u0301 pour avoir place\u0301 le Se\u0301ne\u0301gal durablement sur la voie de l\u2019avenir, sa ...","breadcrumb":{"@id":"https:\/\/www.africa-press.net\/senegal\/politique\/macky-sall-un-president-visionnaire-et-devoue-au-progres-du-senegal#breadcrumb"},"inLanguage":"fr-FR","potentialAction":[{"@type":"ReadAction","target":["https:\/\/www.africa-press.net\/senegal\/politique\/macky-sall-un-president-visionnaire-et-devoue-au-progres-du-senegal"]}]},{"@type":"ImageObject","inLanguage":"fr-FR","@id":"https:\/\/www.africa-press.net\/senegal\/politique\/macky-sall-un-president-visionnaire-et-devoue-au-progres-du-senegal#primaryimage","url":"https:\/\/static.africa-press.net\/senegal\/sites\/13\/2024\/03\/sm_1710194393.313737.jpg","contentUrl":"https:\/\/static.africa-press.net\/senegal\/sites\/13\/2024\/03\/sm_1710194393.313737.jpg","width":1259,"height":624,"caption":"Macky Sall : Un Pr\u00e9sident visionnaire et d\u00e9vou\u00e9 au progr\u00e8s du S\u00e9n\u00e9gal"},{"@type":"BreadcrumbList","@id":"https:\/\/www.africa-press.net\/senegal\/politique\/macky-sall-un-president-visionnaire-et-devoue-au-progres-du-senegal#breadcrumb","itemListElement":[{"@type":"ListItem","position":1,"name":"Accueil","item":"https:\/\/www.africa-press.net\/senegal\/"},{"@type":"ListItem","position":2,"name":"Macky Sall : Un Pr\u00e9sident visionnaire et d\u00e9vou\u00e9 au progr\u00e8s du S\u00e9n\u00e9gal"}]},{"@type":"WebSite","@id":"https:\/\/www.africa-press.net\/senegal\/#website","url":"https:\/\/www.africa-press.net\/senegal\/","name":"Africa Press | Senegal | Homepage","description":"Just another Africa News Agency Sites site","potentialAction":[{"@type":"SearchAction","target":{"@type":"EntryPoint","urlTemplate":"https:\/\/www.africa-press.net\/senegal\/?s={search_term_string}"},"query-input":{"@type":"PropertyValueSpecification","valueRequired":true,"valueName":"search_term_string"}}],"inLanguage":"fr-FR"},{"@type":"Person","@id":"https:\/\/www.africa-press.net\/senegal\/#\/schema\/person\/2b1cf3cd81a31e3cd26889ca66d677f1","name":"cfeditorfr","url":"https:\/\/www.africa-press.net\/senegal\/author\/cfeditorfr"}]}},"_links":{"self":[{"href":"https:\/\/www.africa-press.net\/senegal\/wp-json\/wp\/v2\/posts\/56640","targetHints":{"allow":["GET"]}}],"collection":[{"href":"https:\/\/www.africa-press.net\/senegal\/wp-json\/wp\/v2\/posts"}],"about":[{"href":"https:\/\/www.africa-press.net\/senegal\/wp-json\/wp\/v2\/types\/post"}],"author":[{"embeddable":true,"href":"https:\/\/www.africa-press.net\/senegal\/wp-json\/wp\/v2\/users\/82"}],"replies":[{"embeddable":true,"href":"https:\/\/www.africa-press.net\/senegal\/wp-json\/wp\/v2\/comments?post=56640"}],"version-history":[{"count":0,"href":"https:\/\/www.africa-press.net\/senegal\/wp-json\/wp\/v2\/posts\/56640\/revisions"}],"wp:featuredmedia":[{"embeddable":true,"href":"https:\/\/www.africa-press.net\/senegal\/wp-json\/wp\/v2\/media\/56639"}],"wp:attachment":[{"href":"https:\/\/www.africa-press.net\/senegal\/wp-json\/wp\/v2\/media?parent=56640"}],"wp:term":[{"taxonomy":"category","embeddable":true,"href":"https:\/\/www.africa-press.net\/senegal\/wp-json\/wp\/v2\/categories?post=56640"},{"taxonomy":"post_tag","embeddable":true,"href":"https:\/\/www.africa-press.net\/senegal\/wp-json\/wp\/v2\/tags?post=56640"}],"curies":[{"name":"wp","href":"https:\/\/api.w.org\/{rel}","templated":true}]}}