{"id":56655,"date":"2024-03-11T15:28:13","date_gmt":"2024-03-11T15:28:13","guid":{"rendered":"https:\/\/www.africa-press.net\/senegal\/politique\/sidiki-kaba-le-materiel-electoral-est-bien-en-place"},"modified":"2024-03-12T02:40:03","modified_gmt":"2024-03-12T02:40:03","slug":"sidiki-kaba-le-materiel-electoral-est-bien-en-place","status":"publish","type":"post","link":"https:\/\/www.africa-press.net\/senegal\/politique\/sidiki-kaba-le-materiel-electoral-est-bien-en-place","title":{"rendered":"Sidiki Kaba: \u00ab\u00a0Le mat\u00e9riel \u00e9lectoral est bien en place\u00a0\u00bb"},"content":{"rendered":"<p><span style=\"color: #ff6600\"><strong>Africa-Press &#8211; Senegal. <\/strong><\/span>Le nouveau Premier ministre Sidiki Kaba a assure\u0301 lundi que la logistique e\u0301tait pre\u0302te pour la pre\u0301sidentielle du 24 mars malgre\u0301 le peu de temps entre l&rsquo;annonce de la date et le scrutin.<\/p>\n<p>Il a aussi indique\u0301 devant la presse que chacun des 19 candidats avait droit a\u0300 la protection rapproche\u0301e d&rsquo;au moins deux policiers.<\/p>\n<p>Le Se\u0301ne\u0301gal a traverse\u0301 plus d&rsquo;un mois de crise apre\u0300s l&rsquo;annonce, le 3 fe\u0301vrier par le chef de l&rsquo;Etat Macky Sall, du report de la pre\u0301sidentielle initialement pre\u0301vue le 25 fe\u0301vrier.<\/p>\n<p>Apre\u0300s un flottement qui a alarme\u0301 l&rsquo;opinion nationale et une partie de la communaute\u0301 internationale, la date de l&rsquo;e\u0301lection a e\u0301te\u0301 fixe\u0301e la semaine dernie\u0300re au 24 mars, avant l&rsquo;expiration du mandat de Macky Sall le 2 avril. Le chef de l&rsquo;Etat a nomme\u0301 un nouveau chef de gouvernement en la personne de Sidiki Kaba pour permettre au titulaire du poste jusqu&rsquo;alors, Amadou Ba, candidat, de faire campagne.<\/p>\n<p>La campagne est re\u0301duite par la force des choses de trois a\u0300 deux semaines.<\/p>\n<p>Sidiki Kaba a reconnu devant la presse qu&rsquo;il y avait \u00ab\u00a0des inquie\u0301tudes\u00a0\u00bb parmi les Se\u0301ne\u0301galais. \u00ab\u00a0Je voudrais rassurer les Se\u0301ne\u0301galais: le mate\u0301riel e\u0301lectoral est bien en place\u00a0\u00bb, a-t-il dit. L&rsquo;administration e\u0301lectorale \u00ab\u00a0a achemine\u0301 sur l&rsquo;ensemble du territoire national et a\u0300 l&rsquo;e\u0301tranger tout le mate\u0301riel e\u0301lectoral\u00a0\u00bb, a-t-il dit. Les bulletins de vote \u00ab\u00a0sont de\u0301ja\u0300 pre\u0302ts\u00a0\u00bb, a-t-il ajoute\u0301.<\/p>\n<p>M. Kaba, ministre de l&rsquo;Inte\u0301rieur jusqu&rsquo;a\u0300 la semaine passe\u0301e, s&rsquo;exprimait lors de la passation de pouvoirs a\u0300 son successeur a\u0300 la te\u0302te du ministe\u0300re, Mouhamadou Makhtar Cisse\u0301, charge\u0301 du bon de\u0301roulement du vote.<\/p>\n<p>\u00ab\u00a0Le mate\u0301riel est de\u0301ja\u0300 achemine\u0301, il reste encore quelques de\u0301tails a\u0300 re\u0301gler (&#8230;) mais nous n&rsquo;avons pas d&rsquo;inquie\u0301tude a\u0300 ce niveau\u00a0\u00bb, a dit le nouveau ministre de l&rsquo;Inte\u0301rieur.<\/p>\n<p>Les deux responsables ont indique\u0301 que, sur instruction du pre\u0301sident, chaque candidat avait droit a\u0300 la protection d&rsquo;au moins deux e\u0301le\u0301ments de la Brigade d&rsquo;intervention polyvalente (BIP), une unite\u0301 de police.<\/p>\n<p>Mouhamadou Makhtar Cisse\u0301 a pre\u0301venu les acteurs de l&rsquo;e\u0301lection que les autorite\u0301s ne \u00ab\u00a0transigeraient pas\u00a0\u00bb avec les actes ou les propos violents.<\/p>\n<p><strong>Pour plus d&rsquo;informations et d&rsquo;analyses sur la <a href=\"https:\/\/www.africa-press.net\/senegal\">Senegal<\/a>, suivez <a href=\"https:\/\/www.africa-press.net\/\">Africa-Press<\/a><\/strong><\/p>\n","protected":false},"excerpt":{"rendered":"<p>Africa-Press &#8211; Senegal. Le nouveau Premier ministre Sidiki Kaba a assure\u0301 lundi que la logistique e\u0301tait pre\u0302te pour la pre\u0301sidentielle du 24 mars malgre\u0301 le peu de temps entre l&rsquo;annonce de la date et le scrutin. Il a aussi indique\u0301 devant la presse que chacun des 19 candidats avait droit a\u0300 la protection rapproche\u0301e d&rsquo;au [&hellip;]<\/p>\n","protected":false},"author":82,"featured_media":56654,"comment_status":"open","ping_status":"closed","sticky":false,"template":"","format":"standard","meta":{"footnotes":""},"categories":[2,10],"tags":[43,47,44],"class_list":["post-56655","post","type-post","status-publish","format-standard","has-post-thumbnail","hentry","category-politique","category-toutes-les-actualites","tag-africa-press-2","tag-africa-press-senegal","tag-senegal-2"],"yoast_head":"<!-- This site is optimized with the Yoast SEO Premium plugin v26.1 (Yoast SEO v27.0) - https:\/\/yoast.com\/product\/yoast-seo-premium-wordpress\/ -->\n<title>Sidiki Kaba: &quot;Le mat\u00e9riel \u00e9lectoral est bien en place&quot; - Senegal<\/title>\n<meta name=\"description\" content=\"Le nouveau Premier ministre Sidiki Kaba a assure\u0301 lundi que la logistique e\u0301tait pre\u0302te pour la pre\u0301sidentielle du 24 ma ...\" \/>\n<meta name=\"robots\" content=\"index, follow, max-snippet:-1, max-image-preview:large, max-video-preview:-1\" \/>\n<link rel=\"canonical\" href=\"https:\/\/www.africa-press.net\/senegal\/politique\/sidiki-kaba-le-materiel-electoral-est-bien-en-place\" \/>\n<meta property=\"og:locale\" content=\"fr_FR\" \/>\n<meta property=\"og:type\" content=\"article\" \/>\n<meta property=\"og:title\" content=\"Sidiki Kaba: &quot;Le mat\u00e9riel \u00e9lectoral est bien en place&quot;\" \/>\n<meta property=\"og:description\" content=\"Le nouveau Premier ministre Sidiki Kaba a assure\u0301 lundi que la logistique e\u0301tait pre\u0302te pour la pre\u0301sidentielle du 24 ma ...\" \/>\n<meta property=\"og:url\" content=\"https:\/\/www.africa-press.net\/senegal\/politique\/sidiki-kaba-le-materiel-electoral-est-bien-en-place\" \/>\n<meta property=\"og:site_name\" content=\"Senegal\" \/>\n<meta property=\"article:published_time\" content=\"2024-03-11T15:28:13+00:00\" \/>\n<meta property=\"article:modified_time\" content=\"2024-03-12T02:40:03+00:00\" \/>\n<meta property=\"og:image\" content=\"https:\/\/static.africa-press.net\/senegal\/sites\/13\/2024\/03\/sm_1710194813.557397.jpg\" \/>\n\t<meta property=\"og:image:width\" content=\"1305\" \/>\n\t<meta property=\"og:image:height\" content=\"638\" \/>\n\t<meta property=\"og:image:type\" content=\"image\/jpeg\" \/>\n<meta name=\"author\" content=\"cfeditorfr\" \/>\n<meta name=\"twitter:card\" content=\"summary_large_image\" \/>\n<meta name=\"twitter:label1\" content=\"\u00c9crit par\" \/>\n\t<meta name=\"twitter:data1\" content=\"cfeditorfr\" \/>\n\t<meta name=\"twitter:label2\" content=\"Dur\u00e9e de lecture estim\u00e9e\" \/>\n\t<meta name=\"twitter:data2\" content=\"2 minutes\" \/>\n<script type=\"application\/ld+json\" class=\"yoast-schema-graph\">{\"@context\":\"https:\/\/schema.org\",\"@graph\":[{\"@type\":\"Article\",\"@id\":\"https:\/\/www.africa-press.net\/senegal\/politique\/sidiki-kaba-le-materiel-electoral-est-bien-en-place#article\",\"isPartOf\":{\"@id\":\"https:\/\/www.africa-press.net\/senegal\/politique\/sidiki-kaba-le-materiel-electoral-est-bien-en-place\"},\"author\":{\"name\":\"cfeditorfr\",\"@id\":\"https:\/\/www.africa-press.net\/senegal\/#\/schema\/person\/2b1cf3cd81a31e3cd26889ca66d677f1\"},\"headline\":\"Sidiki Kaba: \u00ab\u00a0Le mat\u00e9riel \u00e9lectoral est bien en place\u00a0\u00bb\",\"datePublished\":\"2024-03-11T15:28:13+00:00\",\"dateModified\":\"2024-03-12T02:40:03+00:00\",\"mainEntityOfPage\":{\"@id\":\"https:\/\/www.africa-press.net\/senegal\/politique\/sidiki-kaba-le-materiel-electoral-est-bien-en-place\"},\"wordCount\":426,\"commentCount\":0,\"image\":{\"@id\":\"https:\/\/www.africa-press.net\/senegal\/politique\/sidiki-kaba-le-materiel-electoral-est-bien-en-place#primaryimage\"},\"thumbnailUrl\":\"https:\/\/static.africa-press.net\/senegal\/sites\/13\/2024\/03\/sm_1710194813.557397.jpg\",\"keywords\":[\"Africa Press\",\"Africa Press-Senegal\",\"Senegal\"],\"articleSection\":[\"Politique\",\"Toutes les actualit\u00e9s\"],\"inLanguage\":\"fr-FR\",\"potentialAction\":[{\"@type\":\"CommentAction\",\"name\":\"Comment\",\"target\":[\"https:\/\/www.africa-press.net\/senegal\/politique\/sidiki-kaba-le-materiel-electoral-est-bien-en-place#respond\"]}]},{\"@type\":\"WebPage\",\"@id\":\"https:\/\/www.africa-press.net\/senegal\/politique\/sidiki-kaba-le-materiel-electoral-est-bien-en-place\",\"url\":\"https:\/\/www.africa-press.net\/senegal\/politique\/sidiki-kaba-le-materiel-electoral-est-bien-en-place\",\"name\":\"Sidiki Kaba: \\\"Le mat\u00e9riel \u00e9lectoral est bien en place\\\" - Senegal\",\"isPartOf\":{\"@id\":\"https:\/\/www.africa-press.net\/senegal\/#website\"},\"primaryImageOfPage\":{\"@id\":\"https:\/\/www.africa-press.net\/senegal\/politique\/sidiki-kaba-le-materiel-electoral-est-bien-en-place#primaryimage\"},\"image\":{\"@id\":\"https:\/\/www.africa-press.net\/senegal\/politique\/sidiki-kaba-le-materiel-electoral-est-bien-en-place#primaryimage\"},\"thumbnailUrl\":\"https:\/\/static.africa-press.net\/senegal\/sites\/13\/2024\/03\/sm_1710194813.557397.jpg\",\"datePublished\":\"2024-03-11T15:28:13+00:00\",\"dateModified\":\"2024-03-12T02:40:03+00:00\",\"author\":{\"@id\":\"https:\/\/www.africa-press.net\/senegal\/#\/schema\/person\/2b1cf3cd81a31e3cd26889ca66d677f1\"},\"description\":\"Le nouveau Premier ministre Sidiki Kaba a assure\u0301 lundi que la logistique e\u0301tait pre\u0302te pour la pre\u0301sidentielle du 24 ma ...\",\"breadcrumb\":{\"@id\":\"https:\/\/www.africa-press.net\/senegal\/politique\/sidiki-kaba-le-materiel-electoral-est-bien-en-place#breadcrumb\"},\"inLanguage\":\"fr-FR\",\"potentialAction\":[{\"@type\":\"ReadAction\",\"target\":[\"https:\/\/www.africa-press.net\/senegal\/politique\/sidiki-kaba-le-materiel-electoral-est-bien-en-place\"]}]},{\"@type\":\"ImageObject\",\"inLanguage\":\"fr-FR\",\"@id\":\"https:\/\/www.africa-press.net\/senegal\/politique\/sidiki-kaba-le-materiel-electoral-est-bien-en-place#primaryimage\",\"url\":\"https:\/\/static.africa-press.net\/senegal\/sites\/13\/2024\/03\/sm_1710194813.557397.jpg\",\"contentUrl\":\"https:\/\/static.africa-press.net\/senegal\/sites\/13\/2024\/03\/sm_1710194813.557397.jpg\",\"width\":1305,\"height\":638,\"caption\":\"Sidiki Kaba: \\\"Le mat\u00e9riel \u00e9lectoral est bien en place\\\"\"},{\"@type\":\"BreadcrumbList\",\"@id\":\"https:\/\/www.africa-press.net\/senegal\/politique\/sidiki-kaba-le-materiel-electoral-est-bien-en-place#breadcrumb\",\"itemListElement\":[{\"@type\":\"ListItem\",\"position\":1,\"name\":\"Accueil\",\"item\":\"https:\/\/www.africa-press.net\/senegal\/\"},{\"@type\":\"ListItem\",\"position\":2,\"name\":\"Sidiki Kaba: &#8220;Le mat\u00e9riel \u00e9lectoral est bien en place&#8221;\"}]},{\"@type\":\"WebSite\",\"@id\":\"https:\/\/www.africa-press.net\/senegal\/#website\",\"url\":\"https:\/\/www.africa-press.net\/senegal\/\",\"name\":\"Africa Press | Senegal | Homepage\",\"description\":\"Just another Africa News Agency Sites site\",\"potentialAction\":[{\"@type\":\"SearchAction\",\"target\":{\"@type\":\"EntryPoint\",\"urlTemplate\":\"https:\/\/www.africa-press.net\/senegal\/?s={search_term_string}\"},\"query-input\":{\"@type\":\"PropertyValueSpecification\",\"valueRequired\":true,\"valueName\":\"search_term_string\"}}],\"inLanguage\":\"fr-FR\"},{\"@type\":\"Person\",\"@id\":\"https:\/\/www.africa-press.net\/senegal\/#\/schema\/person\/2b1cf3cd81a31e3cd26889ca66d677f1\",\"name\":\"cfeditorfr\",\"url\":\"https:\/\/www.africa-press.net\/senegal\/author\/cfeditorfr\"}]}<\/script>\n<!-- \/ Yoast SEO Premium plugin. -->","yoast_head_json":{"title":"Sidiki Kaba: \"Le mat\u00e9riel \u00e9lectoral est bien en place\" - Senegal","description":"Le nouveau Premier ministre Sidiki Kaba a assure\u0301 lundi que la logistique e\u0301tait pre\u0302te pour la pre\u0301sidentielle du 24 ma ...","robots":{"index":"index","follow":"follow","max-snippet":"max-snippet:-1","max-image-preview":"max-image-preview:large","max-video-preview":"max-video-preview:-1"},"canonical":"https:\/\/www.africa-press.net\/senegal\/politique\/sidiki-kaba-le-materiel-electoral-est-bien-en-place","og_locale":"fr_FR","og_type":"article","og_title":"Sidiki Kaba: \"Le mat\u00e9riel \u00e9lectoral est bien en place\"","og_description":"Le nouveau Premier ministre Sidiki Kaba a assure\u0301 lundi que la logistique e\u0301tait pre\u0302te pour la pre\u0301sidentielle du 24 ma ...","og_url":"https:\/\/www.africa-press.net\/senegal\/politique\/sidiki-kaba-le-materiel-electoral-est-bien-en-place","og_site_name":"Senegal","article_published_time":"2024-03-11T15:28:13+00:00","article_modified_time":"2024-03-12T02:40:03+00:00","og_image":[{"width":1305,"height":638,"url":"https:\/\/static.africa-press.net\/senegal\/sites\/13\/2024\/03\/sm_1710194813.557397.jpg","type":"image\/jpeg"}],"author":"cfeditorfr","twitter_card":"summary_large_image","twitter_misc":{"\u00c9crit par":"cfeditorfr","Dur\u00e9e de lecture estim\u00e9e":"2 minutes"},"schema":{"@context":"https:\/\/schema.org","@graph":[{"@type":"Article","@id":"https:\/\/www.africa-press.net\/senegal\/politique\/sidiki-kaba-le-materiel-electoral-est-bien-en-place#article","isPartOf":{"@id":"https:\/\/www.africa-press.net\/senegal\/politique\/sidiki-kaba-le-materiel-electoral-est-bien-en-place"},"author":{"name":"cfeditorfr","@id":"https:\/\/www.africa-press.net\/senegal\/#\/schema\/person\/2b1cf3cd81a31e3cd26889ca66d677f1"},"headline":"Sidiki Kaba: \u00ab\u00a0Le mat\u00e9riel \u00e9lectoral est bien en place\u00a0\u00bb","datePublished":"2024-03-11T15:28:13+00:00","dateModified":"2024-03-12T02:40:03+00:00","mainEntityOfPage":{"@id":"https:\/\/www.africa-press.net\/senegal\/politique\/sidiki-kaba-le-materiel-electoral-est-bien-en-place"},"wordCount":426,"commentCount":0,"image":{"@id":"https:\/\/www.africa-press.net\/senegal\/politique\/sidiki-kaba-le-materiel-electoral-est-bien-en-place#primaryimage"},"thumbnailUrl":"https:\/\/static.africa-press.net\/senegal\/sites\/13\/2024\/03\/sm_1710194813.557397.jpg","keywords":["Africa Press","Africa Press-Senegal","Senegal"],"articleSection":["Politique","Toutes les actualit\u00e9s"],"inLanguage":"fr-FR","potentialAction":[{"@type":"CommentAction","name":"Comment","target":["https:\/\/www.africa-press.net\/senegal\/politique\/sidiki-kaba-le-materiel-electoral-est-bien-en-place#respond"]}]},{"@type":"WebPage","@id":"https:\/\/www.africa-press.net\/senegal\/politique\/sidiki-kaba-le-materiel-electoral-est-bien-en-place","url":"https:\/\/www.africa-press.net\/senegal\/politique\/sidiki-kaba-le-materiel-electoral-est-bien-en-place","name":"Sidiki Kaba: \"Le mat\u00e9riel \u00e9lectoral est bien en place\" - Senegal","isPartOf":{"@id":"https:\/\/www.africa-press.net\/senegal\/#website"},"primaryImageOfPage":{"@id":"https:\/\/www.africa-press.net\/senegal\/politique\/sidiki-kaba-le-materiel-electoral-est-bien-en-place#primaryimage"},"image":{"@id":"https:\/\/www.africa-press.net\/senegal\/politique\/sidiki-kaba-le-materiel-electoral-est-bien-en-place#primaryimage"},"thumbnailUrl":"https:\/\/static.africa-press.net\/senegal\/sites\/13\/2024\/03\/sm_1710194813.557397.jpg","datePublished":"2024-03-11T15:28:13+00:00","dateModified":"2024-03-12T02:40:03+00:00","author":{"@id":"https:\/\/www.africa-press.net\/senegal\/#\/schema\/person\/2b1cf3cd81a31e3cd26889ca66d677f1"},"description":"Le nouveau Premier ministre Sidiki Kaba a assure\u0301 lundi que la logistique e\u0301tait pre\u0302te pour la pre\u0301sidentielle du 24 ma ...","breadcrumb":{"@id":"https:\/\/www.africa-press.net\/senegal\/politique\/sidiki-kaba-le-materiel-electoral-est-bien-en-place#breadcrumb"},"inLanguage":"fr-FR","potentialAction":[{"@type":"ReadAction","target":["https:\/\/www.africa-press.net\/senegal\/politique\/sidiki-kaba-le-materiel-electoral-est-bien-en-place"]}]},{"@type":"ImageObject","inLanguage":"fr-FR","@id":"https:\/\/www.africa-press.net\/senegal\/politique\/sidiki-kaba-le-materiel-electoral-est-bien-en-place#primaryimage","url":"https:\/\/static.africa-press.net\/senegal\/sites\/13\/2024\/03\/sm_1710194813.557397.jpg","contentUrl":"https:\/\/static.africa-press.net\/senegal\/sites\/13\/2024\/03\/sm_1710194813.557397.jpg","width":1305,"height":638,"caption":"Sidiki Kaba: \"Le mat\u00e9riel \u00e9lectoral est bien en place\""},{"@type":"BreadcrumbList","@id":"https:\/\/www.africa-press.net\/senegal\/politique\/sidiki-kaba-le-materiel-electoral-est-bien-en-place#breadcrumb","itemListElement":[{"@type":"ListItem","position":1,"name":"Accueil","item":"https:\/\/www.africa-press.net\/senegal\/"},{"@type":"ListItem","position":2,"name":"Sidiki Kaba: &#8220;Le mat\u00e9riel \u00e9lectoral est bien en place&#8221;"}]},{"@type":"WebSite","@id":"https:\/\/www.africa-press.net\/senegal\/#website","url":"https:\/\/www.africa-press.net\/senegal\/","name":"Africa Press | Senegal | Homepage","description":"Just another Africa News Agency Sites site","potentialAction":[{"@type":"SearchAction","target":{"@type":"EntryPoint","urlTemplate":"https:\/\/www.africa-press.net\/senegal\/?s={search_term_string}"},"query-input":{"@type":"PropertyValueSpecification","valueRequired":true,"valueName":"search_term_string"}}],"inLanguage":"fr-FR"},{"@type":"Person","@id":"https:\/\/www.africa-press.net\/senegal\/#\/schema\/person\/2b1cf3cd81a31e3cd26889ca66d677f1","name":"cfeditorfr","url":"https:\/\/www.africa-press.net\/senegal\/author\/cfeditorfr"}]}},"_links":{"self":[{"href":"https:\/\/www.africa-press.net\/senegal\/wp-json\/wp\/v2\/posts\/56655","targetHints":{"allow":["GET"]}}],"collection":[{"href":"https:\/\/www.africa-press.net\/senegal\/wp-json\/wp\/v2\/posts"}],"about":[{"href":"https:\/\/www.africa-press.net\/senegal\/wp-json\/wp\/v2\/types\/post"}],"author":[{"embeddable":true,"href":"https:\/\/www.africa-press.net\/senegal\/wp-json\/wp\/v2\/users\/82"}],"replies":[{"embeddable":true,"href":"https:\/\/www.africa-press.net\/senegal\/wp-json\/wp\/v2\/comments?post=56655"}],"version-history":[{"count":0,"href":"https:\/\/www.africa-press.net\/senegal\/wp-json\/wp\/v2\/posts\/56655\/revisions"}],"wp:featuredmedia":[{"embeddable":true,"href":"https:\/\/www.africa-press.net\/senegal\/wp-json\/wp\/v2\/media\/56654"}],"wp:attachment":[{"href":"https:\/\/www.africa-press.net\/senegal\/wp-json\/wp\/v2\/media?parent=56655"}],"wp:term":[{"taxonomy":"category","embeddable":true,"href":"https:\/\/www.africa-press.net\/senegal\/wp-json\/wp\/v2\/categories?post=56655"},{"taxonomy":"post_tag","embeddable":true,"href":"https:\/\/www.africa-press.net\/senegal\/wp-json\/wp\/v2\/tags?post=56655"}],"curies":[{"name":"wp","href":"https:\/\/api.w.org\/{rel}","templated":true}]}}