{"id":56663,"date":"2024-03-11T12:00:22","date_gmt":"2024-03-11T12:00:22","guid":{"rendered":"https:\/\/www.africa-press.net\/senegal\/politique\/pikine-la-coalition-diomayepresident-accueillie-par-une-maree-humaine"},"modified":"2024-03-12T02:50:14","modified_gmt":"2024-03-12T02:50:14","slug":"pikine-la-coalition-diomayepresident-accueillie-par-une-maree-humaine","status":"publish","type":"post","link":"https:\/\/www.africa-press.net\/senegal\/politique\/pikine-la-coalition-diomayepresident-accueillie-par-une-maree-humaine","title":{"rendered":"Pikine : La coalition DiomayePr\u00e9sident accueillie par une mar\u00e9e humaine"},"content":{"rendered":"<p><span style=\"color: #ff6600\"><strong>Africa-Press &#8211; Senegal. <\/strong><\/span>Une mare\u0301e humaine impressionnante a accueilli l\u2019entre\u0301e de la coalition DiomayePre\u0301sident dans le de\u0301partement de Pikine. Cette mobilisation exceptionnelle a e\u0301te\u0301 assure\u0301e par la jeunesse qui a accompagne\u0301 la caravane depuis l\u2019entre\u0301e dans la ville, en passant par Bountou Pikine, Marche\u0301 Zinc, Tally Boumack jusqu&rsquo;a\u0300 Tally Boubess.<\/p>\n<p>En effet, les leaders Dame Mbodj, l\u2019ex-capitaine Toure\u0301, Guy Marius Sagna, entre autres, accompagne\u0301s par les militants et sympathisants ont sillonne\u0301 plusieurs rues de la banlieue. Dans les diffe\u0301rentes arte\u0300res, la caravane a eu du mal a\u0300 se frayer un passage avec son corte\u0300ge pris d&rsquo;assaut par des jeunes de\u0301chai\u0302ne\u0301s. Prenant la parole Guy Marius Sagna a profite\u0301 de l&rsquo;occasion pour de\u0301voiler le programme de la coalition DiomayePre\u0301sident.<\/p>\n<p>\u00ab\u00a0Le projet politique que la coalition Diomaye porte repose sur une e\u0301thique qui implique l\u2019e\u0301mergence de nos responsabilite\u0301s, la paix, l\u2019imagination, la refondation, l\u2019innovation technologique, la souverainete\u0301 alimentaire et la rede\u0301finition d\u2019un avenir plus rassurant pour les jeunes et pour l\u2019ensemble des citoyens se\u0301ne\u0301galais. Notre projet politique reposera e\u0301galement sur la transformation d\u2019une socie\u0301te\u0301 juste, par le processus d\u2019e\u0301galisation des conditions de vie sociale, par le de\u0301veloppement de l\u2019e\u0301galite\u0301 politique et juridique, de l\u2019e\u0301galite\u0301 socioe\u0301conomique et de l\u2019e\u0301galite\u0301 culturelle. Le candidat Diomaye Faye sera le serviteur et compte s&rsquo;appuyer sur toutes les compe\u0301tences afin de mettre au service du peuple, le programme e\u0301conomique et social qui fera du Se\u0301ne\u0301gal une nation prospe\u0300re, solidaire et ancre\u0301e dans de valeurs fortes\u00a0\u00bb, a fait savoir le de\u0301pute\u0301 de la coalition Yewwi Askan Wi.<\/p>\n<p>Devant des milliers de personnes mobilise\u0301es, les leaders de la coalition DiomayePre\u0301sident ont appele\u0301 les populations de Pikine a\u0300 voter massivement pour la coalition DiomayePre\u0301sident.<\/p>\n<p>Selon Guy Marius Sagna, Pikine a beaucoup souffert durant les 12 ans de re\u0300gne de la coalition Benno Bokk Yaakaar. C&rsquo;est pour cela qu&rsquo;il a pre\u0301dit une de\u0301faite du camp du pouvoir au soir du 24 fe\u0301vrier prochain. \u00ab\u00a0Le pouvoir sortant sait bel et bien que c&rsquo;est termine\u0301 pour eux. Le re\u0301gime a privile\u0301gie\u0301 les inte\u0301re\u0302ts occidentaux au de\u0301triment des Se\u0301ne\u0301galais. Cette pratique va e\u0302tre un vieux souvenir et la coalition DiomayePre\u0301sident sera l&rsquo;artisane du de\u0301clin de l&rsquo;impe\u0301rialisme au Se\u0301ne\u0301gal. Partout, le vent de la souverainete\u0301 doit souffler\u00a0\u00bb.<\/p>\n<p>De son co\u0302te\u0301, Dame Mbodj a demande\u0301 aux populations de rester vigilantes, de voter et de se\u0301curiser leur vote. Il en a profite\u0301 pour charger le pre\u0301sident sortant qui, selon lui, est l&rsquo;acteur principal de la souffrance des Se\u0301ne\u0301galais.<\/p>\n<p>Ensuite, ces leaders ont fait le tour de la ville pour communier avec leurs partisans et de\u0301livrer le message de leur candidat et invite\u0301 les Pikinois a\u0300 suivre la voie trace\u0301e par le leader de l&rsquo;ex-Pastef. Car il y aura force\u0301ment un vent de changement qui va souffler au soir du 24 mars, qui va rendre au peuple se\u0301ne\u0301galais ce qui lui appartient.<\/p>\n\r\n                <style type=\"text\/css\">\r\n                    \r\n                    #td_uid_1_69f0fa14005dd  .td-doubleSlider-2 .td-item1 {\r\n                        background: url(https:\/\/static.africa-press.net\/senegal\/sites\/13\/2024\/03\/sm_1710195552.121996-80x60.jpg) 0 0 no-repeat;\r\n                    }\r\n                    #td_uid_1_69f0fa14005dd  .td-doubleSlider-2 .td-item2 {\r\n                        background: url(https:\/\/static.africa-press.net\/senegal\/sites\/13\/2024\/03\/sm_1710195561.207041-80x60.jpg) 0 0 no-repeat;\r\n                    }\r\n                <\/style>\r\n\r\n                <div id=\"td_uid_1_69f0fa14005dd\" class=\"td-gallery td-slide-on-2-columns\">\r\n                    <div class=\"post_td_gallery\">\r\n                        <div class=\"td-gallery-slide-top\">\r\n                           <div class=\"td-gallery-title\"><\/div>\r\n\r\n                            <div class=\"td-gallery-controls-wrapper\">\r\n                                <div class=\"td-gallery-slide-count\"><span class=\"td-gallery-slide-item-focus\">1<\/span> de 2<\/div>\r\n                                <div class=\"td-gallery-slide-prev-next-but\">\r\n                                    <i class = \"td-icon-left doubleSliderPrevButton\"><\/i>\r\n                                    <i class = \"td-icon-right doubleSliderNextButton\"><\/i>\r\n                                <\/div>\r\n                            <\/div>\r\n                        <\/div>\r\n\r\n                        <div class = \"td-doubleSlider-1 \">\r\n                            <div class = \"td-slider\">\r\n                                \r\n                    <div class = \"td-slide-item td-item1\">\r\n                        <figure class=\"td-slide-galery-figure td-slide-popup-gallery\">\r\n                            <a class=\"slide-gallery-image-link\" href=\"https:\/\/static.africa-press.net\/senegal\/sites\/13\/2024\/03\/sm_1710195552.121996.jpg\" title=\"sm_1710195552.121996\"  data-caption=\"\"  data-description=\"\">\r\n                                <img decoding=\"async\" src=\"https:\/\/static.africa-press.net\/senegal\/sites\/13\/2024\/03\/sm_1710195552.121996.jpg\" srcset=\"https:\/\/static.africa-press.net\/senegal\/sites\/13\/2024\/03\/sm_1710195552.121996.jpg 720w, https:\/\/static.africa-press.net\/senegal\/sites\/13\/2024\/03\/sm_1710195552.121996-300x182.jpg 300w\" sizes=\"(max-width: 720px) 100vw, 720px\" alt=\"\">\r\n                            <\/a>\r\n                            \r\n                        <\/figure>\r\n                    <\/div>\r\n                    <div class = \"td-slide-item td-item2\">\r\n                        <figure class=\"td-slide-galery-figure td-slide-popup-gallery\">\r\n                            <a class=\"slide-gallery-image-link\" href=\"https:\/\/static.africa-press.net\/senegal\/sites\/13\/2024\/03\/sm_1710195561.207041.jpg\" title=\"sm_1710195561.207041\"  data-caption=\"\"  data-description=\"\">\r\n                                <img decoding=\"async\" src=\"https:\/\/static.africa-press.net\/senegal\/sites\/13\/2024\/03\/sm_1710195561.207041.jpg\" srcset=\"https:\/\/static.africa-press.net\/senegal\/sites\/13\/2024\/03\/sm_1710195561.207041.jpg 720w, https:\/\/static.africa-press.net\/senegal\/sites\/13\/2024\/03\/sm_1710195561.207041-300x181.jpg 300w\" sizes=\"(max-width: 720px) 100vw, 720px\" alt=\"\">\r\n                            <\/a>\r\n                            \r\n                        <\/figure>\r\n                    <\/div>\r\n                            <\/div>\r\n                        <\/div>\r\n\r\n                        <div class = \"td-doubleSlider-2\">\r\n                            <div class = \"td-slider\">\r\n                                \r\n                    <div class = \"td-button td-item1\">\r\n                        <div class = \"td-border\"><\/div>\r\n                    <\/div>\r\n                    <div class = \"td-button td-item2\">\r\n                        <div class = \"td-border\"><\/div>\r\n                    <\/div>\r\n                            <\/div>\r\n                        <\/div>\r\n\r\n                    <\/div>\r\n\r\n                <\/div>\r\n                \n<p><strong>Pour plus d&rsquo;informations et d&rsquo;analyses sur la <a href=\"https:\/\/www.africa-press.net\/senegal\">Senegal<\/a>, suivez <a href=\"https:\/\/www.africa-press.net\/\">Africa-Press<\/a><\/strong><\/p>\n","protected":false},"excerpt":{"rendered":"<p>Africa-Press &#8211; Senegal. Une mare\u0301e humaine impressionnante a accueilli l\u2019entre\u0301e de la coalition DiomayePre\u0301sident dans le de\u0301partement de Pikine. Cette mobilisation exceptionnelle a e\u0301te\u0301 assure\u0301e par la jeunesse qui a accompagne\u0301 la caravane depuis l\u2019entre\u0301e dans la ville, en passant par Bountou Pikine, Marche\u0301 Zinc, Tally Boumack jusqu&rsquo;a\u0300 Tally Boubess. En effet, les leaders Dame [&hellip;]<\/p>\n","protected":false},"author":82,"featured_media":56662,"comment_status":"open","ping_status":"closed","sticky":false,"template":"","format":"standard","meta":{"footnotes":""},"categories":[2,10],"tags":[43,47,44],"class_list":["post-56663","post","type-post","status-publish","format-standard","has-post-thumbnail","hentry","category-politique","category-toutes-les-actualites","tag-africa-press-2","tag-africa-press-senegal","tag-senegal-2"],"yoast_head":"<!-- This site is optimized with the Yoast SEO Premium plugin v26.1 (Yoast SEO v27.0) - https:\/\/yoast.com\/product\/yoast-seo-premium-wordpress\/ -->\n<title>Pikine : La coalition DiomayePr\u00e9sident accueillie par une mar\u00e9e humaine - Senegal<\/title>\n<meta name=\"description\" content=\"Une mare\u0301e humaine impressionnante a accueilli l\u2019entre\u0301e de la coalition DiomayePre\u0301sident dans le de\u0301partement de Pikin ...\" \/>\n<meta name=\"robots\" content=\"index, follow, max-snippet:-1, max-image-preview:large, max-video-preview:-1\" \/>\n<link rel=\"canonical\" href=\"https:\/\/www.africa-press.net\/senegal\/politique\/pikine-la-coalition-diomayepresident-accueillie-par-une-maree-humaine\" \/>\n<meta property=\"og:locale\" content=\"fr_FR\" \/>\n<meta property=\"og:type\" content=\"article\" \/>\n<meta property=\"og:title\" content=\"Pikine : La coalition DiomayePr\u00e9sident accueillie par une mar\u00e9e humaine\" \/>\n<meta property=\"og:description\" content=\"Une mare\u0301e humaine impressionnante a accueilli l\u2019entre\u0301e de la coalition DiomayePre\u0301sident dans le de\u0301partement de Pikin ...\" \/>\n<meta property=\"og:url\" content=\"https:\/\/www.africa-press.net\/senegal\/politique\/pikine-la-coalition-diomayepresident-accueillie-par-une-maree-humaine\" \/>\n<meta property=\"og:site_name\" content=\"Senegal\" \/>\n<meta property=\"article:published_time\" content=\"2024-03-11T12:00:22+00:00\" \/>\n<meta property=\"article:modified_time\" content=\"2024-03-12T02:50:14+00:00\" \/>\n<meta property=\"og:image\" content=\"https:\/\/static.africa-press.net\/senegal\/sites\/13\/2024\/03\/sm_1710195567.234014.jpg\" \/>\n\t<meta property=\"og:image:width\" content=\"1299\" \/>\n\t<meta property=\"og:image:height\" content=\"634\" \/>\n\t<meta property=\"og:image:type\" content=\"image\/jpeg\" \/>\n<meta name=\"author\" content=\"cfeditorfr\" \/>\n<meta name=\"twitter:card\" content=\"summary_large_image\" \/>\n<meta name=\"twitter:label1\" content=\"\u00c9crit par\" \/>\n\t<meta name=\"twitter:data1\" content=\"cfeditorfr\" \/>\n\t<meta name=\"twitter:label2\" content=\"Dur\u00e9e de lecture estim\u00e9e\" \/>\n\t<meta name=\"twitter:data2\" content=\"3 minutes\" \/>\n<script type=\"application\/ld+json\" class=\"yoast-schema-graph\">{\"@context\":\"https:\/\/schema.org\",\"@graph\":[{\"@type\":\"Article\",\"@id\":\"https:\/\/www.africa-press.net\/senegal\/politique\/pikine-la-coalition-diomayepresident-accueillie-par-une-maree-humaine#article\",\"isPartOf\":{\"@id\":\"https:\/\/www.africa-press.net\/senegal\/politique\/pikine-la-coalition-diomayepresident-accueillie-par-une-maree-humaine\"},\"author\":{\"name\":\"cfeditorfr\",\"@id\":\"https:\/\/www.africa-press.net\/senegal\/#\/schema\/person\/2b1cf3cd81a31e3cd26889ca66d677f1\"},\"headline\":\"Pikine : La coalition DiomayePr\u00e9sident accueillie par une mar\u00e9e humaine\",\"datePublished\":\"2024-03-11T12:00:22+00:00\",\"dateModified\":\"2024-03-12T02:50:14+00:00\",\"mainEntityOfPage\":{\"@id\":\"https:\/\/www.africa-press.net\/senegal\/politique\/pikine-la-coalition-diomayepresident-accueillie-par-une-maree-humaine\"},\"wordCount\":584,\"commentCount\":0,\"image\":{\"@id\":\"https:\/\/www.africa-press.net\/senegal\/politique\/pikine-la-coalition-diomayepresident-accueillie-par-une-maree-humaine#primaryimage\"},\"thumbnailUrl\":\"https:\/\/static.africa-press.net\/senegal\/sites\/13\/2024\/03\/sm_1710195567.234014.jpg\",\"keywords\":[\"Africa Press\",\"Africa Press-Senegal\",\"Senegal\"],\"articleSection\":[\"Politique\",\"Toutes les actualit\u00e9s\"],\"inLanguage\":\"fr-FR\",\"potentialAction\":[{\"@type\":\"CommentAction\",\"name\":\"Comment\",\"target\":[\"https:\/\/www.africa-press.net\/senegal\/politique\/pikine-la-coalition-diomayepresident-accueillie-par-une-maree-humaine#respond\"]}]},{\"@type\":\"WebPage\",\"@id\":\"https:\/\/www.africa-press.net\/senegal\/politique\/pikine-la-coalition-diomayepresident-accueillie-par-une-maree-humaine\",\"url\":\"https:\/\/www.africa-press.net\/senegal\/politique\/pikine-la-coalition-diomayepresident-accueillie-par-une-maree-humaine\",\"name\":\"Pikine : La coalition DiomayePr\u00e9sident accueillie par une mar\u00e9e humaine - Senegal\",\"isPartOf\":{\"@id\":\"https:\/\/www.africa-press.net\/senegal\/#website\"},\"primaryImageOfPage\":{\"@id\":\"https:\/\/www.africa-press.net\/senegal\/politique\/pikine-la-coalition-diomayepresident-accueillie-par-une-maree-humaine#primaryimage\"},\"image\":{\"@id\":\"https:\/\/www.africa-press.net\/senegal\/politique\/pikine-la-coalition-diomayepresident-accueillie-par-une-maree-humaine#primaryimage\"},\"thumbnailUrl\":\"https:\/\/static.africa-press.net\/senegal\/sites\/13\/2024\/03\/sm_1710195567.234014.jpg\",\"datePublished\":\"2024-03-11T12:00:22+00:00\",\"dateModified\":\"2024-03-12T02:50:14+00:00\",\"author\":{\"@id\":\"https:\/\/www.africa-press.net\/senegal\/#\/schema\/person\/2b1cf3cd81a31e3cd26889ca66d677f1\"},\"description\":\"Une mare\u0301e humaine impressionnante a accueilli l\u2019entre\u0301e de la coalition DiomayePre\u0301sident dans le de\u0301partement de Pikin ...\",\"breadcrumb\":{\"@id\":\"https:\/\/www.africa-press.net\/senegal\/politique\/pikine-la-coalition-diomayepresident-accueillie-par-une-maree-humaine#breadcrumb\"},\"inLanguage\":\"fr-FR\",\"potentialAction\":[{\"@type\":\"ReadAction\",\"target\":[\"https:\/\/www.africa-press.net\/senegal\/politique\/pikine-la-coalition-diomayepresident-accueillie-par-une-maree-humaine\"]}]},{\"@type\":\"ImageObject\",\"inLanguage\":\"fr-FR\",\"@id\":\"https:\/\/www.africa-press.net\/senegal\/politique\/pikine-la-coalition-diomayepresident-accueillie-par-une-maree-humaine#primaryimage\",\"url\":\"https:\/\/static.africa-press.net\/senegal\/sites\/13\/2024\/03\/sm_1710195567.234014.jpg\",\"contentUrl\":\"https:\/\/static.africa-press.net\/senegal\/sites\/13\/2024\/03\/sm_1710195567.234014.jpg\",\"width\":1299,\"height\":634,\"caption\":\"Pikine : La coalition DiomayePr\u00e9sident accueillie par une mar\u00e9e humaine\"},{\"@type\":\"BreadcrumbList\",\"@id\":\"https:\/\/www.africa-press.net\/senegal\/politique\/pikine-la-coalition-diomayepresident-accueillie-par-une-maree-humaine#breadcrumb\",\"itemListElement\":[{\"@type\":\"ListItem\",\"position\":1,\"name\":\"Accueil\",\"item\":\"https:\/\/www.africa-press.net\/senegal\/\"},{\"@type\":\"ListItem\",\"position\":2,\"name\":\"Pikine : La coalition DiomayePr\u00e9sident accueillie par une mar\u00e9e humaine\"}]},{\"@type\":\"WebSite\",\"@id\":\"https:\/\/www.africa-press.net\/senegal\/#website\",\"url\":\"https:\/\/www.africa-press.net\/senegal\/\",\"name\":\"Africa Press | Senegal | Homepage\",\"description\":\"Just another Africa News Agency Sites site\",\"potentialAction\":[{\"@type\":\"SearchAction\",\"target\":{\"@type\":\"EntryPoint\",\"urlTemplate\":\"https:\/\/www.africa-press.net\/senegal\/?s={search_term_string}\"},\"query-input\":{\"@type\":\"PropertyValueSpecification\",\"valueRequired\":true,\"valueName\":\"search_term_string\"}}],\"inLanguage\":\"fr-FR\"},{\"@type\":\"Person\",\"@id\":\"https:\/\/www.africa-press.net\/senegal\/#\/schema\/person\/2b1cf3cd81a31e3cd26889ca66d677f1\",\"name\":\"cfeditorfr\",\"url\":\"https:\/\/www.africa-press.net\/senegal\/author\/cfeditorfr\"}]}<\/script>\n<!-- \/ Yoast SEO Premium plugin. -->","yoast_head_json":{"title":"Pikine : La coalition DiomayePr\u00e9sident accueillie par une mar\u00e9e humaine - Senegal","description":"Une mare\u0301e humaine impressionnante a accueilli l\u2019entre\u0301e de la coalition DiomayePre\u0301sident dans le de\u0301partement de Pikin ...","robots":{"index":"index","follow":"follow","max-snippet":"max-snippet:-1","max-image-preview":"max-image-preview:large","max-video-preview":"max-video-preview:-1"},"canonical":"https:\/\/www.africa-press.net\/senegal\/politique\/pikine-la-coalition-diomayepresident-accueillie-par-une-maree-humaine","og_locale":"fr_FR","og_type":"article","og_title":"Pikine : La coalition DiomayePr\u00e9sident accueillie par une mar\u00e9e humaine","og_description":"Une mare\u0301e humaine impressionnante a accueilli l\u2019entre\u0301e de la coalition DiomayePre\u0301sident dans le de\u0301partement de Pikin ...","og_url":"https:\/\/www.africa-press.net\/senegal\/politique\/pikine-la-coalition-diomayepresident-accueillie-par-une-maree-humaine","og_site_name":"Senegal","article_published_time":"2024-03-11T12:00:22+00:00","article_modified_time":"2024-03-12T02:50:14+00:00","og_image":[{"width":1299,"height":634,"url":"https:\/\/static.africa-press.net\/senegal\/sites\/13\/2024\/03\/sm_1710195567.234014.jpg","type":"image\/jpeg"}],"author":"cfeditorfr","twitter_card":"summary_large_image","twitter_misc":{"\u00c9crit par":"cfeditorfr","Dur\u00e9e de lecture estim\u00e9e":"3 minutes"},"schema":{"@context":"https:\/\/schema.org","@graph":[{"@type":"Article","@id":"https:\/\/www.africa-press.net\/senegal\/politique\/pikine-la-coalition-diomayepresident-accueillie-par-une-maree-humaine#article","isPartOf":{"@id":"https:\/\/www.africa-press.net\/senegal\/politique\/pikine-la-coalition-diomayepresident-accueillie-par-une-maree-humaine"},"author":{"name":"cfeditorfr","@id":"https:\/\/www.africa-press.net\/senegal\/#\/schema\/person\/2b1cf3cd81a31e3cd26889ca66d677f1"},"headline":"Pikine : La coalition DiomayePr\u00e9sident accueillie par une mar\u00e9e humaine","datePublished":"2024-03-11T12:00:22+00:00","dateModified":"2024-03-12T02:50:14+00:00","mainEntityOfPage":{"@id":"https:\/\/www.africa-press.net\/senegal\/politique\/pikine-la-coalition-diomayepresident-accueillie-par-une-maree-humaine"},"wordCount":584,"commentCount":0,"image":{"@id":"https:\/\/www.africa-press.net\/senegal\/politique\/pikine-la-coalition-diomayepresident-accueillie-par-une-maree-humaine#primaryimage"},"thumbnailUrl":"https:\/\/static.africa-press.net\/senegal\/sites\/13\/2024\/03\/sm_1710195567.234014.jpg","keywords":["Africa Press","Africa Press-Senegal","Senegal"],"articleSection":["Politique","Toutes les actualit\u00e9s"],"inLanguage":"fr-FR","potentialAction":[{"@type":"CommentAction","name":"Comment","target":["https:\/\/www.africa-press.net\/senegal\/politique\/pikine-la-coalition-diomayepresident-accueillie-par-une-maree-humaine#respond"]}]},{"@type":"WebPage","@id":"https:\/\/www.africa-press.net\/senegal\/politique\/pikine-la-coalition-diomayepresident-accueillie-par-une-maree-humaine","url":"https:\/\/www.africa-press.net\/senegal\/politique\/pikine-la-coalition-diomayepresident-accueillie-par-une-maree-humaine","name":"Pikine : La coalition DiomayePr\u00e9sident accueillie par une mar\u00e9e humaine - Senegal","isPartOf":{"@id":"https:\/\/www.africa-press.net\/senegal\/#website"},"primaryImageOfPage":{"@id":"https:\/\/www.africa-press.net\/senegal\/politique\/pikine-la-coalition-diomayepresident-accueillie-par-une-maree-humaine#primaryimage"},"image":{"@id":"https:\/\/www.africa-press.net\/senegal\/politique\/pikine-la-coalition-diomayepresident-accueillie-par-une-maree-humaine#primaryimage"},"thumbnailUrl":"https:\/\/static.africa-press.net\/senegal\/sites\/13\/2024\/03\/sm_1710195567.234014.jpg","datePublished":"2024-03-11T12:00:22+00:00","dateModified":"2024-03-12T02:50:14+00:00","author":{"@id":"https:\/\/www.africa-press.net\/senegal\/#\/schema\/person\/2b1cf3cd81a31e3cd26889ca66d677f1"},"description":"Une mare\u0301e humaine impressionnante a accueilli l\u2019entre\u0301e de la coalition DiomayePre\u0301sident dans le de\u0301partement de Pikin ...","breadcrumb":{"@id":"https:\/\/www.africa-press.net\/senegal\/politique\/pikine-la-coalition-diomayepresident-accueillie-par-une-maree-humaine#breadcrumb"},"inLanguage":"fr-FR","potentialAction":[{"@type":"ReadAction","target":["https:\/\/www.africa-press.net\/senegal\/politique\/pikine-la-coalition-diomayepresident-accueillie-par-une-maree-humaine"]}]},{"@type":"ImageObject","inLanguage":"fr-FR","@id":"https:\/\/www.africa-press.net\/senegal\/politique\/pikine-la-coalition-diomayepresident-accueillie-par-une-maree-humaine#primaryimage","url":"https:\/\/static.africa-press.net\/senegal\/sites\/13\/2024\/03\/sm_1710195567.234014.jpg","contentUrl":"https:\/\/static.africa-press.net\/senegal\/sites\/13\/2024\/03\/sm_1710195567.234014.jpg","width":1299,"height":634,"caption":"Pikine : La coalition DiomayePr\u00e9sident accueillie par une mar\u00e9e humaine"},{"@type":"BreadcrumbList","@id":"https:\/\/www.africa-press.net\/senegal\/politique\/pikine-la-coalition-diomayepresident-accueillie-par-une-maree-humaine#breadcrumb","itemListElement":[{"@type":"ListItem","position":1,"name":"Accueil","item":"https:\/\/www.africa-press.net\/senegal\/"},{"@type":"ListItem","position":2,"name":"Pikine : La coalition DiomayePr\u00e9sident accueillie par une mar\u00e9e humaine"}]},{"@type":"WebSite","@id":"https:\/\/www.africa-press.net\/senegal\/#website","url":"https:\/\/www.africa-press.net\/senegal\/","name":"Africa Press | Senegal | Homepage","description":"Just another Africa News Agency Sites site","potentialAction":[{"@type":"SearchAction","target":{"@type":"EntryPoint","urlTemplate":"https:\/\/www.africa-press.net\/senegal\/?s={search_term_string}"},"query-input":{"@type":"PropertyValueSpecification","valueRequired":true,"valueName":"search_term_string"}}],"inLanguage":"fr-FR"},{"@type":"Person","@id":"https:\/\/www.africa-press.net\/senegal\/#\/schema\/person\/2b1cf3cd81a31e3cd26889ca66d677f1","name":"cfeditorfr","url":"https:\/\/www.africa-press.net\/senegal\/author\/cfeditorfr"}]}},"_links":{"self":[{"href":"https:\/\/www.africa-press.net\/senegal\/wp-json\/wp\/v2\/posts\/56663","targetHints":{"allow":["GET"]}}],"collection":[{"href":"https:\/\/www.africa-press.net\/senegal\/wp-json\/wp\/v2\/posts"}],"about":[{"href":"https:\/\/www.africa-press.net\/senegal\/wp-json\/wp\/v2\/types\/post"}],"author":[{"embeddable":true,"href":"https:\/\/www.africa-press.net\/senegal\/wp-json\/wp\/v2\/users\/82"}],"replies":[{"embeddable":true,"href":"https:\/\/www.africa-press.net\/senegal\/wp-json\/wp\/v2\/comments?post=56663"}],"version-history":[{"count":0,"href":"https:\/\/www.africa-press.net\/senegal\/wp-json\/wp\/v2\/posts\/56663\/revisions"}],"wp:featuredmedia":[{"embeddable":true,"href":"https:\/\/www.africa-press.net\/senegal\/wp-json\/wp\/v2\/media\/56662"}],"wp:attachment":[{"href":"https:\/\/www.africa-press.net\/senegal\/wp-json\/wp\/v2\/media?parent=56663"}],"wp:term":[{"taxonomy":"category","embeddable":true,"href":"https:\/\/www.africa-press.net\/senegal\/wp-json\/wp\/v2\/categories?post=56663"},{"taxonomy":"post_tag","embeddable":true,"href":"https:\/\/www.africa-press.net\/senegal\/wp-json\/wp\/v2\/tags?post=56663"}],"curies":[{"name":"wp","href":"https:\/\/api.w.org\/{rel}","templated":true}]}}