{"id":56665,"date":"2024-03-11T12:39:57","date_gmt":"2024-03-11T12:39:57","guid":{"rendered":"https:\/\/www.africa-press.net\/senegal\/politique\/presidentielle-un-timide-demarrage-de-la-campagne-electorale-a-matam"},"modified":"2024-03-12T02:50:44","modified_gmt":"2024-03-12T02:50:44","slug":"presidentielle-un-timide-demarrage-de-la-campagne-electorale-a-matam","status":"publish","type":"post","link":"https:\/\/www.africa-press.net\/senegal\/politique\/presidentielle-un-timide-demarrage-de-la-campagne-electorale-a-matam","title":{"rendered":"Pr\u00e9sidentielle : un timide d\u00e9marrage de la campagne \u00e9lectorale \u00e0 Matam"},"content":{"rendered":"<p><span style=\"color: #ff6600\"><strong>Africa-Press &#8211; Senegal. <\/strong><\/span>La campagne e\u0301lectorale de la pre\u0301sidentielle du 24 mars est lance\u0301e, depuis ce samedi 9 mars, apre\u0300s plusieurs semaines d\u2019incertitudes. On est encore loin de l\u2019ambiance des campagnes e\u0301lectorales dans la re\u0301gion de Matam.<\/p>\n<p>La campagne e\u0301lectorale pour l\u2019e\u0301lection pre\u0301sidentielle connai\u0302t un de\u0301marrage tre\u0300s timide dans la onzie\u0300me re\u0301gion du Se\u0301ne\u0301gal. Ici, l\u2019ambiance et le de\u0301cor n\u2019ont pas change\u0301 dans presque toutes les localite\u0301s. Dans la commune de Matam (capitale re\u0301gionale), a\u0300 Ourossogui (carrefour e\u0301conomique) et dans les Agnam, ce n&rsquo;est pas encore l&rsquo;effervescence comme les pre\u0301ce\u0301dentes campagnes. Jusqu&rsquo;ici aucune manifestation d&rsquo;envergure n&rsquo;a e\u0301te\u0301 enregistre\u0301e dans les localite\u0301s pre\u0301cite\u0301es. A Ourossogui, c&rsquo;est le train-train habituel. Aucune affiche d&rsquo;un leader n&rsquo;est visible sur les murs ou les panneaux publicitaires au rond-point central. Le constat est le me\u0302me dans la commune de Matam et celle des Agnam (fief du coordonnateur de\u0301partemental) de la coalition pre\u0301sidentielle. Dans les e\u0301tats-majors politiques, c&rsquo;est presque le calme plat. Toutefois, \u00ab la coalition Diomaye Pre\u0301sident \u00bb annonce une caravane de sensibilisation.<\/p>\n<p>Premier candidat a sillonne\u0301 la re\u0301gion de Matam, le dimanche, Aly Ngouille Ndiaye n\u2019a pu de\u0301rouler ses activite\u0301s a\u0300 cause de la disparition du fils d\u2019un guide religieux. Il a exprime\u0301 ses condole\u0301ances au chef religieux de Matam qui avait perdu son fils. Cette situation a conduit Aly Ngouille Ndiaye a\u0300 interrompre son programme dans la onzie\u0300me re\u0301gion. Interpelle\u0301 par la presse sur \u00ab les possibilite\u0301s d\u2019un report de la pre\u0301sente e\u0301lection pre\u0301sidentielle \u00bb, le pre\u0301sident de la coalition Aly Ngouille 2024 se veut formel. \u00ab Nous n\u2019avons pas de raison de craindre un nouveau report de l\u2019e\u0301lection pre\u0301sidentielle.<\/p>\n<p>Le Conseil constitutionnel a de\u0301ja\u0300 fixe\u0301 la date. Je ne pense pas qu\u2019un recours puisse prospe\u0301rer. En tout cas des gens en ont parle\u0301, je ne suis pas juriste, je ne suis pas la cour supre\u0302me. Je suis un re\u0301publicain. Je suis un le\u0301galiste, quelle que soit la de\u0301cision qui sera prise par la cour supre\u0302me je l\u2019accepterai \u00bb.<\/p>\n<p><strong>Pour plus d&rsquo;informations et d&rsquo;analyses sur la <a href=\"https:\/\/www.africa-press.net\/senegal\">Senegal<\/a>, suivez <a href=\"https:\/\/www.africa-press.net\/\">Africa-Press<\/a><\/strong><\/p>\n","protected":false},"excerpt":{"rendered":"<p>Africa-Press &#8211; Senegal. La campagne e\u0301lectorale de la pre\u0301sidentielle du 24 mars est lance\u0301e, depuis ce samedi 9 mars, apre\u0300s plusieurs semaines d\u2019incertitudes. On est encore loin de l\u2019ambiance des campagnes e\u0301lectorales dans la re\u0301gion de Matam. La campagne e\u0301lectorale pour l\u2019e\u0301lection pre\u0301sidentielle connai\u0302t un de\u0301marrage tre\u0300s timide dans la onzie\u0300me re\u0301gion du Se\u0301ne\u0301gal. Ici, [&hellip;]<\/p>\n","protected":false},"author":82,"featured_media":56664,"comment_status":"open","ping_status":"closed","sticky":false,"template":"","format":"standard","meta":{"footnotes":""},"categories":[2,10],"tags":[43,47,44],"class_list":["post-56665","post","type-post","status-publish","format-standard","has-post-thumbnail","hentry","category-politique","category-toutes-les-actualites","tag-africa-press-2","tag-africa-press-senegal","tag-senegal-2"],"yoast_head":"<!-- This site is optimized with the Yoast SEO Premium plugin v26.1 (Yoast SEO v27.0) - https:\/\/yoast.com\/product\/yoast-seo-premium-wordpress\/ -->\n<title>Pr\u00e9sidentielle : un timide d\u00e9marrage de la campagne \u00e9lectorale \u00e0 Matam - Senegal<\/title>\n<meta name=\"description\" content=\"La campagne e\u0301lectorale de la pre\u0301sidentielle du 24 mars est lance\u0301e, depuis ce samedi 9 mars, apre\u0300s plusieurs semaines ...\" \/>\n<meta name=\"robots\" content=\"index, follow, max-snippet:-1, max-image-preview:large, max-video-preview:-1\" \/>\n<link rel=\"canonical\" href=\"https:\/\/www.africa-press.net\/senegal\/politique\/presidentielle-un-timide-demarrage-de-la-campagne-electorale-a-matam\" \/>\n<meta property=\"og:locale\" content=\"fr_FR\" \/>\n<meta property=\"og:type\" content=\"article\" \/>\n<meta property=\"og:title\" content=\"Pr\u00e9sidentielle : un timide d\u00e9marrage de la campagne \u00e9lectorale \u00e0 Matam\" \/>\n<meta property=\"og:description\" content=\"La campagne e\u0301lectorale de la pre\u0301sidentielle du 24 mars est lance\u0301e, depuis ce samedi 9 mars, apre\u0300s plusieurs semaines ...\" \/>\n<meta property=\"og:url\" content=\"https:\/\/www.africa-press.net\/senegal\/politique\/presidentielle-un-timide-demarrage-de-la-campagne-electorale-a-matam\" \/>\n<meta property=\"og:site_name\" content=\"Senegal\" \/>\n<meta property=\"article:published_time\" content=\"2024-03-11T12:39:57+00:00\" \/>\n<meta property=\"article:modified_time\" content=\"2024-03-12T02:50:44+00:00\" \/>\n<meta property=\"og:image\" content=\"https:\/\/static.africa-press.net\/senegal\/sites\/13\/2024\/03\/sm_1710195591.047185.jpg\" \/>\n\t<meta property=\"og:image:width\" content=\"1298\" \/>\n\t<meta property=\"og:image:height\" content=\"633\" \/>\n\t<meta property=\"og:image:type\" content=\"image\/jpeg\" \/>\n<meta name=\"author\" content=\"cfeditorfr\" \/>\n<meta name=\"twitter:card\" content=\"summary_large_image\" \/>\n<meta name=\"twitter:label1\" content=\"\u00c9crit par\" \/>\n\t<meta name=\"twitter:data1\" content=\"cfeditorfr\" \/>\n\t<meta name=\"twitter:label2\" content=\"Dur\u00e9e de lecture estim\u00e9e\" \/>\n\t<meta name=\"twitter:data2\" content=\"2 minutes\" \/>\n<script type=\"application\/ld+json\" class=\"yoast-schema-graph\">{\"@context\":\"https:\/\/schema.org\",\"@graph\":[{\"@type\":\"Article\",\"@id\":\"https:\/\/www.africa-press.net\/senegal\/politique\/presidentielle-un-timide-demarrage-de-la-campagne-electorale-a-matam#article\",\"isPartOf\":{\"@id\":\"https:\/\/www.africa-press.net\/senegal\/politique\/presidentielle-un-timide-demarrage-de-la-campagne-electorale-a-matam\"},\"author\":{\"name\":\"cfeditorfr\",\"@id\":\"https:\/\/www.africa-press.net\/senegal\/#\/schema\/person\/2b1cf3cd81a31e3cd26889ca66d677f1\"},\"headline\":\"Pr\u00e9sidentielle : un timide d\u00e9marrage de la campagne \u00e9lectorale \u00e0 Matam\",\"datePublished\":\"2024-03-11T12:39:57+00:00\",\"dateModified\":\"2024-03-12T02:50:44+00:00\",\"mainEntityOfPage\":{\"@id\":\"https:\/\/www.africa-press.net\/senegal\/politique\/presidentielle-un-timide-demarrage-de-la-campagne-electorale-a-matam\"},\"wordCount\":412,\"commentCount\":0,\"image\":{\"@id\":\"https:\/\/www.africa-press.net\/senegal\/politique\/presidentielle-un-timide-demarrage-de-la-campagne-electorale-a-matam#primaryimage\"},\"thumbnailUrl\":\"https:\/\/static.africa-press.net\/senegal\/sites\/13\/2024\/03\/sm_1710195591.047185.jpg\",\"keywords\":[\"Africa Press\",\"Africa Press-Senegal\",\"Senegal\"],\"articleSection\":[\"Politique\",\"Toutes les actualit\u00e9s\"],\"inLanguage\":\"fr-FR\",\"potentialAction\":[{\"@type\":\"CommentAction\",\"name\":\"Comment\",\"target\":[\"https:\/\/www.africa-press.net\/senegal\/politique\/presidentielle-un-timide-demarrage-de-la-campagne-electorale-a-matam#respond\"]}]},{\"@type\":\"WebPage\",\"@id\":\"https:\/\/www.africa-press.net\/senegal\/politique\/presidentielle-un-timide-demarrage-de-la-campagne-electorale-a-matam\",\"url\":\"https:\/\/www.africa-press.net\/senegal\/politique\/presidentielle-un-timide-demarrage-de-la-campagne-electorale-a-matam\",\"name\":\"Pr\u00e9sidentielle : un timide d\u00e9marrage de la campagne \u00e9lectorale \u00e0 Matam - Senegal\",\"isPartOf\":{\"@id\":\"https:\/\/www.africa-press.net\/senegal\/#website\"},\"primaryImageOfPage\":{\"@id\":\"https:\/\/www.africa-press.net\/senegal\/politique\/presidentielle-un-timide-demarrage-de-la-campagne-electorale-a-matam#primaryimage\"},\"image\":{\"@id\":\"https:\/\/www.africa-press.net\/senegal\/politique\/presidentielle-un-timide-demarrage-de-la-campagne-electorale-a-matam#primaryimage\"},\"thumbnailUrl\":\"https:\/\/static.africa-press.net\/senegal\/sites\/13\/2024\/03\/sm_1710195591.047185.jpg\",\"datePublished\":\"2024-03-11T12:39:57+00:00\",\"dateModified\":\"2024-03-12T02:50:44+00:00\",\"author\":{\"@id\":\"https:\/\/www.africa-press.net\/senegal\/#\/schema\/person\/2b1cf3cd81a31e3cd26889ca66d677f1\"},\"description\":\"La campagne e\u0301lectorale de la pre\u0301sidentielle du 24 mars est lance\u0301e, depuis ce samedi 9 mars, apre\u0300s plusieurs semaines ...\",\"breadcrumb\":{\"@id\":\"https:\/\/www.africa-press.net\/senegal\/politique\/presidentielle-un-timide-demarrage-de-la-campagne-electorale-a-matam#breadcrumb\"},\"inLanguage\":\"fr-FR\",\"potentialAction\":[{\"@type\":\"ReadAction\",\"target\":[\"https:\/\/www.africa-press.net\/senegal\/politique\/presidentielle-un-timide-demarrage-de-la-campagne-electorale-a-matam\"]}]},{\"@type\":\"ImageObject\",\"inLanguage\":\"fr-FR\",\"@id\":\"https:\/\/www.africa-press.net\/senegal\/politique\/presidentielle-un-timide-demarrage-de-la-campagne-electorale-a-matam#primaryimage\",\"url\":\"https:\/\/static.africa-press.net\/senegal\/sites\/13\/2024\/03\/sm_1710195591.047185.jpg\",\"contentUrl\":\"https:\/\/static.africa-press.net\/senegal\/sites\/13\/2024\/03\/sm_1710195591.047185.jpg\",\"width\":1298,\"height\":633,\"caption\":\"Pr\u00e9sidentielle : un timide d\u00e9marrage de la campagne \u00e9lectorale \u00e0 Matam\"},{\"@type\":\"BreadcrumbList\",\"@id\":\"https:\/\/www.africa-press.net\/senegal\/politique\/presidentielle-un-timide-demarrage-de-la-campagne-electorale-a-matam#breadcrumb\",\"itemListElement\":[{\"@type\":\"ListItem\",\"position\":1,\"name\":\"Accueil\",\"item\":\"https:\/\/www.africa-press.net\/senegal\/\"},{\"@type\":\"ListItem\",\"position\":2,\"name\":\"Pr\u00e9sidentielle : un timide d\u00e9marrage de la campagne \u00e9lectorale \u00e0 Matam\"}]},{\"@type\":\"WebSite\",\"@id\":\"https:\/\/www.africa-press.net\/senegal\/#website\",\"url\":\"https:\/\/www.africa-press.net\/senegal\/\",\"name\":\"Africa Press | Senegal | Homepage\",\"description\":\"Just another Africa News Agency Sites site\",\"potentialAction\":[{\"@type\":\"SearchAction\",\"target\":{\"@type\":\"EntryPoint\",\"urlTemplate\":\"https:\/\/www.africa-press.net\/senegal\/?s={search_term_string}\"},\"query-input\":{\"@type\":\"PropertyValueSpecification\",\"valueRequired\":true,\"valueName\":\"search_term_string\"}}],\"inLanguage\":\"fr-FR\"},{\"@type\":\"Person\",\"@id\":\"https:\/\/www.africa-press.net\/senegal\/#\/schema\/person\/2b1cf3cd81a31e3cd26889ca66d677f1\",\"name\":\"cfeditorfr\",\"url\":\"https:\/\/www.africa-press.net\/senegal\/author\/cfeditorfr\"}]}<\/script>\n<!-- \/ Yoast SEO Premium plugin. -->","yoast_head_json":{"title":"Pr\u00e9sidentielle : un timide d\u00e9marrage de la campagne \u00e9lectorale \u00e0 Matam - Senegal","description":"La campagne e\u0301lectorale de la pre\u0301sidentielle du 24 mars est lance\u0301e, depuis ce samedi 9 mars, apre\u0300s plusieurs semaines ...","robots":{"index":"index","follow":"follow","max-snippet":"max-snippet:-1","max-image-preview":"max-image-preview:large","max-video-preview":"max-video-preview:-1"},"canonical":"https:\/\/www.africa-press.net\/senegal\/politique\/presidentielle-un-timide-demarrage-de-la-campagne-electorale-a-matam","og_locale":"fr_FR","og_type":"article","og_title":"Pr\u00e9sidentielle : un timide d\u00e9marrage de la campagne \u00e9lectorale \u00e0 Matam","og_description":"La campagne e\u0301lectorale de la pre\u0301sidentielle du 24 mars est lance\u0301e, depuis ce samedi 9 mars, apre\u0300s plusieurs semaines ...","og_url":"https:\/\/www.africa-press.net\/senegal\/politique\/presidentielle-un-timide-demarrage-de-la-campagne-electorale-a-matam","og_site_name":"Senegal","article_published_time":"2024-03-11T12:39:57+00:00","article_modified_time":"2024-03-12T02:50:44+00:00","og_image":[{"width":1298,"height":633,"url":"https:\/\/static.africa-press.net\/senegal\/sites\/13\/2024\/03\/sm_1710195591.047185.jpg","type":"image\/jpeg"}],"author":"cfeditorfr","twitter_card":"summary_large_image","twitter_misc":{"\u00c9crit par":"cfeditorfr","Dur\u00e9e de lecture estim\u00e9e":"2 minutes"},"schema":{"@context":"https:\/\/schema.org","@graph":[{"@type":"Article","@id":"https:\/\/www.africa-press.net\/senegal\/politique\/presidentielle-un-timide-demarrage-de-la-campagne-electorale-a-matam#article","isPartOf":{"@id":"https:\/\/www.africa-press.net\/senegal\/politique\/presidentielle-un-timide-demarrage-de-la-campagne-electorale-a-matam"},"author":{"name":"cfeditorfr","@id":"https:\/\/www.africa-press.net\/senegal\/#\/schema\/person\/2b1cf3cd81a31e3cd26889ca66d677f1"},"headline":"Pr\u00e9sidentielle : un timide d\u00e9marrage de la campagne \u00e9lectorale \u00e0 Matam","datePublished":"2024-03-11T12:39:57+00:00","dateModified":"2024-03-12T02:50:44+00:00","mainEntityOfPage":{"@id":"https:\/\/www.africa-press.net\/senegal\/politique\/presidentielle-un-timide-demarrage-de-la-campagne-electorale-a-matam"},"wordCount":412,"commentCount":0,"image":{"@id":"https:\/\/www.africa-press.net\/senegal\/politique\/presidentielle-un-timide-demarrage-de-la-campagne-electorale-a-matam#primaryimage"},"thumbnailUrl":"https:\/\/static.africa-press.net\/senegal\/sites\/13\/2024\/03\/sm_1710195591.047185.jpg","keywords":["Africa Press","Africa Press-Senegal","Senegal"],"articleSection":["Politique","Toutes les actualit\u00e9s"],"inLanguage":"fr-FR","potentialAction":[{"@type":"CommentAction","name":"Comment","target":["https:\/\/www.africa-press.net\/senegal\/politique\/presidentielle-un-timide-demarrage-de-la-campagne-electorale-a-matam#respond"]}]},{"@type":"WebPage","@id":"https:\/\/www.africa-press.net\/senegal\/politique\/presidentielle-un-timide-demarrage-de-la-campagne-electorale-a-matam","url":"https:\/\/www.africa-press.net\/senegal\/politique\/presidentielle-un-timide-demarrage-de-la-campagne-electorale-a-matam","name":"Pr\u00e9sidentielle : un timide d\u00e9marrage de la campagne \u00e9lectorale \u00e0 Matam - Senegal","isPartOf":{"@id":"https:\/\/www.africa-press.net\/senegal\/#website"},"primaryImageOfPage":{"@id":"https:\/\/www.africa-press.net\/senegal\/politique\/presidentielle-un-timide-demarrage-de-la-campagne-electorale-a-matam#primaryimage"},"image":{"@id":"https:\/\/www.africa-press.net\/senegal\/politique\/presidentielle-un-timide-demarrage-de-la-campagne-electorale-a-matam#primaryimage"},"thumbnailUrl":"https:\/\/static.africa-press.net\/senegal\/sites\/13\/2024\/03\/sm_1710195591.047185.jpg","datePublished":"2024-03-11T12:39:57+00:00","dateModified":"2024-03-12T02:50:44+00:00","author":{"@id":"https:\/\/www.africa-press.net\/senegal\/#\/schema\/person\/2b1cf3cd81a31e3cd26889ca66d677f1"},"description":"La campagne e\u0301lectorale de la pre\u0301sidentielle du 24 mars est lance\u0301e, depuis ce samedi 9 mars, apre\u0300s plusieurs semaines ...","breadcrumb":{"@id":"https:\/\/www.africa-press.net\/senegal\/politique\/presidentielle-un-timide-demarrage-de-la-campagne-electorale-a-matam#breadcrumb"},"inLanguage":"fr-FR","potentialAction":[{"@type":"ReadAction","target":["https:\/\/www.africa-press.net\/senegal\/politique\/presidentielle-un-timide-demarrage-de-la-campagne-electorale-a-matam"]}]},{"@type":"ImageObject","inLanguage":"fr-FR","@id":"https:\/\/www.africa-press.net\/senegal\/politique\/presidentielle-un-timide-demarrage-de-la-campagne-electorale-a-matam#primaryimage","url":"https:\/\/static.africa-press.net\/senegal\/sites\/13\/2024\/03\/sm_1710195591.047185.jpg","contentUrl":"https:\/\/static.africa-press.net\/senegal\/sites\/13\/2024\/03\/sm_1710195591.047185.jpg","width":1298,"height":633,"caption":"Pr\u00e9sidentielle : un timide d\u00e9marrage de la campagne \u00e9lectorale \u00e0 Matam"},{"@type":"BreadcrumbList","@id":"https:\/\/www.africa-press.net\/senegal\/politique\/presidentielle-un-timide-demarrage-de-la-campagne-electorale-a-matam#breadcrumb","itemListElement":[{"@type":"ListItem","position":1,"name":"Accueil","item":"https:\/\/www.africa-press.net\/senegal\/"},{"@type":"ListItem","position":2,"name":"Pr\u00e9sidentielle : un timide d\u00e9marrage de la campagne \u00e9lectorale \u00e0 Matam"}]},{"@type":"WebSite","@id":"https:\/\/www.africa-press.net\/senegal\/#website","url":"https:\/\/www.africa-press.net\/senegal\/","name":"Africa Press | Senegal | Homepage","description":"Just another Africa News Agency Sites site","potentialAction":[{"@type":"SearchAction","target":{"@type":"EntryPoint","urlTemplate":"https:\/\/www.africa-press.net\/senegal\/?s={search_term_string}"},"query-input":{"@type":"PropertyValueSpecification","valueRequired":true,"valueName":"search_term_string"}}],"inLanguage":"fr-FR"},{"@type":"Person","@id":"https:\/\/www.africa-press.net\/senegal\/#\/schema\/person\/2b1cf3cd81a31e3cd26889ca66d677f1","name":"cfeditorfr","url":"https:\/\/www.africa-press.net\/senegal\/author\/cfeditorfr"}]}},"_links":{"self":[{"href":"https:\/\/www.africa-press.net\/senegal\/wp-json\/wp\/v2\/posts\/56665","targetHints":{"allow":["GET"]}}],"collection":[{"href":"https:\/\/www.africa-press.net\/senegal\/wp-json\/wp\/v2\/posts"}],"about":[{"href":"https:\/\/www.africa-press.net\/senegal\/wp-json\/wp\/v2\/types\/post"}],"author":[{"embeddable":true,"href":"https:\/\/www.africa-press.net\/senegal\/wp-json\/wp\/v2\/users\/82"}],"replies":[{"embeddable":true,"href":"https:\/\/www.africa-press.net\/senegal\/wp-json\/wp\/v2\/comments?post=56665"}],"version-history":[{"count":0,"href":"https:\/\/www.africa-press.net\/senegal\/wp-json\/wp\/v2\/posts\/56665\/revisions"}],"wp:featuredmedia":[{"embeddable":true,"href":"https:\/\/www.africa-press.net\/senegal\/wp-json\/wp\/v2\/media\/56664"}],"wp:attachment":[{"href":"https:\/\/www.africa-press.net\/senegal\/wp-json\/wp\/v2\/media?parent=56665"}],"wp:term":[{"taxonomy":"category","embeddable":true,"href":"https:\/\/www.africa-press.net\/senegal\/wp-json\/wp\/v2\/categories?post=56665"},{"taxonomy":"post_tag","embeddable":true,"href":"https:\/\/www.africa-press.net\/senegal\/wp-json\/wp\/v2\/tags?post=56665"}],"curies":[{"name":"wp","href":"https:\/\/api.w.org\/{rel}","templated":true}]}}