{"id":56675,"date":"2024-03-11T12:51:02","date_gmt":"2024-03-11T12:51:02","guid":{"rendered":"https:\/\/www.africa-press.net\/senegal\/politique\/presidentielle-2024-diomaye-faye-met-laccent-sur-la-valorisation-du-patrimoine-culturel"},"modified":"2024-03-12T03:17:04","modified_gmt":"2024-03-12T03:17:04","slug":"presidentielle-2024-diomaye-faye-met-laccent-sur-la-valorisation-du-patrimoine-culturel","status":"publish","type":"post","link":"https:\/\/www.africa-press.net\/senegal\/politique\/presidentielle-2024-diomaye-faye-met-laccent-sur-la-valorisation-du-patrimoine-culturel","title":{"rendered":"Pr\u00e9sidentielle 2024 : Diomaye Faye met l&rsquo;accent sur la valorisation du patrimoine culturel"},"content":{"rendered":"<p><span style=\"color: #ff6600\"><strong>Africa-Press &#8211; Senegal. <\/strong><\/span>Candidat des patriotes de l&rsquo;ex-Pastef a\u0300 la Pre\u0301sidentielle du 24 mars 2024, Bassirou Diomaye Faye a de\u0301voile\u0301 son projet culturel pour le Se\u0301ne\u0301gal.<\/p>\n<p>C\u2019est ainsi que l&rsquo;accent sera mis sur la culture et le patrimoine culturel qu&rsquo;il compte renforcer avec la mise en place de plusieurs structures culturelles. Diomaye pre\u0301voit de soutenir les jeunes talents dans leur art avec un fonds de renforcement des moyens qui leur permettront de re\u0301aliser leurs projets artistiques et de prendre part aux plus grands festivals (cine\u0301ma, musique, the\u0301a\u0302tre) a\u0300 travers le monde.<\/p>\n<p>Les industries culturelles et cre\u0301atives sont aussi dans le cahier des charges du programme avec le renforcement des fonds sur les cultures urbaines et le septie\u0300me art.<\/p>\n<p><b>L\u2019artisanat renforce\u0301<\/b><\/p>\n<p>Soucieux du ve\u0301cu quotidien des artisans sur l&rsquo;e\u0301tendue du territoire national, Diomaye Faye compte renforcer les capacite\u0301s des centres culturels re\u0301gionaux, en adoptant les re\u0301formes inscrites dans le Programme communautaire de l&rsquo;UEMOA dans le domaine de l&rsquo;artisanat. Avec une structure de\u0301nomme\u0301e FASA et dote\u0301e d&rsquo;un budget de 5 milliards F CFA par an pour le renforcement des capacite\u0301s ne\u0301cessaires et techniques et la modernisation de ce sous-secteur de la culture. Des proce\u0301dures sur la consommation locale avec des produits purement se\u0301ne\u0301galais seront mises en place en augmentant la part du marche\u0301 des artisans sur la commande publique.<\/p>\n<p>Des zones d&rsquo;activite\u0301s seront cre\u0301e\u0301es dans les 46 de\u0301partements du pays avec le programme de\u0301nomme\u0301 ZODAR ainsi que des espaces de\u0301die\u0301s a\u0300 l&rsquo;exposition des produits artisanaux.<\/p>\n<p><strong>Pour plus d&rsquo;informations et d&rsquo;analyses sur la <a href=\"https:\/\/www.africa-press.net\/senegal\">Senegal<\/a>, suivez <a href=\"https:\/\/www.africa-press.net\/\">Africa-Press<\/a><\/strong><\/p>\n","protected":false},"excerpt":{"rendered":"<p>Africa-Press &#8211; Senegal. Candidat des patriotes de l&rsquo;ex-Pastef a\u0300 la Pre\u0301sidentielle du 24 mars 2024, Bassirou Diomaye Faye a de\u0301voile\u0301 son projet culturel pour le Se\u0301ne\u0301gal. C\u2019est ainsi que l&rsquo;accent sera mis sur la culture et le patrimoine culturel qu&rsquo;il compte renforcer avec la mise en place de plusieurs structures culturelles. Diomaye pre\u0301voit de soutenir [&hellip;]<\/p>\n","protected":false},"author":82,"featured_media":56674,"comment_status":"open","ping_status":"closed","sticky":false,"template":"","format":"standard","meta":{"footnotes":""},"categories":[5,2,10],"tags":[43,47,44],"class_list":["post-56675","post","type-post","status-publish","format-standard","has-post-thumbnail","hentry","category-culture-et-art","category-politique","category-toutes-les-actualites","tag-africa-press-2","tag-africa-press-senegal","tag-senegal-2"],"yoast_head":"<!-- This site is optimized with the Yoast SEO Premium plugin v26.1 (Yoast SEO v27.0) - https:\/\/yoast.com\/product\/yoast-seo-premium-wordpress\/ -->\n<title>Pr\u00e9sidentielle 2024 : Diomaye Faye met l&#039;accent sur la valorisation du patrimoine culturel - Senegal<\/title>\n<meta name=\"description\" content=\"Candidat des patriotes de l&#039;ex-Pastef a\u0300 la Pre\u0301sidentielle du 24 mars 2024, Bassirou Diomaye Faye a de\u0301voile\u0301 son proje ...\" \/>\n<meta name=\"robots\" content=\"index, follow, max-snippet:-1, max-image-preview:large, max-video-preview:-1\" \/>\n<link rel=\"canonical\" href=\"https:\/\/www.africa-press.net\/senegal\/politique\/presidentielle-2024-diomaye-faye-met-laccent-sur-la-valorisation-du-patrimoine-culturel\" \/>\n<meta property=\"og:locale\" content=\"fr_FR\" \/>\n<meta property=\"og:type\" content=\"article\" \/>\n<meta property=\"og:title\" content=\"Pr\u00e9sidentielle 2024 : Diomaye Faye met l&#039;accent sur la valorisation du patrimoine culturel\" \/>\n<meta property=\"og:description\" content=\"Candidat des patriotes de l&#039;ex-Pastef a\u0300 la Pre\u0301sidentielle du 24 mars 2024, Bassirou Diomaye Faye a de\u0301voile\u0301 son proje ...\" \/>\n<meta property=\"og:url\" content=\"https:\/\/www.africa-press.net\/senegal\/politique\/presidentielle-2024-diomaye-faye-met-laccent-sur-la-valorisation-du-patrimoine-culturel\" \/>\n<meta property=\"og:site_name\" content=\"Senegal\" \/>\n<meta property=\"article:published_time\" content=\"2024-03-11T12:51:02+00:00\" \/>\n<meta property=\"article:modified_time\" content=\"2024-03-12T03:17:04+00:00\" \/>\n<meta property=\"og:image\" content=\"https:\/\/static.africa-press.net\/senegal\/sites\/13\/2024\/03\/sm_1710197183.148744.jpg\" \/>\n\t<meta property=\"og:image:width\" content=\"1293\" \/>\n\t<meta property=\"og:image:height\" content=\"632\" \/>\n\t<meta property=\"og:image:type\" content=\"image\/jpeg\" \/>\n<meta name=\"author\" content=\"cfeditorfr\" \/>\n<meta name=\"twitter:card\" content=\"summary_large_image\" \/>\n<meta name=\"twitter:label1\" content=\"\u00c9crit par\" \/>\n\t<meta name=\"twitter:data1\" content=\"cfeditorfr\" \/>\n\t<meta name=\"twitter:label2\" content=\"Dur\u00e9e de lecture estim\u00e9e\" \/>\n\t<meta name=\"twitter:data2\" content=\"1 minute\" \/>\n<script type=\"application\/ld+json\" class=\"yoast-schema-graph\">{\"@context\":\"https:\/\/schema.org\",\"@graph\":[{\"@type\":\"Article\",\"@id\":\"https:\/\/www.africa-press.net\/senegal\/politique\/presidentielle-2024-diomaye-faye-met-laccent-sur-la-valorisation-du-patrimoine-culturel#article\",\"isPartOf\":{\"@id\":\"https:\/\/www.africa-press.net\/senegal\/politique\/presidentielle-2024-diomaye-faye-met-laccent-sur-la-valorisation-du-patrimoine-culturel\"},\"author\":{\"name\":\"cfeditorfr\",\"@id\":\"https:\/\/www.africa-press.net\/senegal\/#\/schema\/person\/2b1cf3cd81a31e3cd26889ca66d677f1\"},\"headline\":\"Pr\u00e9sidentielle 2024 : Diomaye Faye met l&rsquo;accent sur la valorisation du patrimoine culturel\",\"datePublished\":\"2024-03-11T12:51:02+00:00\",\"dateModified\":\"2024-03-12T03:17:04+00:00\",\"mainEntityOfPage\":{\"@id\":\"https:\/\/www.africa-press.net\/senegal\/politique\/presidentielle-2024-diomaye-faye-met-laccent-sur-la-valorisation-du-patrimoine-culturel\"},\"wordCount\":306,\"commentCount\":0,\"image\":{\"@id\":\"https:\/\/www.africa-press.net\/senegal\/politique\/presidentielle-2024-diomaye-faye-met-laccent-sur-la-valorisation-du-patrimoine-culturel#primaryimage\"},\"thumbnailUrl\":\"https:\/\/static.africa-press.net\/senegal\/sites\/13\/2024\/03\/sm_1710197183.148744.jpg\",\"keywords\":[\"Africa Press\",\"Africa Press-Senegal\",\"Senegal\"],\"articleSection\":[\"Culture et Art\",\"Politique\",\"Toutes les actualit\u00e9s\"],\"inLanguage\":\"fr-FR\",\"potentialAction\":[{\"@type\":\"CommentAction\",\"name\":\"Comment\",\"target\":[\"https:\/\/www.africa-press.net\/senegal\/politique\/presidentielle-2024-diomaye-faye-met-laccent-sur-la-valorisation-du-patrimoine-culturel#respond\"]}]},{\"@type\":\"WebPage\",\"@id\":\"https:\/\/www.africa-press.net\/senegal\/politique\/presidentielle-2024-diomaye-faye-met-laccent-sur-la-valorisation-du-patrimoine-culturel\",\"url\":\"https:\/\/www.africa-press.net\/senegal\/politique\/presidentielle-2024-diomaye-faye-met-laccent-sur-la-valorisation-du-patrimoine-culturel\",\"name\":\"Pr\u00e9sidentielle 2024 : Diomaye Faye met l'accent sur la valorisation du patrimoine culturel - Senegal\",\"isPartOf\":{\"@id\":\"https:\/\/www.africa-press.net\/senegal\/#website\"},\"primaryImageOfPage\":{\"@id\":\"https:\/\/www.africa-press.net\/senegal\/politique\/presidentielle-2024-diomaye-faye-met-laccent-sur-la-valorisation-du-patrimoine-culturel#primaryimage\"},\"image\":{\"@id\":\"https:\/\/www.africa-press.net\/senegal\/politique\/presidentielle-2024-diomaye-faye-met-laccent-sur-la-valorisation-du-patrimoine-culturel#primaryimage\"},\"thumbnailUrl\":\"https:\/\/static.africa-press.net\/senegal\/sites\/13\/2024\/03\/sm_1710197183.148744.jpg\",\"datePublished\":\"2024-03-11T12:51:02+00:00\",\"dateModified\":\"2024-03-12T03:17:04+00:00\",\"author\":{\"@id\":\"https:\/\/www.africa-press.net\/senegal\/#\/schema\/person\/2b1cf3cd81a31e3cd26889ca66d677f1\"},\"description\":\"Candidat des patriotes de l'ex-Pastef a\u0300 la Pre\u0301sidentielle du 24 mars 2024, Bassirou Diomaye Faye a de\u0301voile\u0301 son proje ...\",\"breadcrumb\":{\"@id\":\"https:\/\/www.africa-press.net\/senegal\/politique\/presidentielle-2024-diomaye-faye-met-laccent-sur-la-valorisation-du-patrimoine-culturel#breadcrumb\"},\"inLanguage\":\"fr-FR\",\"potentialAction\":[{\"@type\":\"ReadAction\",\"target\":[\"https:\/\/www.africa-press.net\/senegal\/politique\/presidentielle-2024-diomaye-faye-met-laccent-sur-la-valorisation-du-patrimoine-culturel\"]}]},{\"@type\":\"ImageObject\",\"inLanguage\":\"fr-FR\",\"@id\":\"https:\/\/www.africa-press.net\/senegal\/politique\/presidentielle-2024-diomaye-faye-met-laccent-sur-la-valorisation-du-patrimoine-culturel#primaryimage\",\"url\":\"https:\/\/static.africa-press.net\/senegal\/sites\/13\/2024\/03\/sm_1710197183.148744.jpg\",\"contentUrl\":\"https:\/\/static.africa-press.net\/senegal\/sites\/13\/2024\/03\/sm_1710197183.148744.jpg\",\"width\":1293,\"height\":632,\"caption\":\"Pr\u00e9sidentielle 2024 : Diomaye Faye met l'accent sur la valorisation du patrimoine culturel\"},{\"@type\":\"BreadcrumbList\",\"@id\":\"https:\/\/www.africa-press.net\/senegal\/politique\/presidentielle-2024-diomaye-faye-met-laccent-sur-la-valorisation-du-patrimoine-culturel#breadcrumb\",\"itemListElement\":[{\"@type\":\"ListItem\",\"position\":1,\"name\":\"Accueil\",\"item\":\"https:\/\/www.africa-press.net\/senegal\/\"},{\"@type\":\"ListItem\",\"position\":2,\"name\":\"Pr\u00e9sidentielle 2024 : Diomaye Faye met l&#8217;accent sur la valorisation du patrimoine culturel\"}]},{\"@type\":\"WebSite\",\"@id\":\"https:\/\/www.africa-press.net\/senegal\/#website\",\"url\":\"https:\/\/www.africa-press.net\/senegal\/\",\"name\":\"Africa Press | Senegal | Homepage\",\"description\":\"Just another Africa News Agency Sites site\",\"potentialAction\":[{\"@type\":\"SearchAction\",\"target\":{\"@type\":\"EntryPoint\",\"urlTemplate\":\"https:\/\/www.africa-press.net\/senegal\/?s={search_term_string}\"},\"query-input\":{\"@type\":\"PropertyValueSpecification\",\"valueRequired\":true,\"valueName\":\"search_term_string\"}}],\"inLanguage\":\"fr-FR\"},{\"@type\":\"Person\",\"@id\":\"https:\/\/www.africa-press.net\/senegal\/#\/schema\/person\/2b1cf3cd81a31e3cd26889ca66d677f1\",\"name\":\"cfeditorfr\",\"url\":\"https:\/\/www.africa-press.net\/senegal\/author\/cfeditorfr\"}]}<\/script>\n<!-- \/ Yoast SEO Premium plugin. -->","yoast_head_json":{"title":"Pr\u00e9sidentielle 2024 : Diomaye Faye met l'accent sur la valorisation du patrimoine culturel - Senegal","description":"Candidat des patriotes de l'ex-Pastef a\u0300 la Pre\u0301sidentielle du 24 mars 2024, Bassirou Diomaye Faye a de\u0301voile\u0301 son proje ...","robots":{"index":"index","follow":"follow","max-snippet":"max-snippet:-1","max-image-preview":"max-image-preview:large","max-video-preview":"max-video-preview:-1"},"canonical":"https:\/\/www.africa-press.net\/senegal\/politique\/presidentielle-2024-diomaye-faye-met-laccent-sur-la-valorisation-du-patrimoine-culturel","og_locale":"fr_FR","og_type":"article","og_title":"Pr\u00e9sidentielle 2024 : Diomaye Faye met l'accent sur la valorisation du patrimoine culturel","og_description":"Candidat des patriotes de l'ex-Pastef a\u0300 la Pre\u0301sidentielle du 24 mars 2024, Bassirou Diomaye Faye a de\u0301voile\u0301 son proje ...","og_url":"https:\/\/www.africa-press.net\/senegal\/politique\/presidentielle-2024-diomaye-faye-met-laccent-sur-la-valorisation-du-patrimoine-culturel","og_site_name":"Senegal","article_published_time":"2024-03-11T12:51:02+00:00","article_modified_time":"2024-03-12T03:17:04+00:00","og_image":[{"width":1293,"height":632,"url":"https:\/\/static.africa-press.net\/senegal\/sites\/13\/2024\/03\/sm_1710197183.148744.jpg","type":"image\/jpeg"}],"author":"cfeditorfr","twitter_card":"summary_large_image","twitter_misc":{"\u00c9crit par":"cfeditorfr","Dur\u00e9e de lecture estim\u00e9e":"1 minute"},"schema":{"@context":"https:\/\/schema.org","@graph":[{"@type":"Article","@id":"https:\/\/www.africa-press.net\/senegal\/politique\/presidentielle-2024-diomaye-faye-met-laccent-sur-la-valorisation-du-patrimoine-culturel#article","isPartOf":{"@id":"https:\/\/www.africa-press.net\/senegal\/politique\/presidentielle-2024-diomaye-faye-met-laccent-sur-la-valorisation-du-patrimoine-culturel"},"author":{"name":"cfeditorfr","@id":"https:\/\/www.africa-press.net\/senegal\/#\/schema\/person\/2b1cf3cd81a31e3cd26889ca66d677f1"},"headline":"Pr\u00e9sidentielle 2024 : Diomaye Faye met l&rsquo;accent sur la valorisation du patrimoine culturel","datePublished":"2024-03-11T12:51:02+00:00","dateModified":"2024-03-12T03:17:04+00:00","mainEntityOfPage":{"@id":"https:\/\/www.africa-press.net\/senegal\/politique\/presidentielle-2024-diomaye-faye-met-laccent-sur-la-valorisation-du-patrimoine-culturel"},"wordCount":306,"commentCount":0,"image":{"@id":"https:\/\/www.africa-press.net\/senegal\/politique\/presidentielle-2024-diomaye-faye-met-laccent-sur-la-valorisation-du-patrimoine-culturel#primaryimage"},"thumbnailUrl":"https:\/\/static.africa-press.net\/senegal\/sites\/13\/2024\/03\/sm_1710197183.148744.jpg","keywords":["Africa Press","Africa Press-Senegal","Senegal"],"articleSection":["Culture et Art","Politique","Toutes les actualit\u00e9s"],"inLanguage":"fr-FR","potentialAction":[{"@type":"CommentAction","name":"Comment","target":["https:\/\/www.africa-press.net\/senegal\/politique\/presidentielle-2024-diomaye-faye-met-laccent-sur-la-valorisation-du-patrimoine-culturel#respond"]}]},{"@type":"WebPage","@id":"https:\/\/www.africa-press.net\/senegal\/politique\/presidentielle-2024-diomaye-faye-met-laccent-sur-la-valorisation-du-patrimoine-culturel","url":"https:\/\/www.africa-press.net\/senegal\/politique\/presidentielle-2024-diomaye-faye-met-laccent-sur-la-valorisation-du-patrimoine-culturel","name":"Pr\u00e9sidentielle 2024 : Diomaye Faye met l'accent sur la valorisation du patrimoine culturel - Senegal","isPartOf":{"@id":"https:\/\/www.africa-press.net\/senegal\/#website"},"primaryImageOfPage":{"@id":"https:\/\/www.africa-press.net\/senegal\/politique\/presidentielle-2024-diomaye-faye-met-laccent-sur-la-valorisation-du-patrimoine-culturel#primaryimage"},"image":{"@id":"https:\/\/www.africa-press.net\/senegal\/politique\/presidentielle-2024-diomaye-faye-met-laccent-sur-la-valorisation-du-patrimoine-culturel#primaryimage"},"thumbnailUrl":"https:\/\/static.africa-press.net\/senegal\/sites\/13\/2024\/03\/sm_1710197183.148744.jpg","datePublished":"2024-03-11T12:51:02+00:00","dateModified":"2024-03-12T03:17:04+00:00","author":{"@id":"https:\/\/www.africa-press.net\/senegal\/#\/schema\/person\/2b1cf3cd81a31e3cd26889ca66d677f1"},"description":"Candidat des patriotes de l'ex-Pastef a\u0300 la Pre\u0301sidentielle du 24 mars 2024, Bassirou Diomaye Faye a de\u0301voile\u0301 son proje ...","breadcrumb":{"@id":"https:\/\/www.africa-press.net\/senegal\/politique\/presidentielle-2024-diomaye-faye-met-laccent-sur-la-valorisation-du-patrimoine-culturel#breadcrumb"},"inLanguage":"fr-FR","potentialAction":[{"@type":"ReadAction","target":["https:\/\/www.africa-press.net\/senegal\/politique\/presidentielle-2024-diomaye-faye-met-laccent-sur-la-valorisation-du-patrimoine-culturel"]}]},{"@type":"ImageObject","inLanguage":"fr-FR","@id":"https:\/\/www.africa-press.net\/senegal\/politique\/presidentielle-2024-diomaye-faye-met-laccent-sur-la-valorisation-du-patrimoine-culturel#primaryimage","url":"https:\/\/static.africa-press.net\/senegal\/sites\/13\/2024\/03\/sm_1710197183.148744.jpg","contentUrl":"https:\/\/static.africa-press.net\/senegal\/sites\/13\/2024\/03\/sm_1710197183.148744.jpg","width":1293,"height":632,"caption":"Pr\u00e9sidentielle 2024 : Diomaye Faye met l'accent sur la valorisation du patrimoine culturel"},{"@type":"BreadcrumbList","@id":"https:\/\/www.africa-press.net\/senegal\/politique\/presidentielle-2024-diomaye-faye-met-laccent-sur-la-valorisation-du-patrimoine-culturel#breadcrumb","itemListElement":[{"@type":"ListItem","position":1,"name":"Accueil","item":"https:\/\/www.africa-press.net\/senegal\/"},{"@type":"ListItem","position":2,"name":"Pr\u00e9sidentielle 2024 : Diomaye Faye met l&#8217;accent sur la valorisation du patrimoine culturel"}]},{"@type":"WebSite","@id":"https:\/\/www.africa-press.net\/senegal\/#website","url":"https:\/\/www.africa-press.net\/senegal\/","name":"Africa Press | Senegal | Homepage","description":"Just another Africa News Agency Sites site","potentialAction":[{"@type":"SearchAction","target":{"@type":"EntryPoint","urlTemplate":"https:\/\/www.africa-press.net\/senegal\/?s={search_term_string}"},"query-input":{"@type":"PropertyValueSpecification","valueRequired":true,"valueName":"search_term_string"}}],"inLanguage":"fr-FR"},{"@type":"Person","@id":"https:\/\/www.africa-press.net\/senegal\/#\/schema\/person\/2b1cf3cd81a31e3cd26889ca66d677f1","name":"cfeditorfr","url":"https:\/\/www.africa-press.net\/senegal\/author\/cfeditorfr"}]}},"_links":{"self":[{"href":"https:\/\/www.africa-press.net\/senegal\/wp-json\/wp\/v2\/posts\/56675","targetHints":{"allow":["GET"]}}],"collection":[{"href":"https:\/\/www.africa-press.net\/senegal\/wp-json\/wp\/v2\/posts"}],"about":[{"href":"https:\/\/www.africa-press.net\/senegal\/wp-json\/wp\/v2\/types\/post"}],"author":[{"embeddable":true,"href":"https:\/\/www.africa-press.net\/senegal\/wp-json\/wp\/v2\/users\/82"}],"replies":[{"embeddable":true,"href":"https:\/\/www.africa-press.net\/senegal\/wp-json\/wp\/v2\/comments?post=56675"}],"version-history":[{"count":0,"href":"https:\/\/www.africa-press.net\/senegal\/wp-json\/wp\/v2\/posts\/56675\/revisions"}],"wp:featuredmedia":[{"embeddable":true,"href":"https:\/\/www.africa-press.net\/senegal\/wp-json\/wp\/v2\/media\/56674"}],"wp:attachment":[{"href":"https:\/\/www.africa-press.net\/senegal\/wp-json\/wp\/v2\/media?parent=56675"}],"wp:term":[{"taxonomy":"category","embeddable":true,"href":"https:\/\/www.africa-press.net\/senegal\/wp-json\/wp\/v2\/categories?post=56675"},{"taxonomy":"post_tag","embeddable":true,"href":"https:\/\/www.africa-press.net\/senegal\/wp-json\/wp\/v2\/tags?post=56675"}],"curies":[{"name":"wp","href":"https:\/\/api.w.org\/{rel}","templated":true}]}}